{"id":53924,"date":"2021-03-15T10:51:34","date_gmt":"2021-03-15T13:51:34","guid":{"rendered":"http:\/\/www.noticiasradioreflejos.com.ar\/noticias\/?p=53924"},"modified":"2021-03-15T10:51:34","modified_gmt":"2021-03-15T13:51:34","slug":"hoy-a-las-20-hs-musica-para-el-pueblo","status":"publish","type":"post","link":"https:\/\/www.noticiasradioreflejos.com.ar\/2021\/hoy-a-las-20-hs-musica-para-el-pueblo\/","title":{"rendered":"Hoy a las 20 hs. M\u00fasica para el Pueblo"},"content":{"rendered":"<div>\n<p>En conmemoraci\u00f3n del d\u00eda\u00a0<strong>8\u00a0<\/strong>de marzo,\u00a0<strong>D\u00eda internacional de la mujer trabajadora<\/strong>, nos acompa\u00f1an cuatro grandes artistas bonaerenses. De g\u00e9neros, lugares y edades diferentes:<!--more--><\/p>\n<p><strong>LUCRECIA MERICO<\/strong><br \/>\nComenz\u00f3 como cantante en el a\u00f1o 1998.<br \/>\nFue galardonada en el a\u00f1o 2005 por la Legislatura por su aporte a la Cultura Nacional y Popular<br \/>\nForm\u00f3 parte de la m\u00edtica Botica del \u00c1ngel, junto a Eduardo Bergara Leumann.<br \/>\nEn 2015 fue enviada a la Expo Milano (Italia) representando al pa\u00eds, en el Pabell\u00f3n Argentino.<\/p>\n<p><strong>JANA PURITA<\/strong><br \/>\nEs cantante, actriz, maestra de canto y pianista.<br \/>\nNaci\u00f3 y creci\u00f3 en el barrio Ramos Mej\u00eda, Municipio de La Matanza.<br \/>\nLleva dos discos editados:\u00a0<em>\u00abTangos canallas\u00bb<\/em>\u00a0con Daniel G\u00f3mez d\u00fao de guitarras y\u00a0<em>\u00abPuerta abierta\u00bb<\/em>\u00a0con el Tr\u00edo Fierro Chifle (ACQUA Records), y un tercero no editado a\u00fan:\u00a0<em>\u00abNobleza de arrabal\u00bb (<\/em>homenaje a Nelly Omar), con Hugo Romero Tr\u00edo de guitarras.<br \/>\nFundadora y directora de la Asociaci\u00f3n VOZ, para la difusi\u00f3n del M\u00e9todo Rabine, @AsociacionVoz.<br \/>\nEducaci\u00f3n:\u00a0Pianista y profesora de M\u00fasica egresada del Conservatorio Nacional de M\u00fasica (actual UNA) Se especializ\u00f3 en piano Tango con Claudio M\u00e9ndez.<\/p>\n<p><strong>ANAMARIE SOLANES DOMIN\u00c9<br \/>\n<\/strong>Oriunda de la REP\u00daBLICA de Arrecifes.<br \/>\nForm\u00f3 parte de varias bandas, todas con artistas de su localidad, como, Adr\u00edan Charras, Christian Rodr\u00edguez, Diego Lacroze, Sebastian Rocchi, entre otros.<br \/>\nForm\u00f3 parte del musical\u00a0<em>\u201cLa novicia rebelde\u201d<\/em>\u00a0y protagoniz\u00f3 a la Srta. Miel, en\u00a0<em>\u201cMatilda\u201d\u00a0<\/em>dirigida por Adrian Charras y Patricia Franceschini.<\/p>\n<p><strong>MEMU<br \/>\n<\/strong>(Ail\u00e9n Marincevic) es cantante, m\u00fasica y compositora de Necochea, Buenos Aires.<br \/>\nDesde peque\u00f1a, la curiosidad y el amor por la m\u00fasica la llevaron por distintos proyectos musicales, influenciados por el jazz, soul, blues y R&amp;B.<br \/>\nA sus 22 a\u00f1os, est\u00e1 presentando su EP conceptual solista,\u00a0<em>\u00abFenomena\u00bb,<\/em>\u00a0un proyecto musical y audiovisual, concebido desde la improvisaci\u00f3n (como la mayor\u00eda de sus trabajos), lo desestructurado y el impulso de ponerle m\u00fasica a un sentir que hace ecos y transforma.<\/p>\n<p><strong>Viernes<\/strong>\u00a0a las\u00a0<strong>20<\/strong>\u00a0hs por el canal de youtube del\u00a0<u><a id=\"m_8151443153870802455m_6956524909298039920m_-167020773178213745142334877\" href=\"https:\/\/nt.embluemail.com\/p\/cl?data=TMHVtB0fE6ocaB%2FjsWELfCaexlZ3m0J8InFpbVhXN6Rw9v6W1E7hrN6bBybP%2F%2Fl7fJxpwfMtprspUf%2FX4bP2Mvd%2BcJEuyjKPSonLYIsRBP8%3D!-!8a9f!-!https%3A%2F%2Fwww.youtube.com%2Fchannel%2FUChl_V5NMeNdVhl73MEGXoeg%3Futm_source=emBlue%26utm_medium=email%26utm_campaign=CASA+PBA%26utm_content=+M%C3%9ASICA+PARA+EL+PUEBLO+%2812.3%29--Hoy+a+las+20+hs.+M%C3%BAsica+para+el+P%C3%BAeblo%26utm_term=multiple--7--none--40-50--ENVIO+SIMPLE%26embtrk%3D6j2%2Ck-R-42334877-R-8a9f-R-5g3ei%2C%3A\" target=\"_blank\" data-saferedirecturl=\"https:\/\/www.google.com\/url?q=https:\/\/nt.embluemail.com\/p\/cl?data%3DTMHVtB0fE6ocaB%252FjsWELfCaexlZ3m0J8InFpbVhXN6Rw9v6W1E7hrN6bBybP%252F%252Fl7fJxpwfMtprspUf%252FX4bP2Mvd%252BcJEuyjKPSonLYIsRBP8%253D!-!8a9f!-!https%253A%252F%252Fwww.youtube.com%252Fchannel%252FUChl_V5NMeNdVhl73MEGXoeg%253Futm_source%3DemBlue%2526utm_medium%3Demail%2526utm_campaign%3DCASA%2BPBA%2526utm_content%3D%2BM%25C3%259ASICA%2BPARA%2BEL%2BPUEBLO%2B%252812.3%2529--Hoy%2Ba%2Blas%2B20%2Bhs.%2BM%25C3%25BAsica%2Bpara%2Bel%2BP%25C3%25BAeblo%2526utm_term%3Dmultiple--7--none--40-50--ENVIO%2BSIMPLE%2526embtrk%253D6j2%252Ck-R-42334877-R-8a9f-R-5g3ei%252C%253A&amp;source=gmail&amp;ust=1615898079806000&amp;usg=AFQjCNHD8dZuNWTH9hRZHVDBrqOgWJLzVQ\" rel=\"noopener\"><strong><em>Ministerio de Gobierno PBA<\/em><\/strong><\/a><\/u><\/p>\n<p><a title=\"unnamed\" href=\"https:\/\/www.flickr.com\/photos\/182279889@N02\/51039488731\/in\/dateposted-public\/\" data-flickr-embed=\"true\"><img loading=\"lazy\" decoding=\"async\" src=\"https:\/\/live.staticflickr.com\/65535\/51039488731_a356958a70_c.jpg\" alt=\"unnamed\" width=\"800\" height=\"800\" \/><\/a><script src=\"\/\/embedr.flickr.com\/assets\/client-code.js\" async=\"\" charset=\"utf-8\"><\/script><\/p>\n<\/div>\n<p>&nbsp;<\/p>\n<div>\n<p>Seguinos para enterarte de m\u00e1s:<\/p>\n<\/div>\n<div><strong><em><a id=\"m_8151443153870802455m_6956524909298039920m_-167020773178213745142334878\" href=\"https:\/\/nt.embluemail.com\/p\/cl?data=uEWmG5570RBCWbvknnth3POCBgXgFtEphtUhd9%2FKUdprtCK5q2YccilQRuoFImR%2BQRuTTF6t0Xh1UB%2FWWh%2BBoY%2BJOmyPjWQJx0aSt4xPVRk%3D!-!8a9f!-!https%3A%2F%2Fwww.instagram.com%2Fcasapba%2F%3Futm_source=emBlue%26utm_medium=email%26utm_campaign=CASA+PBA%26utm_content=+M%C3%9ASICA+PARA+EL+PUEBLO+%2812.3%29--Hoy+a+las+20+hs.+M%C3%BAsica+para+el+P%C3%BAeblo%26utm_term=multiple--7--none--40-50--ENVIO+SIMPLE%26embtrk%3D6j2%2Ck-R-42334878-R-8a9f-R-5g3ei%2C%3A\" target=\"_blank\" data-saferedirecturl=\"https:\/\/www.google.com\/url?q=https:\/\/nt.embluemail.com\/p\/cl?data%3DuEWmG5570RBCWbvknnth3POCBgXgFtEphtUhd9%252FKUdprtCK5q2YccilQRuoFImR%252BQRuTTF6t0Xh1UB%252FWWh%252BBoY%252BJOmyPjWQJx0aSt4xPVRk%253D!-!8a9f!-!https%253A%252F%252Fwww.instagram.com%252Fcasapba%252F%253Futm_source%3DemBlue%2526utm_medium%3Demail%2526utm_campaign%3DCASA%2BPBA%2526utm_content%3D%2BM%25C3%259ASICA%2BPARA%2BEL%2BPUEBLO%2B%252812.3%2529--Hoy%2Ba%2Blas%2B20%2Bhs.%2BM%25C3%25BAsica%2Bpara%2Bel%2BP%25C3%25BAeblo%2526utm_term%3Dmultiple--7--none--40-50--ENVIO%2BSIMPLE%2526embtrk%253D6j2%252Ck-R-42334878-R-8a9f-R-5g3ei%252C%253A&amp;source=gmail&amp;ust=1615898079806000&amp;usg=AFQjCNEKazcIbJlTUTl24_smvITaia9dOg\" rel=\"noopener\">Instagram<\/a><\/em><\/strong><\/div>\n<div><a id=\"m_8151443153870802455m_6956524909298039920m_-167020773178213745142334879\" href=\"https:\/\/nt.embluemail.com\/p\/cl?data=8VXXjotT5QVVU1FO3SJOgpprzAzYZZJo07DKsz0lnskrM%2BIKmju%2FAvQc%2FHwYYFhigtlKxwGU%2FNZa8%2BjDyOXAfhrv6oLR%2BnR8wRLGCKe6KLc%3D!-!8a9f!-!https%3A%2F%2Fwww.instagram.com%2Fcasapba%2F%3Futm_source=emBlue%26utm_medium=email%26utm_campaign=CASA+PBA%26utm_content=+M%C3%9ASICA+PARA+EL+PUEBLO+%2812.3%29--Hoy+a+las+20+hs.+M%C3%BAsica+para+el+P%C3%BAeblo%26utm_term=multiple--7--none--40-50--ENVIO+SIMPLE%26embtrk%3D6j2%2Ck-R-42334879-R-8a9f-R-5g3ei%2C%3A\" target=\"_blank\" data-saferedirecturl=\"https:\/\/www.google.com\/url?q=https:\/\/nt.embluemail.com\/p\/cl?data%3D8VXXjotT5QVVU1FO3SJOgpprzAzYZZJo07DKsz0lnskrM%252BIKmju%252FAvQc%252FHwYYFhigtlKxwGU%252FNZa8%252BjDyOXAfhrv6oLR%252BnR8wRLGCKe6KLc%253D!-!8a9f!-!https%253A%252F%252Fwww.instagram.com%252Fcasapba%252F%253Futm_source%3DemBlue%2526utm_medium%3Demail%2526utm_campaign%3DCASA%2BPBA%2526utm_content%3D%2BM%25C3%259ASICA%2BPARA%2BEL%2BPUEBLO%2B%252812.3%2529--Hoy%2Ba%2Blas%2B20%2Bhs.%2BM%25C3%25BAsica%2Bpara%2Bel%2BP%25C3%25BAeblo%2526utm_term%3Dmultiple--7--none--40-50--ENVIO%2BSIMPLE%2526embtrk%253D6j2%252Ck-R-42334879-R-8a9f-R-5g3ei%252C%253A&amp;source=gmail&amp;ust=1615898079806000&amp;usg=AFQjCNHc9-D48PRT30U683BNFfIFkDlHhg\" rel=\"noopener\">https:\/\/www.instagram.com\/<wbr \/>casapba\/<\/a><\/div>\n<div><a id=\"m_8151443153870802455m_6956524909298039920m_-167020773178213745142334880\" href=\"https:\/\/nt.embluemail.com\/p\/cl?data=oEDFRpXrbs6czXnpdzzOXMd3H4egdf8cghVuPFqBP4sym8BmfYWwgAkBmGtHYZldZX6G477%2FvGtbpRY5vgC2SUuKy26AAlWrKLSX7JKx2Ik%3D!-!8a9f!-!https%3A%2F%2Fes-la.facebook.com%2Fcasadelaprovinciadebuenosaires%2F%3Futm_source=emBlue%26utm_medium=email%26utm_campaign=CASA+PBA%26utm_content=+M%C3%9ASICA+PARA+EL+PUEBLO+%2812.3%29--Hoy+a+las+20+hs.+M%C3%BAsica+para+el+P%C3%BAeblo%26utm_term=multiple--7--none--40-50--ENVIO+SIMPLE%26embtrk%3D6j2%2Ck-R-42334880-R-8a9f-R-5g3ei%2C%3A\" target=\"_blank\" data-saferedirecturl=\"https:\/\/www.google.com\/url?q=https:\/\/nt.embluemail.com\/p\/cl?data%3DoEDFRpXrbs6czXnpdzzOXMd3H4egdf8cghVuPFqBP4sym8BmfYWwgAkBmGtHYZldZX6G477%252FvGtbpRY5vgC2SUuKy26AAlWrKLSX7JKx2Ik%253D!-!8a9f!-!https%253A%252F%252Fes-la.facebook.com%252Fcasadelaprovinciadebuenosaires%252F%253Futm_source%3DemBlue%2526utm_medium%3Demail%2526utm_campaign%3DCASA%2BPBA%2526utm_content%3D%2BM%25C3%259ASICA%2BPARA%2BEL%2BPUEBLO%2B%252812.3%2529--Hoy%2Ba%2Blas%2B20%2Bhs.%2BM%25C3%25BAsica%2Bpara%2Bel%2BP%25C3%25BAeblo%2526utm_term%3Dmultiple--7--none--40-50--ENVIO%2BSIMPLE%2526embtrk%253D6j2%252Ck-R-42334880-R-8a9f-R-5g3ei%252C%253A&amp;source=gmail&amp;ust=1615898079806000&amp;usg=AFQjCNFbor-ycDSgJDo9mH3Vfiog4M2l4Q\" rel=\"noopener\"><strong><em>Facebook<\/em><\/strong><br \/>\n<\/a><a id=\"m_8151443153870802455m_6956524909298039920m_-167020773178213745142334881\" href=\"https:\/\/nt.embluemail.com\/p\/cl?data=3FIA6ZPORxdQ9ltNCApUAQEHrJjABRAAPQ5ec5QEw207uSClqj2ljZXf9RyHA7FH06uW2cpFJFogRyJ0sMpUHAVXalyKJqO8GTjbI6SaSv8%3D!-!8a9f!-!http%3A%2F%2Fes-la.facebook.com%2Fcasadelaprovinciadebuenosaires%2F%3Futm_source=emBlue%26utm_medium=email%26utm_campaign=CASA+PBA%26utm_content=+M%C3%9ASICA+PARA+EL+PUEBLO+%2812.3%29--Hoy+a+las+20+hs.+M%C3%BAsica+para+el+P%C3%BAeblo%26utm_term=multiple--7--none--40-50--ENVIO+SIMPLE%26embtrk%3D6j2%2Ck-R-42334881-R-8a9f-R-5g3ei%2C%3A\" target=\"_blank\" data-saferedirecturl=\"https:\/\/www.google.com\/url?q=https:\/\/nt.embluemail.com\/p\/cl?data%3D3FIA6ZPORxdQ9ltNCApUAQEHrJjABRAAPQ5ec5QEw207uSClqj2ljZXf9RyHA7FH06uW2cpFJFogRyJ0sMpUHAVXalyKJqO8GTjbI6SaSv8%253D!-!8a9f!-!http%253A%252F%252Fes-la.facebook.com%252Fcasadelaprovinciadebuenosaires%252F%253Futm_source%3DemBlue%2526utm_medium%3Demail%2526utm_campaign%3DCASA%2BPBA%2526utm_content%3D%2BM%25C3%259ASICA%2BPARA%2BEL%2BPUEBLO%2B%252812.3%2529--Hoy%2Ba%2Blas%2B20%2Bhs.%2BM%25C3%25BAsica%2Bpara%2Bel%2BP%25C3%25BAeblo%2526utm_term%3Dmultiple--7--none--40-50--ENVIO%2BSIMPLE%2526embtrk%253D6j2%252Ck-R-42334881-R-8a9f-R-5g3ei%252C%253A&amp;source=gmail&amp;ust=1615898079806000&amp;usg=AFQjCNG9pv_KvvT-MyJ47o4gyOUpAKN1WA\" rel=\"noopener\">@<wbr \/>casadelaprovinciadebuenosaires<\/a><br \/>\n<a id=\"m_8151443153870802455m_6956524909298039920m_-167020773178213745142334882\" href=\"https:\/\/nt.embluemail.com\/p\/cl?data=J%2BPA0g17FanoKE2qy4%2Bhd47%2FbxMHeGPDY41GP37ouUUDxLg%2F%2BbvbCmVuVMiYETgMM%2BbTqxHbbi2KDYXTz5fQmYBelZjvJXe1UM6f2sfpsAw%3D!-!8a9f!-!https%3A%2F%2Ftwitter.com%2Fcasapba%3Flang%3Des%26utm_source=emBlue%26utm_medium=email%26utm_campaign=CASA+PBA%26utm_content=+M%C3%9ASICA+PARA+EL+PUEBLO+%2812.3%29--Hoy+a+las+20+hs.+M%C3%BAsica+para+el+P%C3%BAeblo%26utm_term=multiple--7--none--40-50--ENVIO+SIMPLE%26embtrk%3D6j2%2Ck-R-42334882-R-8a9f-R-5g3ei%2C%3A\" target=\"_blank\" data-saferedirecturl=\"https:\/\/www.google.com\/url?q=https:\/\/nt.embluemail.com\/p\/cl?data%3DJ%252BPA0g17FanoKE2qy4%252Bhd47%252FbxMHeGPDY41GP37ouUUDxLg%252F%252BbvbCmVuVMiYETgMM%252BbTqxHbbi2KDYXTz5fQmYBelZjvJXe1UM6f2sfpsAw%253D!-!8a9f!-!https%253A%252F%252Ftwitter.com%252Fcasapba%253Flang%253Des%2526utm_source%3DemBlue%2526utm_medium%3Demail%2526utm_campaign%3DCASA%2BPBA%2526utm_content%3D%2BM%25C3%259ASICA%2BPARA%2BEL%2BPUEBLO%2B%252812.3%2529--Hoy%2Ba%2Blas%2B20%2Bhs.%2BM%25C3%25BAsica%2Bpara%2Bel%2BP%25C3%25BAeblo%2526utm_term%3Dmultiple--7--none--40-50--ENVIO%2BSIMPLE%2526embtrk%253D6j2%252Ck-R-42334882-R-8a9f-R-5g3ei%252C%253A&amp;source=gmail&amp;ust=1615898079806000&amp;usg=AFQjCNEV1gRnlKNYjSnbnKu7kIGwSkJYcw\" rel=\"noopener\"><strong><em>Twitter<\/em><\/strong><br \/>\n<\/a><a id=\"m_8151443153870802455m_6956524909298039920m_-167020773178213745142334883\" href=\"https:\/\/nt.embluemail.com\/p\/cl?data=21S9YpkgWVHKgpArgVIbiOfcF4XiIxdGuDnUxzkbJrtMm6g7gL1obnla%2F7%2BF9Q97dPTMP8lL4oBGVzLXFiJb1zsoxybAPR7DrUOThImNC5I%3D!-!8a9f!-!http%3A%2F%2Ftwitter.com%2Fcasapba%3Flang%3Des%26utm_source=emBlue%26utm_medium=email%26utm_campaign=CASA+PBA%26utm_content=+M%C3%9ASICA+PARA+EL+PUEBLO+%2812.3%29--Hoy+a+las+20+hs.+M%C3%BAsica+para+el+P%C3%BAeblo%26utm_term=multiple--7--none--40-50--ENVIO+SIMPLE%26embtrk%3D6j2%2Ck-R-42334883-R-8a9f-R-5g3ei%2C%3A\" target=\"_blank\" data-saferedirecturl=\"https:\/\/www.google.com\/url?q=https:\/\/nt.embluemail.com\/p\/cl?data%3D21S9YpkgWVHKgpArgVIbiOfcF4XiIxdGuDnUxzkbJrtMm6g7gL1obnla%252F7%252BF9Q97dPTMP8lL4oBGVzLXFiJb1zsoxybAPR7DrUOThImNC5I%253D!-!8a9f!-!http%253A%252F%252Ftwitter.com%252Fcasapba%253Flang%253Des%2526utm_source%3DemBlue%2526utm_medium%3Demail%2526utm_campaign%3DCASA%2BPBA%2526utm_content%3D%2BM%25C3%259ASICA%2BPARA%2BEL%2BPUEBLO%2B%252812.3%2529--Hoy%2Ba%2Blas%2B20%2Bhs.%2BM%25C3%25BAsica%2Bpara%2Bel%2BP%25C3%25BAeblo%2526utm_term%3Dmultiple--7--none--40-50--ENVIO%2BSIMPLE%2526embtrk%253D6j2%252Ck-R-42334883-R-8a9f-R-5g3ei%252C%253A&amp;source=gmail&amp;ust=1615898079806000&amp;usg=AFQjCNFRnlbZ__sPwKK6G0if3VhvCpBgKw\" rel=\"noopener\">@CasaPBA<br \/>\n<\/a><strong><em>Web<br \/>\n<\/em><\/strong><a id=\"m_8151443153870802455m_6956524909298039920m_-167020773178213745142334884\" href=\"https:\/\/nt.embluemail.com\/p\/cl?data=hiTHvfCVTsXJ%2BW3ygtX2a2%2F6z9r24MvHN%2FkG%2BGn7sq%2FE3Ie5lO3kiHrR3p7cuXFPKnLLPCAer5E9MpJfXjLXerhLdm9Mc4V0KlEJfzLqnds%3D!-!8a9f!-!https%3A%2F%2Fwww.gba.gob.ar%2Fgobierno%2FcasaPBA%3Futm_source=emBlue%26utm_medium=email%26utm_campaign=CASA+PBA%26utm_content=+M%C3%9ASICA+PARA+EL+PUEBLO+%2812.3%29--Hoy+a+las+20+hs.+M%C3%BAsica+para+el+P%C3%BAeblo%26utm_term=multiple--7--none--40-50--ENVIO+SIMPLE%26embtrk%3D6j2%2Ck-R-42334884-R-8a9f-R-5g3ei%2C%3A\" target=\"_blank\" data-saferedirecturl=\"https:\/\/www.google.com\/url?q=https:\/\/nt.embluemail.com\/p\/cl?data%3DhiTHvfCVTsXJ%252BW3ygtX2a2%252F6z9r24MvHN%252FkG%252BGn7sq%252FE3Ie5lO3kiHrR3p7cuXFPKnLLPCAer5E9MpJfXjLXerhLdm9Mc4V0KlEJfzLqnds%253D!-!8a9f!-!https%253A%252F%252Fwww.gba.gob.ar%252Fgobierno%252FcasaPBA%253Futm_source%3DemBlue%2526utm_medium%3Demail%2526utm_campaign%3DCASA%2BPBA%2526utm_content%3D%2BM%25C3%259ASICA%2BPARA%2BEL%2BPUEBLO%2B%252812.3%2529--Hoy%2Ba%2Blas%2B20%2Bhs.%2BM%25C3%25BAsica%2Bpara%2Bel%2BP%25C3%25BAeblo%2526utm_term%3Dmultiple--7--none--40-50--ENVIO%2BSIMPLE%2526embtrk%253D6j2%252Ck-R-42334884-R-8a9f-R-5g3ei%252C%253A&amp;source=gmail&amp;ust=1615898079806000&amp;usg=AFQjCNGKL9KznY0DC-JamoCrYEJEFYPrdA\" rel=\"noopener\"><em>https:\/\/www.gba.gob.ar\/<wbr \/>gobierno\/casaPBA<\/em><\/a><\/div>\n","protected":false},"excerpt":{"rendered":"<p>En conmemoraci\u00f3n del d\u00eda\u00a08\u00a0de marzo,\u00a0D\u00eda internacional de la mujer trabajadora, nos acompa\u00f1an cuatro grandes artistas bonaerenses. De g\u00e9neros, lugares y edades diferentes:<\/p>\n","protected":false},"author":3,"featured_media":0,"comment_status":"closed","ping_status":"open","sticky":false,"template":"","format":"standard","meta":{"footnotes":""},"categories":[35],"tags":[],"class_list":["post-53924","post","type-post","status-publish","format-standard","hentry","category-cultura"],"yoast_head":"<!-- This site is optimized with the Yoast SEO plugin v25.9 - https:\/\/yoast.com\/wordpress\/plugins\/seo\/ -->\n<title>Hoy a las 20 hs. M\u00fasica para el Pueblo - Noticias Radio Reflejos<\/title>\n<meta name=\"robots\" content=\"index, follow, max-snippet:-1, max-image-preview:large, max-video-preview:-1\" \/>\n<link rel=\"canonical\" href=\"https:\/\/www.noticiasradioreflejos.com.ar\/2021\/hoy-a-las-20-hs-musica-para-el-pueblo\/\" \/>\n<meta property=\"og:locale\" content=\"es_ES\" \/>\n<meta property=\"og:type\" content=\"article\" \/>\n<meta property=\"og:title\" content=\"Hoy a las 20 hs. M\u00fasica para el Pueblo - Noticias Radio Reflejos\" \/>\n<meta property=\"og:description\" content=\"En conmemoraci\u00f3n del d\u00eda\u00a08\u00a0de marzo,\u00a0D\u00eda internacional de la mujer trabajadora, nos acompa\u00f1an cuatro grandes artistas bonaerenses. De g\u00e9neros, lugares y edades diferentes:\" \/>\n<meta property=\"og:url\" content=\"https:\/\/www.noticiasradioreflejos.com.ar\/2021\/hoy-a-las-20-hs-musica-para-el-pueblo\/\" \/>\n<meta property=\"og:site_name\" content=\"Noticias Radio Reflejos\" \/>\n<meta property=\"article:published_time\" content=\"2021-03-15T13:51:34+00:00\" \/>\n<meta property=\"og:image\" content=\"https:\/\/live.staticflickr.com\/65535\/51039488731_a356958a70_c.jpg\" \/>\n<meta name=\"author\" content=\"Arnaldo Botto\" \/>\n<meta name=\"twitter:card\" content=\"summary_large_image\" \/>\n<script type=\"application\/ld+json\" class=\"yoast-schema-graph\">{\"@context\":\"https:\/\/schema.org\",\"@graph\":[{\"@type\":\"WebPage\",\"@id\":\"https:\/\/www.noticiasradioreflejos.com.ar\/2021\/hoy-a-las-20-hs-musica-para-el-pueblo\/\",\"url\":\"https:\/\/www.noticiasradioreflejos.com.ar\/2021\/hoy-a-las-20-hs-musica-para-el-pueblo\/\",\"name\":\"Hoy a las 20 hs. M\u00fasica para el Pueblo - Noticias Radio Reflejos\",\"isPartOf\":{\"@id\":\"https:\/\/www.noticiasradioreflejos.com.ar\/2021\/#website\"},\"primaryImageOfPage\":{\"@id\":\"https:\/\/www.noticiasradioreflejos.com.ar\/2021\/hoy-a-las-20-hs-musica-para-el-pueblo\/#primaryimage\"},\"image\":{\"@id\":\"https:\/\/www.noticiasradioreflejos.com.ar\/2021\/hoy-a-las-20-hs-musica-para-el-pueblo\/#primaryimage\"},\"thumbnailUrl\":\"https:\/\/live.staticflickr.com\/65535\/51039488731_a356958a70_c.jpg\",\"datePublished\":\"2021-03-15T13:51:34+00:00\",\"author\":{\"@id\":\"https:\/\/www.noticiasradioreflejos.com.ar\/2021\/#\/schema\/person\/ad82545263dcc5ec0996818884fd5fb1\"},\"breadcrumb\":{\"@id\":\"https:\/\/www.noticiasradioreflejos.com.ar\/2021\/hoy-a-las-20-hs-musica-para-el-pueblo\/#breadcrumb\"},\"inLanguage\":\"es\",\"potentialAction\":[{\"@type\":\"ReadAction\",\"target\":[\"https:\/\/www.noticiasradioreflejos.com.ar\/2021\/hoy-a-las-20-hs-musica-para-el-pueblo\/\"]}]},{\"@type\":\"ImageObject\",\"inLanguage\":\"es\",\"@id\":\"https:\/\/www.noticiasradioreflejos.com.ar\/2021\/hoy-a-las-20-hs-musica-para-el-pueblo\/#primaryimage\",\"url\":\"https:\/\/live.staticflickr.com\/65535\/51039488731_a356958a70_c.jpg\",\"contentUrl\":\"https:\/\/live.staticflickr.com\/65535\/51039488731_a356958a70_c.jpg\"},{\"@type\":\"BreadcrumbList\",\"@id\":\"https:\/\/www.noticiasradioreflejos.com.ar\/2021\/hoy-a-las-20-hs-musica-para-el-pueblo\/#breadcrumb\",\"itemListElement\":[{\"@type\":\"ListItem\",\"position\":1,\"name\":\"Portada\",\"item\":\"https:\/\/www.noticiasradioreflejos.com.ar\/2021\/\"},{\"@type\":\"ListItem\",\"position\":2,\"name\":\"Hoy a las 20 hs. M\u00fasica para el Pueblo\"}]},{\"@type\":\"WebSite\",\"@id\":\"https:\/\/www.noticiasradioreflejos.com.ar\/2021\/#website\",\"url\":\"https:\/\/www.noticiasradioreflejos.com.ar\/2021\/\",\"name\":\"Noticias Radio Reflejos\",\"description\":\"Las noticias de mi comarca\",\"potentialAction\":[{\"@type\":\"SearchAction\",\"target\":{\"@type\":\"EntryPoint\",\"urlTemplate\":\"https:\/\/www.noticiasradioreflejos.com.ar\/2021\/?s={search_term_string}\"},\"query-input\":{\"@type\":\"PropertyValueSpecification\",\"valueRequired\":true,\"valueName\":\"search_term_string\"}}],\"inLanguage\":\"es\"},{\"@type\":\"Person\",\"@id\":\"https:\/\/www.noticiasradioreflejos.com.ar\/2021\/#\/schema\/person\/ad82545263dcc5ec0996818884fd5fb1\",\"name\":\"Arnaldo Botto\",\"image\":{\"@type\":\"ImageObject\",\"inLanguage\":\"es\",\"@id\":\"https:\/\/www.noticiasradioreflejos.com.ar\/2021\/#\/schema\/person\/image\/\",\"url\":\"https:\/\/secure.gravatar.com\/avatar\/55cb5e37c1efa326397366e6974cb338056df65cb50e7d64d1cf314e87504837?s=96&d=mm&r=g\",\"contentUrl\":\"https:\/\/secure.gravatar.com\/avatar\/55cb5e37c1efa326397366e6974cb338056df65cb50e7d64d1cf314e87504837?s=96&d=mm&r=g\",\"caption\":\"Arnaldo Botto\"},\"url\":\"https:\/\/www.noticiasradioreflejos.com.ar\/2021\/author\/arnaldo\/\"}]}<\/script>\n<!-- \/ Yoast SEO plugin. -->","yoast_head_json":{"title":"Hoy a las 20 hs. M\u00fasica para el Pueblo - Noticias Radio Reflejos","robots":{"index":"index","follow":"follow","max-snippet":"max-snippet:-1","max-image-preview":"max-image-preview:large","max-video-preview":"max-video-preview:-1"},"canonical":"https:\/\/www.noticiasradioreflejos.com.ar\/2021\/hoy-a-las-20-hs-musica-para-el-pueblo\/","og_locale":"es_ES","og_type":"article","og_title":"Hoy a las 20 hs. M\u00fasica para el Pueblo - Noticias Radio Reflejos","og_description":"En conmemoraci\u00f3n del d\u00eda\u00a08\u00a0de marzo,\u00a0D\u00eda internacional de la mujer trabajadora, nos acompa\u00f1an cuatro grandes artistas bonaerenses. De g\u00e9neros, lugares y edades diferentes:","og_url":"https:\/\/www.noticiasradioreflejos.com.ar\/2021\/hoy-a-las-20-hs-musica-para-el-pueblo\/","og_site_name":"Noticias Radio Reflejos","article_published_time":"2021-03-15T13:51:34+00:00","og_image":[{"url":"https:\/\/live.staticflickr.com\/65535\/51039488731_a356958a70_c.jpg","type":"","width":"","height":""}],"author":"Arnaldo Botto","twitter_card":"summary_large_image","schema":{"@context":"https:\/\/schema.org","@graph":[{"@type":"WebPage","@id":"https:\/\/www.noticiasradioreflejos.com.ar\/2021\/hoy-a-las-20-hs-musica-para-el-pueblo\/","url":"https:\/\/www.noticiasradioreflejos.com.ar\/2021\/hoy-a-las-20-hs-musica-para-el-pueblo\/","name":"Hoy a las 20 hs. M\u00fasica para el Pueblo - Noticias Radio Reflejos","isPartOf":{"@id":"https:\/\/www.noticiasradioreflejos.com.ar\/2021\/#website"},"primaryImageOfPage":{"@id":"https:\/\/www.noticiasradioreflejos.com.ar\/2021\/hoy-a-las-20-hs-musica-para-el-pueblo\/#primaryimage"},"image":{"@id":"https:\/\/www.noticiasradioreflejos.com.ar\/2021\/hoy-a-las-20-hs-musica-para-el-pueblo\/#primaryimage"},"thumbnailUrl":"https:\/\/live.staticflickr.com\/65535\/51039488731_a356958a70_c.jpg","datePublished":"2021-03-15T13:51:34+00:00","author":{"@id":"https:\/\/www.noticiasradioreflejos.com.ar\/2021\/#\/schema\/person\/ad82545263dcc5ec0996818884fd5fb1"},"breadcrumb":{"@id":"https:\/\/www.noticiasradioreflejos.com.ar\/2021\/hoy-a-las-20-hs-musica-para-el-pueblo\/#breadcrumb"},"inLanguage":"es","potentialAction":[{"@type":"ReadAction","target":["https:\/\/www.noticiasradioreflejos.com.ar\/2021\/hoy-a-las-20-hs-musica-para-el-pueblo\/"]}]},{"@type":"ImageObject","inLanguage":"es","@id":"https:\/\/www.noticiasradioreflejos.com.ar\/2021\/hoy-a-las-20-hs-musica-para-el-pueblo\/#primaryimage","url":"https:\/\/live.staticflickr.com\/65535\/51039488731_a356958a70_c.jpg","contentUrl":"https:\/\/live.staticflickr.com\/65535\/51039488731_a356958a70_c.jpg"},{"@type":"BreadcrumbList","@id":"https:\/\/www.noticiasradioreflejos.com.ar\/2021\/hoy-a-las-20-hs-musica-para-el-pueblo\/#breadcrumb","itemListElement":[{"@type":"ListItem","position":1,"name":"Portada","item":"https:\/\/www.noticiasradioreflejos.com.ar\/2021\/"},{"@type":"ListItem","position":2,"name":"Hoy a las 20 hs. M\u00fasica para el Pueblo"}]},{"@type":"WebSite","@id":"https:\/\/www.noticiasradioreflejos.com.ar\/2021\/#website","url":"https:\/\/www.noticiasradioreflejos.com.ar\/2021\/","name":"Noticias Radio Reflejos","description":"Las noticias de mi comarca","potentialAction":[{"@type":"SearchAction","target":{"@type":"EntryPoint","urlTemplate":"https:\/\/www.noticiasradioreflejos.com.ar\/2021\/?s={search_term_string}"},"query-input":{"@type":"PropertyValueSpecification","valueRequired":true,"valueName":"search_term_string"}}],"inLanguage":"es"},{"@type":"Person","@id":"https:\/\/www.noticiasradioreflejos.com.ar\/2021\/#\/schema\/person\/ad82545263dcc5ec0996818884fd5fb1","name":"Arnaldo Botto","image":{"@type":"ImageObject","inLanguage":"es","@id":"https:\/\/www.noticiasradioreflejos.com.ar\/2021\/#\/schema\/person\/image\/","url":"https:\/\/secure.gravatar.com\/avatar\/55cb5e37c1efa326397366e6974cb338056df65cb50e7d64d1cf314e87504837?s=96&d=mm&r=g","contentUrl":"https:\/\/secure.gravatar.com\/avatar\/55cb5e37c1efa326397366e6974cb338056df65cb50e7d64d1cf314e87504837?s=96&d=mm&r=g","caption":"Arnaldo Botto"},"url":"https:\/\/www.noticiasradioreflejos.com.ar\/2021\/author\/arnaldo\/"}]}},"_links":{"self":[{"href":"https:\/\/www.noticiasradioreflejos.com.ar\/2021\/wp-json\/wp\/v2\/posts\/53924","targetHints":{"allow":["GET"]}}],"collection":[{"href":"https:\/\/www.noticiasradioreflejos.com.ar\/2021\/wp-json\/wp\/v2\/posts"}],"about":[{"href":"https:\/\/www.noticiasradioreflejos.com.ar\/2021\/wp-json\/wp\/v2\/types\/post"}],"author":[{"embeddable":true,"href":"https:\/\/www.noticiasradioreflejos.com.ar\/2021\/wp-json\/wp\/v2\/users\/3"}],"replies":[{"embeddable":true,"href":"https:\/\/www.noticiasradioreflejos.com.ar\/2021\/wp-json\/wp\/v2\/comments?post=53924"}],"version-history":[{"count":0,"href":"https:\/\/www.noticiasradioreflejos.com.ar\/2021\/wp-json\/wp\/v2\/posts\/53924\/revisions"}],"wp:attachment":[{"href":"https:\/\/www.noticiasradioreflejos.com.ar\/2021\/wp-json\/wp\/v2\/media?parent=53924"}],"wp:term":[{"taxonomy":"category","embeddable":true,"href":"https:\/\/www.noticiasradioreflejos.com.ar\/2021\/wp-json\/wp\/v2\/categories?post=53924"},{"taxonomy":"post_tag","embeddable":true,"href":"https:\/\/www.noticiasradioreflejos.com.ar\/2021\/wp-json\/wp\/v2\/tags?post=53924"}],"curies":[{"name":"wp","href":"https:\/\/api.w.org\/{rel}","templated":true}]}}