{"id":53918,"date":"2021-03-15T09:06:07","date_gmt":"2021-03-15T12:06:07","guid":{"rendered":"http:\/\/www.noticiasradioreflejos.com.ar\/noticias\/?p=53918"},"modified":"2021-03-15T09:06:07","modified_gmt":"2021-03-15T12:06:07","slug":"comienza-la-discusion-sobre-nuevos-cuadros-tarifarios-del-gas","status":"publish","type":"post","link":"https:\/\/www.noticiasradioreflejos.com.ar\/2021\/comienza-la-discusion-sobre-nuevos-cuadros-tarifarios-del-gas\/","title":{"rendered":"Comienza la discusi\u00f3n sobre nuevos cuadros tarifarios del gas"},"content":{"rendered":"<p>La primera de las audiencias convocada por la Secretar\u00eda de Energ\u00eda se desarrollar\u00e1 de manera virtual, con 42 oradores inscriptos, y tratar\u00e1 el cuadro tarifario de transici\u00f3n.<!--more--><\/p>\n<div id=\"image\" class=\"image\">\n<p><img decoding=\"async\" title=\"El eje estar\u00e1 puesto sobre el precio del gas natural en el punto de ingreso al sistema (Pist), que representa aproximadamente el 40% de la factura.\" src=\"https:\/\/www.telam.com.ar\/advf\/imagenes\/2021\/02\/602e529f60175_1004x565.jpg\" alt=\"El eje estar\u00e1 puesto sobre el precio del gas natural en el punto de ingreso al sistema (Pist), que representa aproximadamente el 40% de la factura.\" \/><\/p>\n<div class=\"epigrafe\">El eje estar\u00e1 puesto sobre el precio del gas natural en el punto de ingreso al sistema (Pist), que representa aproximadamente el 40% de la factura.<\/div>\n<\/div>\n<p>El Gobierno nacional iniciar\u00e1 este lunes el proceso de audiencias p\u00fablicas mediante el cual\u00a0<strong>pondr\u00e1 en discusi\u00f3n el costo del precio del gas a boca de pozo y el margen que deber\u00e1 asumir mediante subsidios<\/strong>, as\u00ed como la actualizaci\u00f3n del transporte y la distribuci\u00f3n mediante un cuadro tarifario de transici\u00f3n que pondr\u00e1 punto final a dos a\u00f1os de congelamiento.<\/p>\n<p>La primera de las audiencias convocada por la Secretar\u00eda de Energ\u00eda se desarrollar\u00e1 de manera virtual a partir de las 10. Cuenta con 42 oradores inscriptos y ser\u00e1 presidida por la subsecretaria de Hidrocarburos, Maggie Luz Videla Oporto, y moderada por la asesora legal de esa cartera, Ver\u00f3nica Tito.<\/p>\n<p>La segunda etapa de la revisi\u00f3n tarifaria se realizar\u00e1 este martes a partir de las 9, en este caso convocada por el Ente Nacional Regulador del Gas (Enargas). En ella se analizar\u00e1 la evoluci\u00f3n de las tarifas que se le reconocer\u00e1n a las dos empresas de transporte de gas y a las 9 distribuidoras que abarcan todo el pa\u00eds.<\/p>\n<p>En la primera audiencia, el eje estar\u00e1 puesto sobre el precio del gas natural en el punto de ingreso al sistema (Pist), que representa aproximadamente el 40% de la factura, y el porcentaje de ese costo que el Estado nacional asumir\u00e1 mediante subsidios y lo que deber\u00e1n afrontar los usuarios, en el marco del Plan de Promoci\u00f3n del Gas Natural Argentino 2020-2024.<\/p>\n<p>Tras la presentaci\u00f3n de la Secretar\u00eda de Energ\u00eda y de las empresas productoras de gas natural, la audiencia dar\u00e1 un espacio de 10 minutos a cada uno de los oradores inscriptos para que puedan exponer sus puntos de vista.<\/p>\n<p>Entre los expositores inscriptos se encuentran legisladores nacionales, representantes de las defensor\u00edas del Pueblo de la Naci\u00f3n, de la Ciudad de Buenos y de la Provincia de Buenos Aires, asociaciones de defensa del consumidor, as\u00ed como directivos de entidades empresariales y de organizaciones no gubernamentales.<\/p>\n","protected":false},"excerpt":{"rendered":"<p>La primera de las audiencias convocada por la Secretar\u00eda de Energ\u00eda se desarrollar\u00e1 de manera virtual, con 42 oradores inscriptos, y tratar\u00e1 el cuadro tarifario de transici\u00f3n.<\/p>\n","protected":false},"author":3,"featured_media":25614,"comment_status":"closed","ping_status":"open","sticky":false,"template":"","format":"standard","meta":{"footnotes":""},"categories":[36,26],"tags":[],"class_list":["post-53918","post","type-post","status-publish","format-standard","has-post-thumbnail","hentry","category-economia","category-sociedad"],"yoast_head":"<!-- This site is optimized with the Yoast SEO plugin v25.9 - https:\/\/yoast.com\/wordpress\/plugins\/seo\/ -->\n<title>Comienza la discusi\u00f3n sobre nuevos cuadros tarifarios del gas - Noticias Radio Reflejos<\/title>\n<meta name=\"robots\" content=\"index, follow, max-snippet:-1, max-image-preview:large, max-video-preview:-1\" \/>\n<link rel=\"canonical\" href=\"https:\/\/www.noticiasradioreflejos.com.ar\/2021\/comienza-la-discusion-sobre-nuevos-cuadros-tarifarios-del-gas\/\" \/>\n<meta property=\"og:locale\" content=\"es_ES\" \/>\n<meta property=\"og:type\" content=\"article\" \/>\n<meta property=\"og:title\" content=\"Comienza la discusi\u00f3n sobre nuevos cuadros tarifarios del gas - Noticias Radio Reflejos\" \/>\n<meta property=\"og:description\" content=\"La primera de las audiencias convocada por la Secretar\u00eda de Energ\u00eda se desarrollar\u00e1 de manera virtual, con 42 oradores inscriptos, y tratar\u00e1 el cuadro tarifario de transici\u00f3n.\" \/>\n<meta property=\"og:url\" content=\"https:\/\/www.noticiasradioreflejos.com.ar\/2021\/comienza-la-discusion-sobre-nuevos-cuadros-tarifarios-del-gas\/\" \/>\n<meta property=\"og:site_name\" content=\"Noticias Radio Reflejos\" \/>\n<meta property=\"article:published_time\" content=\"2021-03-15T12:06:07+00:00\" \/>\n<meta property=\"og:image\" content=\"https:\/\/www.noticiasradioreflejos.com.ar\/2021\/wp-content\/uploads\/2018\/10\/gas.jpg\" \/>\n\t<meta property=\"og:image:width\" content=\"770\" \/>\n\t<meta property=\"og:image:height\" content=\"433\" \/>\n\t<meta property=\"og:image:type\" content=\"image\/jpeg\" \/>\n<meta name=\"author\" content=\"Arnaldo Botto\" \/>\n<meta name=\"twitter:card\" content=\"summary_large_image\" \/>\n<script type=\"application\/ld+json\" class=\"yoast-schema-graph\">{\"@context\":\"https:\/\/schema.org\",\"@graph\":[{\"@type\":\"WebPage\",\"@id\":\"https:\/\/www.noticiasradioreflejos.com.ar\/2021\/comienza-la-discusion-sobre-nuevos-cuadros-tarifarios-del-gas\/\",\"url\":\"https:\/\/www.noticiasradioreflejos.com.ar\/2021\/comienza-la-discusion-sobre-nuevos-cuadros-tarifarios-del-gas\/\",\"name\":\"Comienza la discusi\u00f3n sobre nuevos cuadros tarifarios del gas - Noticias Radio Reflejos\",\"isPartOf\":{\"@id\":\"https:\/\/www.noticiasradioreflejos.com.ar\/2021\/#website\"},\"primaryImageOfPage\":{\"@id\":\"https:\/\/www.noticiasradioreflejos.com.ar\/2021\/comienza-la-discusion-sobre-nuevos-cuadros-tarifarios-del-gas\/#primaryimage\"},\"image\":{\"@id\":\"https:\/\/www.noticiasradioreflejos.com.ar\/2021\/comienza-la-discusion-sobre-nuevos-cuadros-tarifarios-del-gas\/#primaryimage\"},\"thumbnailUrl\":\"https:\/\/www.noticiasradioreflejos.com.ar\/2021\/wp-content\/uploads\/2018\/10\/gas.jpg\",\"datePublished\":\"2021-03-15T12:06:07+00:00\",\"author\":{\"@id\":\"https:\/\/www.noticiasradioreflejos.com.ar\/2021\/#\/schema\/person\/ad82545263dcc5ec0996818884fd5fb1\"},\"breadcrumb\":{\"@id\":\"https:\/\/www.noticiasradioreflejos.com.ar\/2021\/comienza-la-discusion-sobre-nuevos-cuadros-tarifarios-del-gas\/#breadcrumb\"},\"inLanguage\":\"es\",\"potentialAction\":[{\"@type\":\"ReadAction\",\"target\":[\"https:\/\/www.noticiasradioreflejos.com.ar\/2021\/comienza-la-discusion-sobre-nuevos-cuadros-tarifarios-del-gas\/\"]}]},{\"@type\":\"ImageObject\",\"inLanguage\":\"es\",\"@id\":\"https:\/\/www.noticiasradioreflejos.com.ar\/2021\/comienza-la-discusion-sobre-nuevos-cuadros-tarifarios-del-gas\/#primaryimage\",\"url\":\"https:\/\/www.noticiasradioreflejos.com.ar\/2021\/wp-content\/uploads\/2018\/10\/gas.jpg\",\"contentUrl\":\"https:\/\/www.noticiasradioreflejos.com.ar\/2021\/wp-content\/uploads\/2018\/10\/gas.jpg\",\"width\":770,\"height\":433},{\"@type\":\"BreadcrumbList\",\"@id\":\"https:\/\/www.noticiasradioreflejos.com.ar\/2021\/comienza-la-discusion-sobre-nuevos-cuadros-tarifarios-del-gas\/#breadcrumb\",\"itemListElement\":[{\"@type\":\"ListItem\",\"position\":1,\"name\":\"Portada\",\"item\":\"https:\/\/www.noticiasradioreflejos.com.ar\/2021\/\"},{\"@type\":\"ListItem\",\"position\":2,\"name\":\"Comienza la discusi\u00f3n sobre nuevos cuadros tarifarios del gas\"}]},{\"@type\":\"WebSite\",\"@id\":\"https:\/\/www.noticiasradioreflejos.com.ar\/2021\/#website\",\"url\":\"https:\/\/www.noticiasradioreflejos.com.ar\/2021\/\",\"name\":\"Noticias Radio Reflejos\",\"description\":\"Las noticias de mi comarca\",\"potentialAction\":[{\"@type\":\"SearchAction\",\"target\":{\"@type\":\"EntryPoint\",\"urlTemplate\":\"https:\/\/www.noticiasradioreflejos.com.ar\/2021\/?s={search_term_string}\"},\"query-input\":{\"@type\":\"PropertyValueSpecification\",\"valueRequired\":true,\"valueName\":\"search_term_string\"}}],\"inLanguage\":\"es\"},{\"@type\":\"Person\",\"@id\":\"https:\/\/www.noticiasradioreflejos.com.ar\/2021\/#\/schema\/person\/ad82545263dcc5ec0996818884fd5fb1\",\"name\":\"Arnaldo Botto\",\"image\":{\"@type\":\"ImageObject\",\"inLanguage\":\"es\",\"@id\":\"https:\/\/www.noticiasradioreflejos.com.ar\/2021\/#\/schema\/person\/image\/\",\"url\":\"https:\/\/secure.gravatar.com\/avatar\/55cb5e37c1efa326397366e6974cb338056df65cb50e7d64d1cf314e87504837?s=96&d=mm&r=g\",\"contentUrl\":\"https:\/\/secure.gravatar.com\/avatar\/55cb5e37c1efa326397366e6974cb338056df65cb50e7d64d1cf314e87504837?s=96&d=mm&r=g\",\"caption\":\"Arnaldo Botto\"},\"url\":\"https:\/\/www.noticiasradioreflejos.com.ar\/2021\/author\/arnaldo\/\"}]}<\/script>\n<!-- \/ Yoast SEO plugin. -->","yoast_head_json":{"title":"Comienza la discusi\u00f3n sobre nuevos cuadros tarifarios del gas - Noticias Radio Reflejos","robots":{"index":"index","follow":"follow","max-snippet":"max-snippet:-1","max-image-preview":"max-image-preview:large","max-video-preview":"max-video-preview:-1"},"canonical":"https:\/\/www.noticiasradioreflejos.com.ar\/2021\/comienza-la-discusion-sobre-nuevos-cuadros-tarifarios-del-gas\/","og_locale":"es_ES","og_type":"article","og_title":"Comienza la discusi\u00f3n sobre nuevos cuadros tarifarios del gas - Noticias Radio Reflejos","og_description":"La primera de las audiencias convocada por la Secretar\u00eda de Energ\u00eda se desarrollar\u00e1 de manera virtual, con 42 oradores inscriptos, y tratar\u00e1 el cuadro tarifario de transici\u00f3n.","og_url":"https:\/\/www.noticiasradioreflejos.com.ar\/2021\/comienza-la-discusion-sobre-nuevos-cuadros-tarifarios-del-gas\/","og_site_name":"Noticias Radio Reflejos","article_published_time":"2021-03-15T12:06:07+00:00","og_image":[{"width":770,"height":433,"url":"https:\/\/www.noticiasradioreflejos.com.ar\/2021\/wp-content\/uploads\/2018\/10\/gas.jpg","type":"image\/jpeg"}],"author":"Arnaldo Botto","twitter_card":"summary_large_image","schema":{"@context":"https:\/\/schema.org","@graph":[{"@type":"WebPage","@id":"https:\/\/www.noticiasradioreflejos.com.ar\/2021\/comienza-la-discusion-sobre-nuevos-cuadros-tarifarios-del-gas\/","url":"https:\/\/www.noticiasradioreflejos.com.ar\/2021\/comienza-la-discusion-sobre-nuevos-cuadros-tarifarios-del-gas\/","name":"Comienza la discusi\u00f3n sobre nuevos cuadros tarifarios del gas - Noticias Radio Reflejos","isPartOf":{"@id":"https:\/\/www.noticiasradioreflejos.com.ar\/2021\/#website"},"primaryImageOfPage":{"@id":"https:\/\/www.noticiasradioreflejos.com.ar\/2021\/comienza-la-discusion-sobre-nuevos-cuadros-tarifarios-del-gas\/#primaryimage"},"image":{"@id":"https:\/\/www.noticiasradioreflejos.com.ar\/2021\/comienza-la-discusion-sobre-nuevos-cuadros-tarifarios-del-gas\/#primaryimage"},"thumbnailUrl":"https:\/\/www.noticiasradioreflejos.com.ar\/2021\/wp-content\/uploads\/2018\/10\/gas.jpg","datePublished":"2021-03-15T12:06:07+00:00","author":{"@id":"https:\/\/www.noticiasradioreflejos.com.ar\/2021\/#\/schema\/person\/ad82545263dcc5ec0996818884fd5fb1"},"breadcrumb":{"@id":"https:\/\/www.noticiasradioreflejos.com.ar\/2021\/comienza-la-discusion-sobre-nuevos-cuadros-tarifarios-del-gas\/#breadcrumb"},"inLanguage":"es","potentialAction":[{"@type":"ReadAction","target":["https:\/\/www.noticiasradioreflejos.com.ar\/2021\/comienza-la-discusion-sobre-nuevos-cuadros-tarifarios-del-gas\/"]}]},{"@type":"ImageObject","inLanguage":"es","@id":"https:\/\/www.noticiasradioreflejos.com.ar\/2021\/comienza-la-discusion-sobre-nuevos-cuadros-tarifarios-del-gas\/#primaryimage","url":"https:\/\/www.noticiasradioreflejos.com.ar\/2021\/wp-content\/uploads\/2018\/10\/gas.jpg","contentUrl":"https:\/\/www.noticiasradioreflejos.com.ar\/2021\/wp-content\/uploads\/2018\/10\/gas.jpg","width":770,"height":433},{"@type":"BreadcrumbList","@id":"https:\/\/www.noticiasradioreflejos.com.ar\/2021\/comienza-la-discusion-sobre-nuevos-cuadros-tarifarios-del-gas\/#breadcrumb","itemListElement":[{"@type":"ListItem","position":1,"name":"Portada","item":"https:\/\/www.noticiasradioreflejos.com.ar\/2021\/"},{"@type":"ListItem","position":2,"name":"Comienza la discusi\u00f3n sobre nuevos cuadros tarifarios del gas"}]},{"@type":"WebSite","@id":"https:\/\/www.noticiasradioreflejos.com.ar\/2021\/#website","url":"https:\/\/www.noticiasradioreflejos.com.ar\/2021\/","name":"Noticias Radio Reflejos","description":"Las noticias de mi comarca","potentialAction":[{"@type":"SearchAction","target":{"@type":"EntryPoint","urlTemplate":"https:\/\/www.noticiasradioreflejos.com.ar\/2021\/?s={search_term_string}"},"query-input":{"@type":"PropertyValueSpecification","valueRequired":true,"valueName":"search_term_string"}}],"inLanguage":"es"},{"@type":"Person","@id":"https:\/\/www.noticiasradioreflejos.com.ar\/2021\/#\/schema\/person\/ad82545263dcc5ec0996818884fd5fb1","name":"Arnaldo Botto","image":{"@type":"ImageObject","inLanguage":"es","@id":"https:\/\/www.noticiasradioreflejos.com.ar\/2021\/#\/schema\/person\/image\/","url":"https:\/\/secure.gravatar.com\/avatar\/55cb5e37c1efa326397366e6974cb338056df65cb50e7d64d1cf314e87504837?s=96&d=mm&r=g","contentUrl":"https:\/\/secure.gravatar.com\/avatar\/55cb5e37c1efa326397366e6974cb338056df65cb50e7d64d1cf314e87504837?s=96&d=mm&r=g","caption":"Arnaldo Botto"},"url":"https:\/\/www.noticiasradioreflejos.com.ar\/2021\/author\/arnaldo\/"}]}},"_links":{"self":[{"href":"https:\/\/www.noticiasradioreflejos.com.ar\/2021\/wp-json\/wp\/v2\/posts\/53918","targetHints":{"allow":["GET"]}}],"collection":[{"href":"https:\/\/www.noticiasradioreflejos.com.ar\/2021\/wp-json\/wp\/v2\/posts"}],"about":[{"href":"https:\/\/www.noticiasradioreflejos.com.ar\/2021\/wp-json\/wp\/v2\/types\/post"}],"author":[{"embeddable":true,"href":"https:\/\/www.noticiasradioreflejos.com.ar\/2021\/wp-json\/wp\/v2\/users\/3"}],"replies":[{"embeddable":true,"href":"https:\/\/www.noticiasradioreflejos.com.ar\/2021\/wp-json\/wp\/v2\/comments?post=53918"}],"version-history":[{"count":0,"href":"https:\/\/www.noticiasradioreflejos.com.ar\/2021\/wp-json\/wp\/v2\/posts\/53918\/revisions"}],"wp:featuredmedia":[{"embeddable":true,"href":"https:\/\/www.noticiasradioreflejos.com.ar\/2021\/wp-json\/wp\/v2\/media\/25614"}],"wp:attachment":[{"href":"https:\/\/www.noticiasradioreflejos.com.ar\/2021\/wp-json\/wp\/v2\/media?parent=53918"}],"wp:term":[{"taxonomy":"category","embeddable":true,"href":"https:\/\/www.noticiasradioreflejos.com.ar\/2021\/wp-json\/wp\/v2\/categories?post=53918"},{"taxonomy":"post_tag","embeddable":true,"href":"https:\/\/www.noticiasradioreflejos.com.ar\/2021\/wp-json\/wp\/v2\/tags?post=53918"}],"curies":[{"name":"wp","href":"https:\/\/api.w.org\/{rel}","templated":true}]}}