{"id":53910,"date":"2021-03-15T07:44:12","date_gmt":"2021-03-15T10:44:12","guid":{"rendered":"http:\/\/www.noticiasradioreflejos.com.ar\/noticias\/?p=53910"},"modified":"2021-03-15T07:44:12","modified_gmt":"2021-03-15T10:44:12","slug":"el-aterrador-prontuario-del-delincuente-que-asaltaba-en-la-comarca-serrana","status":"publish","type":"post","link":"https:\/\/www.noticiasradioreflejos.com.ar\/2021\/el-aterrador-prontuario-del-delincuente-que-asaltaba-en-la-comarca-serrana\/","title":{"rendered":"El aterrador prontuario del delincuente que asaltaba en la comarca serrana"},"content":{"rendered":"<p>Juan Mario Gerling, detenido anoche en Villa Ventana, cuenta con antecedentes por secuestros, robos agravados y extorsi\u00f3n.<!--more--><\/p>\n<div id=\"mvp-post-feat-img\" class=\"left relative mvp-post-feat-img-wide2\"><img loading=\"lazy\" decoding=\"async\" class=\"attachment- size- wp-post-image\" src=\"https:\/\/www.labrujula24.com\/wp-content\/uploads\/2021\/03\/detenido-5.jpg\" sizes=\"auto, (max-width: 1200px) 100vw, 1200px\" srcset=\"https:\/\/www.labrujula24.com\/wp-content\/uploads\/2021\/03\/detenido-5.jpg 1200w, https:\/\/www.labrujula24.com\/wp-content\/uploads\/2021\/03\/detenido-5-768x461.jpg 768w, https:\/\/www.labrujula24.com\/wp-content\/uploads\/2021\/03\/detenido-5-1000x600.jpg 1000w, https:\/\/www.labrujula24.com\/wp-content\/uploads\/2021\/03\/detenido-5-590x354.jpg 590w, https:\/\/www.labrujula24.com\/wp-content\/uploads\/2021\/03\/detenido-5-400x240.jpg 400w\" alt=\"\" width=\"1200\" height=\"720\" \/><\/div>\n<div id=\"mvp-content-wrap\" class=\"left relative\">\n<div class=\"mvp-post-soc-out right relative\">\n<div class=\"mvp-post-soc-in\">\n<div id=\"mvp-content-body\" class=\"left relative\">\n<div id=\"mvp-content-body-top\" class=\"left relative\">\n<div id=\"mvp-content-main\" class=\"left relative\">\n<div id=\"textbody\">\n<div class=\"code-block code-block-9\"><\/div>\n<div class=\"code-block code-block-2\">Juan Mario Gerling,<a href=\"https:\/\/www.labrujula24.com\/notas\/2021\/03\/14\/atrapan-al-delincuente-que-asaltaba-turistas-en-plena-ruta-n113727\/\" data-type=\"URL\" data-id=\"https:\/\/www.labrujula24.com\/notas\/2021\/03\/14\/atrapan-al-delincuente-que-asaltaba-turistas-en-plena-ruta-n113727\/\">\u00a0el hombre de 58 a\u00f1os que fue detenido anoche en relaci\u00f3n a una serie de asaltos ocurridos en plena ruta<\/a>, es un delincuente reincidente que cuenta con un frondoso prontuario policial y judicial.<\/div>\n<p><a title=\"WhatsApp-Image-2021-03-14-at-12.30.27-2\" href=\"https:\/\/www.flickr.com\/photos\/182279889@N02\/51038348788\/in\/dateposted-public\/\" data-flickr-embed=\"true\"><img loading=\"lazy\" decoding=\"async\" src=\"https:\/\/live.staticflickr.com\/65535\/51038348788_1466fbc7d4_c.jpg\" alt=\"WhatsApp-Image-2021-03-14-at-12.30.27-2\" width=\"450\" height=\"800\" \/><\/a><script src=\"\/\/embedr.flickr.com\/assets\/client-code.js\" async=\"\" charset=\"utf-8\"><\/script><br \/>\nEntre sus antecedentes, figura como jefe de una organizaci\u00f3n que se hac\u00eda llamar a s\u00ed misma \u00abLa Bin Laden\u00bb, una banda que extorsionaba a gente de alto poder adquisitivo, a quienes se les exig\u00eda dinero para no atentar contra ellas, contra sus familiares, o sus propiedades. La misma fue desbaratada tras una investigaci\u00f3n que concluy\u00f3 con siete allanamientos simult\u00e1neos y con catorce personas detenidas.<\/p>\n<p>Siguiendo con su prontuario, tambi\u00e9n registra que estuvo alojado en la Unidad 2 del penal de Sierra Chica, y que en el marco de sus salidas transitorias ya se dedicaba a hacer asaltos a mano armada en las rutas, tal como ahora.<\/p>\n<p>Gerling ten\u00eda permitidas 36 horas para visitar a su familia, circunstancia que \u00e9l aprovechaba para delinquir. En su momento, qued\u00f3 arrestado luego de ser acusado de asaltar a ocho camioneros y a un establecimiento rural en la zona de la localidad de Coronel Pringles, mientras disfrutaba del beneficio.<\/p>\n<p><strong>Fuente: Diario Hoy \/ Clar\u00edn \/ LB24<\/strong><\/p>\n<\/div>\n<\/div>\n<\/div>\n<\/div>\n<\/div>\n<\/div>\n<\/div>\n","protected":false},"excerpt":{"rendered":"<p>Juan Mario Gerling, detenido anoche en Villa Ventana, cuenta con antecedentes por secuestros, robos agravados y extorsi\u00f3n.<\/p>\n","protected":false},"author":3,"featured_media":53915,"comment_status":"closed","ping_status":"open","sticky":false,"template":"","format":"standard","meta":{"footnotes":""},"categories":[29],"tags":[],"class_list":["post-53910","post","type-post","status-publish","format-standard","has-post-thumbnail","hentry","category-policiales"],"yoast_head":"<!-- This site is optimized with the Yoast SEO plugin v25.9 - https:\/\/yoast.com\/wordpress\/plugins\/seo\/ -->\n<title>El aterrador prontuario del delincuente que asaltaba en la comarca serrana - Noticias Radio Reflejos<\/title>\n<meta name=\"robots\" content=\"index, follow, max-snippet:-1, max-image-preview:large, max-video-preview:-1\" \/>\n<link rel=\"canonical\" href=\"https:\/\/www.noticiasradioreflejos.com.ar\/2021\/el-aterrador-prontuario-del-delincuente-que-asaltaba-en-la-comarca-serrana\/\" \/>\n<meta property=\"og:locale\" content=\"es_ES\" \/>\n<meta property=\"og:type\" content=\"article\" \/>\n<meta property=\"og:title\" content=\"El aterrador prontuario del delincuente que asaltaba en la comarca serrana - Noticias Radio Reflejos\" \/>\n<meta property=\"og:description\" content=\"Juan Mario Gerling, detenido anoche en Villa Ventana, cuenta con antecedentes por secuestros, robos agravados y extorsi\u00f3n.\" \/>\n<meta property=\"og:url\" content=\"https:\/\/www.noticiasradioreflejos.com.ar\/2021\/el-aterrador-prontuario-del-delincuente-que-asaltaba-en-la-comarca-serrana\/\" \/>\n<meta property=\"og:site_name\" content=\"Noticias Radio Reflejos\" \/>\n<meta property=\"article:published_time\" content=\"2021-03-15T10:44:12+00:00\" \/>\n<meta property=\"og:image\" content=\"https:\/\/www.noticiasradioreflejos.com.ar\/2021\/wp-content\/uploads\/2021\/03\/51034934858_8b8a289244_o-1.jpg\" \/>\n\t<meta property=\"og:image:width\" content=\"773\" \/>\n\t<meta property=\"og:image:height\" content=\"767\" \/>\n\t<meta property=\"og:image:type\" content=\"image\/jpeg\" \/>\n<meta name=\"author\" content=\"Arnaldo Botto\" \/>\n<meta name=\"twitter:card\" content=\"summary_large_image\" \/>\n<script type=\"application\/ld+json\" class=\"yoast-schema-graph\">{\"@context\":\"https:\/\/schema.org\",\"@graph\":[{\"@type\":\"WebPage\",\"@id\":\"https:\/\/www.noticiasradioreflejos.com.ar\/2021\/el-aterrador-prontuario-del-delincuente-que-asaltaba-en-la-comarca-serrana\/\",\"url\":\"https:\/\/www.noticiasradioreflejos.com.ar\/2021\/el-aterrador-prontuario-del-delincuente-que-asaltaba-en-la-comarca-serrana\/\",\"name\":\"El aterrador prontuario del delincuente que asaltaba en la comarca serrana - Noticias Radio Reflejos\",\"isPartOf\":{\"@id\":\"https:\/\/www.noticiasradioreflejos.com.ar\/2021\/#website\"},\"primaryImageOfPage\":{\"@id\":\"https:\/\/www.noticiasradioreflejos.com.ar\/2021\/el-aterrador-prontuario-del-delincuente-que-asaltaba-en-la-comarca-serrana\/#primaryimage\"},\"image\":{\"@id\":\"https:\/\/www.noticiasradioreflejos.com.ar\/2021\/el-aterrador-prontuario-del-delincuente-que-asaltaba-en-la-comarca-serrana\/#primaryimage\"},\"thumbnailUrl\":\"https:\/\/www.noticiasradioreflejos.com.ar\/2021\/wp-content\/uploads\/2021\/03\/51034934858_8b8a289244_o-1.jpg\",\"datePublished\":\"2021-03-15T10:44:12+00:00\",\"author\":{\"@id\":\"https:\/\/www.noticiasradioreflejos.com.ar\/2021\/#\/schema\/person\/ad82545263dcc5ec0996818884fd5fb1\"},\"breadcrumb\":{\"@id\":\"https:\/\/www.noticiasradioreflejos.com.ar\/2021\/el-aterrador-prontuario-del-delincuente-que-asaltaba-en-la-comarca-serrana\/#breadcrumb\"},\"inLanguage\":\"es\",\"potentialAction\":[{\"@type\":\"ReadAction\",\"target\":[\"https:\/\/www.noticiasradioreflejos.com.ar\/2021\/el-aterrador-prontuario-del-delincuente-que-asaltaba-en-la-comarca-serrana\/\"]}]},{\"@type\":\"ImageObject\",\"inLanguage\":\"es\",\"@id\":\"https:\/\/www.noticiasradioreflejos.com.ar\/2021\/el-aterrador-prontuario-del-delincuente-que-asaltaba-en-la-comarca-serrana\/#primaryimage\",\"url\":\"https:\/\/www.noticiasradioreflejos.com.ar\/2021\/wp-content\/uploads\/2021\/03\/51034934858_8b8a289244_o-1.jpg\",\"contentUrl\":\"https:\/\/www.noticiasradioreflejos.com.ar\/2021\/wp-content\/uploads\/2021\/03\/51034934858_8b8a289244_o-1.jpg\",\"width\":773,\"height\":767},{\"@type\":\"BreadcrumbList\",\"@id\":\"https:\/\/www.noticiasradioreflejos.com.ar\/2021\/el-aterrador-prontuario-del-delincuente-que-asaltaba-en-la-comarca-serrana\/#breadcrumb\",\"itemListElement\":[{\"@type\":\"ListItem\",\"position\":1,\"name\":\"Portada\",\"item\":\"https:\/\/www.noticiasradioreflejos.com.ar\/2021\/\"},{\"@type\":\"ListItem\",\"position\":2,\"name\":\"El aterrador prontuario del delincuente que asaltaba en la comarca serrana\"}]},{\"@type\":\"WebSite\",\"@id\":\"https:\/\/www.noticiasradioreflejos.com.ar\/2021\/#website\",\"url\":\"https:\/\/www.noticiasradioreflejos.com.ar\/2021\/\",\"name\":\"Noticias Radio Reflejos\",\"description\":\"Las noticias de mi comarca\",\"potentialAction\":[{\"@type\":\"SearchAction\",\"target\":{\"@type\":\"EntryPoint\",\"urlTemplate\":\"https:\/\/www.noticiasradioreflejos.com.ar\/2021\/?s={search_term_string}\"},\"query-input\":{\"@type\":\"PropertyValueSpecification\",\"valueRequired\":true,\"valueName\":\"search_term_string\"}}],\"inLanguage\":\"es\"},{\"@type\":\"Person\",\"@id\":\"https:\/\/www.noticiasradioreflejos.com.ar\/2021\/#\/schema\/person\/ad82545263dcc5ec0996818884fd5fb1\",\"name\":\"Arnaldo Botto\",\"image\":{\"@type\":\"ImageObject\",\"inLanguage\":\"es\",\"@id\":\"https:\/\/www.noticiasradioreflejos.com.ar\/2021\/#\/schema\/person\/image\/\",\"url\":\"https:\/\/secure.gravatar.com\/avatar\/55cb5e37c1efa326397366e6974cb338056df65cb50e7d64d1cf314e87504837?s=96&d=mm&r=g\",\"contentUrl\":\"https:\/\/secure.gravatar.com\/avatar\/55cb5e37c1efa326397366e6974cb338056df65cb50e7d64d1cf314e87504837?s=96&d=mm&r=g\",\"caption\":\"Arnaldo Botto\"},\"url\":\"https:\/\/www.noticiasradioreflejos.com.ar\/2021\/author\/arnaldo\/\"}]}<\/script>\n<!-- \/ Yoast SEO plugin. -->","yoast_head_json":{"title":"El aterrador prontuario del delincuente que asaltaba en la comarca serrana - Noticias Radio Reflejos","robots":{"index":"index","follow":"follow","max-snippet":"max-snippet:-1","max-image-preview":"max-image-preview:large","max-video-preview":"max-video-preview:-1"},"canonical":"https:\/\/www.noticiasradioreflejos.com.ar\/2021\/el-aterrador-prontuario-del-delincuente-que-asaltaba-en-la-comarca-serrana\/","og_locale":"es_ES","og_type":"article","og_title":"El aterrador prontuario del delincuente que asaltaba en la comarca serrana - Noticias Radio Reflejos","og_description":"Juan Mario Gerling, detenido anoche en Villa Ventana, cuenta con antecedentes por secuestros, robos agravados y extorsi\u00f3n.","og_url":"https:\/\/www.noticiasradioreflejos.com.ar\/2021\/el-aterrador-prontuario-del-delincuente-que-asaltaba-en-la-comarca-serrana\/","og_site_name":"Noticias Radio Reflejos","article_published_time":"2021-03-15T10:44:12+00:00","og_image":[{"width":773,"height":767,"url":"https:\/\/www.noticiasradioreflejos.com.ar\/2021\/wp-content\/uploads\/2021\/03\/51034934858_8b8a289244_o-1.jpg","type":"image\/jpeg"}],"author":"Arnaldo Botto","twitter_card":"summary_large_image","schema":{"@context":"https:\/\/schema.org","@graph":[{"@type":"WebPage","@id":"https:\/\/www.noticiasradioreflejos.com.ar\/2021\/el-aterrador-prontuario-del-delincuente-que-asaltaba-en-la-comarca-serrana\/","url":"https:\/\/www.noticiasradioreflejos.com.ar\/2021\/el-aterrador-prontuario-del-delincuente-que-asaltaba-en-la-comarca-serrana\/","name":"El aterrador prontuario del delincuente que asaltaba en la comarca serrana - Noticias Radio Reflejos","isPartOf":{"@id":"https:\/\/www.noticiasradioreflejos.com.ar\/2021\/#website"},"primaryImageOfPage":{"@id":"https:\/\/www.noticiasradioreflejos.com.ar\/2021\/el-aterrador-prontuario-del-delincuente-que-asaltaba-en-la-comarca-serrana\/#primaryimage"},"image":{"@id":"https:\/\/www.noticiasradioreflejos.com.ar\/2021\/el-aterrador-prontuario-del-delincuente-que-asaltaba-en-la-comarca-serrana\/#primaryimage"},"thumbnailUrl":"https:\/\/www.noticiasradioreflejos.com.ar\/2021\/wp-content\/uploads\/2021\/03\/51034934858_8b8a289244_o-1.jpg","datePublished":"2021-03-15T10:44:12+00:00","author":{"@id":"https:\/\/www.noticiasradioreflejos.com.ar\/2021\/#\/schema\/person\/ad82545263dcc5ec0996818884fd5fb1"},"breadcrumb":{"@id":"https:\/\/www.noticiasradioreflejos.com.ar\/2021\/el-aterrador-prontuario-del-delincuente-que-asaltaba-en-la-comarca-serrana\/#breadcrumb"},"inLanguage":"es","potentialAction":[{"@type":"ReadAction","target":["https:\/\/www.noticiasradioreflejos.com.ar\/2021\/el-aterrador-prontuario-del-delincuente-que-asaltaba-en-la-comarca-serrana\/"]}]},{"@type":"ImageObject","inLanguage":"es","@id":"https:\/\/www.noticiasradioreflejos.com.ar\/2021\/el-aterrador-prontuario-del-delincuente-que-asaltaba-en-la-comarca-serrana\/#primaryimage","url":"https:\/\/www.noticiasradioreflejos.com.ar\/2021\/wp-content\/uploads\/2021\/03\/51034934858_8b8a289244_o-1.jpg","contentUrl":"https:\/\/www.noticiasradioreflejos.com.ar\/2021\/wp-content\/uploads\/2021\/03\/51034934858_8b8a289244_o-1.jpg","width":773,"height":767},{"@type":"BreadcrumbList","@id":"https:\/\/www.noticiasradioreflejos.com.ar\/2021\/el-aterrador-prontuario-del-delincuente-que-asaltaba-en-la-comarca-serrana\/#breadcrumb","itemListElement":[{"@type":"ListItem","position":1,"name":"Portada","item":"https:\/\/www.noticiasradioreflejos.com.ar\/2021\/"},{"@type":"ListItem","position":2,"name":"El aterrador prontuario del delincuente que asaltaba en la comarca serrana"}]},{"@type":"WebSite","@id":"https:\/\/www.noticiasradioreflejos.com.ar\/2021\/#website","url":"https:\/\/www.noticiasradioreflejos.com.ar\/2021\/","name":"Noticias Radio Reflejos","description":"Las noticias de mi comarca","potentialAction":[{"@type":"SearchAction","target":{"@type":"EntryPoint","urlTemplate":"https:\/\/www.noticiasradioreflejos.com.ar\/2021\/?s={search_term_string}"},"query-input":{"@type":"PropertyValueSpecification","valueRequired":true,"valueName":"search_term_string"}}],"inLanguage":"es"},{"@type":"Person","@id":"https:\/\/www.noticiasradioreflejos.com.ar\/2021\/#\/schema\/person\/ad82545263dcc5ec0996818884fd5fb1","name":"Arnaldo Botto","image":{"@type":"ImageObject","inLanguage":"es","@id":"https:\/\/www.noticiasradioreflejos.com.ar\/2021\/#\/schema\/person\/image\/","url":"https:\/\/secure.gravatar.com\/avatar\/55cb5e37c1efa326397366e6974cb338056df65cb50e7d64d1cf314e87504837?s=96&d=mm&r=g","contentUrl":"https:\/\/secure.gravatar.com\/avatar\/55cb5e37c1efa326397366e6974cb338056df65cb50e7d64d1cf314e87504837?s=96&d=mm&r=g","caption":"Arnaldo Botto"},"url":"https:\/\/www.noticiasradioreflejos.com.ar\/2021\/author\/arnaldo\/"}]}},"_links":{"self":[{"href":"https:\/\/www.noticiasradioreflejos.com.ar\/2021\/wp-json\/wp\/v2\/posts\/53910","targetHints":{"allow":["GET"]}}],"collection":[{"href":"https:\/\/www.noticiasradioreflejos.com.ar\/2021\/wp-json\/wp\/v2\/posts"}],"about":[{"href":"https:\/\/www.noticiasradioreflejos.com.ar\/2021\/wp-json\/wp\/v2\/types\/post"}],"author":[{"embeddable":true,"href":"https:\/\/www.noticiasradioreflejos.com.ar\/2021\/wp-json\/wp\/v2\/users\/3"}],"replies":[{"embeddable":true,"href":"https:\/\/www.noticiasradioreflejos.com.ar\/2021\/wp-json\/wp\/v2\/comments?post=53910"}],"version-history":[{"count":0,"href":"https:\/\/www.noticiasradioreflejos.com.ar\/2021\/wp-json\/wp\/v2\/posts\/53910\/revisions"}],"wp:featuredmedia":[{"embeddable":true,"href":"https:\/\/www.noticiasradioreflejos.com.ar\/2021\/wp-json\/wp\/v2\/media\/53915"}],"wp:attachment":[{"href":"https:\/\/www.noticiasradioreflejos.com.ar\/2021\/wp-json\/wp\/v2\/media?parent=53910"}],"wp:term":[{"taxonomy":"category","embeddable":true,"href":"https:\/\/www.noticiasradioreflejos.com.ar\/2021\/wp-json\/wp\/v2\/categories?post=53910"},{"taxonomy":"post_tag","embeddable":true,"href":"https:\/\/www.noticiasradioreflejos.com.ar\/2021\/wp-json\/wp\/v2\/tags?post=53910"}],"curies":[{"name":"wp","href":"https:\/\/api.w.org\/{rel}","templated":true}]}}