{"id":53906,"date":"2021-03-15T07:35:36","date_gmt":"2021-03-15T10:35:36","guid":{"rendered":"http:\/\/www.noticiasradioreflejos.com.ar\/noticias\/?p=53906"},"modified":"2021-03-15T07:35:36","modified_gmt":"2021-03-15T10:35:36","slug":"atletas-representaron-ala-comarca-en-torneo-de-atletismo-en-azul","status":"publish","type":"post","link":"https:\/\/www.noticiasradioreflejos.com.ar\/2021\/atletas-representaron-ala-comarca-en-torneo-de-atletismo-en-azul\/","title":{"rendered":"Atletas representaron la comarca en Torneo de atletismo en Azul"},"content":{"rendered":"<p>Dentro del marco del Campeonato Nacional multisedes de la categor\u00eda U16, la Escuela Municipal de Atletismo Tornquist, particip\u00f3 en la sede de Azul los d\u00edas 6 y 7 de marzo.<!--more--><\/p>\n<p><a data-flickr-embed=\"true\" href=\"https:\/\/www.flickr.com\/photos\/182279889@N02\/51039063486\/in\/dateposted-public\/\" title=\"20210306_155216\"><img loading=\"lazy\" decoding=\"async\" src=\"https:\/\/live.staticflickr.com\/65535\/51039063486_3a57b1a3c2_c.jpg\" width=\"800\" height=\"533\" alt=\"20210306_155216\"><\/a><script async src=\"\/\/embedr.flickr.com\/assets\/client-code.js\" charset=\"utf-8\"><\/script><\/p>\n<p>En la misma se destacaron nuestros atletas con importantes resultados:<br \/>\nMora Lamas: 1\u00b0 en salto en largo; 3\u00b0 en 80 mts llanos.<br \/>\nTom\u00e1s Trivellini: 1\u00b0 en salto en largo; 1\u00b0 en 80 mts llanos<br \/>\nAlejo Fredes: 2\u00b0 en lanzamiento de jabalina; 3\u00b0 en lanzamiento de disco.<br \/>\nEste evento fue el puntapi\u00e9 inicial para los pr\u00f3ximos desaf\u00edos, en junio la Copa Nacional de Clubes y en agosto el Campeonato Argentino.<br \/>\n<a data-flickr-embed=\"true\" href=\"https:\/\/www.flickr.com\/photos\/182279889@N02\/51039160282\/in\/dateposted-public\/\" title=\"20210306_145957_006\"><img loading=\"lazy\" decoding=\"async\" src=\"https:\/\/live.staticflickr.com\/65535\/51039160282_124d6a39c0_c.jpg\" width=\"800\" height=\"537\" alt=\"20210306_145957_006\"><\/a><script async src=\"\/\/embedr.flickr.com\/assets\/client-code.js\" charset=\"utf-8\"><\/script><\/p>\n","protected":false},"excerpt":{"rendered":"<p>Dentro del marco del Campeonato Nacional multisedes de la categor\u00eda U16, la Escuela Municipal de Atletismo Tornquist, particip\u00f3 en la sede de Azul los d\u00edas 6 y 7 de marzo.<\/p>\n","protected":false},"author":3,"featured_media":0,"comment_status":"closed","ping_status":"open","sticky":false,"template":"","format":"standard","meta":{"footnotes":""},"categories":[27],"tags":[],"class_list":["post-53906","post","type-post","status-publish","format-standard","hentry","category-deportes"],"yoast_head":"<!-- This site is optimized with the Yoast SEO plugin v25.9 - https:\/\/yoast.com\/wordpress\/plugins\/seo\/ -->\n<title>Atletas representaron la comarca en Torneo de atletismo en Azul - Noticias Radio Reflejos<\/title>\n<meta name=\"robots\" content=\"index, follow, max-snippet:-1, max-image-preview:large, max-video-preview:-1\" \/>\n<link rel=\"canonical\" href=\"https:\/\/www.noticiasradioreflejos.com.ar\/2021\/atletas-representaron-ala-comarca-en-torneo-de-atletismo-en-azul\/\" \/>\n<meta property=\"og:locale\" content=\"es_ES\" \/>\n<meta property=\"og:type\" content=\"article\" \/>\n<meta property=\"og:title\" content=\"Atletas representaron la comarca en Torneo de atletismo en Azul - Noticias Radio Reflejos\" \/>\n<meta property=\"og:description\" content=\"Dentro del marco del Campeonato Nacional multisedes de la categor\u00eda U16, la Escuela Municipal de Atletismo Tornquist, particip\u00f3 en la sede de Azul los d\u00edas 6 y 7 de marzo.\" \/>\n<meta property=\"og:url\" content=\"https:\/\/www.noticiasradioreflejos.com.ar\/2021\/atletas-representaron-ala-comarca-en-torneo-de-atletismo-en-azul\/\" \/>\n<meta property=\"og:site_name\" content=\"Noticias Radio Reflejos\" \/>\n<meta property=\"article:published_time\" content=\"2021-03-15T10:35:36+00:00\" \/>\n<meta property=\"og:image\" content=\"https:\/\/live.staticflickr.com\/65535\/51039063486_3a57b1a3c2_c.jpg\" \/>\n<meta name=\"author\" content=\"Arnaldo Botto\" \/>\n<meta name=\"twitter:card\" content=\"summary_large_image\" \/>\n<script type=\"application\/ld+json\" class=\"yoast-schema-graph\">{\"@context\":\"https:\/\/schema.org\",\"@graph\":[{\"@type\":\"WebPage\",\"@id\":\"https:\/\/www.noticiasradioreflejos.com.ar\/2021\/atletas-representaron-ala-comarca-en-torneo-de-atletismo-en-azul\/\",\"url\":\"https:\/\/www.noticiasradioreflejos.com.ar\/2021\/atletas-representaron-ala-comarca-en-torneo-de-atletismo-en-azul\/\",\"name\":\"Atletas representaron la comarca en Torneo de atletismo en Azul - Noticias Radio Reflejos\",\"isPartOf\":{\"@id\":\"https:\/\/www.noticiasradioreflejos.com.ar\/2021\/#website\"},\"primaryImageOfPage\":{\"@id\":\"https:\/\/www.noticiasradioreflejos.com.ar\/2021\/atletas-representaron-ala-comarca-en-torneo-de-atletismo-en-azul\/#primaryimage\"},\"image\":{\"@id\":\"https:\/\/www.noticiasradioreflejos.com.ar\/2021\/atletas-representaron-ala-comarca-en-torneo-de-atletismo-en-azul\/#primaryimage\"},\"thumbnailUrl\":\"https:\/\/live.staticflickr.com\/65535\/51039063486_3a57b1a3c2_c.jpg\",\"datePublished\":\"2021-03-15T10:35:36+00:00\",\"author\":{\"@id\":\"https:\/\/www.noticiasradioreflejos.com.ar\/2021\/#\/schema\/person\/ad82545263dcc5ec0996818884fd5fb1\"},\"breadcrumb\":{\"@id\":\"https:\/\/www.noticiasradioreflejos.com.ar\/2021\/atletas-representaron-ala-comarca-en-torneo-de-atletismo-en-azul\/#breadcrumb\"},\"inLanguage\":\"es\",\"potentialAction\":[{\"@type\":\"ReadAction\",\"target\":[\"https:\/\/www.noticiasradioreflejos.com.ar\/2021\/atletas-representaron-ala-comarca-en-torneo-de-atletismo-en-azul\/\"]}]},{\"@type\":\"ImageObject\",\"inLanguage\":\"es\",\"@id\":\"https:\/\/www.noticiasradioreflejos.com.ar\/2021\/atletas-representaron-ala-comarca-en-torneo-de-atletismo-en-azul\/#primaryimage\",\"url\":\"https:\/\/live.staticflickr.com\/65535\/51039063486_3a57b1a3c2_c.jpg\",\"contentUrl\":\"https:\/\/live.staticflickr.com\/65535\/51039063486_3a57b1a3c2_c.jpg\"},{\"@type\":\"BreadcrumbList\",\"@id\":\"https:\/\/www.noticiasradioreflejos.com.ar\/2021\/atletas-representaron-ala-comarca-en-torneo-de-atletismo-en-azul\/#breadcrumb\",\"itemListElement\":[{\"@type\":\"ListItem\",\"position\":1,\"name\":\"Portada\",\"item\":\"https:\/\/www.noticiasradioreflejos.com.ar\/2021\/\"},{\"@type\":\"ListItem\",\"position\":2,\"name\":\"Atletas representaron la comarca en Torneo de atletismo en Azul\"}]},{\"@type\":\"WebSite\",\"@id\":\"https:\/\/www.noticiasradioreflejos.com.ar\/2021\/#website\",\"url\":\"https:\/\/www.noticiasradioreflejos.com.ar\/2021\/\",\"name\":\"Noticias Radio Reflejos\",\"description\":\"Las noticias de mi comarca\",\"potentialAction\":[{\"@type\":\"SearchAction\",\"target\":{\"@type\":\"EntryPoint\",\"urlTemplate\":\"https:\/\/www.noticiasradioreflejos.com.ar\/2021\/?s={search_term_string}\"},\"query-input\":{\"@type\":\"PropertyValueSpecification\",\"valueRequired\":true,\"valueName\":\"search_term_string\"}}],\"inLanguage\":\"es\"},{\"@type\":\"Person\",\"@id\":\"https:\/\/www.noticiasradioreflejos.com.ar\/2021\/#\/schema\/person\/ad82545263dcc5ec0996818884fd5fb1\",\"name\":\"Arnaldo Botto\",\"image\":{\"@type\":\"ImageObject\",\"inLanguage\":\"es\",\"@id\":\"https:\/\/www.noticiasradioreflejos.com.ar\/2021\/#\/schema\/person\/image\/\",\"url\":\"https:\/\/secure.gravatar.com\/avatar\/55cb5e37c1efa326397366e6974cb338056df65cb50e7d64d1cf314e87504837?s=96&d=mm&r=g\",\"contentUrl\":\"https:\/\/secure.gravatar.com\/avatar\/55cb5e37c1efa326397366e6974cb338056df65cb50e7d64d1cf314e87504837?s=96&d=mm&r=g\",\"caption\":\"Arnaldo Botto\"},\"url\":\"https:\/\/www.noticiasradioreflejos.com.ar\/2021\/author\/arnaldo\/\"}]}<\/script>\n<!-- \/ Yoast SEO plugin. -->","yoast_head_json":{"title":"Atletas representaron la comarca en Torneo de atletismo en Azul - Noticias Radio Reflejos","robots":{"index":"index","follow":"follow","max-snippet":"max-snippet:-1","max-image-preview":"max-image-preview:large","max-video-preview":"max-video-preview:-1"},"canonical":"https:\/\/www.noticiasradioreflejos.com.ar\/2021\/atletas-representaron-ala-comarca-en-torneo-de-atletismo-en-azul\/","og_locale":"es_ES","og_type":"article","og_title":"Atletas representaron la comarca en Torneo de atletismo en Azul - Noticias Radio Reflejos","og_description":"Dentro del marco del Campeonato Nacional multisedes de la categor\u00eda U16, la Escuela Municipal de Atletismo Tornquist, particip\u00f3 en la sede de Azul los d\u00edas 6 y 7 de marzo.","og_url":"https:\/\/www.noticiasradioreflejos.com.ar\/2021\/atletas-representaron-ala-comarca-en-torneo-de-atletismo-en-azul\/","og_site_name":"Noticias Radio Reflejos","article_published_time":"2021-03-15T10:35:36+00:00","og_image":[{"url":"https:\/\/live.staticflickr.com\/65535\/51039063486_3a57b1a3c2_c.jpg","type":"","width":"","height":""}],"author":"Arnaldo Botto","twitter_card":"summary_large_image","schema":{"@context":"https:\/\/schema.org","@graph":[{"@type":"WebPage","@id":"https:\/\/www.noticiasradioreflejos.com.ar\/2021\/atletas-representaron-ala-comarca-en-torneo-de-atletismo-en-azul\/","url":"https:\/\/www.noticiasradioreflejos.com.ar\/2021\/atletas-representaron-ala-comarca-en-torneo-de-atletismo-en-azul\/","name":"Atletas representaron la comarca en Torneo de atletismo en Azul - Noticias Radio Reflejos","isPartOf":{"@id":"https:\/\/www.noticiasradioreflejos.com.ar\/2021\/#website"},"primaryImageOfPage":{"@id":"https:\/\/www.noticiasradioreflejos.com.ar\/2021\/atletas-representaron-ala-comarca-en-torneo-de-atletismo-en-azul\/#primaryimage"},"image":{"@id":"https:\/\/www.noticiasradioreflejos.com.ar\/2021\/atletas-representaron-ala-comarca-en-torneo-de-atletismo-en-azul\/#primaryimage"},"thumbnailUrl":"https:\/\/live.staticflickr.com\/65535\/51039063486_3a57b1a3c2_c.jpg","datePublished":"2021-03-15T10:35:36+00:00","author":{"@id":"https:\/\/www.noticiasradioreflejos.com.ar\/2021\/#\/schema\/person\/ad82545263dcc5ec0996818884fd5fb1"},"breadcrumb":{"@id":"https:\/\/www.noticiasradioreflejos.com.ar\/2021\/atletas-representaron-ala-comarca-en-torneo-de-atletismo-en-azul\/#breadcrumb"},"inLanguage":"es","potentialAction":[{"@type":"ReadAction","target":["https:\/\/www.noticiasradioreflejos.com.ar\/2021\/atletas-representaron-ala-comarca-en-torneo-de-atletismo-en-azul\/"]}]},{"@type":"ImageObject","inLanguage":"es","@id":"https:\/\/www.noticiasradioreflejos.com.ar\/2021\/atletas-representaron-ala-comarca-en-torneo-de-atletismo-en-azul\/#primaryimage","url":"https:\/\/live.staticflickr.com\/65535\/51039063486_3a57b1a3c2_c.jpg","contentUrl":"https:\/\/live.staticflickr.com\/65535\/51039063486_3a57b1a3c2_c.jpg"},{"@type":"BreadcrumbList","@id":"https:\/\/www.noticiasradioreflejos.com.ar\/2021\/atletas-representaron-ala-comarca-en-torneo-de-atletismo-en-azul\/#breadcrumb","itemListElement":[{"@type":"ListItem","position":1,"name":"Portada","item":"https:\/\/www.noticiasradioreflejos.com.ar\/2021\/"},{"@type":"ListItem","position":2,"name":"Atletas representaron la comarca en Torneo de atletismo en Azul"}]},{"@type":"WebSite","@id":"https:\/\/www.noticiasradioreflejos.com.ar\/2021\/#website","url":"https:\/\/www.noticiasradioreflejos.com.ar\/2021\/","name":"Noticias Radio Reflejos","description":"Las noticias de mi comarca","potentialAction":[{"@type":"SearchAction","target":{"@type":"EntryPoint","urlTemplate":"https:\/\/www.noticiasradioreflejos.com.ar\/2021\/?s={search_term_string}"},"query-input":{"@type":"PropertyValueSpecification","valueRequired":true,"valueName":"search_term_string"}}],"inLanguage":"es"},{"@type":"Person","@id":"https:\/\/www.noticiasradioreflejos.com.ar\/2021\/#\/schema\/person\/ad82545263dcc5ec0996818884fd5fb1","name":"Arnaldo Botto","image":{"@type":"ImageObject","inLanguage":"es","@id":"https:\/\/www.noticiasradioreflejos.com.ar\/2021\/#\/schema\/person\/image\/","url":"https:\/\/secure.gravatar.com\/avatar\/55cb5e37c1efa326397366e6974cb338056df65cb50e7d64d1cf314e87504837?s=96&d=mm&r=g","contentUrl":"https:\/\/secure.gravatar.com\/avatar\/55cb5e37c1efa326397366e6974cb338056df65cb50e7d64d1cf314e87504837?s=96&d=mm&r=g","caption":"Arnaldo Botto"},"url":"https:\/\/www.noticiasradioreflejos.com.ar\/2021\/author\/arnaldo\/"}]}},"_links":{"self":[{"href":"https:\/\/www.noticiasradioreflejos.com.ar\/2021\/wp-json\/wp\/v2\/posts\/53906","targetHints":{"allow":["GET"]}}],"collection":[{"href":"https:\/\/www.noticiasradioreflejos.com.ar\/2021\/wp-json\/wp\/v2\/posts"}],"about":[{"href":"https:\/\/www.noticiasradioreflejos.com.ar\/2021\/wp-json\/wp\/v2\/types\/post"}],"author":[{"embeddable":true,"href":"https:\/\/www.noticiasradioreflejos.com.ar\/2021\/wp-json\/wp\/v2\/users\/3"}],"replies":[{"embeddable":true,"href":"https:\/\/www.noticiasradioreflejos.com.ar\/2021\/wp-json\/wp\/v2\/comments?post=53906"}],"version-history":[{"count":0,"href":"https:\/\/www.noticiasradioreflejos.com.ar\/2021\/wp-json\/wp\/v2\/posts\/53906\/revisions"}],"wp:attachment":[{"href":"https:\/\/www.noticiasradioreflejos.com.ar\/2021\/wp-json\/wp\/v2\/media?parent=53906"}],"wp:term":[{"taxonomy":"category","embeddable":true,"href":"https:\/\/www.noticiasradioreflejos.com.ar\/2021\/wp-json\/wp\/v2\/categories?post=53906"},{"taxonomy":"post_tag","embeddable":true,"href":"https:\/\/www.noticiasradioreflejos.com.ar\/2021\/wp-json\/wp\/v2\/tags?post=53906"}],"curies":[{"name":"wp","href":"https:\/\/api.w.org\/{rel}","templated":true}]}}