{"id":53902,"date":"2021-03-14T17:48:01","date_gmt":"2021-03-14T20:48:01","guid":{"rendered":"http:\/\/www.noticiasradioreflejos.com.ar\/noticias\/?p=53902"},"modified":"2021-03-14T17:48:01","modified_gmt":"2021-03-14T20:48:01","slug":"cronica-de-un-cazador","status":"publish","type":"post","link":"https:\/\/www.noticiasradioreflejos.com.ar\/2021\/cronica-de-un-cazador\/","title":{"rendered":"\u00abCr\u00f3nica de un cazador\u00bb"},"content":{"rendered":"<p>Nota de agradecimiento al <strong>Of. Principal Maximiliano Fogel<\/strong><!--more--><\/p>\n<p>De manera inconsciente, ya como algo habitual, como un rito diario, se dirige en medio de la noche hacia la nada misma, como un perro de caza tras su presa.\u00a0Es que \u00e9l no sabe de horarios , ni de d\u00edas festivos , el s\u00f3lo sabe que su trabajo es mantener el orden y darle a su comunidad la tranquilidad, darles la seguridad de que alguien vela por ellos en todo momento.<\/p>\n<p>Sin embargo, muchas veces algunos individuos quieren mantenerse al margen de la ley. Asolan as\u00ed a una comunidad con un accionar delictivo, amparados por el manto oscuro de la noche y los lugares desolados, lejos de la civilizaci\u00f3n. El com\u00fan denominador de las personas, exige a aquellos que est\u00e1n expuestos a cuidarnos respuestas inmediatas, que se accione de manera r\u00e1pida y efectiva. Un pedido l\u00f3gico, por cierto.<\/p>\n<p>Pero a veces la l\u00f3gica no camina de la mano con la realidad:\u00a0 ante los hechos de inseguridad, atacan a los funcionarios policiales desconociendo una cruda realidad. Entonces, en este contexto me permito, con sumo respeto y conocimiento de causa, que se manejan tres tiempos en cada caso: los tiempos de la gente, los de la polic\u00eda y los de la justicia. Y todos funcionan a destiempo; los afectados solicitan la asistencia del polic\u00eda y este acude, investiga, camina, pregunta, vuelve a preguntar y no descansa. Como un zorro viejo duerme con un ojo abierto tratando de armar rompecabezas sin la totalidad de las piezas. Arma, rompe y vuelve a armar.<\/p>\n<p>Pero hay una realidad aparte de todo esto: carece de recursos, de personal, de horas , y su cuerpo muchas veces no da m\u00e1s. Y la comunidad presiona, l\u00f3gicamente, s\u00ed que presiona. Y pide respuestas inmediatas. Entonces la presi\u00f3n acciona contra todo y juega un rol en la cabeza del investigador, un rol muy importante que lo lleva al l\u00edmite. Sin embargo espera, sabe que va por buen camino.<\/p>\n<p>Por otro lado la justicia garantista que no da las herramientas necesarias en tiempo y forma, y que muchas veces echa por tierra todo el trabajo realizado, se maneja desde una oficina o simplemente detr\u00e1s de un tel\u00e9fono celular, sin tener en cuenta que detr\u00e1s de una investigaci\u00f3n hay hombres que lo dejan todo. Papeles y papeles, letra chica y trampas judiciales.<\/p>\n<p>Y luego la sociedad inquisidora que apunta al efectivo policial; pero el hombre de las sombras aguarda a su presa. Y su presa es inteligente, camina entre las sierras directo a su trampa. Y cae. Cae en sorpresa incluso al verse acorralado.<\/p>\n<p>Y se entrega con c\u00f3digos de la vieja escuela, malos y buenos, j\u00f3venes y viejos, ambos conocen el terreno y el l\u00edmite.<\/p>\n<p>Y se termina la historia de un raid delictivo. Hoy la celda es su nueva guarida. All\u00ed va a morar por un largo tiempo y la tranquilidad volver\u00e1 a ser moneda corriente en este lugar.<\/p>\n<p>P\u00e1rrafo aparte, no es la primera correr\u00eda que se ve frustrada por este perro de caza al que todos ven a cualquier hora, en todo lugar, y la pregunta cotidiana es: \u00bfDuerme este muchacho?<\/p>\n<p>Pero no trabaja solo, tiene una jaur\u00eda que lo sigue ciegamente tras las injusticias, a sabiendas de los buenos resultados.<\/p>\n<p>Un viejo investigador forense sab\u00eda decir \u00bb el tiempo que pasa es la verdad que huye\u00bb y ellos lo saben; una vez m\u00e1s debemos agradecer, aunque vaya contra sus principios , al jefe de Estaci\u00f3n de Sierra de la Ventana y a todo su personal, por su entrega, su compromiso y su valor!<\/p>\n<p>Eternamente\u00a0<strong>GRACIAS!<\/strong><\/p>\n<p><strong><span style=\"color: #993300;\"><em>Autor reserva su identidad.<\/em><\/span><\/strong><\/p>\n","protected":false},"excerpt":{"rendered":"<p>Nota de agradecimiento al Of. Principal Maximiliano Fogel<\/p>\n","protected":false},"author":3,"featured_media":0,"comment_status":"closed","ping_status":"open","sticky":false,"template":"","format":"standard","meta":{"footnotes":""},"categories":[26],"tags":[],"class_list":["post-53902","post","type-post","status-publish","format-standard","hentry","category-sociedad"],"yoast_head":"<!-- This site is optimized with the Yoast SEO plugin v25.9 - https:\/\/yoast.com\/wordpress\/plugins\/seo\/ -->\n<title>&quot;Cr\u00f3nica de un cazador&quot; - Noticias Radio Reflejos<\/title>\n<meta name=\"robots\" content=\"index, follow, max-snippet:-1, max-image-preview:large, max-video-preview:-1\" \/>\n<link rel=\"canonical\" href=\"https:\/\/www.noticiasradioreflejos.com.ar\/2021\/cronica-de-un-cazador\/\" \/>\n<meta property=\"og:locale\" content=\"es_ES\" \/>\n<meta property=\"og:type\" content=\"article\" \/>\n<meta property=\"og:title\" content=\"&quot;Cr\u00f3nica de un cazador&quot; - Noticias Radio Reflejos\" \/>\n<meta property=\"og:description\" content=\"Nota de agradecimiento al Of. Principal Maximiliano Fogel\" \/>\n<meta property=\"og:url\" content=\"https:\/\/www.noticiasradioreflejos.com.ar\/2021\/cronica-de-un-cazador\/\" \/>\n<meta property=\"og:site_name\" content=\"Noticias Radio Reflejos\" \/>\n<meta property=\"article:published_time\" content=\"2021-03-14T20:48:01+00:00\" \/>\n<meta property=\"og:image\" content=\"https:\/\/www.noticiasradioreflejos.com.ar\/2021\/wp-content\/uploads\/2021\/07\/logosol300x200.png\" \/>\n\t<meta property=\"og:image:width\" content=\"300\" \/>\n\t<meta property=\"og:image:height\" content=\"200\" \/>\n\t<meta property=\"og:image:type\" content=\"image\/png\" \/>\n<meta name=\"author\" content=\"Arnaldo Botto\" \/>\n<meta name=\"twitter:card\" content=\"summary_large_image\" \/>\n<script type=\"application\/ld+json\" class=\"yoast-schema-graph\">{\"@context\":\"https:\/\/schema.org\",\"@graph\":[{\"@type\":\"WebPage\",\"@id\":\"https:\/\/www.noticiasradioreflejos.com.ar\/2021\/cronica-de-un-cazador\/\",\"url\":\"https:\/\/www.noticiasradioreflejos.com.ar\/2021\/cronica-de-un-cazador\/\",\"name\":\"\\\"Cr\u00f3nica de un cazador\\\" - Noticias Radio Reflejos\",\"isPartOf\":{\"@id\":\"https:\/\/www.noticiasradioreflejos.com.ar\/2021\/#website\"},\"datePublished\":\"2021-03-14T20:48:01+00:00\",\"author\":{\"@id\":\"https:\/\/www.noticiasradioreflejos.com.ar\/2021\/#\/schema\/person\/ad82545263dcc5ec0996818884fd5fb1\"},\"breadcrumb\":{\"@id\":\"https:\/\/www.noticiasradioreflejos.com.ar\/2021\/cronica-de-un-cazador\/#breadcrumb\"},\"inLanguage\":\"es\",\"potentialAction\":[{\"@type\":\"ReadAction\",\"target\":[\"https:\/\/www.noticiasradioreflejos.com.ar\/2021\/cronica-de-un-cazador\/\"]}]},{\"@type\":\"BreadcrumbList\",\"@id\":\"https:\/\/www.noticiasradioreflejos.com.ar\/2021\/cronica-de-un-cazador\/#breadcrumb\",\"itemListElement\":[{\"@type\":\"ListItem\",\"position\":1,\"name\":\"Portada\",\"item\":\"https:\/\/www.noticiasradioreflejos.com.ar\/2021\/\"},{\"@type\":\"ListItem\",\"position\":2,\"name\":\"\u00abCr\u00f3nica de un cazador\u00bb\"}]},{\"@type\":\"WebSite\",\"@id\":\"https:\/\/www.noticiasradioreflejos.com.ar\/2021\/#website\",\"url\":\"https:\/\/www.noticiasradioreflejos.com.ar\/2021\/\",\"name\":\"Noticias Radio Reflejos\",\"description\":\"Las noticias de mi comarca\",\"potentialAction\":[{\"@type\":\"SearchAction\",\"target\":{\"@type\":\"EntryPoint\",\"urlTemplate\":\"https:\/\/www.noticiasradioreflejos.com.ar\/2021\/?s={search_term_string}\"},\"query-input\":{\"@type\":\"PropertyValueSpecification\",\"valueRequired\":true,\"valueName\":\"search_term_string\"}}],\"inLanguage\":\"es\"},{\"@type\":\"Person\",\"@id\":\"https:\/\/www.noticiasradioreflejos.com.ar\/2021\/#\/schema\/person\/ad82545263dcc5ec0996818884fd5fb1\",\"name\":\"Arnaldo Botto\",\"image\":{\"@type\":\"ImageObject\",\"inLanguage\":\"es\",\"@id\":\"https:\/\/www.noticiasradioreflejos.com.ar\/2021\/#\/schema\/person\/image\/\",\"url\":\"https:\/\/secure.gravatar.com\/avatar\/55cb5e37c1efa326397366e6974cb338056df65cb50e7d64d1cf314e87504837?s=96&d=mm&r=g\",\"contentUrl\":\"https:\/\/secure.gravatar.com\/avatar\/55cb5e37c1efa326397366e6974cb338056df65cb50e7d64d1cf314e87504837?s=96&d=mm&r=g\",\"caption\":\"Arnaldo Botto\"},\"url\":\"https:\/\/www.noticiasradioreflejos.com.ar\/2021\/author\/arnaldo\/\"}]}<\/script>\n<!-- \/ Yoast SEO plugin. -->","yoast_head_json":{"title":"\"Cr\u00f3nica de un cazador\" - Noticias Radio Reflejos","robots":{"index":"index","follow":"follow","max-snippet":"max-snippet:-1","max-image-preview":"max-image-preview:large","max-video-preview":"max-video-preview:-1"},"canonical":"https:\/\/www.noticiasradioreflejos.com.ar\/2021\/cronica-de-un-cazador\/","og_locale":"es_ES","og_type":"article","og_title":"\"Cr\u00f3nica de un cazador\" - Noticias Radio Reflejos","og_description":"Nota de agradecimiento al Of. Principal Maximiliano Fogel","og_url":"https:\/\/www.noticiasradioreflejos.com.ar\/2021\/cronica-de-un-cazador\/","og_site_name":"Noticias Radio Reflejos","article_published_time":"2021-03-14T20:48:01+00:00","og_image":[{"width":300,"height":200,"url":"https:\/\/www.noticiasradioreflejos.com.ar\/2021\/wp-content\/uploads\/2021\/07\/logosol300x200.png","type":"image\/png"}],"author":"Arnaldo Botto","twitter_card":"summary_large_image","schema":{"@context":"https:\/\/schema.org","@graph":[{"@type":"WebPage","@id":"https:\/\/www.noticiasradioreflejos.com.ar\/2021\/cronica-de-un-cazador\/","url":"https:\/\/www.noticiasradioreflejos.com.ar\/2021\/cronica-de-un-cazador\/","name":"\"Cr\u00f3nica de un cazador\" - Noticias Radio Reflejos","isPartOf":{"@id":"https:\/\/www.noticiasradioreflejos.com.ar\/2021\/#website"},"datePublished":"2021-03-14T20:48:01+00:00","author":{"@id":"https:\/\/www.noticiasradioreflejos.com.ar\/2021\/#\/schema\/person\/ad82545263dcc5ec0996818884fd5fb1"},"breadcrumb":{"@id":"https:\/\/www.noticiasradioreflejos.com.ar\/2021\/cronica-de-un-cazador\/#breadcrumb"},"inLanguage":"es","potentialAction":[{"@type":"ReadAction","target":["https:\/\/www.noticiasradioreflejos.com.ar\/2021\/cronica-de-un-cazador\/"]}]},{"@type":"BreadcrumbList","@id":"https:\/\/www.noticiasradioreflejos.com.ar\/2021\/cronica-de-un-cazador\/#breadcrumb","itemListElement":[{"@type":"ListItem","position":1,"name":"Portada","item":"https:\/\/www.noticiasradioreflejos.com.ar\/2021\/"},{"@type":"ListItem","position":2,"name":"\u00abCr\u00f3nica de un cazador\u00bb"}]},{"@type":"WebSite","@id":"https:\/\/www.noticiasradioreflejos.com.ar\/2021\/#website","url":"https:\/\/www.noticiasradioreflejos.com.ar\/2021\/","name":"Noticias Radio Reflejos","description":"Las noticias de mi comarca","potentialAction":[{"@type":"SearchAction","target":{"@type":"EntryPoint","urlTemplate":"https:\/\/www.noticiasradioreflejos.com.ar\/2021\/?s={search_term_string}"},"query-input":{"@type":"PropertyValueSpecification","valueRequired":true,"valueName":"search_term_string"}}],"inLanguage":"es"},{"@type":"Person","@id":"https:\/\/www.noticiasradioreflejos.com.ar\/2021\/#\/schema\/person\/ad82545263dcc5ec0996818884fd5fb1","name":"Arnaldo Botto","image":{"@type":"ImageObject","inLanguage":"es","@id":"https:\/\/www.noticiasradioreflejos.com.ar\/2021\/#\/schema\/person\/image\/","url":"https:\/\/secure.gravatar.com\/avatar\/55cb5e37c1efa326397366e6974cb338056df65cb50e7d64d1cf314e87504837?s=96&d=mm&r=g","contentUrl":"https:\/\/secure.gravatar.com\/avatar\/55cb5e37c1efa326397366e6974cb338056df65cb50e7d64d1cf314e87504837?s=96&d=mm&r=g","caption":"Arnaldo Botto"},"url":"https:\/\/www.noticiasradioreflejos.com.ar\/2021\/author\/arnaldo\/"}]}},"_links":{"self":[{"href":"https:\/\/www.noticiasradioreflejos.com.ar\/2021\/wp-json\/wp\/v2\/posts\/53902","targetHints":{"allow":["GET"]}}],"collection":[{"href":"https:\/\/www.noticiasradioreflejos.com.ar\/2021\/wp-json\/wp\/v2\/posts"}],"about":[{"href":"https:\/\/www.noticiasradioreflejos.com.ar\/2021\/wp-json\/wp\/v2\/types\/post"}],"author":[{"embeddable":true,"href":"https:\/\/www.noticiasradioreflejos.com.ar\/2021\/wp-json\/wp\/v2\/users\/3"}],"replies":[{"embeddable":true,"href":"https:\/\/www.noticiasradioreflejos.com.ar\/2021\/wp-json\/wp\/v2\/comments?post=53902"}],"version-history":[{"count":0,"href":"https:\/\/www.noticiasradioreflejos.com.ar\/2021\/wp-json\/wp\/v2\/posts\/53902\/revisions"}],"wp:attachment":[{"href":"https:\/\/www.noticiasradioreflejos.com.ar\/2021\/wp-json\/wp\/v2\/media?parent=53902"}],"wp:term":[{"taxonomy":"category","embeddable":true,"href":"https:\/\/www.noticiasradioreflejos.com.ar\/2021\/wp-json\/wp\/v2\/categories?post=53902"},{"taxonomy":"post_tag","embeddable":true,"href":"https:\/\/www.noticiasradioreflejos.com.ar\/2021\/wp-json\/wp\/v2\/tags?post=53902"}],"curies":[{"name":"wp","href":"https:\/\/api.w.org\/{rel}","templated":true}]}}