{"id":53899,"date":"2021-03-14T17:08:08","date_gmt":"2021-03-14T20:08:08","guid":{"rendered":"http:\/\/www.noticiasradioreflejos.com.ar\/noticias\/?p=53899"},"modified":"2021-03-14T17:08:08","modified_gmt":"2021-03-14T20:08:08","slug":"muy-buena-respuesta-tuvo-la-campana-de-ayuda-a-los-afectados-por-incendios-en-el-sur","status":"publish","type":"post","link":"https:\/\/www.noticiasradioreflejos.com.ar\/2021\/muy-buena-respuesta-tuvo-la-campana-de-ayuda-a-los-afectados-por-incendios-en-el-sur\/","title":{"rendered":"Muy buena respuesta tuvo la campa\u00f1a de ayuda a los afectados por incendios en el sur"},"content":{"rendered":"<p>Hoy partieron hacia Coronel Pringles y desde all\u00ed al destino final. Colaboraci\u00f3n de Tornquist, Sierra de la Ventana y localidades vecinas.<!--more--><br \/>\nEste domingo por la ma\u00f1ana partieron desde el Centro de Jubilados dos camiones para llevar las donaciones que realizaron los vecinos hacia las zonas afectadas por los incendios.<br \/>\n<a title=\"160197952_5144273558948441_4446602181351710222_o\" href=\"https:\/\/www.flickr.com\/photos\/182279889@N02\/51037026426\/in\/dateposted-public\/\" data-flickr-embed=\"true\"><img loading=\"lazy\" decoding=\"async\" src=\"https:\/\/live.staticflickr.com\/65535\/51037026426_1335a89394_c.jpg\" alt=\"160197952_5144273558948441_4446602181351710222_o\" width=\"800\" height=\"360\" \/><\/a><script src=\"\/\/embedr.flickr.com\/assets\/client-code.js\" async=\"\" charset=\"utf-8\"><\/script><\/p>\n<p>Verdaderas postas, realizaron los organizadores de campa\u00f1as en distintos veh\u00edculos. Por ejemplo durante la ma\u00f1ana llegaron las ayudas desde Saavedra y Espartillar. Todo se concentr\u00f3 en nuestra ciudad y desde all\u00ed se dispon\u00eda un operativo para recolectar elementos en Villa Ventana, sector del Campamento base, Sierra de la Ventana y luego el destino final a Coronel Pringles.<\/p>\n<p>Desde muy temprano muchos colaboradores se acercaron a dar una mano para cargar en el transporte de\u00a0<strong>Ra\u00fal Mond\u00f3n<\/strong>\u00a0vecino comerciante de nuestra ciudad que puso a disposici\u00f3n su cami\u00f3n y el traslado.<\/p>\n<p>Por otro lado otro\u00a0<strong>cami\u00f3n del municipio con los choferes Julio Cabral y Jorge Espina<\/strong>\u00a0tambi\u00e9n se sumaron para trasladar los elementos a Pringles.<\/p>\n<p><strong>Ival\u00fa Steimbach\u00a0<\/strong>junto a un grupo de mujeres que encararon la campa\u00f1a tambi\u00e9n se pusieron al hombro la convocatoria por los medios y redes sociales.<\/p>\n<p>Un buen gesto de vecinos comprometidos con la solidaridad del otro que no la ha pasado bien.<\/p>\n<p>Se recolectaron Colchones, Ropa en general y de abrigo, Muebles, alimentos no perecederos, productos de higienes y de limpieza, agua mineral y otras donaciones que colmaron las expectativas que se hab\u00edan generado.<\/p>\n<p>Inclusive\u00a0<strong>Virginia Naranjo 2\u00ba jefe del cuartel de Espartillar\u00a0<\/strong>destac\u00f3 la colaboraci\u00f3n en su comunidad \u201cHicimos la campa\u00f1a y traemos las donaciones porque nos contactamos con los chicos de aqu\u00ed para hacer una juntada mas grande. Lo nuestro fue una campa\u00f1a de un d\u00eda para otro. Anoche juntamos todo y salimos para ac\u00e1. Hay que confiar. La gente es solidaria y entre todos se puede\u201d<\/p>\n<p><a title=\"160381913_5144272655615198_7560152494082400911_o\" href=\"https:\/\/www.flickr.com\/photos\/182279889@N02\/51036298768\/in\/dateposted-public\/\" data-flickr-embed=\"true\"><img loading=\"lazy\" decoding=\"async\" src=\"https:\/\/live.staticflickr.com\/65535\/51036298768_3f032215ef_c.jpg\" alt=\"160381913_5144272655615198_7560152494082400911_o\" width=\"800\" height=\"361\" \/><\/a><script src=\"\/\/embedr.flickr.com\/assets\/client-code.js\" async=\"\" charset=\"utf-8\"><\/script><\/p>\n<p><strong>Ival\u00fa Steinbach<\/strong>\u00a0trabaj\u00f3 en el grupo solidario y tambi\u00e9n hizo hincapi\u00e9 en la mano tendida de los vecinos de la regi\u00f3n. \u201c Comenzamos el mi\u00e9rcoles y el jueves tuvimos una gran respuesta, tomamos contacto con bomberos de Coronel Pringles ya que la empresa V\u00eda Cargo puso la log\u00edstica para llevar donaciones al sur\u201d.<\/p>\n<p>\u201cFue una locura nos empezaron a contactar de todos lados , vinieron de Tres Picos, de Villa, Sierra de la Ventana. Los bomberos de Saavedra vinieron temprano con un chasis lleno, tambi\u00e9n los de espartillar\u201d<\/p>\n<p>\u201cNos acompa\u00f1a un cami\u00f3n de la muniicpalidad y\u00a0<strong>agradezco a Sebasti\u00e1n Bassi porque lo llam\u00e9 y le coment\u00e9.<\/strong>\u00a0La gente de Tornquist tambi\u00e9n don\u00f3 muchas cosas inclusive 50 colchones nos don\u00f3 la familia Perrando. Nos sobrepas\u00f3 la ayuda y la difusi\u00f3n que tuvo\u201d<\/p>\n<p><strong>Francisco Mu\u00f1iz \u201cTasi\u201d\u00a0<\/strong>integrante de la comisi\u00f3n directiva del Centro de Jubilados brind\u00f3 un espaci\u00f3 para acopiar donaciones \u201c Me parece una barbaridad. Estamos comprometidos por el espacio para la vacunaci\u00f3n. Pero ten\u00edamos otro\u00a0 y es importante que podamos colaborar. Tienen a disposici\u00f3n el lugar\u201d<\/p>\n<p>Ra\u00fal Mond\u00f3n dijo tambi\u00e9n que todo lo que pueda ayudar lo hace y en este caso puso a disposici\u00f3n su transporte \u201cComo pueblo para eso estamos\u201d como as\u00ed tambi\u00e9n choferes del municipio como \u00a0Julio Cabral \u201cAca llevamos ropa, alimentos,sillas y dos mesas que cargamos en el galp\u00f3n de la familia Steimbach, ahora cargamos en La Gruta y Villa\u201d<\/p>\n<p>Su compa\u00f1ero Jorge Espina tambi\u00e9n se mostr\u00f3 contento de colaborar \u201c Ahora Nos vamos a Coronel Pringles y ayudamos a Raul a enganchar su acoplado para poder viajar\u201d<\/p>\n<p>Cuando hay un objetivo la unidad y solidaridad de la gente logran esta cosas<\/p>\n<p><strong><a href=\"https:\/\/www.facebook.com\/noticastornquist\/videos\/500892091301522\">VIDEO 1<\/a><\/strong><\/p>\n<p><strong><a href=\"https:\/\/www.facebook.com\/noticastornquist\/videos\/1170784716704854\">VIDEO 2<\/a><\/strong><\/p>\n<p><strong><a href=\"https:\/\/www.facebook.com\/noticastornquist\/videos\/2858601867750326\">VIDEO 3<\/a><\/strong><\/p>\n<p><a title=\"160617076_5144274078948389_8620881757582732261_o\" href=\"https:\/\/www.flickr.com\/photos\/182279889@N02\/51036296678\/in\/dateposted-public\/\" data-flickr-embed=\"true\"><img loading=\"lazy\" decoding=\"async\" src=\"https:\/\/live.staticflickr.com\/65535\/51036296678_d7809bfbe1_c.jpg\" alt=\"160617076_5144274078948389_8620881757582732261_o\" width=\"799\" height=\"640\" \/><\/a><\/p>\n<p>&nbsp;<\/p>\n<div class=\"text\">\n<p>&nbsp;<\/p>\n<\/div>\n<div><img decoding=\"async\" src=\"https:\/\/www.noticiastornquist.com.ar\/imagen.php?imagen=\/1a57ad76902743b4a150b72373a38b2d.jpg\" \/><\/p>\n<div><\/div>\n<hr \/>\n<p><img decoding=\"async\" src=\"https:\/\/www.noticiastornquist.com.ar\/imagen.php?imagen=\/9dd6b5e4a5924735a5149e29b42ffeaa.jpg\" \/><\/p>\n<div><\/div>\n<hr \/>\n<p><img decoding=\"async\" src=\"https:\/\/www.noticiastornquist.com.ar\/imagen.php?imagen=\/041b4e8a37e646c3862a8c1e59c58080.jpg\" \/><\/p>\n<div><\/div>\n<hr \/>\n<p><img decoding=\"async\" src=\"https:\/\/www.noticiastornquist.com.ar\/imagen.php?imagen=\/c6cd3f7e102640778f72b2c7fa96b70f.jpg\" \/><\/p>\n<div><\/div>\n<hr \/>\n<p><img decoding=\"async\" src=\"https:\/\/www.noticiastornquist.com.ar\/imagen.php?imagen=\/c698853c2171491fb28f031e67471728.jpg\" \/><\/p>\n<div><\/div>\n<hr \/>\n<p><img decoding=\"async\" src=\"https:\/\/www.noticiastornquist.com.ar\/imagen.php?imagen=\/d41037bae0ec40e695a5f4c2a1892420.jpg\" \/><\/p>\n<div><\/div>\n<hr \/>\n<p><img decoding=\"async\" src=\"https:\/\/www.noticiastornquist.com.ar\/imagen.php?imagen=\/fccd1e983ac2499f83763bffaf349c53.jpg\" \/><\/p>\n<div><\/div>\n<hr \/>\n<p><img decoding=\"async\" src=\"https:\/\/www.noticiastornquist.com.ar\/imagen.php?imagen=\/ff560aeb1e334aa8aa3b2a45fbc1fddb.jpg\" \/><\/div>\n<p><script src=\"\/\/embedr.flickr.com\/assets\/client-code.js\" async=\"\" charset=\"utf-8\"><\/script><\/p>\n","protected":false},"excerpt":{"rendered":"<p>Hoy partieron hacia Coronel Pringles y desde all\u00ed al destino final. Colaboraci\u00f3n de Tornquist, Sierra de la Ventana y localidades vecinas.<\/p>\n","protected":false},"author":3,"featured_media":0,"comment_status":"closed","ping_status":"open","sticky":false,"template":"","format":"standard","meta":{"footnotes":""},"categories":[26],"tags":[],"class_list":["post-53899","post","type-post","status-publish","format-standard","hentry","category-sociedad"],"yoast_head":"<!-- This site is optimized with the Yoast SEO plugin v25.9 - https:\/\/yoast.com\/wordpress\/plugins\/seo\/ -->\n<title>Muy buena respuesta tuvo la campa\u00f1a de ayuda a los afectados por incendios en el sur - Noticias Radio Reflejos<\/title>\n<meta name=\"robots\" content=\"index, follow, max-snippet:-1, max-image-preview:large, max-video-preview:-1\" \/>\n<link rel=\"canonical\" href=\"https:\/\/www.noticiasradioreflejos.com.ar\/2021\/muy-buena-respuesta-tuvo-la-campana-de-ayuda-a-los-afectados-por-incendios-en-el-sur\/\" \/>\n<meta property=\"og:locale\" content=\"es_ES\" \/>\n<meta property=\"og:type\" content=\"article\" \/>\n<meta property=\"og:title\" content=\"Muy buena respuesta tuvo la campa\u00f1a de ayuda a los afectados por incendios en el sur - Noticias Radio Reflejos\" \/>\n<meta property=\"og:description\" content=\"Hoy partieron hacia Coronel Pringles y desde all\u00ed al destino final. Colaboraci\u00f3n de Tornquist, Sierra de la Ventana y localidades vecinas.\" \/>\n<meta property=\"og:url\" content=\"https:\/\/www.noticiasradioreflejos.com.ar\/2021\/muy-buena-respuesta-tuvo-la-campana-de-ayuda-a-los-afectados-por-incendios-en-el-sur\/\" \/>\n<meta property=\"og:site_name\" content=\"Noticias Radio Reflejos\" \/>\n<meta property=\"article:published_time\" content=\"2021-03-14T20:08:08+00:00\" \/>\n<meta property=\"og:image\" content=\"https:\/\/live.staticflickr.com\/65535\/51037026426_1335a89394_c.jpg\" \/>\n<meta name=\"author\" content=\"Arnaldo Botto\" \/>\n<meta name=\"twitter:card\" content=\"summary_large_image\" \/>\n<script type=\"application\/ld+json\" class=\"yoast-schema-graph\">{\"@context\":\"https:\/\/schema.org\",\"@graph\":[{\"@type\":\"WebPage\",\"@id\":\"https:\/\/www.noticiasradioreflejos.com.ar\/2021\/muy-buena-respuesta-tuvo-la-campana-de-ayuda-a-los-afectados-por-incendios-en-el-sur\/\",\"url\":\"https:\/\/www.noticiasradioreflejos.com.ar\/2021\/muy-buena-respuesta-tuvo-la-campana-de-ayuda-a-los-afectados-por-incendios-en-el-sur\/\",\"name\":\"Muy buena respuesta tuvo la campa\u00f1a de ayuda a los afectados por incendios en el sur - Noticias Radio Reflejos\",\"isPartOf\":{\"@id\":\"https:\/\/www.noticiasradioreflejos.com.ar\/2021\/#website\"},\"primaryImageOfPage\":{\"@id\":\"https:\/\/www.noticiasradioreflejos.com.ar\/2021\/muy-buena-respuesta-tuvo-la-campana-de-ayuda-a-los-afectados-por-incendios-en-el-sur\/#primaryimage\"},\"image\":{\"@id\":\"https:\/\/www.noticiasradioreflejos.com.ar\/2021\/muy-buena-respuesta-tuvo-la-campana-de-ayuda-a-los-afectados-por-incendios-en-el-sur\/#primaryimage\"},\"thumbnailUrl\":\"https:\/\/live.staticflickr.com\/65535\/51037026426_1335a89394_c.jpg\",\"datePublished\":\"2021-03-14T20:08:08+00:00\",\"author\":{\"@id\":\"https:\/\/www.noticiasradioreflejos.com.ar\/2021\/#\/schema\/person\/ad82545263dcc5ec0996818884fd5fb1\"},\"breadcrumb\":{\"@id\":\"https:\/\/www.noticiasradioreflejos.com.ar\/2021\/muy-buena-respuesta-tuvo-la-campana-de-ayuda-a-los-afectados-por-incendios-en-el-sur\/#breadcrumb\"},\"inLanguage\":\"es\",\"potentialAction\":[{\"@type\":\"ReadAction\",\"target\":[\"https:\/\/www.noticiasradioreflejos.com.ar\/2021\/muy-buena-respuesta-tuvo-la-campana-de-ayuda-a-los-afectados-por-incendios-en-el-sur\/\"]}]},{\"@type\":\"ImageObject\",\"inLanguage\":\"es\",\"@id\":\"https:\/\/www.noticiasradioreflejos.com.ar\/2021\/muy-buena-respuesta-tuvo-la-campana-de-ayuda-a-los-afectados-por-incendios-en-el-sur\/#primaryimage\",\"url\":\"https:\/\/live.staticflickr.com\/65535\/51037026426_1335a89394_c.jpg\",\"contentUrl\":\"https:\/\/live.staticflickr.com\/65535\/51037026426_1335a89394_c.jpg\"},{\"@type\":\"BreadcrumbList\",\"@id\":\"https:\/\/www.noticiasradioreflejos.com.ar\/2021\/muy-buena-respuesta-tuvo-la-campana-de-ayuda-a-los-afectados-por-incendios-en-el-sur\/#breadcrumb\",\"itemListElement\":[{\"@type\":\"ListItem\",\"position\":1,\"name\":\"Portada\",\"item\":\"https:\/\/www.noticiasradioreflejos.com.ar\/2021\/\"},{\"@type\":\"ListItem\",\"position\":2,\"name\":\"Muy buena respuesta tuvo la campa\u00f1a de ayuda a los afectados por incendios en el sur\"}]},{\"@type\":\"WebSite\",\"@id\":\"https:\/\/www.noticiasradioreflejos.com.ar\/2021\/#website\",\"url\":\"https:\/\/www.noticiasradioreflejos.com.ar\/2021\/\",\"name\":\"Noticias Radio Reflejos\",\"description\":\"Las noticias de mi comarca\",\"potentialAction\":[{\"@type\":\"SearchAction\",\"target\":{\"@type\":\"EntryPoint\",\"urlTemplate\":\"https:\/\/www.noticiasradioreflejos.com.ar\/2021\/?s={search_term_string}\"},\"query-input\":{\"@type\":\"PropertyValueSpecification\",\"valueRequired\":true,\"valueName\":\"search_term_string\"}}],\"inLanguage\":\"es\"},{\"@type\":\"Person\",\"@id\":\"https:\/\/www.noticiasradioreflejos.com.ar\/2021\/#\/schema\/person\/ad82545263dcc5ec0996818884fd5fb1\",\"name\":\"Arnaldo Botto\",\"image\":{\"@type\":\"ImageObject\",\"inLanguage\":\"es\",\"@id\":\"https:\/\/www.noticiasradioreflejos.com.ar\/2021\/#\/schema\/person\/image\/\",\"url\":\"https:\/\/secure.gravatar.com\/avatar\/55cb5e37c1efa326397366e6974cb338056df65cb50e7d64d1cf314e87504837?s=96&d=mm&r=g\",\"contentUrl\":\"https:\/\/secure.gravatar.com\/avatar\/55cb5e37c1efa326397366e6974cb338056df65cb50e7d64d1cf314e87504837?s=96&d=mm&r=g\",\"caption\":\"Arnaldo Botto\"},\"url\":\"https:\/\/www.noticiasradioreflejos.com.ar\/2021\/author\/arnaldo\/\"}]}<\/script>\n<!-- \/ Yoast SEO plugin. -->","yoast_head_json":{"title":"Muy buena respuesta tuvo la campa\u00f1a de ayuda a los afectados por incendios en el sur - Noticias Radio Reflejos","robots":{"index":"index","follow":"follow","max-snippet":"max-snippet:-1","max-image-preview":"max-image-preview:large","max-video-preview":"max-video-preview:-1"},"canonical":"https:\/\/www.noticiasradioreflejos.com.ar\/2021\/muy-buena-respuesta-tuvo-la-campana-de-ayuda-a-los-afectados-por-incendios-en-el-sur\/","og_locale":"es_ES","og_type":"article","og_title":"Muy buena respuesta tuvo la campa\u00f1a de ayuda a los afectados por incendios en el sur - Noticias Radio Reflejos","og_description":"Hoy partieron hacia Coronel Pringles y desde all\u00ed al destino final. Colaboraci\u00f3n de Tornquist, Sierra de la Ventana y localidades vecinas.","og_url":"https:\/\/www.noticiasradioreflejos.com.ar\/2021\/muy-buena-respuesta-tuvo-la-campana-de-ayuda-a-los-afectados-por-incendios-en-el-sur\/","og_site_name":"Noticias Radio Reflejos","article_published_time":"2021-03-14T20:08:08+00:00","og_image":[{"url":"https:\/\/live.staticflickr.com\/65535\/51037026426_1335a89394_c.jpg","type":"","width":"","height":""}],"author":"Arnaldo Botto","twitter_card":"summary_large_image","schema":{"@context":"https:\/\/schema.org","@graph":[{"@type":"WebPage","@id":"https:\/\/www.noticiasradioreflejos.com.ar\/2021\/muy-buena-respuesta-tuvo-la-campana-de-ayuda-a-los-afectados-por-incendios-en-el-sur\/","url":"https:\/\/www.noticiasradioreflejos.com.ar\/2021\/muy-buena-respuesta-tuvo-la-campana-de-ayuda-a-los-afectados-por-incendios-en-el-sur\/","name":"Muy buena respuesta tuvo la campa\u00f1a de ayuda a los afectados por incendios en el sur - Noticias Radio Reflejos","isPartOf":{"@id":"https:\/\/www.noticiasradioreflejos.com.ar\/2021\/#website"},"primaryImageOfPage":{"@id":"https:\/\/www.noticiasradioreflejos.com.ar\/2021\/muy-buena-respuesta-tuvo-la-campana-de-ayuda-a-los-afectados-por-incendios-en-el-sur\/#primaryimage"},"image":{"@id":"https:\/\/www.noticiasradioreflejos.com.ar\/2021\/muy-buena-respuesta-tuvo-la-campana-de-ayuda-a-los-afectados-por-incendios-en-el-sur\/#primaryimage"},"thumbnailUrl":"https:\/\/live.staticflickr.com\/65535\/51037026426_1335a89394_c.jpg","datePublished":"2021-03-14T20:08:08+00:00","author":{"@id":"https:\/\/www.noticiasradioreflejos.com.ar\/2021\/#\/schema\/person\/ad82545263dcc5ec0996818884fd5fb1"},"breadcrumb":{"@id":"https:\/\/www.noticiasradioreflejos.com.ar\/2021\/muy-buena-respuesta-tuvo-la-campana-de-ayuda-a-los-afectados-por-incendios-en-el-sur\/#breadcrumb"},"inLanguage":"es","potentialAction":[{"@type":"ReadAction","target":["https:\/\/www.noticiasradioreflejos.com.ar\/2021\/muy-buena-respuesta-tuvo-la-campana-de-ayuda-a-los-afectados-por-incendios-en-el-sur\/"]}]},{"@type":"ImageObject","inLanguage":"es","@id":"https:\/\/www.noticiasradioreflejos.com.ar\/2021\/muy-buena-respuesta-tuvo-la-campana-de-ayuda-a-los-afectados-por-incendios-en-el-sur\/#primaryimage","url":"https:\/\/live.staticflickr.com\/65535\/51037026426_1335a89394_c.jpg","contentUrl":"https:\/\/live.staticflickr.com\/65535\/51037026426_1335a89394_c.jpg"},{"@type":"BreadcrumbList","@id":"https:\/\/www.noticiasradioreflejos.com.ar\/2021\/muy-buena-respuesta-tuvo-la-campana-de-ayuda-a-los-afectados-por-incendios-en-el-sur\/#breadcrumb","itemListElement":[{"@type":"ListItem","position":1,"name":"Portada","item":"https:\/\/www.noticiasradioreflejos.com.ar\/2021\/"},{"@type":"ListItem","position":2,"name":"Muy buena respuesta tuvo la campa\u00f1a de ayuda a los afectados por incendios en el sur"}]},{"@type":"WebSite","@id":"https:\/\/www.noticiasradioreflejos.com.ar\/2021\/#website","url":"https:\/\/www.noticiasradioreflejos.com.ar\/2021\/","name":"Noticias Radio Reflejos","description":"Las noticias de mi comarca","potentialAction":[{"@type":"SearchAction","target":{"@type":"EntryPoint","urlTemplate":"https:\/\/www.noticiasradioreflejos.com.ar\/2021\/?s={search_term_string}"},"query-input":{"@type":"PropertyValueSpecification","valueRequired":true,"valueName":"search_term_string"}}],"inLanguage":"es"},{"@type":"Person","@id":"https:\/\/www.noticiasradioreflejos.com.ar\/2021\/#\/schema\/person\/ad82545263dcc5ec0996818884fd5fb1","name":"Arnaldo Botto","image":{"@type":"ImageObject","inLanguage":"es","@id":"https:\/\/www.noticiasradioreflejos.com.ar\/2021\/#\/schema\/person\/image\/","url":"https:\/\/secure.gravatar.com\/avatar\/55cb5e37c1efa326397366e6974cb338056df65cb50e7d64d1cf314e87504837?s=96&d=mm&r=g","contentUrl":"https:\/\/secure.gravatar.com\/avatar\/55cb5e37c1efa326397366e6974cb338056df65cb50e7d64d1cf314e87504837?s=96&d=mm&r=g","caption":"Arnaldo Botto"},"url":"https:\/\/www.noticiasradioreflejos.com.ar\/2021\/author\/arnaldo\/"}]}},"_links":{"self":[{"href":"https:\/\/www.noticiasradioreflejos.com.ar\/2021\/wp-json\/wp\/v2\/posts\/53899","targetHints":{"allow":["GET"]}}],"collection":[{"href":"https:\/\/www.noticiasradioreflejos.com.ar\/2021\/wp-json\/wp\/v2\/posts"}],"about":[{"href":"https:\/\/www.noticiasradioreflejos.com.ar\/2021\/wp-json\/wp\/v2\/types\/post"}],"author":[{"embeddable":true,"href":"https:\/\/www.noticiasradioreflejos.com.ar\/2021\/wp-json\/wp\/v2\/users\/3"}],"replies":[{"embeddable":true,"href":"https:\/\/www.noticiasradioreflejos.com.ar\/2021\/wp-json\/wp\/v2\/comments?post=53899"}],"version-history":[{"count":0,"href":"https:\/\/www.noticiasradioreflejos.com.ar\/2021\/wp-json\/wp\/v2\/posts\/53899\/revisions"}],"wp:attachment":[{"href":"https:\/\/www.noticiasradioreflejos.com.ar\/2021\/wp-json\/wp\/v2\/media?parent=53899"}],"wp:term":[{"taxonomy":"category","embeddable":true,"href":"https:\/\/www.noticiasradioreflejos.com.ar\/2021\/wp-json\/wp\/v2\/categories?post=53899"},{"taxonomy":"post_tag","embeddable":true,"href":"https:\/\/www.noticiasradioreflejos.com.ar\/2021\/wp-json\/wp\/v2\/tags?post=53899"}],"curies":[{"name":"wp","href":"https:\/\/api.w.org\/{rel}","templated":true}]}}