{"id":53885,"date":"2021-03-14T12:13:53","date_gmt":"2021-03-14T15:13:53","guid":{"rendered":"http:\/\/www.noticiasradioreflejos.com.ar\/noticias\/?p=53885"},"modified":"2021-03-14T12:13:53","modified_gmt":"2021-03-14T15:13:53","slug":"comienza-este-lunes-el-electro-fest-con-descuentos-del-35-y-18-cuotas-en-tecnologia-y-electrodomesticos","status":"publish","type":"post","link":"https:\/\/www.noticiasradioreflejos.com.ar\/2021\/comienza-este-lunes-el-electro-fest-con-descuentos-del-35-y-18-cuotas-en-tecnologia-y-electrodomesticos\/","title":{"rendered":"Comienza este lunes el Electro Fest con descuentos del 35% y 18 cuotas en tecnolog\u00eda y electrodom\u00e9sticos"},"content":{"rendered":"<p>Habr\u00e1 ofertas en categor\u00edas como LED TV, telefon\u00eda celular, aires acondicionados, computadoras y electrodom\u00e9sticos, entre otros.<!--more--><\/p>\n<p>Una nueva edici\u00f3n de Electro Fest, el evento para la compra de art\u00edculos de tecnolog\u00eda y electrodom\u00e9sticos con descuentos hasta el 35% y con planes de pago de hasta 18 cuotas sin inter\u00e9s, comenzar\u00e1 ma\u00f1ana en todo el pa\u00eds organizada por las principales cadenas de retail de la Argentina.<\/p>\n<p>Esta ser\u00e1 la quinta edici\u00f3n del evento que se extender\u00e1 hasta el mi\u00e9rcoles y al que podr\u00e1 accederse tanto de forma presencial, como online o telef\u00f3nica a una amplia variedad de productos.<\/p>\n<p>Habr\u00e1 ofertas en categor\u00edas como LED TV, telefon\u00eda celular, aires acondicionados, computadoras y electrodom\u00e9sticos, entre otros, seg\u00fan adelantaron sus organizadores.<\/p>\n<p>Electro Fest surgi\u00f3 como un esfuerzo colectivo de las principales cadenas de venta de electrodom\u00e9sticos del pa\u00eds en 2019 y, en esta edici\u00f3n, las empresas participantes ser\u00e1n Cetrogar, Fr\u00e1vega, Garbarino, Musimundo, Megatone, Naldo, Compumundo, Hendel y Pardo.<\/p>\n<p>La facturaci\u00f3n por la venta de productos electr\u00f3nicos durante el cuarto trimestre de 2020 ascendi\u00f3 a $ 67.992 millones, con un incremento del 66,8% respecto a igual per\u00edodo de 2019, seg\u00fan datos del Instituto Nacional de Estad\u00edstica y Censos (Indec).<\/p>\n<p>Los grupos de art\u00edculos cuya facturaci\u00f3n por las ventas tuvieron los mayores aumentos fueron Computaci\u00f3n y accesorios inform\u00e1ticos, con $ 4.436 millones y una suba del 114% interanual; y Telefon\u00eda, con $ 12.278 millones y una suba 95,7% .<\/p>\n<p>A estos rubros se suman Televisores, video y fotograf\u00eda, con $ 11.119,6 millones y una variaci\u00f3n porcentual interanual de 71,4%; y Cocinas a gas y el\u00e9ctricas, hornos microondas y el\u00e9ctricos, calefactores, calefones y termotanques, con 5.058,9 millones de pesos y un alza del 70%.<\/p>\n","protected":false},"excerpt":{"rendered":"<p>Habr\u00e1 ofertas en categor\u00edas como LED TV, telefon\u00eda celular, aires acondicionados, computadoras y electrodom\u00e9sticos, entre otros.<\/p>\n","protected":false},"author":3,"featured_media":0,"comment_status":"closed","ping_status":"open","sticky":false,"template":"","format":"standard","meta":{"footnotes":""},"categories":[36,26],"tags":[],"class_list":["post-53885","post","type-post","status-publish","format-standard","hentry","category-economia","category-sociedad"],"yoast_head":"<!-- This site is optimized with the Yoast SEO plugin v25.9 - https:\/\/yoast.com\/wordpress\/plugins\/seo\/ -->\n<title>Comienza este lunes el Electro Fest con descuentos del 35% y 18 cuotas en tecnolog\u00eda y electrodom\u00e9sticos - Noticias Radio Reflejos<\/title>\n<meta name=\"robots\" content=\"index, follow, max-snippet:-1, max-image-preview:large, max-video-preview:-1\" \/>\n<link rel=\"canonical\" href=\"https:\/\/www.noticiasradioreflejos.com.ar\/2021\/comienza-este-lunes-el-electro-fest-con-descuentos-del-35-y-18-cuotas-en-tecnologia-y-electrodomesticos\/\" \/>\n<meta property=\"og:locale\" content=\"es_ES\" \/>\n<meta property=\"og:type\" content=\"article\" \/>\n<meta property=\"og:title\" content=\"Comienza este lunes el Electro Fest con descuentos del 35% y 18 cuotas en tecnolog\u00eda y electrodom\u00e9sticos - Noticias Radio Reflejos\" \/>\n<meta property=\"og:description\" content=\"Habr\u00e1 ofertas en categor\u00edas como LED TV, telefon\u00eda celular, aires acondicionados, computadoras y electrodom\u00e9sticos, entre otros.\" \/>\n<meta property=\"og:url\" content=\"https:\/\/www.noticiasradioreflejos.com.ar\/2021\/comienza-este-lunes-el-electro-fest-con-descuentos-del-35-y-18-cuotas-en-tecnologia-y-electrodomesticos\/\" \/>\n<meta property=\"og:site_name\" content=\"Noticias Radio Reflejos\" \/>\n<meta property=\"article:published_time\" content=\"2021-03-14T15:13:53+00:00\" \/>\n<meta property=\"og:image\" content=\"https:\/\/www.noticiasradioreflejos.com.ar\/2021\/wp-content\/uploads\/2021\/07\/logosol300x200.png\" \/>\n\t<meta property=\"og:image:width\" content=\"300\" \/>\n\t<meta property=\"og:image:height\" content=\"200\" \/>\n\t<meta property=\"og:image:type\" content=\"image\/png\" \/>\n<meta name=\"author\" content=\"Arnaldo Botto\" \/>\n<meta name=\"twitter:card\" content=\"summary_large_image\" \/>\n<script type=\"application\/ld+json\" class=\"yoast-schema-graph\">{\"@context\":\"https:\/\/schema.org\",\"@graph\":[{\"@type\":\"WebPage\",\"@id\":\"https:\/\/www.noticiasradioreflejos.com.ar\/2021\/comienza-este-lunes-el-electro-fest-con-descuentos-del-35-y-18-cuotas-en-tecnologia-y-electrodomesticos\/\",\"url\":\"https:\/\/www.noticiasradioreflejos.com.ar\/2021\/comienza-este-lunes-el-electro-fest-con-descuentos-del-35-y-18-cuotas-en-tecnologia-y-electrodomesticos\/\",\"name\":\"Comienza este lunes el Electro Fest con descuentos del 35% y 18 cuotas en tecnolog\u00eda y electrodom\u00e9sticos - Noticias Radio Reflejos\",\"isPartOf\":{\"@id\":\"https:\/\/www.noticiasradioreflejos.com.ar\/2021\/#website\"},\"datePublished\":\"2021-03-14T15:13:53+00:00\",\"author\":{\"@id\":\"https:\/\/www.noticiasradioreflejos.com.ar\/2021\/#\/schema\/person\/ad82545263dcc5ec0996818884fd5fb1\"},\"breadcrumb\":{\"@id\":\"https:\/\/www.noticiasradioreflejos.com.ar\/2021\/comienza-este-lunes-el-electro-fest-con-descuentos-del-35-y-18-cuotas-en-tecnologia-y-electrodomesticos\/#breadcrumb\"},\"inLanguage\":\"es\",\"potentialAction\":[{\"@type\":\"ReadAction\",\"target\":[\"https:\/\/www.noticiasradioreflejos.com.ar\/2021\/comienza-este-lunes-el-electro-fest-con-descuentos-del-35-y-18-cuotas-en-tecnologia-y-electrodomesticos\/\"]}]},{\"@type\":\"BreadcrumbList\",\"@id\":\"https:\/\/www.noticiasradioreflejos.com.ar\/2021\/comienza-este-lunes-el-electro-fest-con-descuentos-del-35-y-18-cuotas-en-tecnologia-y-electrodomesticos\/#breadcrumb\",\"itemListElement\":[{\"@type\":\"ListItem\",\"position\":1,\"name\":\"Portada\",\"item\":\"https:\/\/www.noticiasradioreflejos.com.ar\/2021\/\"},{\"@type\":\"ListItem\",\"position\":2,\"name\":\"Comienza este lunes el Electro Fest con descuentos del 35% y 18 cuotas en tecnolog\u00eda y electrodom\u00e9sticos\"}]},{\"@type\":\"WebSite\",\"@id\":\"https:\/\/www.noticiasradioreflejos.com.ar\/2021\/#website\",\"url\":\"https:\/\/www.noticiasradioreflejos.com.ar\/2021\/\",\"name\":\"Noticias Radio Reflejos\",\"description\":\"Las noticias de mi comarca\",\"potentialAction\":[{\"@type\":\"SearchAction\",\"target\":{\"@type\":\"EntryPoint\",\"urlTemplate\":\"https:\/\/www.noticiasradioreflejos.com.ar\/2021\/?s={search_term_string}\"},\"query-input\":{\"@type\":\"PropertyValueSpecification\",\"valueRequired\":true,\"valueName\":\"search_term_string\"}}],\"inLanguage\":\"es\"},{\"@type\":\"Person\",\"@id\":\"https:\/\/www.noticiasradioreflejos.com.ar\/2021\/#\/schema\/person\/ad82545263dcc5ec0996818884fd5fb1\",\"name\":\"Arnaldo Botto\",\"image\":{\"@type\":\"ImageObject\",\"inLanguage\":\"es\",\"@id\":\"https:\/\/www.noticiasradioreflejos.com.ar\/2021\/#\/schema\/person\/image\/\",\"url\":\"https:\/\/secure.gravatar.com\/avatar\/55cb5e37c1efa326397366e6974cb338056df65cb50e7d64d1cf314e87504837?s=96&d=mm&r=g\",\"contentUrl\":\"https:\/\/secure.gravatar.com\/avatar\/55cb5e37c1efa326397366e6974cb338056df65cb50e7d64d1cf314e87504837?s=96&d=mm&r=g\",\"caption\":\"Arnaldo Botto\"},\"url\":\"https:\/\/www.noticiasradioreflejos.com.ar\/2021\/author\/arnaldo\/\"}]}<\/script>\n<!-- \/ Yoast SEO plugin. -->","yoast_head_json":{"title":"Comienza este lunes el Electro Fest con descuentos del 35% y 18 cuotas en tecnolog\u00eda y electrodom\u00e9sticos - Noticias Radio Reflejos","robots":{"index":"index","follow":"follow","max-snippet":"max-snippet:-1","max-image-preview":"max-image-preview:large","max-video-preview":"max-video-preview:-1"},"canonical":"https:\/\/www.noticiasradioreflejos.com.ar\/2021\/comienza-este-lunes-el-electro-fest-con-descuentos-del-35-y-18-cuotas-en-tecnologia-y-electrodomesticos\/","og_locale":"es_ES","og_type":"article","og_title":"Comienza este lunes el Electro Fest con descuentos del 35% y 18 cuotas en tecnolog\u00eda y electrodom\u00e9sticos - Noticias Radio Reflejos","og_description":"Habr\u00e1 ofertas en categor\u00edas como LED TV, telefon\u00eda celular, aires acondicionados, computadoras y electrodom\u00e9sticos, entre otros.","og_url":"https:\/\/www.noticiasradioreflejos.com.ar\/2021\/comienza-este-lunes-el-electro-fest-con-descuentos-del-35-y-18-cuotas-en-tecnologia-y-electrodomesticos\/","og_site_name":"Noticias Radio Reflejos","article_published_time":"2021-03-14T15:13:53+00:00","og_image":[{"width":300,"height":200,"url":"https:\/\/www.noticiasradioreflejos.com.ar\/2021\/wp-content\/uploads\/2021\/07\/logosol300x200.png","type":"image\/png"}],"author":"Arnaldo Botto","twitter_card":"summary_large_image","schema":{"@context":"https:\/\/schema.org","@graph":[{"@type":"WebPage","@id":"https:\/\/www.noticiasradioreflejos.com.ar\/2021\/comienza-este-lunes-el-electro-fest-con-descuentos-del-35-y-18-cuotas-en-tecnologia-y-electrodomesticos\/","url":"https:\/\/www.noticiasradioreflejos.com.ar\/2021\/comienza-este-lunes-el-electro-fest-con-descuentos-del-35-y-18-cuotas-en-tecnologia-y-electrodomesticos\/","name":"Comienza este lunes el Electro Fest con descuentos del 35% y 18 cuotas en tecnolog\u00eda y electrodom\u00e9sticos - Noticias Radio Reflejos","isPartOf":{"@id":"https:\/\/www.noticiasradioreflejos.com.ar\/2021\/#website"},"datePublished":"2021-03-14T15:13:53+00:00","author":{"@id":"https:\/\/www.noticiasradioreflejos.com.ar\/2021\/#\/schema\/person\/ad82545263dcc5ec0996818884fd5fb1"},"breadcrumb":{"@id":"https:\/\/www.noticiasradioreflejos.com.ar\/2021\/comienza-este-lunes-el-electro-fest-con-descuentos-del-35-y-18-cuotas-en-tecnologia-y-electrodomesticos\/#breadcrumb"},"inLanguage":"es","potentialAction":[{"@type":"ReadAction","target":["https:\/\/www.noticiasradioreflejos.com.ar\/2021\/comienza-este-lunes-el-electro-fest-con-descuentos-del-35-y-18-cuotas-en-tecnologia-y-electrodomesticos\/"]}]},{"@type":"BreadcrumbList","@id":"https:\/\/www.noticiasradioreflejos.com.ar\/2021\/comienza-este-lunes-el-electro-fest-con-descuentos-del-35-y-18-cuotas-en-tecnologia-y-electrodomesticos\/#breadcrumb","itemListElement":[{"@type":"ListItem","position":1,"name":"Portada","item":"https:\/\/www.noticiasradioreflejos.com.ar\/2021\/"},{"@type":"ListItem","position":2,"name":"Comienza este lunes el Electro Fest con descuentos del 35% y 18 cuotas en tecnolog\u00eda y electrodom\u00e9sticos"}]},{"@type":"WebSite","@id":"https:\/\/www.noticiasradioreflejos.com.ar\/2021\/#website","url":"https:\/\/www.noticiasradioreflejos.com.ar\/2021\/","name":"Noticias Radio Reflejos","description":"Las noticias de mi comarca","potentialAction":[{"@type":"SearchAction","target":{"@type":"EntryPoint","urlTemplate":"https:\/\/www.noticiasradioreflejos.com.ar\/2021\/?s={search_term_string}"},"query-input":{"@type":"PropertyValueSpecification","valueRequired":true,"valueName":"search_term_string"}}],"inLanguage":"es"},{"@type":"Person","@id":"https:\/\/www.noticiasradioreflejos.com.ar\/2021\/#\/schema\/person\/ad82545263dcc5ec0996818884fd5fb1","name":"Arnaldo Botto","image":{"@type":"ImageObject","inLanguage":"es","@id":"https:\/\/www.noticiasradioreflejos.com.ar\/2021\/#\/schema\/person\/image\/","url":"https:\/\/secure.gravatar.com\/avatar\/55cb5e37c1efa326397366e6974cb338056df65cb50e7d64d1cf314e87504837?s=96&d=mm&r=g","contentUrl":"https:\/\/secure.gravatar.com\/avatar\/55cb5e37c1efa326397366e6974cb338056df65cb50e7d64d1cf314e87504837?s=96&d=mm&r=g","caption":"Arnaldo Botto"},"url":"https:\/\/www.noticiasradioreflejos.com.ar\/2021\/author\/arnaldo\/"}]}},"_links":{"self":[{"href":"https:\/\/www.noticiasradioreflejos.com.ar\/2021\/wp-json\/wp\/v2\/posts\/53885","targetHints":{"allow":["GET"]}}],"collection":[{"href":"https:\/\/www.noticiasradioreflejos.com.ar\/2021\/wp-json\/wp\/v2\/posts"}],"about":[{"href":"https:\/\/www.noticiasradioreflejos.com.ar\/2021\/wp-json\/wp\/v2\/types\/post"}],"author":[{"embeddable":true,"href":"https:\/\/www.noticiasradioreflejos.com.ar\/2021\/wp-json\/wp\/v2\/users\/3"}],"replies":[{"embeddable":true,"href":"https:\/\/www.noticiasradioreflejos.com.ar\/2021\/wp-json\/wp\/v2\/comments?post=53885"}],"version-history":[{"count":0,"href":"https:\/\/www.noticiasradioreflejos.com.ar\/2021\/wp-json\/wp\/v2\/posts\/53885\/revisions"}],"wp:attachment":[{"href":"https:\/\/www.noticiasradioreflejos.com.ar\/2021\/wp-json\/wp\/v2\/media?parent=53885"}],"wp:term":[{"taxonomy":"category","embeddable":true,"href":"https:\/\/www.noticiasradioreflejos.com.ar\/2021\/wp-json\/wp\/v2\/categories?post=53885"},{"taxonomy":"post_tag","embeddable":true,"href":"https:\/\/www.noticiasradioreflejos.com.ar\/2021\/wp-json\/wp\/v2\/tags?post=53885"}],"curies":[{"name":"wp","href":"https:\/\/api.w.org\/{rel}","templated":true}]}}