{"id":53880,"date":"2021-03-14T11:17:53","date_gmt":"2021-03-14T14:17:53","guid":{"rendered":"http:\/\/www.noticiasradioreflejos.com.ar\/noticias\/?p=53880"},"modified":"2021-03-14T11:17:53","modified_gmt":"2021-03-14T14:17:53","slug":"encontraron-a-todos-los-desaparecidos-por-los-incendios-y-avanza-la-investigacion-penal","status":"publish","type":"post","link":"https:\/\/www.noticiasradioreflejos.com.ar\/2021\/encontraron-a-todos-los-desaparecidos-por-los-incendios-y-avanza-la-investigacion-penal\/","title":{"rendered":"Encontraron a todos los desaparecidos por los incendios y avanza la investigaci\u00f3n penal"},"content":{"rendered":"<p>Todav\u00eda quedan dos focos activos aunque controlados. Hubo que lamentar una muerte y tres personas en estado grave por quemaduras.\u00a0 Los servicios se restablecen lentamente en las zonas afectadas por los incendios.<!--more--><\/p>\n<div id=\"image\" class=\"image\">\n<p><img decoding=\"async\" title=\"El ministro de Ambiente y Desarrollo Sostenible inform\u00f3 que fueron halladas todas las personas que estaban desaparecidas.\" src=\"https:\/\/www.telam.com.ar\/advf\/imagenes\/2021\/03\/604ad0a7c8c70_1004x566.png\" alt=\"El ministro de Ambiente y Desarrollo Sostenible inform\u00f3 que fueron halladas todas las personas que estaban desaparecidas.\" \/><\/p>\n<div class=\"epigrafe\">El ministro de Ambiente y Desarrollo Sostenible inform\u00f3 que fueron halladas todas las personas que estaban desaparecidas.<\/div>\n<\/div>\n<p>El ministro de Ambiente, Juan Cabandie, afirm\u00f3 que fueron encontradas todas las personas que permanec\u00edan como desaparecidas tras el incendio simult\u00e1neo en seis localidades de la comarca andina, en las provincias de Chubut y R\u00edo Negro, mientras se esperan m\u00e1s elementos para avanzar en la causa penal que investiga la hipot\u00e9sis de la intencionalidad de los incendios.<\/p>\n<p><strong>\u00abAcabo de hablar con el fiscal de la causa y me inform\u00f3 que fueron encontradas las diez personas que estaban desaparecidas tras los incendios, lamentablemente un trabajador rural falleci\u00f3<\/strong>\u00ab, dijo Cabandi\u00e9 al canal TN.<\/p>\n<p>El ministro aclar\u00f3, adem\u00e1s, que \u00aben las redes y creo un senador rionegrino dijo que hab\u00eda detenidos mapuches, no hay ning\u00fan detenido mapuche por esta causa\u00bb y destac\u00f3 que \u00abel fiscal esta esperando elementos para saber si hubo intencionalidad en el inicio de los incendios\u00bb.<\/p>\n<p>Indic\u00f3 adem\u00e1s que\u00a0<strong>\u00abel martes a las 16 ocurri\u00f3 una situaci\u00f3n muy tr\u00e1gica, con incendios al un\u00edsono en localidades distintas que en dos horas arrasaron cerca de siete mil hectareas, afectando a 300 hogares y destruyendo sus peque\u00f1as unidades productivas\u00bb.\u00b4<\/strong><\/p>\n<p>\u00abLas condiciones clim\u00e1ticas eran favorables para la expansi\u00f3n de las llamas, hac\u00eda 33 grados, vientos y una situaci\u00f3n previa a una tormenta, pero las caracter\u00edsticas llevan a dudar por la intencionalidad\u00bb, remarc\u00f3.<\/p>\n<p>Y agreg\u00f3 respecto al combate de las llamas que si bien se tienen suficientes elementos para combatir las llamas \u00abno vamos a dudar en alquilar aviones a otros pa\u00edses si hace falta. Avanzamos hacia un esquema de alquiler de aviones hidrantes\u00bb.<\/p>\n<div id=\"image\" class=\"image\">\n<p><img decoding=\"async\" title=\"Los brigadistas controlan dos focos activos.\" src=\"https:\/\/www.telam.com.ar\/advf\/imagenes\/2021\/03\/604ab237bad00_1004x565.jpg\" alt=\"Los brigadistas controlan dos focos activos.\" \/><\/p>\n<div class=\"epigrafe\">Los brigadistas controlan dos focos activos.<\/div>\n<\/div>\n<p>En este sentido puntualiz\u00f3 que junto al ministro de Defensa Agust\u00edn Rossi \u00abestuvimos hablando para comprar uno o dos aviones hidrantes m\u00e1s que estar\u00eda administrando la Fuerza A\u00e9rea, esto podr\u00edamos concretarlo este a\u00f1o\u00bb.<\/p>\n<div class=\"auth\">Casas destruidas<\/div>\n<p>El director de Defensa Civil de Chubut, Jos\u00e9 Mazzei dijo que cerca de 500 viviendas fueron destruidas por completo o tuvieron da\u00f1os parciales en los ejidos municipales de Lago Puelo y El Hoyo, ubicados en la comarca andina patag\u00f3nica,<\/p>\n<p>Del relevamiento \u00abcasa por casa\u00bb realizado por las oficinas de asistencia social se mensur\u00f3 que en Lago Puelo quedaron totalmente destruidas 350 viviendas -\u00abreducidas a cenizas\u00bb fue la definici\u00f3n- en su mayor\u00eda precarias, mientras 130 sufrieron da\u00f1os parciales.<\/p>\n<p>La mayor\u00eda de esas viviendas familiares estaban ubicadas en el paraje \u00abLas Golondrinas\u00bb y particularmente en lo que se conoce como la \u00abParcela 26\u00bb y \u00abToma el pinar\u00bb.<\/p>\n<p>A esto hay que sumarle las que fueron alcanzadas por el fuego en El Hoyo, comuna lindera a Lago Puelo, donde se constataron 22 casas, cinco caba\u00f1as y siete galpones destruidos.<\/p>\n<p>\u00abHay un equipo de Desarrollo Social de la Provincia y del Instituto Provincial de la Vivienda que trabajan sobre el relevamiento que ser\u00e1 central para canalizar cuanto antes la ayuda nacional que anunci\u00f3 el presidente Alberto Fern\u00e1ndez que nos visit\u00f3 hoy\u00bb, describi\u00f3 Mazzei.<\/p>\n<p><strong>Los servicios p\u00fablicos comenzaron a restablecerse paulatinamente en la zona, como el caso de Lago Puelo que tiene desde ayer electricidad en gran parte de su planta urbana.<\/strong><\/p>\n<p><strong>Las dificultades est\u00e1n en la provisi\u00f3n de agua<\/strong>, ya que las fuentes h\u00eddricas de abastecimiento est\u00e1n cargadas con ceniza y lodo que imposibilitan su potabilizaci\u00f3n y para abastecer de manera provisoria a la poblaci\u00f3n se \u00abacarrea\u00bb desde parajes vecinos con camiones cisterna, sobre todo en la zona de la ruta 40 donde se concentran los pobladores que est\u00e1n volviendo a sus parcelas.<\/p>\n<p>El servicio cloacal en El Hoyo se restableci\u00f3 el viernes con generadores de emergencia en tanto este s\u00e1bado se decidi\u00f3 el bombeo de agua a las viviendas a las que llega con mucha turbiedad, por lo que no se aconseja el consumo pero s\u00ed el uso sanitario.<\/p>\n<div id=\"image\" class=\"image\">\n<p><img decoding=\"async\" title=\"Hubo grandes destrozos en la zona a causa de los incendios,\" src=\"https:\/\/www.telam.com.ar\/advf\/imagenes\/2021\/03\/604ab237b2183_1004x565.jpg\" alt=\"Hubo grandes destrozos en la zona a causa de los incendios,\" \/><\/p>\n<div class=\"epigrafe\">Hubo grandes destrozos en la zona a causa de los incendios,<\/div>\n<\/div>\n<p>El \u00e1rea de servicios p\u00fablicos dispuso todos los generadores disponibles para abastecer las demandas aisladas, como la que tiene la cooperativa de productores de la comarca que contaba con m\u00e1s de 48.000 kilos de fruta fina almacenada y tem\u00edan perder lo acopiado al interrumpirse por mucho tiempo la cadena de fr\u00edo.<\/p>\n<div class=\"auth\">V\u00edctimas<\/div>\n<p>Los focos de incendio en la comarca que se desarrollaron en simult\u00e1neo tuvieron el saldo fatal de\u00a0<strong>un pe\u00f3n rural muerto y tres pobladores con heridas graves por quemaduras<\/strong>, dos de los cuales fueron trasladados al hospital de Esquel.<\/p>\n<p>Seg\u00fan pudo reconstruir T\u00e9lam, la paciente derivada a Bariloche presentaba el cuadro m\u00e1s complejo por tratarse de una mujer adulta mayor con otras complicaciones en las paredes abdominales internas.<\/p>\n<p>En rigor fueron siete los heridos por quemaduras, pero cuatro de ellos recibieron lesiones en las extremidades que no presentaban riesgos para su salud, de manera que fueron curadas y no se consider\u00f3 necesaria su internaci\u00f3n.<\/p>\n<p>Un dato significativo fue que varios pobladores que volv\u00edan a sus propiedades tambi\u00e9n reportaron quemaduras leves por manipular los elementos que todav\u00eda conservaban calor.<\/p>\n<p>La comarca andina por donde pas\u00f3 la \u00abtormenta de fuego\u00bb es un territorio humeante que tiene dos focos activos sobre los cuales trabajan los aproximadamente 200 brigadistas de distintos puntos del pa\u00eds que est\u00e1n en la zona.<\/p>\n<p>\u00abHay brigadistas del Noroeste Argentino, San Luis, del Plan de Manejo del Fuego entre otros; adem\u00e1s de todos los que estamos en la zona que trabajamos sobre los focos activos\u00bb, enumer\u00f3 Mazzei.<\/p>\n<p>Las fuentes judiciales consultadas por T\u00e9lam no descartaron ninguna hip\u00f3tesis sobre el origen del siniestro m\u00e1s voraz que se recuerde en d\u00e9cadas, pero la que se investiga sobre la l\u00ednea de media tensi\u00f3n que lleva electricidad a la comarca, en cuya traza se encontraron al menos dos \u00abpuntos de inicio\u00bb de fuego, puede explicar uno de los focos.<\/p>\n<p>Sin embargo, esa sospecha no aplica al incendio de Cholila, que comenz\u00f3 en una alcantarilla por donde no pasa ninguna fuente de energ\u00eda ni tampoco la deflagraci\u00f3n que se registr\u00f3 en proximidades de El Mait\u00e9n, donde perdi\u00f3 la vida el poblador rural Sixto Garc\u00e9s, de 50 a\u00f1os, quien fue encontrado muerto junto a su caballo \u00abpilchero\u00bb y su perro cerca de la estancia donde cumpl\u00eda funciones de puestero.<\/p>\n","protected":false},"excerpt":{"rendered":"<p>Todav\u00eda quedan dos focos activos aunque controlados. Hubo que lamentar una muerte y tres personas en estado grave por quemaduras.\u00a0 Los servicios se restablecen lentamente en las zonas afectadas por los incendios.<\/p>\n","protected":false},"author":3,"featured_media":0,"comment_status":"closed","ping_status":"open","sticky":false,"template":"","format":"standard","meta":{"footnotes":""},"categories":[29,26],"tags":[],"class_list":["post-53880","post","type-post","status-publish","format-standard","hentry","category-policiales","category-sociedad"],"yoast_head":"<!-- This site is optimized with the Yoast SEO plugin v25.9 - https:\/\/yoast.com\/wordpress\/plugins\/seo\/ -->\n<title>Encontraron a todos los desaparecidos por los incendios y avanza la investigaci\u00f3n penal - Noticias Radio Reflejos<\/title>\n<meta name=\"robots\" content=\"index, follow, max-snippet:-1, max-image-preview:large, max-video-preview:-1\" \/>\n<link rel=\"canonical\" href=\"https:\/\/www.noticiasradioreflejos.com.ar\/2021\/encontraron-a-todos-los-desaparecidos-por-los-incendios-y-avanza-la-investigacion-penal\/\" \/>\n<meta property=\"og:locale\" content=\"es_ES\" \/>\n<meta property=\"og:type\" content=\"article\" \/>\n<meta property=\"og:title\" content=\"Encontraron a todos los desaparecidos por los incendios y avanza la investigaci\u00f3n penal - Noticias Radio Reflejos\" \/>\n<meta property=\"og:description\" content=\"Todav\u00eda quedan dos focos activos aunque controlados. Hubo que lamentar una muerte y tres personas en estado grave por quemaduras.\u00a0 Los servicios se restablecen lentamente en las zonas afectadas por los incendios.\" \/>\n<meta property=\"og:url\" content=\"https:\/\/www.noticiasradioreflejos.com.ar\/2021\/encontraron-a-todos-los-desaparecidos-por-los-incendios-y-avanza-la-investigacion-penal\/\" \/>\n<meta property=\"og:site_name\" content=\"Noticias Radio Reflejos\" \/>\n<meta property=\"article:published_time\" content=\"2021-03-14T14:17:53+00:00\" \/>\n<meta property=\"og:image\" content=\"https:\/\/www.telam.com.ar\/advf\/imagenes\/2021\/03\/604ad0a7c8c70_1004x566.png\" \/>\n<meta name=\"author\" content=\"Arnaldo Botto\" \/>\n<meta name=\"twitter:card\" content=\"summary_large_image\" \/>\n<script type=\"application\/ld+json\" class=\"yoast-schema-graph\">{\"@context\":\"https:\/\/schema.org\",\"@graph\":[{\"@type\":\"WebPage\",\"@id\":\"https:\/\/www.noticiasradioreflejos.com.ar\/2021\/encontraron-a-todos-los-desaparecidos-por-los-incendios-y-avanza-la-investigacion-penal\/\",\"url\":\"https:\/\/www.noticiasradioreflejos.com.ar\/2021\/encontraron-a-todos-los-desaparecidos-por-los-incendios-y-avanza-la-investigacion-penal\/\",\"name\":\"Encontraron a todos los desaparecidos por los incendios y avanza la investigaci\u00f3n penal - Noticias Radio Reflejos\",\"isPartOf\":{\"@id\":\"https:\/\/www.noticiasradioreflejos.com.ar\/2021\/#website\"},\"primaryImageOfPage\":{\"@id\":\"https:\/\/www.noticiasradioreflejos.com.ar\/2021\/encontraron-a-todos-los-desaparecidos-por-los-incendios-y-avanza-la-investigacion-penal\/#primaryimage\"},\"image\":{\"@id\":\"https:\/\/www.noticiasradioreflejos.com.ar\/2021\/encontraron-a-todos-los-desaparecidos-por-los-incendios-y-avanza-la-investigacion-penal\/#primaryimage\"},\"thumbnailUrl\":\"https:\/\/www.telam.com.ar\/advf\/imagenes\/2021\/03\/604ad0a7c8c70_1004x566.png\",\"datePublished\":\"2021-03-14T14:17:53+00:00\",\"author\":{\"@id\":\"https:\/\/www.noticiasradioreflejos.com.ar\/2021\/#\/schema\/person\/ad82545263dcc5ec0996818884fd5fb1\"},\"breadcrumb\":{\"@id\":\"https:\/\/www.noticiasradioreflejos.com.ar\/2021\/encontraron-a-todos-los-desaparecidos-por-los-incendios-y-avanza-la-investigacion-penal\/#breadcrumb\"},\"inLanguage\":\"es\",\"potentialAction\":[{\"@type\":\"ReadAction\",\"target\":[\"https:\/\/www.noticiasradioreflejos.com.ar\/2021\/encontraron-a-todos-los-desaparecidos-por-los-incendios-y-avanza-la-investigacion-penal\/\"]}]},{\"@type\":\"ImageObject\",\"inLanguage\":\"es\",\"@id\":\"https:\/\/www.noticiasradioreflejos.com.ar\/2021\/encontraron-a-todos-los-desaparecidos-por-los-incendios-y-avanza-la-investigacion-penal\/#primaryimage\",\"url\":\"https:\/\/www.telam.com.ar\/advf\/imagenes\/2021\/03\/604ad0a7c8c70_1004x566.png\",\"contentUrl\":\"https:\/\/www.telam.com.ar\/advf\/imagenes\/2021\/03\/604ad0a7c8c70_1004x566.png\"},{\"@type\":\"BreadcrumbList\",\"@id\":\"https:\/\/www.noticiasradioreflejos.com.ar\/2021\/encontraron-a-todos-los-desaparecidos-por-los-incendios-y-avanza-la-investigacion-penal\/#breadcrumb\",\"itemListElement\":[{\"@type\":\"ListItem\",\"position\":1,\"name\":\"Portada\",\"item\":\"https:\/\/www.noticiasradioreflejos.com.ar\/2021\/\"},{\"@type\":\"ListItem\",\"position\":2,\"name\":\"Encontraron a todos los desaparecidos por los incendios y avanza la investigaci\u00f3n penal\"}]},{\"@type\":\"WebSite\",\"@id\":\"https:\/\/www.noticiasradioreflejos.com.ar\/2021\/#website\",\"url\":\"https:\/\/www.noticiasradioreflejos.com.ar\/2021\/\",\"name\":\"Noticias Radio Reflejos\",\"description\":\"Las noticias de mi comarca\",\"potentialAction\":[{\"@type\":\"SearchAction\",\"target\":{\"@type\":\"EntryPoint\",\"urlTemplate\":\"https:\/\/www.noticiasradioreflejos.com.ar\/2021\/?s={search_term_string}\"},\"query-input\":{\"@type\":\"PropertyValueSpecification\",\"valueRequired\":true,\"valueName\":\"search_term_string\"}}],\"inLanguage\":\"es\"},{\"@type\":\"Person\",\"@id\":\"https:\/\/www.noticiasradioreflejos.com.ar\/2021\/#\/schema\/person\/ad82545263dcc5ec0996818884fd5fb1\",\"name\":\"Arnaldo Botto\",\"image\":{\"@type\":\"ImageObject\",\"inLanguage\":\"es\",\"@id\":\"https:\/\/www.noticiasradioreflejos.com.ar\/2021\/#\/schema\/person\/image\/\",\"url\":\"https:\/\/secure.gravatar.com\/avatar\/55cb5e37c1efa326397366e6974cb338056df65cb50e7d64d1cf314e87504837?s=96&d=mm&r=g\",\"contentUrl\":\"https:\/\/secure.gravatar.com\/avatar\/55cb5e37c1efa326397366e6974cb338056df65cb50e7d64d1cf314e87504837?s=96&d=mm&r=g\",\"caption\":\"Arnaldo Botto\"},\"url\":\"https:\/\/www.noticiasradioreflejos.com.ar\/2021\/author\/arnaldo\/\"}]}<\/script>\n<!-- \/ Yoast SEO plugin. -->","yoast_head_json":{"title":"Encontraron a todos los desaparecidos por los incendios y avanza la investigaci\u00f3n penal - Noticias Radio Reflejos","robots":{"index":"index","follow":"follow","max-snippet":"max-snippet:-1","max-image-preview":"max-image-preview:large","max-video-preview":"max-video-preview:-1"},"canonical":"https:\/\/www.noticiasradioreflejos.com.ar\/2021\/encontraron-a-todos-los-desaparecidos-por-los-incendios-y-avanza-la-investigacion-penal\/","og_locale":"es_ES","og_type":"article","og_title":"Encontraron a todos los desaparecidos por los incendios y avanza la investigaci\u00f3n penal - Noticias Radio Reflejos","og_description":"Todav\u00eda quedan dos focos activos aunque controlados. Hubo que lamentar una muerte y tres personas en estado grave por quemaduras.\u00a0 Los servicios se restablecen lentamente en las zonas afectadas por los incendios.","og_url":"https:\/\/www.noticiasradioreflejos.com.ar\/2021\/encontraron-a-todos-los-desaparecidos-por-los-incendios-y-avanza-la-investigacion-penal\/","og_site_name":"Noticias Radio Reflejos","article_published_time":"2021-03-14T14:17:53+00:00","og_image":[{"url":"https:\/\/www.telam.com.ar\/advf\/imagenes\/2021\/03\/604ad0a7c8c70_1004x566.png","type":"","width":"","height":""}],"author":"Arnaldo Botto","twitter_card":"summary_large_image","schema":{"@context":"https:\/\/schema.org","@graph":[{"@type":"WebPage","@id":"https:\/\/www.noticiasradioreflejos.com.ar\/2021\/encontraron-a-todos-los-desaparecidos-por-los-incendios-y-avanza-la-investigacion-penal\/","url":"https:\/\/www.noticiasradioreflejos.com.ar\/2021\/encontraron-a-todos-los-desaparecidos-por-los-incendios-y-avanza-la-investigacion-penal\/","name":"Encontraron a todos los desaparecidos por los incendios y avanza la investigaci\u00f3n penal - Noticias Radio Reflejos","isPartOf":{"@id":"https:\/\/www.noticiasradioreflejos.com.ar\/2021\/#website"},"primaryImageOfPage":{"@id":"https:\/\/www.noticiasradioreflejos.com.ar\/2021\/encontraron-a-todos-los-desaparecidos-por-los-incendios-y-avanza-la-investigacion-penal\/#primaryimage"},"image":{"@id":"https:\/\/www.noticiasradioreflejos.com.ar\/2021\/encontraron-a-todos-los-desaparecidos-por-los-incendios-y-avanza-la-investigacion-penal\/#primaryimage"},"thumbnailUrl":"https:\/\/www.telam.com.ar\/advf\/imagenes\/2021\/03\/604ad0a7c8c70_1004x566.png","datePublished":"2021-03-14T14:17:53+00:00","author":{"@id":"https:\/\/www.noticiasradioreflejos.com.ar\/2021\/#\/schema\/person\/ad82545263dcc5ec0996818884fd5fb1"},"breadcrumb":{"@id":"https:\/\/www.noticiasradioreflejos.com.ar\/2021\/encontraron-a-todos-los-desaparecidos-por-los-incendios-y-avanza-la-investigacion-penal\/#breadcrumb"},"inLanguage":"es","potentialAction":[{"@type":"ReadAction","target":["https:\/\/www.noticiasradioreflejos.com.ar\/2021\/encontraron-a-todos-los-desaparecidos-por-los-incendios-y-avanza-la-investigacion-penal\/"]}]},{"@type":"ImageObject","inLanguage":"es","@id":"https:\/\/www.noticiasradioreflejos.com.ar\/2021\/encontraron-a-todos-los-desaparecidos-por-los-incendios-y-avanza-la-investigacion-penal\/#primaryimage","url":"https:\/\/www.telam.com.ar\/advf\/imagenes\/2021\/03\/604ad0a7c8c70_1004x566.png","contentUrl":"https:\/\/www.telam.com.ar\/advf\/imagenes\/2021\/03\/604ad0a7c8c70_1004x566.png"},{"@type":"BreadcrumbList","@id":"https:\/\/www.noticiasradioreflejos.com.ar\/2021\/encontraron-a-todos-los-desaparecidos-por-los-incendios-y-avanza-la-investigacion-penal\/#breadcrumb","itemListElement":[{"@type":"ListItem","position":1,"name":"Portada","item":"https:\/\/www.noticiasradioreflejos.com.ar\/2021\/"},{"@type":"ListItem","position":2,"name":"Encontraron a todos los desaparecidos por los incendios y avanza la investigaci\u00f3n penal"}]},{"@type":"WebSite","@id":"https:\/\/www.noticiasradioreflejos.com.ar\/2021\/#website","url":"https:\/\/www.noticiasradioreflejos.com.ar\/2021\/","name":"Noticias Radio Reflejos","description":"Las noticias de mi comarca","potentialAction":[{"@type":"SearchAction","target":{"@type":"EntryPoint","urlTemplate":"https:\/\/www.noticiasradioreflejos.com.ar\/2021\/?s={search_term_string}"},"query-input":{"@type":"PropertyValueSpecification","valueRequired":true,"valueName":"search_term_string"}}],"inLanguage":"es"},{"@type":"Person","@id":"https:\/\/www.noticiasradioreflejos.com.ar\/2021\/#\/schema\/person\/ad82545263dcc5ec0996818884fd5fb1","name":"Arnaldo Botto","image":{"@type":"ImageObject","inLanguage":"es","@id":"https:\/\/www.noticiasradioreflejos.com.ar\/2021\/#\/schema\/person\/image\/","url":"https:\/\/secure.gravatar.com\/avatar\/55cb5e37c1efa326397366e6974cb338056df65cb50e7d64d1cf314e87504837?s=96&d=mm&r=g","contentUrl":"https:\/\/secure.gravatar.com\/avatar\/55cb5e37c1efa326397366e6974cb338056df65cb50e7d64d1cf314e87504837?s=96&d=mm&r=g","caption":"Arnaldo Botto"},"url":"https:\/\/www.noticiasradioreflejos.com.ar\/2021\/author\/arnaldo\/"}]}},"_links":{"self":[{"href":"https:\/\/www.noticiasradioreflejos.com.ar\/2021\/wp-json\/wp\/v2\/posts\/53880","targetHints":{"allow":["GET"]}}],"collection":[{"href":"https:\/\/www.noticiasradioreflejos.com.ar\/2021\/wp-json\/wp\/v2\/posts"}],"about":[{"href":"https:\/\/www.noticiasradioreflejos.com.ar\/2021\/wp-json\/wp\/v2\/types\/post"}],"author":[{"embeddable":true,"href":"https:\/\/www.noticiasradioreflejos.com.ar\/2021\/wp-json\/wp\/v2\/users\/3"}],"replies":[{"embeddable":true,"href":"https:\/\/www.noticiasradioreflejos.com.ar\/2021\/wp-json\/wp\/v2\/comments?post=53880"}],"version-history":[{"count":0,"href":"https:\/\/www.noticiasradioreflejos.com.ar\/2021\/wp-json\/wp\/v2\/posts\/53880\/revisions"}],"wp:attachment":[{"href":"https:\/\/www.noticiasradioreflejos.com.ar\/2021\/wp-json\/wp\/v2\/media?parent=53880"}],"wp:term":[{"taxonomy":"category","embeddable":true,"href":"https:\/\/www.noticiasradioreflejos.com.ar\/2021\/wp-json\/wp\/v2\/categories?post=53880"},{"taxonomy":"post_tag","embeddable":true,"href":"https:\/\/www.noticiasradioreflejos.com.ar\/2021\/wp-json\/wp\/v2\/tags?post=53880"}],"curies":[{"name":"wp","href":"https:\/\/api.w.org\/{rel}","templated":true}]}}