{"id":53875,"date":"2021-03-14T10:21:03","date_gmt":"2021-03-14T13:21:03","guid":{"rendered":"http:\/\/www.noticiasradioreflejos.com.ar\/noticias\/?p=53875"},"modified":"2021-03-14T10:21:03","modified_gmt":"2021-03-14T13:21:03","slug":"domingo-con-lluvias-en-el-amanecer-y-tiempo-inestable","status":"publish","type":"post","link":"https:\/\/www.noticiasradioreflejos.com.ar\/2021\/domingo-con-lluvias-en-el-amanecer-y-tiempo-inestable\/","title":{"rendered":"Domingo con lluvias en el amanecer y tiempo inestable."},"content":{"rendered":"<p>Un fuerte chaparr\u00f3n cay\u00f3 esta madrugada en Sierra de la Ventana y gran parte de la comarca. Este domingo tendremos una jornada inestable con presencia de precipitaciones.<!--more--><\/p>\n<p>Cerca de las 4 de la madrugada de este domingo 14 de marzo lleg\u00f3 un fuerte chaparr\u00f3n a la zona serrana, dejando 6 mm en la zona urbana de Sierra de la Ventana y villa Ventana, aunque en Tornquist el registro super\u00f3 29 mm. Ayer s\u00e1bado se registraron algunos chaparrones leves sin llegar a sumar ,il\u00edmetros importantes y durante la tarde y noche se vieron tormentas el\u00e9ctricas en las inmediaciones de Sierra de la Ventana.<br \/>\nEl pronostico anticipa inestable con precipitaciones durante la ma\u00f1ana de hoy, vientos suaves a moderados del sudeste y una m\u00e1xima de 27\u00b0.<br \/>\nA partir de hoy y durante gran parte de los d\u00edas de la semana entrante se producir\u00e1n precipitaciones en nuestra comarca y gran parte de la zona.<\/p>\n<p><strong>Totales de lluvias de hoy<\/strong><br \/>\n6.5 mm e Sierra de la Ventana<br \/>\n6.2 mm en Villa Ventana<br \/>\n29 mm en Tornquist<br \/>\n6 mm en El Pantanoso<br \/>\n9.2 mm en San Eloy<br \/>\n10 mm en Dufaur<br \/>\n1.6 mm en Puan<br \/>\n4.6 mm en Pig\u00fce<br \/>\n0.3 mm en Cnel Pringles<br \/>\n24.5 mm en Pasman<br \/>\n20 mm en Cura Malal<br \/>\n33 mm en Carhue<\/p>\n<p><strong>Foto de portada de Franco Scialpi<\/strong><\/p>\n","protected":false},"excerpt":{"rendered":"<p>Un fuerte chaparr\u00f3n cay\u00f3 esta madrugada en Sierra de la Ventana y gran parte de la comarca. Este domingo tendremos una jornada inestable con presencia de precipitaciones.<\/p>\n","protected":false},"author":3,"featured_media":0,"comment_status":"closed","ping_status":"open","sticky":false,"template":"","format":"standard","meta":{"footnotes":""},"categories":[26],"tags":[],"class_list":["post-53875","post","type-post","status-publish","format-standard","hentry","category-sociedad"],"yoast_head":"<!-- This site is optimized with the Yoast SEO plugin v25.9 - https:\/\/yoast.com\/wordpress\/plugins\/seo\/ -->\n<title>Domingo con lluvias en el amanecer y tiempo inestable. - Noticias Radio Reflejos<\/title>\n<meta name=\"robots\" content=\"index, follow, max-snippet:-1, max-image-preview:large, max-video-preview:-1\" \/>\n<link rel=\"canonical\" href=\"https:\/\/www.noticiasradioreflejos.com.ar\/2021\/domingo-con-lluvias-en-el-amanecer-y-tiempo-inestable\/\" \/>\n<meta property=\"og:locale\" content=\"es_ES\" \/>\n<meta property=\"og:type\" content=\"article\" \/>\n<meta property=\"og:title\" content=\"Domingo con lluvias en el amanecer y tiempo inestable. - Noticias Radio Reflejos\" \/>\n<meta property=\"og:description\" content=\"Un fuerte chaparr\u00f3n cay\u00f3 esta madrugada en Sierra de la Ventana y gran parte de la comarca. Este domingo tendremos una jornada inestable con presencia de precipitaciones.\" \/>\n<meta property=\"og:url\" content=\"https:\/\/www.noticiasradioreflejos.com.ar\/2021\/domingo-con-lluvias-en-el-amanecer-y-tiempo-inestable\/\" \/>\n<meta property=\"og:site_name\" content=\"Noticias Radio Reflejos\" \/>\n<meta property=\"article:published_time\" content=\"2021-03-14T13:21:03+00:00\" \/>\n<meta property=\"og:image\" content=\"https:\/\/www.noticiasradioreflejos.com.ar\/2021\/wp-content\/uploads\/2021\/07\/logosol300x200.png\" \/>\n\t<meta property=\"og:image:width\" content=\"300\" \/>\n\t<meta property=\"og:image:height\" content=\"200\" \/>\n\t<meta property=\"og:image:type\" content=\"image\/png\" \/>\n<meta name=\"author\" content=\"Arnaldo Botto\" \/>\n<meta name=\"twitter:card\" content=\"summary_large_image\" \/>\n<script type=\"application\/ld+json\" class=\"yoast-schema-graph\">{\"@context\":\"https:\/\/schema.org\",\"@graph\":[{\"@type\":\"WebPage\",\"@id\":\"https:\/\/www.noticiasradioreflejos.com.ar\/2021\/domingo-con-lluvias-en-el-amanecer-y-tiempo-inestable\/\",\"url\":\"https:\/\/www.noticiasradioreflejos.com.ar\/2021\/domingo-con-lluvias-en-el-amanecer-y-tiempo-inestable\/\",\"name\":\"Domingo con lluvias en el amanecer y tiempo inestable. - Noticias Radio Reflejos\",\"isPartOf\":{\"@id\":\"https:\/\/www.noticiasradioreflejos.com.ar\/2021\/#website\"},\"datePublished\":\"2021-03-14T13:21:03+00:00\",\"author\":{\"@id\":\"https:\/\/www.noticiasradioreflejos.com.ar\/2021\/#\/schema\/person\/ad82545263dcc5ec0996818884fd5fb1\"},\"breadcrumb\":{\"@id\":\"https:\/\/www.noticiasradioreflejos.com.ar\/2021\/domingo-con-lluvias-en-el-amanecer-y-tiempo-inestable\/#breadcrumb\"},\"inLanguage\":\"es\",\"potentialAction\":[{\"@type\":\"ReadAction\",\"target\":[\"https:\/\/www.noticiasradioreflejos.com.ar\/2021\/domingo-con-lluvias-en-el-amanecer-y-tiempo-inestable\/\"]}]},{\"@type\":\"BreadcrumbList\",\"@id\":\"https:\/\/www.noticiasradioreflejos.com.ar\/2021\/domingo-con-lluvias-en-el-amanecer-y-tiempo-inestable\/#breadcrumb\",\"itemListElement\":[{\"@type\":\"ListItem\",\"position\":1,\"name\":\"Portada\",\"item\":\"https:\/\/www.noticiasradioreflejos.com.ar\/2021\/\"},{\"@type\":\"ListItem\",\"position\":2,\"name\":\"Domingo con lluvias en el amanecer y tiempo inestable.\"}]},{\"@type\":\"WebSite\",\"@id\":\"https:\/\/www.noticiasradioreflejos.com.ar\/2021\/#website\",\"url\":\"https:\/\/www.noticiasradioreflejos.com.ar\/2021\/\",\"name\":\"Noticias Radio Reflejos\",\"description\":\"Las noticias de mi comarca\",\"potentialAction\":[{\"@type\":\"SearchAction\",\"target\":{\"@type\":\"EntryPoint\",\"urlTemplate\":\"https:\/\/www.noticiasradioreflejos.com.ar\/2021\/?s={search_term_string}\"},\"query-input\":{\"@type\":\"PropertyValueSpecification\",\"valueRequired\":true,\"valueName\":\"search_term_string\"}}],\"inLanguage\":\"es\"},{\"@type\":\"Person\",\"@id\":\"https:\/\/www.noticiasradioreflejos.com.ar\/2021\/#\/schema\/person\/ad82545263dcc5ec0996818884fd5fb1\",\"name\":\"Arnaldo Botto\",\"image\":{\"@type\":\"ImageObject\",\"inLanguage\":\"es\",\"@id\":\"https:\/\/www.noticiasradioreflejos.com.ar\/2021\/#\/schema\/person\/image\/\",\"url\":\"https:\/\/secure.gravatar.com\/avatar\/55cb5e37c1efa326397366e6974cb338056df65cb50e7d64d1cf314e87504837?s=96&d=mm&r=g\",\"contentUrl\":\"https:\/\/secure.gravatar.com\/avatar\/55cb5e37c1efa326397366e6974cb338056df65cb50e7d64d1cf314e87504837?s=96&d=mm&r=g\",\"caption\":\"Arnaldo Botto\"},\"url\":\"https:\/\/www.noticiasradioreflejos.com.ar\/2021\/author\/arnaldo\/\"}]}<\/script>\n<!-- \/ Yoast SEO plugin. -->","yoast_head_json":{"title":"Domingo con lluvias en el amanecer y tiempo inestable. - Noticias Radio Reflejos","robots":{"index":"index","follow":"follow","max-snippet":"max-snippet:-1","max-image-preview":"max-image-preview:large","max-video-preview":"max-video-preview:-1"},"canonical":"https:\/\/www.noticiasradioreflejos.com.ar\/2021\/domingo-con-lluvias-en-el-amanecer-y-tiempo-inestable\/","og_locale":"es_ES","og_type":"article","og_title":"Domingo con lluvias en el amanecer y tiempo inestable. - Noticias Radio Reflejos","og_description":"Un fuerte chaparr\u00f3n cay\u00f3 esta madrugada en Sierra de la Ventana y gran parte de la comarca. Este domingo tendremos una jornada inestable con presencia de precipitaciones.","og_url":"https:\/\/www.noticiasradioreflejos.com.ar\/2021\/domingo-con-lluvias-en-el-amanecer-y-tiempo-inestable\/","og_site_name":"Noticias Radio Reflejos","article_published_time":"2021-03-14T13:21:03+00:00","og_image":[{"width":300,"height":200,"url":"https:\/\/www.noticiasradioreflejos.com.ar\/2021\/wp-content\/uploads\/2021\/07\/logosol300x200.png","type":"image\/png"}],"author":"Arnaldo Botto","twitter_card":"summary_large_image","schema":{"@context":"https:\/\/schema.org","@graph":[{"@type":"WebPage","@id":"https:\/\/www.noticiasradioreflejos.com.ar\/2021\/domingo-con-lluvias-en-el-amanecer-y-tiempo-inestable\/","url":"https:\/\/www.noticiasradioreflejos.com.ar\/2021\/domingo-con-lluvias-en-el-amanecer-y-tiempo-inestable\/","name":"Domingo con lluvias en el amanecer y tiempo inestable. - Noticias Radio Reflejos","isPartOf":{"@id":"https:\/\/www.noticiasradioreflejos.com.ar\/2021\/#website"},"datePublished":"2021-03-14T13:21:03+00:00","author":{"@id":"https:\/\/www.noticiasradioreflejos.com.ar\/2021\/#\/schema\/person\/ad82545263dcc5ec0996818884fd5fb1"},"breadcrumb":{"@id":"https:\/\/www.noticiasradioreflejos.com.ar\/2021\/domingo-con-lluvias-en-el-amanecer-y-tiempo-inestable\/#breadcrumb"},"inLanguage":"es","potentialAction":[{"@type":"ReadAction","target":["https:\/\/www.noticiasradioreflejos.com.ar\/2021\/domingo-con-lluvias-en-el-amanecer-y-tiempo-inestable\/"]}]},{"@type":"BreadcrumbList","@id":"https:\/\/www.noticiasradioreflejos.com.ar\/2021\/domingo-con-lluvias-en-el-amanecer-y-tiempo-inestable\/#breadcrumb","itemListElement":[{"@type":"ListItem","position":1,"name":"Portada","item":"https:\/\/www.noticiasradioreflejos.com.ar\/2021\/"},{"@type":"ListItem","position":2,"name":"Domingo con lluvias en el amanecer y tiempo inestable."}]},{"@type":"WebSite","@id":"https:\/\/www.noticiasradioreflejos.com.ar\/2021\/#website","url":"https:\/\/www.noticiasradioreflejos.com.ar\/2021\/","name":"Noticias Radio Reflejos","description":"Las noticias de mi comarca","potentialAction":[{"@type":"SearchAction","target":{"@type":"EntryPoint","urlTemplate":"https:\/\/www.noticiasradioreflejos.com.ar\/2021\/?s={search_term_string}"},"query-input":{"@type":"PropertyValueSpecification","valueRequired":true,"valueName":"search_term_string"}}],"inLanguage":"es"},{"@type":"Person","@id":"https:\/\/www.noticiasradioreflejos.com.ar\/2021\/#\/schema\/person\/ad82545263dcc5ec0996818884fd5fb1","name":"Arnaldo Botto","image":{"@type":"ImageObject","inLanguage":"es","@id":"https:\/\/www.noticiasradioreflejos.com.ar\/2021\/#\/schema\/person\/image\/","url":"https:\/\/secure.gravatar.com\/avatar\/55cb5e37c1efa326397366e6974cb338056df65cb50e7d64d1cf314e87504837?s=96&d=mm&r=g","contentUrl":"https:\/\/secure.gravatar.com\/avatar\/55cb5e37c1efa326397366e6974cb338056df65cb50e7d64d1cf314e87504837?s=96&d=mm&r=g","caption":"Arnaldo Botto"},"url":"https:\/\/www.noticiasradioreflejos.com.ar\/2021\/author\/arnaldo\/"}]}},"_links":{"self":[{"href":"https:\/\/www.noticiasradioreflejos.com.ar\/2021\/wp-json\/wp\/v2\/posts\/53875","targetHints":{"allow":["GET"]}}],"collection":[{"href":"https:\/\/www.noticiasradioreflejos.com.ar\/2021\/wp-json\/wp\/v2\/posts"}],"about":[{"href":"https:\/\/www.noticiasradioreflejos.com.ar\/2021\/wp-json\/wp\/v2\/types\/post"}],"author":[{"embeddable":true,"href":"https:\/\/www.noticiasradioreflejos.com.ar\/2021\/wp-json\/wp\/v2\/users\/3"}],"replies":[{"embeddable":true,"href":"https:\/\/www.noticiasradioreflejos.com.ar\/2021\/wp-json\/wp\/v2\/comments?post=53875"}],"version-history":[{"count":0,"href":"https:\/\/www.noticiasradioreflejos.com.ar\/2021\/wp-json\/wp\/v2\/posts\/53875\/revisions"}],"wp:attachment":[{"href":"https:\/\/www.noticiasradioreflejos.com.ar\/2021\/wp-json\/wp\/v2\/media?parent=53875"}],"wp:term":[{"taxonomy":"category","embeddable":true,"href":"https:\/\/www.noticiasradioreflejos.com.ar\/2021\/wp-json\/wp\/v2\/categories?post=53875"},{"taxonomy":"post_tag","embeddable":true,"href":"https:\/\/www.noticiasradioreflejos.com.ar\/2021\/wp-json\/wp\/v2\/tags?post=53875"}],"curies":[{"name":"wp","href":"https:\/\/api.w.org\/{rel}","templated":true}]}}