{"id":53862,"date":"2021-03-14T06:36:34","date_gmt":"2021-03-14T09:36:34","guid":{"rendered":"http:\/\/www.noticiasradioreflejos.com.ar\/noticias\/?p=53862"},"modified":"2021-03-14T06:36:34","modified_gmt":"2021-03-14T09:36:34","slug":"detuvieron-al-autor-de-los-asaltos-en-la-comarca","status":"publish","type":"post","link":"https:\/\/www.noticiasradioreflejos.com.ar\/2021\/detuvieron-al-autor-de-los-asaltos-en-la-comarca\/","title":{"rendered":"Detuvieron al autor de los asaltos en la comarca."},"content":{"rendered":"<p>Hace instantes, personal de la polic\u00eda de Sierra de la Ventana logro atrapar al autor de los dos hechos delictivos de este s\u00e1bado. Se trata de Juan Mario Gerling (58), oriundo de Pringles, quien fue encontrado en horas de la madrugada y est\u00e1 acusado de cometer dos violentos hechos delictivos.<!--more--><\/p>\n<p><a title=\"159512971_435953367634593_2667922672975639396_n\" href=\"https:\/\/www.flickr.com\/photos\/182279889@N02\/51035781877\/in\/dateposted-public\/\" data-flickr-embed=\"true\"><img loading=\"lazy\" decoding=\"async\" src=\"https:\/\/live.staticflickr.com\/65535\/51035781877_7c985e6d4f_c.jpg\" alt=\"159512971_435953367634593_2667922672975639396_n\" width=\"450\" height=\"800\" \/><\/a><script src=\"\/\/embedr.flickr.com\/assets\/client-code.js\" async=\"\" charset=\"utf-8\"><\/script><\/p>\n<p>Cerca de las 4.15 hs de este domingo 14 de marzo y tras horas de persecuci\u00f3n y rastrillaje, , el hombre que asalt\u00f3 en la madrugada a una familia en la ruta 76 en cercan\u00edas de Tornquist y del asalto en San Andr\u00e9s de las Sierras, cay\u00f3 en cercan\u00edas de Villa Ventana en manos del personal al mando del Subcomisario <strong>Maximiliano Fogel. <\/strong><br \/>\n Al momento de atraparlo le encontraron el arma de fuego que utiliz\u00f3 en los atracos, dinero y pertenencias de las v\u00edctimas de ambos hechos. El delincuente est\u00e1 detenido en la subestaci\u00f3n de Sierra de la Ventana.<\/p>\n<p><strong>Parte de prensa<\/strong><\/p>\n<p>En el d\u00eda de la fecha personal de la Sub Estaci\u00f3n de Polic\u00eda Comunal de Sierra de la Ventana a cargo del Oficial Inspector Fogel Maximiliano y monitoreado por el Jefe Comunal de Tornquist Crio. Inspector Jorge Maffioli, tras il\u00edcitos acaecidos sobre Ruta Prov. 76 en el d\u00eda de ayer, siendo el primero de ellos a las 03:20 Hs donde resulta denunciante Mariano Sebasti\u00e1n Mu\u00f1oz, quien refiri\u00f3 que un N.N. masculino previo arrojar clavos miguelitos en la calzada, mediante el uso de arma de fuego intimidando a las victimas le sustrajo $7600 pesos en efectivo a una familia que ven\u00eda a la comarca a pasar el fin de semana.<\/p>\n<p><a title=\"WhatsApp Image 2021-03-14 at 07.13.47\" href=\"https:\/\/www.flickr.com\/photos\/182279889@N02\/51034934858\/in\/dateposted-public\/\" data-flickr-embed=\"true\"><img loading=\"lazy\" decoding=\"async\" src=\"https:\/\/live.staticflickr.com\/65535\/51034934858_3a7c4c0b56_c.jpg\" alt=\"WhatsApp Image 2021-03-14 at 07.13.47\" width=\"600\" height=\"800\" \/><\/a><script src=\"\/\/embedr.flickr.com\/assets\/client-code.js\" async=\"\" charset=\"utf-8\"><\/script><\/p>\n<p>En el segundo il\u00edcito, en el d\u00eda de ayer siendo las 22:30 hs se toma conocimiento por medio de la v\u00edctima Judith Coplo y Otro, que un N.N. masculino qui\u00e9n empu\u00f1ando un arma fuego, llevando colocado un pasa monta\u00f1as cubriendo su rostro, le sustrajo la suma de $10.000 pesos en efectivo.<\/p>\n<p>A Ra\u00edz de amplias tareas investigativas llevadas a cabo por personal este elemento junto a Jefatura Polic\u00eda Comunal Tornquist y Sub DDI C. Suarez, se logr\u00f3 establecer la autor\u00eda del hecho por parte de GERLING, debido a su modus operandi y su descripci\u00f3n f\u00edsica.<\/p>\n<p>Que siendo las 04:15 hs se procede a la aprehensi\u00f3n<strong> JUAN MARIO GERLING<\/strong> quien arribaba a pie <strong>Villa Ventana<\/strong>, aprovechando la oscuridad reinante y la lluvia en ese momento para ocultarse, es igualmente interceptado por personal policial, procedi\u00e9ndose a su inmediata Aprehensi\u00f3n y al posterior SECUESTRO de 1 linterna verde LED, un pasa monta\u00f1a, un fajo $10000 pesos; (hecho 2), otro fajo de $7600 pesos (hecho 1), 2 destornilladores, 1 pinza, cables y cordones para amordazar v\u00edctimas, 12 clavos Miguelitos, 1 arma de fuego cargada, con varios proyectiles intactos listos para el disparo, 1 mochila conteniendo varios proyectiles.<\/p>\n<p><a title=\"WhatsApp Image 2021-03-14 at 07.13.47 (1)\" href=\"https:\/\/www.flickr.com\/photos\/182279889@N02\/51035668621\/in\/dateposted-public\/\" data-flickr-embed=\"true\"><img loading=\"lazy\" decoding=\"async\" src=\"https:\/\/live.staticflickr.com\/65535\/51035668621_2621003548_c.jpg\" alt=\"WhatsApp Image 2021-03-14 at 07.13.47 (1)\" width=\"800\" height=\"600\" \/><\/a><script src=\"\/\/embedr.flickr.com\/assets\/client-code.js\" async=\"\" charset=\"utf-8\"><\/script><\/p>\n<p>Todos elementos en poder del aprehendido, siendo de inter\u00e9s para ambas actuaciones penales preparatorias. Quedando el sujeto a disposici\u00f3n de la Unidad Funcional de Instrucci\u00f3n y Juicio Nro. 11 y Aytia Fiscal Tornquist, ambos del Departamento Judicial Bah\u00eda Blanca.<br \/>\nCabe destacar que el sujeto de menci\u00f3n se encuentra sospechado en el il\u00edcito del cual resulta denunciante Fernando Gabriel Mangione, ocurrido el d\u00eda viernes 27 de febrero del corriente a\u00f1o, sobre ruta provincial 76 a escasos 5 kil\u00f3metros del cruce con ruta prov. 72, ya que el autor para detener la marcha del autom\u00f3vil utiliz\u00f3 clavos miguelitos.-<\/p>\n<p>SECRETARIA DE SEGURIDAD DE TORNQUIST<\/p>\n","protected":false},"excerpt":{"rendered":"<p>Hace instantes, personal de la polic\u00eda de Sierra de la Ventana logro atrapar al autor de los dos hechos delictivos de este s\u00e1bado. Se trata de Juan Mario Gerling (58), oriundo de Pringles, quien fue encontrado en horas de la madrugada y est\u00e1 acusado de cometer dos violentos hechos delictivos.<\/p>\n","protected":false},"author":3,"featured_media":19558,"comment_status":"closed","ping_status":"open","sticky":false,"template":"","format":"standard","meta":{"footnotes":""},"categories":[29],"tags":[],"class_list":["post-53862","post","type-post","status-publish","format-standard","has-post-thumbnail","hentry","category-policiales"],"yoast_head":"<!-- This site is optimized with the Yoast SEO plugin v25.9 - https:\/\/yoast.com\/wordpress\/plugins\/seo\/ -->\n<title>Detuvieron al autor de los asaltos en la comarca. - Noticias Radio Reflejos<\/title>\n<meta name=\"robots\" content=\"index, follow, max-snippet:-1, max-image-preview:large, max-video-preview:-1\" \/>\n<link rel=\"canonical\" href=\"https:\/\/www.noticiasradioreflejos.com.ar\/2021\/detuvieron-al-autor-de-los-asaltos-en-la-comarca\/\" \/>\n<meta property=\"og:locale\" content=\"es_ES\" \/>\n<meta property=\"og:type\" content=\"article\" \/>\n<meta property=\"og:title\" content=\"Detuvieron al autor de los asaltos en la comarca. - Noticias Radio Reflejos\" \/>\n<meta property=\"og:description\" content=\"Hace instantes, personal de la polic\u00eda de Sierra de la Ventana logro atrapar al autor de los dos hechos delictivos de este s\u00e1bado. Se trata de Juan Mario Gerling (58), oriundo de Pringles, quien fue encontrado en horas de la madrugada y est\u00e1 acusado de cometer dos violentos hechos delictivos.\" \/>\n<meta property=\"og:url\" content=\"https:\/\/www.noticiasradioreflejos.com.ar\/2021\/detuvieron-al-autor-de-los-asaltos-en-la-comarca\/\" \/>\n<meta property=\"og:site_name\" content=\"Noticias Radio Reflejos\" \/>\n<meta property=\"article:published_time\" content=\"2021-03-14T09:36:34+00:00\" \/>\n<meta property=\"og:image\" content=\"https:\/\/www.noticiasradioreflejos.com.ar\/2021\/wp-content\/uploads\/2018\/03\/comisaria.jpg\" \/>\n\t<meta property=\"og:image:width\" content=\"960\" \/>\n\t<meta property=\"og:image:height\" content=\"540\" \/>\n\t<meta property=\"og:image:type\" content=\"image\/jpeg\" \/>\n<meta name=\"author\" content=\"Arnaldo Botto\" \/>\n<meta name=\"twitter:card\" content=\"summary_large_image\" \/>\n<script type=\"application\/ld+json\" class=\"yoast-schema-graph\">{\"@context\":\"https:\/\/schema.org\",\"@graph\":[{\"@type\":\"WebPage\",\"@id\":\"https:\/\/www.noticiasradioreflejos.com.ar\/2021\/detuvieron-al-autor-de-los-asaltos-en-la-comarca\/\",\"url\":\"https:\/\/www.noticiasradioreflejos.com.ar\/2021\/detuvieron-al-autor-de-los-asaltos-en-la-comarca\/\",\"name\":\"Detuvieron al autor de los asaltos en la comarca. - Noticias Radio Reflejos\",\"isPartOf\":{\"@id\":\"https:\/\/www.noticiasradioreflejos.com.ar\/2021\/#website\"},\"primaryImageOfPage\":{\"@id\":\"https:\/\/www.noticiasradioreflejos.com.ar\/2021\/detuvieron-al-autor-de-los-asaltos-en-la-comarca\/#primaryimage\"},\"image\":{\"@id\":\"https:\/\/www.noticiasradioreflejos.com.ar\/2021\/detuvieron-al-autor-de-los-asaltos-en-la-comarca\/#primaryimage\"},\"thumbnailUrl\":\"https:\/\/www.noticiasradioreflejos.com.ar\/2021\/wp-content\/uploads\/2018\/03\/comisaria.jpg\",\"datePublished\":\"2021-03-14T09:36:34+00:00\",\"author\":{\"@id\":\"https:\/\/www.noticiasradioreflejos.com.ar\/2021\/#\/schema\/person\/ad82545263dcc5ec0996818884fd5fb1\"},\"breadcrumb\":{\"@id\":\"https:\/\/www.noticiasradioreflejos.com.ar\/2021\/detuvieron-al-autor-de-los-asaltos-en-la-comarca\/#breadcrumb\"},\"inLanguage\":\"es\",\"potentialAction\":[{\"@type\":\"ReadAction\",\"target\":[\"https:\/\/www.noticiasradioreflejos.com.ar\/2021\/detuvieron-al-autor-de-los-asaltos-en-la-comarca\/\"]}]},{\"@type\":\"ImageObject\",\"inLanguage\":\"es\",\"@id\":\"https:\/\/www.noticiasradioreflejos.com.ar\/2021\/detuvieron-al-autor-de-los-asaltos-en-la-comarca\/#primaryimage\",\"url\":\"https:\/\/www.noticiasradioreflejos.com.ar\/2021\/wp-content\/uploads\/2018\/03\/comisaria.jpg\",\"contentUrl\":\"https:\/\/www.noticiasradioreflejos.com.ar\/2021\/wp-content\/uploads\/2018\/03\/comisaria.jpg\",\"width\":960,\"height\":540},{\"@type\":\"BreadcrumbList\",\"@id\":\"https:\/\/www.noticiasradioreflejos.com.ar\/2021\/detuvieron-al-autor-de-los-asaltos-en-la-comarca\/#breadcrumb\",\"itemListElement\":[{\"@type\":\"ListItem\",\"position\":1,\"name\":\"Portada\",\"item\":\"https:\/\/www.noticiasradioreflejos.com.ar\/2021\/\"},{\"@type\":\"ListItem\",\"position\":2,\"name\":\"Detuvieron al autor de los asaltos en la comarca.\"}]},{\"@type\":\"WebSite\",\"@id\":\"https:\/\/www.noticiasradioreflejos.com.ar\/2021\/#website\",\"url\":\"https:\/\/www.noticiasradioreflejos.com.ar\/2021\/\",\"name\":\"Noticias Radio Reflejos\",\"description\":\"Las noticias de mi comarca\",\"potentialAction\":[{\"@type\":\"SearchAction\",\"target\":{\"@type\":\"EntryPoint\",\"urlTemplate\":\"https:\/\/www.noticiasradioreflejos.com.ar\/2021\/?s={search_term_string}\"},\"query-input\":{\"@type\":\"PropertyValueSpecification\",\"valueRequired\":true,\"valueName\":\"search_term_string\"}}],\"inLanguage\":\"es\"},{\"@type\":\"Person\",\"@id\":\"https:\/\/www.noticiasradioreflejos.com.ar\/2021\/#\/schema\/person\/ad82545263dcc5ec0996818884fd5fb1\",\"name\":\"Arnaldo Botto\",\"image\":{\"@type\":\"ImageObject\",\"inLanguage\":\"es\",\"@id\":\"https:\/\/www.noticiasradioreflejos.com.ar\/2021\/#\/schema\/person\/image\/\",\"url\":\"https:\/\/secure.gravatar.com\/avatar\/55cb5e37c1efa326397366e6974cb338056df65cb50e7d64d1cf314e87504837?s=96&d=mm&r=g\",\"contentUrl\":\"https:\/\/secure.gravatar.com\/avatar\/55cb5e37c1efa326397366e6974cb338056df65cb50e7d64d1cf314e87504837?s=96&d=mm&r=g\",\"caption\":\"Arnaldo Botto\"},\"url\":\"https:\/\/www.noticiasradioreflejos.com.ar\/2021\/author\/arnaldo\/\"}]}<\/script>\n<!-- \/ Yoast SEO plugin. -->","yoast_head_json":{"title":"Detuvieron al autor de los asaltos en la comarca. - Noticias Radio Reflejos","robots":{"index":"index","follow":"follow","max-snippet":"max-snippet:-1","max-image-preview":"max-image-preview:large","max-video-preview":"max-video-preview:-1"},"canonical":"https:\/\/www.noticiasradioreflejos.com.ar\/2021\/detuvieron-al-autor-de-los-asaltos-en-la-comarca\/","og_locale":"es_ES","og_type":"article","og_title":"Detuvieron al autor de los asaltos en la comarca. - Noticias Radio Reflejos","og_description":"Hace instantes, personal de la polic\u00eda de Sierra de la Ventana logro atrapar al autor de los dos hechos delictivos de este s\u00e1bado. Se trata de Juan Mario Gerling (58), oriundo de Pringles, quien fue encontrado en horas de la madrugada y est\u00e1 acusado de cometer dos violentos hechos delictivos.","og_url":"https:\/\/www.noticiasradioreflejos.com.ar\/2021\/detuvieron-al-autor-de-los-asaltos-en-la-comarca\/","og_site_name":"Noticias Radio Reflejos","article_published_time":"2021-03-14T09:36:34+00:00","og_image":[{"width":960,"height":540,"url":"https:\/\/www.noticiasradioreflejos.com.ar\/2021\/wp-content\/uploads\/2018\/03\/comisaria.jpg","type":"image\/jpeg"}],"author":"Arnaldo Botto","twitter_card":"summary_large_image","schema":{"@context":"https:\/\/schema.org","@graph":[{"@type":"WebPage","@id":"https:\/\/www.noticiasradioreflejos.com.ar\/2021\/detuvieron-al-autor-de-los-asaltos-en-la-comarca\/","url":"https:\/\/www.noticiasradioreflejos.com.ar\/2021\/detuvieron-al-autor-de-los-asaltos-en-la-comarca\/","name":"Detuvieron al autor de los asaltos en la comarca. - Noticias Radio Reflejos","isPartOf":{"@id":"https:\/\/www.noticiasradioreflejos.com.ar\/2021\/#website"},"primaryImageOfPage":{"@id":"https:\/\/www.noticiasradioreflejos.com.ar\/2021\/detuvieron-al-autor-de-los-asaltos-en-la-comarca\/#primaryimage"},"image":{"@id":"https:\/\/www.noticiasradioreflejos.com.ar\/2021\/detuvieron-al-autor-de-los-asaltos-en-la-comarca\/#primaryimage"},"thumbnailUrl":"https:\/\/www.noticiasradioreflejos.com.ar\/2021\/wp-content\/uploads\/2018\/03\/comisaria.jpg","datePublished":"2021-03-14T09:36:34+00:00","author":{"@id":"https:\/\/www.noticiasradioreflejos.com.ar\/2021\/#\/schema\/person\/ad82545263dcc5ec0996818884fd5fb1"},"breadcrumb":{"@id":"https:\/\/www.noticiasradioreflejos.com.ar\/2021\/detuvieron-al-autor-de-los-asaltos-en-la-comarca\/#breadcrumb"},"inLanguage":"es","potentialAction":[{"@type":"ReadAction","target":["https:\/\/www.noticiasradioreflejos.com.ar\/2021\/detuvieron-al-autor-de-los-asaltos-en-la-comarca\/"]}]},{"@type":"ImageObject","inLanguage":"es","@id":"https:\/\/www.noticiasradioreflejos.com.ar\/2021\/detuvieron-al-autor-de-los-asaltos-en-la-comarca\/#primaryimage","url":"https:\/\/www.noticiasradioreflejos.com.ar\/2021\/wp-content\/uploads\/2018\/03\/comisaria.jpg","contentUrl":"https:\/\/www.noticiasradioreflejos.com.ar\/2021\/wp-content\/uploads\/2018\/03\/comisaria.jpg","width":960,"height":540},{"@type":"BreadcrumbList","@id":"https:\/\/www.noticiasradioreflejos.com.ar\/2021\/detuvieron-al-autor-de-los-asaltos-en-la-comarca\/#breadcrumb","itemListElement":[{"@type":"ListItem","position":1,"name":"Portada","item":"https:\/\/www.noticiasradioreflejos.com.ar\/2021\/"},{"@type":"ListItem","position":2,"name":"Detuvieron al autor de los asaltos en la comarca."}]},{"@type":"WebSite","@id":"https:\/\/www.noticiasradioreflejos.com.ar\/2021\/#website","url":"https:\/\/www.noticiasradioreflejos.com.ar\/2021\/","name":"Noticias Radio Reflejos","description":"Las noticias de mi comarca","potentialAction":[{"@type":"SearchAction","target":{"@type":"EntryPoint","urlTemplate":"https:\/\/www.noticiasradioreflejos.com.ar\/2021\/?s={search_term_string}"},"query-input":{"@type":"PropertyValueSpecification","valueRequired":true,"valueName":"search_term_string"}}],"inLanguage":"es"},{"@type":"Person","@id":"https:\/\/www.noticiasradioreflejos.com.ar\/2021\/#\/schema\/person\/ad82545263dcc5ec0996818884fd5fb1","name":"Arnaldo Botto","image":{"@type":"ImageObject","inLanguage":"es","@id":"https:\/\/www.noticiasradioreflejos.com.ar\/2021\/#\/schema\/person\/image\/","url":"https:\/\/secure.gravatar.com\/avatar\/55cb5e37c1efa326397366e6974cb338056df65cb50e7d64d1cf314e87504837?s=96&d=mm&r=g","contentUrl":"https:\/\/secure.gravatar.com\/avatar\/55cb5e37c1efa326397366e6974cb338056df65cb50e7d64d1cf314e87504837?s=96&d=mm&r=g","caption":"Arnaldo Botto"},"url":"https:\/\/www.noticiasradioreflejos.com.ar\/2021\/author\/arnaldo\/"}]}},"_links":{"self":[{"href":"https:\/\/www.noticiasradioreflejos.com.ar\/2021\/wp-json\/wp\/v2\/posts\/53862","targetHints":{"allow":["GET"]}}],"collection":[{"href":"https:\/\/www.noticiasradioreflejos.com.ar\/2021\/wp-json\/wp\/v2\/posts"}],"about":[{"href":"https:\/\/www.noticiasradioreflejos.com.ar\/2021\/wp-json\/wp\/v2\/types\/post"}],"author":[{"embeddable":true,"href":"https:\/\/www.noticiasradioreflejos.com.ar\/2021\/wp-json\/wp\/v2\/users\/3"}],"replies":[{"embeddable":true,"href":"https:\/\/www.noticiasradioreflejos.com.ar\/2021\/wp-json\/wp\/v2\/comments?post=53862"}],"version-history":[{"count":0,"href":"https:\/\/www.noticiasradioreflejos.com.ar\/2021\/wp-json\/wp\/v2\/posts\/53862\/revisions"}],"wp:featuredmedia":[{"embeddable":true,"href":"https:\/\/www.noticiasradioreflejos.com.ar\/2021\/wp-json\/wp\/v2\/media\/19558"}],"wp:attachment":[{"href":"https:\/\/www.noticiasradioreflejos.com.ar\/2021\/wp-json\/wp\/v2\/media?parent=53862"}],"wp:term":[{"taxonomy":"category","embeddable":true,"href":"https:\/\/www.noticiasradioreflejos.com.ar\/2021\/wp-json\/wp\/v2\/categories?post=53862"},{"taxonomy":"post_tag","embeddable":true,"href":"https:\/\/www.noticiasradioreflejos.com.ar\/2021\/wp-json\/wp\/v2\/tags?post=53862"}],"curies":[{"name":"wp","href":"https:\/\/api.w.org\/{rel}","templated":true}]}}