{"id":53854,"date":"2021-03-13T18:14:11","date_gmt":"2021-03-13T21:14:11","guid":{"rendered":"http:\/\/www.noticiasradioreflejos.com.ar\/noticias\/?p=53854"},"modified":"2021-03-13T18:14:11","modified_gmt":"2021-03-13T21:14:11","slug":"cerca-de-500-viviendas-fueron-afectadas-por-los-incendios-en-la-comarca-andina","status":"publish","type":"post","link":"https:\/\/www.noticiasradioreflejos.com.ar\/2021\/cerca-de-500-viviendas-fueron-afectadas-por-los-incendios-en-la-comarca-andina\/","title":{"rendered":"Cerca de 500 viviendas fueron afectadas por los incendios en la comarca andina"},"content":{"rendered":"<p>Las comunas de Lago Puelo y El Hoyo fueron las que sufrieron m\u00e1s da\u00f1os por el fuego en los bosques, que comenz\u00f3 el pasado martes y a\u00fan se mantienen focos activos, asegur\u00f3 el director de Defensa Civil de Chubut, Jos\u00e9 Mazzei.<!--more--><\/p>\n<div id=\"image\" class=\"image\"><img decoding=\"async\" title=\"Cerca de 500 viviendas fueron destruidas por completo o tuvieron da\u00f1os parciales en Lago Puelo y El Hoyo.\" src=\"https:\/\/www.telam.com.ar\/advf\/imagenes\/2021\/03\/604ab237c29e0_1004x565.jpg\" alt=\"Cerca de 500 viviendas fueron destruidas por completo o tuvieron da\u00f1os parciales en Lago Puelo y El Hoyo.\" \/><\/p>\n<div class=\"epigrafe\">Cerca de 500 viviendas fueron destruidas por completo o tuvieron da\u00f1os parciales en Lago Puelo y El Hoyo.<\/div>\n<\/div>\n<p>Cerca de 500 viviendas fueron destruidas por completo o tuvieron da\u00f1os parciales en los ejidos municipales de Lago Puelo y El Hoyo, ubicados en la comarca andina patag\u00f3nica, que fueron los que sufrieron m\u00e1s da\u00f1os por los incendios de bosques que comenzaron el pasado martes y a\u00fan este s\u00e1bado mantienen focos activos, asegur\u00f3 el director de Defensa Civil de Chubut, Jos\u00e9 Mazzei.<\/p>\n<p>Del relevamiento \u00abcasa por casa\u00bb realizado por las oficinas de asistencia social se mensur\u00f3 que<strong>\u00a0en Lago Puelo quedaron totalmente destruidas 350 viviendas -\u00abreducidas a cenizas\u00bb fue la definici\u00f3n- en su mayor\u00eda precarias, mientras 130 sufrieron da\u00f1os parciales.<\/strong><\/p>\n<p>La mayor\u00eda de esas viviendas familiares estaban\u00a0<strong>ubicadas en el paraje \u00abLas Golondrinas\u00bb<\/strong>\u00a0y particularmente en lo que se conoce como<strong>\u00a0la \u00abParcela 26\u00bb y \u00abToma el pinar\u00bb.<\/strong><\/p>\n<blockquote class=\"small-left\"><p>Las dificultades est\u00e1n en la provisi\u00f3n de agua, ya que las fuentes h\u00eddricas de abastecimiento est\u00e1n cargadas con ceniza y lodo<\/p><\/blockquote>\n<p>A esto hay que sumarle las que fueron alcanzadas por el fuego\u00a0<strong>en El Hoyo<\/strong>, comuna lindera a Lago Puelo, donde\u00a0<strong>se constataron 22 casas, cinco caba\u00f1as y siete galpones destruidos.<\/strong><\/p>\n<p>\u00abHay un equipo de Desarrollo Social de la Provincia y del Instituto Provincial de la Vivienda que trabajan sobre el relevamiento que ser\u00e1 central para canalizar cuanto antes la ayuda nacional que anunci\u00f3 el presidente Alberto Fern\u00e1ndez que nos visit\u00f3 hoy\u00bb, describi\u00f3 Mazzei.<\/p>\n<p><strong>Los servicios p\u00fablicos comenzaron a restablecerse paulatinamente en la zona<\/strong>, como el caso de Lago Puelo que tiene desde este viernes electricidad en gran parte de su planta urbana.<\/p>\n<p><strong>Las dificultades est\u00e1n en la provisi\u00f3n de agua,<\/strong>\u00a0ya que las fuentes h\u00eddricas de abastecimiento est\u00e1n cargadas con ceniza y lodo que imposibilitan su potabilizaci\u00f3n y\u00a0<strong>para abastecer de manera provisoria a la poblaci\u00f3n se \u00abacarrea\u00bb desde parajes vecinos<\/strong>\u00a0con camiones cisterna, sobre todo en la zona de la ruta 40 donde se concentran los pobladores que est\u00e1n volviendo a sus parcelas.<\/p>\n<p><strong>El servicio cloacal en El Hoyo<\/strong>\u00a0se restableci\u00f3 este viernes con generadores de emergencia en tanto desde este s\u00e1bado se decidi\u00f3 el bombeo de agua a las viviendas a las que llega con mucha turbiedad, por lo que no se aconseja el consumo pero s\u00ed el uso sanitario.<\/p>\n<p>El \u00e1rea de servicios p\u00fablicos dispuso todos los generadores disponibles para abastecer las demandas aisladas, como la que tiene la cooperativa de productores de la comarca que contaba con m\u00e1s de 48.000 kilos de fruta fina almacenada y tem\u00edan perder lo acopiado al interrumpirse por mucho tiempo la cadena de fr\u00edo.<\/p>\n<div id=\"image\" class=\"image\"><img decoding=\"async\" title=\"En El Hoyo se constataron 22 casas, cinco caba\u00f1as y siete galpones destruidos.\" src=\"https:\/\/www.telam.com.ar\/advf\/imagenes\/2021\/03\/604911bfd109c_1004x565.jpg\" alt=\"En El Hoyo se constataron 22 casas, cinco caba\u00f1as y siete galpones destruidos.\" \/><\/p>\n<div class=\"epigrafe\">En El Hoyo se constataron 22 casas, cinco caba\u00f1as y siete galpones destruidos.<\/div>\n<\/div>\n<div class=\"auth\">Las v\u00edctimas de los incendios<\/div>\n<p><strong>Los focos de incendio en la comarca que se desarrollaron en simult\u00e1neo tuvieron el saldo fatal de un pe\u00f3n rural muerto y tres pobladores con heridas graves por quemaduras<\/strong>, dos de los cuales\u00a0<strong>fueron trasladados al hospital de Esquel<\/strong>\u00a0donde se encuentran en estado reservado, mientras la restante fue\u00a0<strong>derivada a Bariloche<\/strong>\u00a0ya que en esa ciudad rionegrina hay un hospital de complejidad.<\/p>\n<p>Seg\u00fan pudo reconstruir T\u00e9lam, l<strong>a paciente derivada a Bariloche presentaba el cuadro m\u00e1s complejo por tratarse de una mujer adulta mayor con otras complicaciones en las paredes abdominales internas.<\/strong><\/p>\n<p>En rigor fueron\u00a0<strong>siete los heridos por quemaduras<\/strong>, pero cuatro de ellos recibieron lesiones en las extremidades que no presentaban riesgos para su salud, de manera que fueron curadas y no se consider\u00f3 necesaria su internaci\u00f3n.<\/p>\n<p>Un dato significativo fue que\u00a0<strong>varios pobladores que volv\u00edan a sus propiedades tambi\u00e9n reportaron quemaduras leves<\/strong>\u00a0por manipular los elementos que todav\u00eda conservaban calor.<\/p>\n<div id=\"image\" class=\"image\"><img decoding=\"async\" title=\"En Lago Puelo quedaron totalmente destruidas 350 viviendas, mientras 130 sufrieron da\u00f1os parciales.\" src=\"https:\/\/www.telam.com.ar\/advf\/imagenes\/2021\/03\/6048df0481b7f_1004x565.jpg\" alt=\"En Lago Puelo quedaron totalmente destruidas 350 viviendas, mientras 130 sufrieron da\u00f1os parciales.\" \/><\/p>\n<div class=\"epigrafe\">En Lago Puelo quedaron totalmente destruidas 350 viviendas, mientras 130 sufrieron da\u00f1os parciales.<\/div>\n<\/div>\n<div class=\"auth\">La situaci\u00f3n actual en la Comarca Andina<\/div>\n<p><strong>La comarca andina por donde pas\u00f3 la \u00abtormenta de fuego\u00bb es un territorio humeante que tiene dos focos activos\u00a0<\/strong>sobre los cuales trabajan los aproximadamente 200 brigadistas de distintos puntos del pa\u00eds que est\u00e1n en la zona.<\/p>\n<p>\u00abHay brigadistas del Noroeste Argentino, San Luis, del Plan de Manejo del Fuego entre otros; adem\u00e1s de todos los que estamos en la zona que trabajamos sobre los focos activos\u00bb, enumer\u00f3 Mazzei.<\/p>\n<p><strong>La investigaci\u00f3n sobre el origen de los incendios reci\u00e9n comienza y se espera que arriben la semana pr\u00f3xima especialistas de la Polic\u00eda Federal para trabajar en terreno.<\/strong><\/p>\n<blockquote><p>La investigaci\u00f3n sobre el origen de los incendios reci\u00e9n comienza y se espera que arriben la semana pr\u00f3xima especialistas de la Polic\u00eda Federal<\/p><\/blockquote>\n<p>Las fuentes judiciales consultadas por T\u00e9lam<strong>\u00a0no descartaron ninguna hip\u00f3tesis sobre el origen del siniestro<\/strong>\u00a0m\u00e1s voraz que se recuerde en d\u00e9cadas, pero la que se investiga sobre la l\u00ednea de media tensi\u00f3n que lleva electricidad a la comarca, en cuya traza se encontraron al menos dos \u00abpuntos de inicio\u00bb de fuego, puede explicar uno de los focos.<\/p>\n<p>Sin embargo, esa sospecha no aplica al incendio de Cholila, que comenz\u00f3 en una alcantarilla por donde no pasa ninguna fuente de energ\u00eda ni tampoco la deflagraci\u00f3n que se registr\u00f3 en proximidades de El Mait\u00e9n, donde perdi\u00f3 la vida el poblador rural Sixto Garc\u00e9s, de 50 a\u00f1os, quien fue encontrado muerto junto a su caballo \u00abpilchero\u00bb y su perro cerca de la estancia donde cumpl\u00eda funciones de puestero.<\/p><\/div>\n<\/div>\n<\/div>\n<\/div>\n<\/div>\n","protected":false},"excerpt":{"rendered":"<p>Las comunas de Lago Puelo y El Hoyo fueron las que sufrieron m\u00e1s da\u00f1os por el fuego en los bosques, que comenz\u00f3 el pasado martes y a\u00fan se mantienen focos activos, asegur\u00f3 el director de Defensa Civil de Chubut, Jos\u00e9 Mazzei.<\/p>\n","protected":false},"author":3,"featured_media":0,"comment_status":"closed","ping_status":"open","sticky":false,"template":"","format":"standard","meta":{"footnotes":""},"categories":[29,26],"tags":[],"class_list":["post-53854","post","type-post","status-publish","format-standard","hentry","category-policiales","category-sociedad"],"yoast_head":"<!-- This site is optimized with the Yoast SEO plugin v25.9 - https:\/\/yoast.com\/wordpress\/plugins\/seo\/ -->\n<title>Cerca de 500 viviendas fueron afectadas por los incendios en la comarca andina - Noticias Radio Reflejos<\/title>\n<meta name=\"robots\" content=\"index, follow, max-snippet:-1, max-image-preview:large, max-video-preview:-1\" \/>\n<link rel=\"canonical\" href=\"https:\/\/www.noticiasradioreflejos.com.ar\/2021\/cerca-de-500-viviendas-fueron-afectadas-por-los-incendios-en-la-comarca-andina\/\" \/>\n<meta property=\"og:locale\" content=\"es_ES\" \/>\n<meta property=\"og:type\" content=\"article\" \/>\n<meta property=\"og:title\" content=\"Cerca de 500 viviendas fueron afectadas por los incendios en la comarca andina - Noticias Radio Reflejos\" \/>\n<meta property=\"og:description\" content=\"Las comunas de Lago Puelo y El Hoyo fueron las que sufrieron m\u00e1s da\u00f1os por el fuego en los bosques, que comenz\u00f3 el pasado martes y a\u00fan se mantienen focos activos, asegur\u00f3 el director de Defensa Civil de Chubut, Jos\u00e9 Mazzei.\" \/>\n<meta property=\"og:url\" content=\"https:\/\/www.noticiasradioreflejos.com.ar\/2021\/cerca-de-500-viviendas-fueron-afectadas-por-los-incendios-en-la-comarca-andina\/\" \/>\n<meta property=\"og:site_name\" content=\"Noticias Radio Reflejos\" \/>\n<meta property=\"article:published_time\" content=\"2021-03-13T21:14:11+00:00\" \/>\n<meta property=\"og:image\" content=\"https:\/\/www.telam.com.ar\/advf\/imagenes\/2021\/03\/604ab237c29e0_1004x565.jpg\" \/>\n<meta name=\"author\" content=\"Arnaldo Botto\" \/>\n<meta name=\"twitter:card\" content=\"summary_large_image\" \/>\n<script type=\"application\/ld+json\" class=\"yoast-schema-graph\">{\"@context\":\"https:\/\/schema.org\",\"@graph\":[{\"@type\":\"WebPage\",\"@id\":\"https:\/\/www.noticiasradioreflejos.com.ar\/2021\/cerca-de-500-viviendas-fueron-afectadas-por-los-incendios-en-la-comarca-andina\/\",\"url\":\"https:\/\/www.noticiasradioreflejos.com.ar\/2021\/cerca-de-500-viviendas-fueron-afectadas-por-los-incendios-en-la-comarca-andina\/\",\"name\":\"Cerca de 500 viviendas fueron afectadas por los incendios en la comarca andina - Noticias Radio Reflejos\",\"isPartOf\":{\"@id\":\"https:\/\/www.noticiasradioreflejos.com.ar\/2021\/#website\"},\"primaryImageOfPage\":{\"@id\":\"https:\/\/www.noticiasradioreflejos.com.ar\/2021\/cerca-de-500-viviendas-fueron-afectadas-por-los-incendios-en-la-comarca-andina\/#primaryimage\"},\"image\":{\"@id\":\"https:\/\/www.noticiasradioreflejos.com.ar\/2021\/cerca-de-500-viviendas-fueron-afectadas-por-los-incendios-en-la-comarca-andina\/#primaryimage\"},\"thumbnailUrl\":\"https:\/\/www.telam.com.ar\/advf\/imagenes\/2021\/03\/604ab237c29e0_1004x565.jpg\",\"datePublished\":\"2021-03-13T21:14:11+00:00\",\"author\":{\"@id\":\"https:\/\/www.noticiasradioreflejos.com.ar\/2021\/#\/schema\/person\/ad82545263dcc5ec0996818884fd5fb1\"},\"breadcrumb\":{\"@id\":\"https:\/\/www.noticiasradioreflejos.com.ar\/2021\/cerca-de-500-viviendas-fueron-afectadas-por-los-incendios-en-la-comarca-andina\/#breadcrumb\"},\"inLanguage\":\"es\",\"potentialAction\":[{\"@type\":\"ReadAction\",\"target\":[\"https:\/\/www.noticiasradioreflejos.com.ar\/2021\/cerca-de-500-viviendas-fueron-afectadas-por-los-incendios-en-la-comarca-andina\/\"]}]},{\"@type\":\"ImageObject\",\"inLanguage\":\"es\",\"@id\":\"https:\/\/www.noticiasradioreflejos.com.ar\/2021\/cerca-de-500-viviendas-fueron-afectadas-por-los-incendios-en-la-comarca-andina\/#primaryimage\",\"url\":\"https:\/\/www.telam.com.ar\/advf\/imagenes\/2021\/03\/604ab237c29e0_1004x565.jpg\",\"contentUrl\":\"https:\/\/www.telam.com.ar\/advf\/imagenes\/2021\/03\/604ab237c29e0_1004x565.jpg\"},{\"@type\":\"BreadcrumbList\",\"@id\":\"https:\/\/www.noticiasradioreflejos.com.ar\/2021\/cerca-de-500-viviendas-fueron-afectadas-por-los-incendios-en-la-comarca-andina\/#breadcrumb\",\"itemListElement\":[{\"@type\":\"ListItem\",\"position\":1,\"name\":\"Portada\",\"item\":\"https:\/\/www.noticiasradioreflejos.com.ar\/2021\/\"},{\"@type\":\"ListItem\",\"position\":2,\"name\":\"Cerca de 500 viviendas fueron afectadas por los incendios en la comarca andina\"}]},{\"@type\":\"WebSite\",\"@id\":\"https:\/\/www.noticiasradioreflejos.com.ar\/2021\/#website\",\"url\":\"https:\/\/www.noticiasradioreflejos.com.ar\/2021\/\",\"name\":\"Noticias Radio Reflejos\",\"description\":\"Las noticias de mi comarca\",\"potentialAction\":[{\"@type\":\"SearchAction\",\"target\":{\"@type\":\"EntryPoint\",\"urlTemplate\":\"https:\/\/www.noticiasradioreflejos.com.ar\/2021\/?s={search_term_string}\"},\"query-input\":{\"@type\":\"PropertyValueSpecification\",\"valueRequired\":true,\"valueName\":\"search_term_string\"}}],\"inLanguage\":\"es\"},{\"@type\":\"Person\",\"@id\":\"https:\/\/www.noticiasradioreflejos.com.ar\/2021\/#\/schema\/person\/ad82545263dcc5ec0996818884fd5fb1\",\"name\":\"Arnaldo Botto\",\"image\":{\"@type\":\"ImageObject\",\"inLanguage\":\"es\",\"@id\":\"https:\/\/www.noticiasradioreflejos.com.ar\/2021\/#\/schema\/person\/image\/\",\"url\":\"https:\/\/secure.gravatar.com\/avatar\/55cb5e37c1efa326397366e6974cb338056df65cb50e7d64d1cf314e87504837?s=96&d=mm&r=g\",\"contentUrl\":\"https:\/\/secure.gravatar.com\/avatar\/55cb5e37c1efa326397366e6974cb338056df65cb50e7d64d1cf314e87504837?s=96&d=mm&r=g\",\"caption\":\"Arnaldo Botto\"},\"url\":\"https:\/\/www.noticiasradioreflejos.com.ar\/2021\/author\/arnaldo\/\"}]}<\/script>\n<!-- \/ Yoast SEO plugin. -->","yoast_head_json":{"title":"Cerca de 500 viviendas fueron afectadas por los incendios en la comarca andina - Noticias Radio Reflejos","robots":{"index":"index","follow":"follow","max-snippet":"max-snippet:-1","max-image-preview":"max-image-preview:large","max-video-preview":"max-video-preview:-1"},"canonical":"https:\/\/www.noticiasradioreflejos.com.ar\/2021\/cerca-de-500-viviendas-fueron-afectadas-por-los-incendios-en-la-comarca-andina\/","og_locale":"es_ES","og_type":"article","og_title":"Cerca de 500 viviendas fueron afectadas por los incendios en la comarca andina - Noticias Radio Reflejos","og_description":"Las comunas de Lago Puelo y El Hoyo fueron las que sufrieron m\u00e1s da\u00f1os por el fuego en los bosques, que comenz\u00f3 el pasado martes y a\u00fan se mantienen focos activos, asegur\u00f3 el director de Defensa Civil de Chubut, Jos\u00e9 Mazzei.","og_url":"https:\/\/www.noticiasradioreflejos.com.ar\/2021\/cerca-de-500-viviendas-fueron-afectadas-por-los-incendios-en-la-comarca-andina\/","og_site_name":"Noticias Radio Reflejos","article_published_time":"2021-03-13T21:14:11+00:00","og_image":[{"url":"https:\/\/www.telam.com.ar\/advf\/imagenes\/2021\/03\/604ab237c29e0_1004x565.jpg","type":"","width":"","height":""}],"author":"Arnaldo Botto","twitter_card":"summary_large_image","schema":{"@context":"https:\/\/schema.org","@graph":[{"@type":"WebPage","@id":"https:\/\/www.noticiasradioreflejos.com.ar\/2021\/cerca-de-500-viviendas-fueron-afectadas-por-los-incendios-en-la-comarca-andina\/","url":"https:\/\/www.noticiasradioreflejos.com.ar\/2021\/cerca-de-500-viviendas-fueron-afectadas-por-los-incendios-en-la-comarca-andina\/","name":"Cerca de 500 viviendas fueron afectadas por los incendios en la comarca andina - Noticias Radio Reflejos","isPartOf":{"@id":"https:\/\/www.noticiasradioreflejos.com.ar\/2021\/#website"},"primaryImageOfPage":{"@id":"https:\/\/www.noticiasradioreflejos.com.ar\/2021\/cerca-de-500-viviendas-fueron-afectadas-por-los-incendios-en-la-comarca-andina\/#primaryimage"},"image":{"@id":"https:\/\/www.noticiasradioreflejos.com.ar\/2021\/cerca-de-500-viviendas-fueron-afectadas-por-los-incendios-en-la-comarca-andina\/#primaryimage"},"thumbnailUrl":"https:\/\/www.telam.com.ar\/advf\/imagenes\/2021\/03\/604ab237c29e0_1004x565.jpg","datePublished":"2021-03-13T21:14:11+00:00","author":{"@id":"https:\/\/www.noticiasradioreflejos.com.ar\/2021\/#\/schema\/person\/ad82545263dcc5ec0996818884fd5fb1"},"breadcrumb":{"@id":"https:\/\/www.noticiasradioreflejos.com.ar\/2021\/cerca-de-500-viviendas-fueron-afectadas-por-los-incendios-en-la-comarca-andina\/#breadcrumb"},"inLanguage":"es","potentialAction":[{"@type":"ReadAction","target":["https:\/\/www.noticiasradioreflejos.com.ar\/2021\/cerca-de-500-viviendas-fueron-afectadas-por-los-incendios-en-la-comarca-andina\/"]}]},{"@type":"ImageObject","inLanguage":"es","@id":"https:\/\/www.noticiasradioreflejos.com.ar\/2021\/cerca-de-500-viviendas-fueron-afectadas-por-los-incendios-en-la-comarca-andina\/#primaryimage","url":"https:\/\/www.telam.com.ar\/advf\/imagenes\/2021\/03\/604ab237c29e0_1004x565.jpg","contentUrl":"https:\/\/www.telam.com.ar\/advf\/imagenes\/2021\/03\/604ab237c29e0_1004x565.jpg"},{"@type":"BreadcrumbList","@id":"https:\/\/www.noticiasradioreflejos.com.ar\/2021\/cerca-de-500-viviendas-fueron-afectadas-por-los-incendios-en-la-comarca-andina\/#breadcrumb","itemListElement":[{"@type":"ListItem","position":1,"name":"Portada","item":"https:\/\/www.noticiasradioreflejos.com.ar\/2021\/"},{"@type":"ListItem","position":2,"name":"Cerca de 500 viviendas fueron afectadas por los incendios en la comarca andina"}]},{"@type":"WebSite","@id":"https:\/\/www.noticiasradioreflejos.com.ar\/2021\/#website","url":"https:\/\/www.noticiasradioreflejos.com.ar\/2021\/","name":"Noticias Radio Reflejos","description":"Las noticias de mi comarca","potentialAction":[{"@type":"SearchAction","target":{"@type":"EntryPoint","urlTemplate":"https:\/\/www.noticiasradioreflejos.com.ar\/2021\/?s={search_term_string}"},"query-input":{"@type":"PropertyValueSpecification","valueRequired":true,"valueName":"search_term_string"}}],"inLanguage":"es"},{"@type":"Person","@id":"https:\/\/www.noticiasradioreflejos.com.ar\/2021\/#\/schema\/person\/ad82545263dcc5ec0996818884fd5fb1","name":"Arnaldo Botto","image":{"@type":"ImageObject","inLanguage":"es","@id":"https:\/\/www.noticiasradioreflejos.com.ar\/2021\/#\/schema\/person\/image\/","url":"https:\/\/secure.gravatar.com\/avatar\/55cb5e37c1efa326397366e6974cb338056df65cb50e7d64d1cf314e87504837?s=96&d=mm&r=g","contentUrl":"https:\/\/secure.gravatar.com\/avatar\/55cb5e37c1efa326397366e6974cb338056df65cb50e7d64d1cf314e87504837?s=96&d=mm&r=g","caption":"Arnaldo Botto"},"url":"https:\/\/www.noticiasradioreflejos.com.ar\/2021\/author\/arnaldo\/"}]}},"_links":{"self":[{"href":"https:\/\/www.noticiasradioreflejos.com.ar\/2021\/wp-json\/wp\/v2\/posts\/53854","targetHints":{"allow":["GET"]}}],"collection":[{"href":"https:\/\/www.noticiasradioreflejos.com.ar\/2021\/wp-json\/wp\/v2\/posts"}],"about":[{"href":"https:\/\/www.noticiasradioreflejos.com.ar\/2021\/wp-json\/wp\/v2\/types\/post"}],"author":[{"embeddable":true,"href":"https:\/\/www.noticiasradioreflejos.com.ar\/2021\/wp-json\/wp\/v2\/users\/3"}],"replies":[{"embeddable":true,"href":"https:\/\/www.noticiasradioreflejos.com.ar\/2021\/wp-json\/wp\/v2\/comments?post=53854"}],"version-history":[{"count":0,"href":"https:\/\/www.noticiasradioreflejos.com.ar\/2021\/wp-json\/wp\/v2\/posts\/53854\/revisions"}],"wp:attachment":[{"href":"https:\/\/www.noticiasradioreflejos.com.ar\/2021\/wp-json\/wp\/v2\/media?parent=53854"}],"wp:term":[{"taxonomy":"category","embeddable":true,"href":"https:\/\/www.noticiasradioreflejos.com.ar\/2021\/wp-json\/wp\/v2\/categories?post=53854"},{"taxonomy":"post_tag","embeddable":true,"href":"https:\/\/www.noticiasradioreflejos.com.ar\/2021\/wp-json\/wp\/v2\/tags?post=53854"}],"curies":[{"name":"wp","href":"https:\/\/api.w.org\/{rel}","templated":true}]}}