{"id":53849,"date":"2021-03-13T18:03:57","date_gmt":"2021-03-13T21:03:57","guid":{"rendered":"http:\/\/www.noticiasradioreflejos.com.ar\/noticias\/?p=53849"},"modified":"2021-03-13T18:03:57","modified_gmt":"2021-03-13T21:03:57","slug":"tragedia-en-ruta-3-fallecio-una-mujer-en-un-impactante-accidente","status":"publish","type":"post","link":"https:\/\/www.noticiasradioreflejos.com.ar\/2021\/tragedia-en-ruta-3-fallecio-una-mujer-en-un-impactante-accidente\/","title":{"rendered":"Tragedia en Ruta 3: falleci\u00f3 una mujer en un impactante accidente"},"content":{"rendered":"<p>Una camioneta Amarok y un Peugeot 207 chocaron a la altura del kil\u00f3metro 737. La ocupante que perdi\u00f3 la vida era oriunda de Patagones.<!--more--><br \/>\nUn fatal accidente de tr\u00e1nsito se produjo esta tarde sobre Ruta 3, precisamente en el kil\u00f3metro 737, en el que una mujer perdi\u00f3 la vida.<\/p>\n<p>El hecho ocurri\u00f3 pasadas las 14, cuando en cercan\u00edas Cabeza de Buey colisionaron una Amarok, con cuatro ocupantes que se dirig\u00edan desde Bah\u00eda Blanca hacia San Blas, y un Peugeot 207, que ten\u00eda como destino nuestra ciudad.<\/p>\n<div class=\"code-block code-block-11\"><\/div>\n<figure class=\"wp-block-image size-large\"><img loading=\"lazy\" decoding=\"async\" class=\"wp-image-113651\" src=\"https:\/\/www.labrujula24.com\/wp-content\/uploads\/2021\/03\/158440692_3642651642479150_2477937756594744867_n.jpg\" sizes=\"auto, (max-width: 1280px) 100vw, 1280px\" srcset=\"https:\/\/www.labrujula24.com\/wp-content\/uploads\/2021\/03\/158440692_3642651642479150_2477937756594744867_n.jpg 1280w, https:\/\/www.labrujula24.com\/wp-content\/uploads\/2021\/03\/158440692_3642651642479150_2477937756594744867_n-768x576.jpg 768w\" alt=\"\" width=\"1280\" height=\"960\" \/><\/figure>\n<p>Fuentes oficiales le confirmaron a\u00a0<strong>LA BR\u00daJULA 24<\/strong>\u00a0que la ocupante del Peugeot, Daniela Kuen (34), oriunda de Patagones, falleci\u00f3 al momento del impacto y se produjo un incendio en el veh\u00edculo.<\/p>\n<figure class=\"wp-block-embed is-type-video is-provider-youtube wp-block-embed-youtube wp-embed-aspect-16-9 wp-has-aspect-ratio\">\n<div class=\"wp-block-embed__wrapper\"><iframe loading=\"lazy\" title=\"Tragedia en Ruta 3: falleci\u00f3 una mujer en un impactante accidente\" src=\"https:\/\/www.youtube.com\/embed\/3GP-dn2w_uk?feature=oembed\" width=\"740\" height=\"416\" frameborder=\"0\" allowfullscreen=\"allowfullscreen\"><\/iframe><\/div>\n<\/figure>\n<p>Seg\u00fan lo que le relat\u00f3 a las autoridades Luis Alberto Orellana (38), conductor de la camioneta, Kuen habr\u00eda realizado una mala maniobra, lo que hizo que rozara la banquina y terminara impactando de frente a la Amarok.<\/p>\n<div class=\"code-block code-block-1\"><\/div>\n<figure class=\"wp-block-image size-large\"><img loading=\"lazy\" decoding=\"async\" class=\"wp-image-113657\" src=\"https:\/\/www.labrujula24.com\/wp-content\/uploads\/2021\/03\/160211385_3969083713112002_3595427763509281853_n.jpg\" alt=\"\" width=\"720\" height=\"1280\" \/><\/figure>\n<p>Orellana y otros dos ocupantes del veh\u00edculo, Patricio Vera y Eduardo Robledo (44), resultaron con algunos golpes, por lo que fueron trasladados al Hospital de M\u00e9danos.<\/p>\n<p><a title=\"e4bc6abd-69c2-46c9-96ce-1b5646a5f33d-720x600\" href=\"https:\/\/www.flickr.com\/photos\/182279889@N02\/51032804273\/in\/dateposted-public\/\" data-flickr-embed=\"true\"><img loading=\"lazy\" decoding=\"async\" src=\"https:\/\/live.staticflickr.com\/65535\/51032804273_ee831d7d3c_c.jpg\" alt=\"e4bc6abd-69c2-46c9-96ce-1b5646a5f33d-720x600\" width=\"720\" height=\"600\" \/><\/a><script src=\"\/\/embedr.flickr.com\/assets\/client-code.js\" async=\"\" charset=\"utf-8\"><\/script><\/p>\n<p><span style=\"color: #000080;\"><strong>Fuente La\u00a0<\/strong><b>Br\u00fajula<\/b><\/span><\/p>\n","protected":false},"excerpt":{"rendered":"<p>Una camioneta Amarok y un Peugeot 207 chocaron a la altura del kil\u00f3metro 737. La ocupante que perdi\u00f3 la vida era oriunda de Patagones.<\/p>\n","protected":false},"author":3,"featured_media":0,"comment_status":"closed","ping_status":"open","sticky":false,"template":"","format":"standard","meta":{"footnotes":""},"categories":[29],"tags":[],"class_list":["post-53849","post","type-post","status-publish","format-standard","hentry","category-policiales"],"yoast_head":"<!-- This site is optimized with the Yoast SEO plugin v25.9 - https:\/\/yoast.com\/wordpress\/plugins\/seo\/ -->\n<title>Tragedia en Ruta 3: falleci\u00f3 una mujer en un impactante accidente - Noticias Radio Reflejos<\/title>\n<meta name=\"robots\" content=\"index, follow, max-snippet:-1, max-image-preview:large, max-video-preview:-1\" \/>\n<link rel=\"canonical\" href=\"https:\/\/www.noticiasradioreflejos.com.ar\/2021\/tragedia-en-ruta-3-fallecio-una-mujer-en-un-impactante-accidente\/\" \/>\n<meta property=\"og:locale\" content=\"es_ES\" \/>\n<meta property=\"og:type\" content=\"article\" \/>\n<meta property=\"og:title\" content=\"Tragedia en Ruta 3: falleci\u00f3 una mujer en un impactante accidente - Noticias Radio Reflejos\" \/>\n<meta property=\"og:description\" content=\"Una camioneta Amarok y un Peugeot 207 chocaron a la altura del kil\u00f3metro 737. La ocupante que perdi\u00f3 la vida era oriunda de Patagones.\" \/>\n<meta property=\"og:url\" content=\"https:\/\/www.noticiasradioreflejos.com.ar\/2021\/tragedia-en-ruta-3-fallecio-una-mujer-en-un-impactante-accidente\/\" \/>\n<meta property=\"og:site_name\" content=\"Noticias Radio Reflejos\" \/>\n<meta property=\"article:published_time\" content=\"2021-03-13T21:03:57+00:00\" \/>\n<meta property=\"og:image\" content=\"https:\/\/www.noticiasradioreflejos.com.ar\/2021\/wp-content\/uploads\/2021\/07\/logosol300x200.png\" \/>\n\t<meta property=\"og:image:width\" content=\"300\" \/>\n\t<meta property=\"og:image:height\" content=\"200\" \/>\n\t<meta property=\"og:image:type\" content=\"image\/png\" \/>\n<meta name=\"author\" content=\"Arnaldo Botto\" \/>\n<meta name=\"twitter:card\" content=\"summary_large_image\" \/>\n<script type=\"application\/ld+json\" class=\"yoast-schema-graph\">{\"@context\":\"https:\/\/schema.org\",\"@graph\":[{\"@type\":\"WebPage\",\"@id\":\"https:\/\/www.noticiasradioreflejos.com.ar\/2021\/tragedia-en-ruta-3-fallecio-una-mujer-en-un-impactante-accidente\/\",\"url\":\"https:\/\/www.noticiasradioreflejos.com.ar\/2021\/tragedia-en-ruta-3-fallecio-una-mujer-en-un-impactante-accidente\/\",\"name\":\"Tragedia en Ruta 3: falleci\u00f3 una mujer en un impactante accidente - Noticias Radio Reflejos\",\"isPartOf\":{\"@id\":\"https:\/\/www.noticiasradioreflejos.com.ar\/2021\/#website\"},\"primaryImageOfPage\":{\"@id\":\"https:\/\/www.noticiasradioreflejos.com.ar\/2021\/tragedia-en-ruta-3-fallecio-una-mujer-en-un-impactante-accidente\/#primaryimage\"},\"image\":{\"@id\":\"https:\/\/www.noticiasradioreflejos.com.ar\/2021\/tragedia-en-ruta-3-fallecio-una-mujer-en-un-impactante-accidente\/#primaryimage\"},\"thumbnailUrl\":\"https:\/\/www.labrujula24.com\/wp-content\/uploads\/2021\/03\/158440692_3642651642479150_2477937756594744867_n.jpg\",\"datePublished\":\"2021-03-13T21:03:57+00:00\",\"author\":{\"@id\":\"https:\/\/www.noticiasradioreflejos.com.ar\/2021\/#\/schema\/person\/ad82545263dcc5ec0996818884fd5fb1\"},\"breadcrumb\":{\"@id\":\"https:\/\/www.noticiasradioreflejos.com.ar\/2021\/tragedia-en-ruta-3-fallecio-una-mujer-en-un-impactante-accidente\/#breadcrumb\"},\"inLanguage\":\"es\",\"potentialAction\":[{\"@type\":\"ReadAction\",\"target\":[\"https:\/\/www.noticiasradioreflejos.com.ar\/2021\/tragedia-en-ruta-3-fallecio-una-mujer-en-un-impactante-accidente\/\"]}]},{\"@type\":\"ImageObject\",\"inLanguage\":\"es\",\"@id\":\"https:\/\/www.noticiasradioreflejos.com.ar\/2021\/tragedia-en-ruta-3-fallecio-una-mujer-en-un-impactante-accidente\/#primaryimage\",\"url\":\"https:\/\/www.labrujula24.com\/wp-content\/uploads\/2021\/03\/158440692_3642651642479150_2477937756594744867_n.jpg\",\"contentUrl\":\"https:\/\/www.labrujula24.com\/wp-content\/uploads\/2021\/03\/158440692_3642651642479150_2477937756594744867_n.jpg\"},{\"@type\":\"BreadcrumbList\",\"@id\":\"https:\/\/www.noticiasradioreflejos.com.ar\/2021\/tragedia-en-ruta-3-fallecio-una-mujer-en-un-impactante-accidente\/#breadcrumb\",\"itemListElement\":[{\"@type\":\"ListItem\",\"position\":1,\"name\":\"Portada\",\"item\":\"https:\/\/www.noticiasradioreflejos.com.ar\/2021\/\"},{\"@type\":\"ListItem\",\"position\":2,\"name\":\"Tragedia en Ruta 3: falleci\u00f3 una mujer en un impactante accidente\"}]},{\"@type\":\"WebSite\",\"@id\":\"https:\/\/www.noticiasradioreflejos.com.ar\/2021\/#website\",\"url\":\"https:\/\/www.noticiasradioreflejos.com.ar\/2021\/\",\"name\":\"Noticias Radio Reflejos\",\"description\":\"Las noticias de mi comarca\",\"potentialAction\":[{\"@type\":\"SearchAction\",\"target\":{\"@type\":\"EntryPoint\",\"urlTemplate\":\"https:\/\/www.noticiasradioreflejos.com.ar\/2021\/?s={search_term_string}\"},\"query-input\":{\"@type\":\"PropertyValueSpecification\",\"valueRequired\":true,\"valueName\":\"search_term_string\"}}],\"inLanguage\":\"es\"},{\"@type\":\"Person\",\"@id\":\"https:\/\/www.noticiasradioreflejos.com.ar\/2021\/#\/schema\/person\/ad82545263dcc5ec0996818884fd5fb1\",\"name\":\"Arnaldo Botto\",\"image\":{\"@type\":\"ImageObject\",\"inLanguage\":\"es\",\"@id\":\"https:\/\/www.noticiasradioreflejos.com.ar\/2021\/#\/schema\/person\/image\/\",\"url\":\"https:\/\/secure.gravatar.com\/avatar\/55cb5e37c1efa326397366e6974cb338056df65cb50e7d64d1cf314e87504837?s=96&d=mm&r=g\",\"contentUrl\":\"https:\/\/secure.gravatar.com\/avatar\/55cb5e37c1efa326397366e6974cb338056df65cb50e7d64d1cf314e87504837?s=96&d=mm&r=g\",\"caption\":\"Arnaldo Botto\"},\"url\":\"https:\/\/www.noticiasradioreflejos.com.ar\/2021\/author\/arnaldo\/\"}]}<\/script>\n<!-- \/ Yoast SEO plugin. -->","yoast_head_json":{"title":"Tragedia en Ruta 3: falleci\u00f3 una mujer en un impactante accidente - Noticias Radio Reflejos","robots":{"index":"index","follow":"follow","max-snippet":"max-snippet:-1","max-image-preview":"max-image-preview:large","max-video-preview":"max-video-preview:-1"},"canonical":"https:\/\/www.noticiasradioreflejos.com.ar\/2021\/tragedia-en-ruta-3-fallecio-una-mujer-en-un-impactante-accidente\/","og_locale":"es_ES","og_type":"article","og_title":"Tragedia en Ruta 3: falleci\u00f3 una mujer en un impactante accidente - Noticias Radio Reflejos","og_description":"Una camioneta Amarok y un Peugeot 207 chocaron a la altura del kil\u00f3metro 737. La ocupante que perdi\u00f3 la vida era oriunda de Patagones.","og_url":"https:\/\/www.noticiasradioreflejos.com.ar\/2021\/tragedia-en-ruta-3-fallecio-una-mujer-en-un-impactante-accidente\/","og_site_name":"Noticias Radio Reflejos","article_published_time":"2021-03-13T21:03:57+00:00","og_image":[{"width":300,"height":200,"url":"https:\/\/www.noticiasradioreflejos.com.ar\/2021\/wp-content\/uploads\/2021\/07\/logosol300x200.png","type":"image\/png"}],"author":"Arnaldo Botto","twitter_card":"summary_large_image","schema":{"@context":"https:\/\/schema.org","@graph":[{"@type":"WebPage","@id":"https:\/\/www.noticiasradioreflejos.com.ar\/2021\/tragedia-en-ruta-3-fallecio-una-mujer-en-un-impactante-accidente\/","url":"https:\/\/www.noticiasradioreflejos.com.ar\/2021\/tragedia-en-ruta-3-fallecio-una-mujer-en-un-impactante-accidente\/","name":"Tragedia en Ruta 3: falleci\u00f3 una mujer en un impactante accidente - Noticias Radio Reflejos","isPartOf":{"@id":"https:\/\/www.noticiasradioreflejos.com.ar\/2021\/#website"},"primaryImageOfPage":{"@id":"https:\/\/www.noticiasradioreflejos.com.ar\/2021\/tragedia-en-ruta-3-fallecio-una-mujer-en-un-impactante-accidente\/#primaryimage"},"image":{"@id":"https:\/\/www.noticiasradioreflejos.com.ar\/2021\/tragedia-en-ruta-3-fallecio-una-mujer-en-un-impactante-accidente\/#primaryimage"},"thumbnailUrl":"https:\/\/www.labrujula24.com\/wp-content\/uploads\/2021\/03\/158440692_3642651642479150_2477937756594744867_n.jpg","datePublished":"2021-03-13T21:03:57+00:00","author":{"@id":"https:\/\/www.noticiasradioreflejos.com.ar\/2021\/#\/schema\/person\/ad82545263dcc5ec0996818884fd5fb1"},"breadcrumb":{"@id":"https:\/\/www.noticiasradioreflejos.com.ar\/2021\/tragedia-en-ruta-3-fallecio-una-mujer-en-un-impactante-accidente\/#breadcrumb"},"inLanguage":"es","potentialAction":[{"@type":"ReadAction","target":["https:\/\/www.noticiasradioreflejos.com.ar\/2021\/tragedia-en-ruta-3-fallecio-una-mujer-en-un-impactante-accidente\/"]}]},{"@type":"ImageObject","inLanguage":"es","@id":"https:\/\/www.noticiasradioreflejos.com.ar\/2021\/tragedia-en-ruta-3-fallecio-una-mujer-en-un-impactante-accidente\/#primaryimage","url":"https:\/\/www.labrujula24.com\/wp-content\/uploads\/2021\/03\/158440692_3642651642479150_2477937756594744867_n.jpg","contentUrl":"https:\/\/www.labrujula24.com\/wp-content\/uploads\/2021\/03\/158440692_3642651642479150_2477937756594744867_n.jpg"},{"@type":"BreadcrumbList","@id":"https:\/\/www.noticiasradioreflejos.com.ar\/2021\/tragedia-en-ruta-3-fallecio-una-mujer-en-un-impactante-accidente\/#breadcrumb","itemListElement":[{"@type":"ListItem","position":1,"name":"Portada","item":"https:\/\/www.noticiasradioreflejos.com.ar\/2021\/"},{"@type":"ListItem","position":2,"name":"Tragedia en Ruta 3: falleci\u00f3 una mujer en un impactante accidente"}]},{"@type":"WebSite","@id":"https:\/\/www.noticiasradioreflejos.com.ar\/2021\/#website","url":"https:\/\/www.noticiasradioreflejos.com.ar\/2021\/","name":"Noticias Radio Reflejos","description":"Las noticias de mi comarca","potentialAction":[{"@type":"SearchAction","target":{"@type":"EntryPoint","urlTemplate":"https:\/\/www.noticiasradioreflejos.com.ar\/2021\/?s={search_term_string}"},"query-input":{"@type":"PropertyValueSpecification","valueRequired":true,"valueName":"search_term_string"}}],"inLanguage":"es"},{"@type":"Person","@id":"https:\/\/www.noticiasradioreflejos.com.ar\/2021\/#\/schema\/person\/ad82545263dcc5ec0996818884fd5fb1","name":"Arnaldo Botto","image":{"@type":"ImageObject","inLanguage":"es","@id":"https:\/\/www.noticiasradioreflejos.com.ar\/2021\/#\/schema\/person\/image\/","url":"https:\/\/secure.gravatar.com\/avatar\/55cb5e37c1efa326397366e6974cb338056df65cb50e7d64d1cf314e87504837?s=96&d=mm&r=g","contentUrl":"https:\/\/secure.gravatar.com\/avatar\/55cb5e37c1efa326397366e6974cb338056df65cb50e7d64d1cf314e87504837?s=96&d=mm&r=g","caption":"Arnaldo Botto"},"url":"https:\/\/www.noticiasradioreflejos.com.ar\/2021\/author\/arnaldo\/"}]}},"_links":{"self":[{"href":"https:\/\/www.noticiasradioreflejos.com.ar\/2021\/wp-json\/wp\/v2\/posts\/53849","targetHints":{"allow":["GET"]}}],"collection":[{"href":"https:\/\/www.noticiasradioreflejos.com.ar\/2021\/wp-json\/wp\/v2\/posts"}],"about":[{"href":"https:\/\/www.noticiasradioreflejos.com.ar\/2021\/wp-json\/wp\/v2\/types\/post"}],"author":[{"embeddable":true,"href":"https:\/\/www.noticiasradioreflejos.com.ar\/2021\/wp-json\/wp\/v2\/users\/3"}],"replies":[{"embeddable":true,"href":"https:\/\/www.noticiasradioreflejos.com.ar\/2021\/wp-json\/wp\/v2\/comments?post=53849"}],"version-history":[{"count":0,"href":"https:\/\/www.noticiasradioreflejos.com.ar\/2021\/wp-json\/wp\/v2\/posts\/53849\/revisions"}],"wp:attachment":[{"href":"https:\/\/www.noticiasradioreflejos.com.ar\/2021\/wp-json\/wp\/v2\/media?parent=53849"}],"wp:term":[{"taxonomy":"category","embeddable":true,"href":"https:\/\/www.noticiasradioreflejos.com.ar\/2021\/wp-json\/wp\/v2\/categories?post=53849"},{"taxonomy":"post_tag","embeddable":true,"href":"https:\/\/www.noticiasradioreflejos.com.ar\/2021\/wp-json\/wp\/v2\/tags?post=53849"}],"curies":[{"name":"wp","href":"https:\/\/api.w.org\/{rel}","templated":true}]}}