{"id":53801,"date":"2021-03-12T15:33:23","date_gmt":"2021-03-12T18:33:23","guid":{"rendered":"http:\/\/www.noticiasradioreflejos.com.ar\/noticias\/?p=53801"},"modified":"2021-03-12T15:33:23","modified_gmt":"2021-03-12T18:33:23","slug":"habilitan-salones-de-fiestas-y-servicios-de-catering-en-el-distrito-a-partir-de-este-viernes-12-de-marzo","status":"publish","type":"post","link":"https:\/\/www.noticiasradioreflejos.com.ar\/2021\/habilitan-salones-de-fiestas-y-servicios-de-catering-en-el-distrito-a-partir-de-este-viernes-12-de-marzo\/","title":{"rendered":"Habilitan salones de fiestas y servicios de catering en el distrito a partir de este viernes 12 de marzo"},"content":{"rendered":"<p>Mediante la Resoluci\u00f3n N\u00b0 1\/21, el municipio de Tornquist habilit\u00f3 a partir de este viernes 12 de marzo, la actividad de salones de fiestas y de servicios de catering en todo el territorio del distrito.<!--more--><\/p>\n<p>La medida se adopt\u00f3 ante la necesidad de reactivar la actividad de los citados rubros, que atraviesan una delicada situaci\u00f3n econ\u00f3mica producto de la emergencia sanitaria en el marco de la pandemia del Covid-19; y teniendo en cuenta la buena situaci\u00f3n epidemiol\u00f3gica que atraviesa el partido de Tornquist.<\/p>\n<p>Como en cada actividad que se desarrolla en el actual contexto, deber\u00e1n cumplir una serie de condiciones, entre ellas:<\/p>\n<p>En los salones de fiestas, para cuyo uso se deber\u00e1 firmar una declaraci\u00f3n jurada (adjunta), no se podr\u00e1 superar el 50% de ocupaci\u00f3n de la capacidad total para la cual est\u00e1 habilitada cada lugar; no estar\u00e1 permitido el uso de las pistas de baile; y cada mesa funcionar\u00e1 como una burbuja aislada, guard\u00e1ndose la distancia m\u00ednima de dos metros entre cada una de ellas.<\/p>\n<p>Los servicios de catering, en tanto, podr\u00e1n brindar sus prestaciones en domicilios particulares donde se realicen reuniones familiares al aire libre o en espacios cerrados con suficiente lugar y ventilaci\u00f3n natural, hasta un m\u00e1ximo de 50 personas, siempre que se cumplan las medidas de distanciamiento fijadas en el decreto nacional 67\/2021.<\/p>\n<p>&nbsp;<\/p>\n<p>&nbsp;<\/p>\n<div>\n<p><img decoding=\"async\" src=\"https:\/\/www.noticiastornquist.com.ar\/imagen.php?imagen=\/resolucion-n-121-y-declaracion-juradapage0001.jpg\" \/><\/p>\n<div><\/div>\n<hr \/>\n<p><img decoding=\"async\" src=\"https:\/\/www.noticiastornquist.com.ar\/imagen.php?imagen=\/resolucion-n-121-y-declaracion-juradapage0002.jpg\" \/><\/p>\n<div><\/div>\n<hr \/>\n<p><img decoding=\"async\" src=\"https:\/\/www.noticiastornquist.com.ar\/imagen.php?imagen=\/resolucion-n-121-y-declaracion-juradapage0003.jpg\" \/><\/p>\n<\/div>\n","protected":false},"excerpt":{"rendered":"<p>Mediante la Resoluci\u00f3n N\u00b0 1\/21, el municipio de Tornquist habilit\u00f3 a partir de este viernes 12 de marzo, la actividad de salones de fiestas y de servicios de catering en todo el territorio del distrito.<\/p>\n","protected":false},"author":3,"featured_media":0,"comment_status":"closed","ping_status":"open","sticky":false,"template":"","format":"standard","meta":{"footnotes":""},"categories":[28],"tags":[],"class_list":["post-53801","post","type-post","status-publish","format-standard","hentry","category-municipales"],"yoast_head":"<!-- This site is optimized with the Yoast SEO plugin v25.9 - https:\/\/yoast.com\/wordpress\/plugins\/seo\/ -->\n<title>Habilitan salones de fiestas y servicios de catering en el distrito a partir de este viernes 12 de marzo - Noticias Radio Reflejos<\/title>\n<meta name=\"robots\" content=\"index, follow, max-snippet:-1, max-image-preview:large, max-video-preview:-1\" \/>\n<link rel=\"canonical\" href=\"https:\/\/www.noticiasradioreflejos.com.ar\/2021\/habilitan-salones-de-fiestas-y-servicios-de-catering-en-el-distrito-a-partir-de-este-viernes-12-de-marzo\/\" \/>\n<meta property=\"og:locale\" content=\"es_ES\" \/>\n<meta property=\"og:type\" content=\"article\" \/>\n<meta property=\"og:title\" content=\"Habilitan salones de fiestas y servicios de catering en el distrito a partir de este viernes 12 de marzo - Noticias Radio Reflejos\" \/>\n<meta property=\"og:description\" content=\"Mediante la Resoluci\u00f3n N\u00b0 1\/21, el municipio de Tornquist habilit\u00f3 a partir de este viernes 12 de marzo, la actividad de salones de fiestas y de servicios de catering en todo el territorio del distrito.\" \/>\n<meta property=\"og:url\" content=\"https:\/\/www.noticiasradioreflejos.com.ar\/2021\/habilitan-salones-de-fiestas-y-servicios-de-catering-en-el-distrito-a-partir-de-este-viernes-12-de-marzo\/\" \/>\n<meta property=\"og:site_name\" content=\"Noticias Radio Reflejos\" \/>\n<meta property=\"article:published_time\" content=\"2021-03-12T18:33:23+00:00\" \/>\n<meta property=\"og:image\" content=\"https:\/\/www.noticiastornquist.com.ar\/imagen.php?imagen=\/resolucion-n-121-y-declaracion-juradapage0001.jpg\" \/>\n<meta name=\"author\" content=\"Arnaldo Botto\" \/>\n<meta name=\"twitter:card\" content=\"summary_large_image\" \/>\n<script type=\"application\/ld+json\" class=\"yoast-schema-graph\">{\"@context\":\"https:\/\/schema.org\",\"@graph\":[{\"@type\":\"WebPage\",\"@id\":\"https:\/\/www.noticiasradioreflejos.com.ar\/2021\/habilitan-salones-de-fiestas-y-servicios-de-catering-en-el-distrito-a-partir-de-este-viernes-12-de-marzo\/\",\"url\":\"https:\/\/www.noticiasradioreflejos.com.ar\/2021\/habilitan-salones-de-fiestas-y-servicios-de-catering-en-el-distrito-a-partir-de-este-viernes-12-de-marzo\/\",\"name\":\"Habilitan salones de fiestas y servicios de catering en el distrito a partir de este viernes 12 de marzo - Noticias Radio Reflejos\",\"isPartOf\":{\"@id\":\"https:\/\/www.noticiasradioreflejos.com.ar\/2021\/#website\"},\"primaryImageOfPage\":{\"@id\":\"https:\/\/www.noticiasradioreflejos.com.ar\/2021\/habilitan-salones-de-fiestas-y-servicios-de-catering-en-el-distrito-a-partir-de-este-viernes-12-de-marzo\/#primaryimage\"},\"image\":{\"@id\":\"https:\/\/www.noticiasradioreflejos.com.ar\/2021\/habilitan-salones-de-fiestas-y-servicios-de-catering-en-el-distrito-a-partir-de-este-viernes-12-de-marzo\/#primaryimage\"},\"thumbnailUrl\":\"https:\/\/www.noticiastornquist.com.ar\/imagen.php?imagen=\/resolucion-n-121-y-declaracion-juradapage0001.jpg\",\"datePublished\":\"2021-03-12T18:33:23+00:00\",\"author\":{\"@id\":\"https:\/\/www.noticiasradioreflejos.com.ar\/2021\/#\/schema\/person\/ad82545263dcc5ec0996818884fd5fb1\"},\"breadcrumb\":{\"@id\":\"https:\/\/www.noticiasradioreflejos.com.ar\/2021\/habilitan-salones-de-fiestas-y-servicios-de-catering-en-el-distrito-a-partir-de-este-viernes-12-de-marzo\/#breadcrumb\"},\"inLanguage\":\"es\",\"potentialAction\":[{\"@type\":\"ReadAction\",\"target\":[\"https:\/\/www.noticiasradioreflejos.com.ar\/2021\/habilitan-salones-de-fiestas-y-servicios-de-catering-en-el-distrito-a-partir-de-este-viernes-12-de-marzo\/\"]}]},{\"@type\":\"ImageObject\",\"inLanguage\":\"es\",\"@id\":\"https:\/\/www.noticiasradioreflejos.com.ar\/2021\/habilitan-salones-de-fiestas-y-servicios-de-catering-en-el-distrito-a-partir-de-este-viernes-12-de-marzo\/#primaryimage\",\"url\":\"https:\/\/www.noticiastornquist.com.ar\/imagen.php?imagen=\/resolucion-n-121-y-declaracion-juradapage0001.jpg\",\"contentUrl\":\"https:\/\/www.noticiastornquist.com.ar\/imagen.php?imagen=\/resolucion-n-121-y-declaracion-juradapage0001.jpg\"},{\"@type\":\"BreadcrumbList\",\"@id\":\"https:\/\/www.noticiasradioreflejos.com.ar\/2021\/habilitan-salones-de-fiestas-y-servicios-de-catering-en-el-distrito-a-partir-de-este-viernes-12-de-marzo\/#breadcrumb\",\"itemListElement\":[{\"@type\":\"ListItem\",\"position\":1,\"name\":\"Portada\",\"item\":\"https:\/\/www.noticiasradioreflejos.com.ar\/2021\/\"},{\"@type\":\"ListItem\",\"position\":2,\"name\":\"Habilitan salones de fiestas y servicios de catering en el distrito a partir de este viernes 12 de marzo\"}]},{\"@type\":\"WebSite\",\"@id\":\"https:\/\/www.noticiasradioreflejos.com.ar\/2021\/#website\",\"url\":\"https:\/\/www.noticiasradioreflejos.com.ar\/2021\/\",\"name\":\"Noticias Radio Reflejos\",\"description\":\"Las noticias de mi comarca\",\"potentialAction\":[{\"@type\":\"SearchAction\",\"target\":{\"@type\":\"EntryPoint\",\"urlTemplate\":\"https:\/\/www.noticiasradioreflejos.com.ar\/2021\/?s={search_term_string}\"},\"query-input\":{\"@type\":\"PropertyValueSpecification\",\"valueRequired\":true,\"valueName\":\"search_term_string\"}}],\"inLanguage\":\"es\"},{\"@type\":\"Person\",\"@id\":\"https:\/\/www.noticiasradioreflejos.com.ar\/2021\/#\/schema\/person\/ad82545263dcc5ec0996818884fd5fb1\",\"name\":\"Arnaldo Botto\",\"image\":{\"@type\":\"ImageObject\",\"inLanguage\":\"es\",\"@id\":\"https:\/\/www.noticiasradioreflejos.com.ar\/2021\/#\/schema\/person\/image\/\",\"url\":\"https:\/\/secure.gravatar.com\/avatar\/55cb5e37c1efa326397366e6974cb338056df65cb50e7d64d1cf314e87504837?s=96&d=mm&r=g\",\"contentUrl\":\"https:\/\/secure.gravatar.com\/avatar\/55cb5e37c1efa326397366e6974cb338056df65cb50e7d64d1cf314e87504837?s=96&d=mm&r=g\",\"caption\":\"Arnaldo Botto\"},\"url\":\"https:\/\/www.noticiasradioreflejos.com.ar\/2021\/author\/arnaldo\/\"}]}<\/script>\n<!-- \/ Yoast SEO plugin. -->","yoast_head_json":{"title":"Habilitan salones de fiestas y servicios de catering en el distrito a partir de este viernes 12 de marzo - Noticias Radio Reflejos","robots":{"index":"index","follow":"follow","max-snippet":"max-snippet:-1","max-image-preview":"max-image-preview:large","max-video-preview":"max-video-preview:-1"},"canonical":"https:\/\/www.noticiasradioreflejos.com.ar\/2021\/habilitan-salones-de-fiestas-y-servicios-de-catering-en-el-distrito-a-partir-de-este-viernes-12-de-marzo\/","og_locale":"es_ES","og_type":"article","og_title":"Habilitan salones de fiestas y servicios de catering en el distrito a partir de este viernes 12 de marzo - Noticias Radio Reflejos","og_description":"Mediante la Resoluci\u00f3n N\u00b0 1\/21, el municipio de Tornquist habilit\u00f3 a partir de este viernes 12 de marzo, la actividad de salones de fiestas y de servicios de catering en todo el territorio del distrito.","og_url":"https:\/\/www.noticiasradioreflejos.com.ar\/2021\/habilitan-salones-de-fiestas-y-servicios-de-catering-en-el-distrito-a-partir-de-este-viernes-12-de-marzo\/","og_site_name":"Noticias Radio Reflejos","article_published_time":"2021-03-12T18:33:23+00:00","og_image":[{"url":"https:\/\/www.noticiastornquist.com.ar\/imagen.php?imagen=\/resolucion-n-121-y-declaracion-juradapage0001.jpg","type":"","width":"","height":""}],"author":"Arnaldo Botto","twitter_card":"summary_large_image","schema":{"@context":"https:\/\/schema.org","@graph":[{"@type":"WebPage","@id":"https:\/\/www.noticiasradioreflejos.com.ar\/2021\/habilitan-salones-de-fiestas-y-servicios-de-catering-en-el-distrito-a-partir-de-este-viernes-12-de-marzo\/","url":"https:\/\/www.noticiasradioreflejos.com.ar\/2021\/habilitan-salones-de-fiestas-y-servicios-de-catering-en-el-distrito-a-partir-de-este-viernes-12-de-marzo\/","name":"Habilitan salones de fiestas y servicios de catering en el distrito a partir de este viernes 12 de marzo - Noticias Radio Reflejos","isPartOf":{"@id":"https:\/\/www.noticiasradioreflejos.com.ar\/2021\/#website"},"primaryImageOfPage":{"@id":"https:\/\/www.noticiasradioreflejos.com.ar\/2021\/habilitan-salones-de-fiestas-y-servicios-de-catering-en-el-distrito-a-partir-de-este-viernes-12-de-marzo\/#primaryimage"},"image":{"@id":"https:\/\/www.noticiasradioreflejos.com.ar\/2021\/habilitan-salones-de-fiestas-y-servicios-de-catering-en-el-distrito-a-partir-de-este-viernes-12-de-marzo\/#primaryimage"},"thumbnailUrl":"https:\/\/www.noticiastornquist.com.ar\/imagen.php?imagen=\/resolucion-n-121-y-declaracion-juradapage0001.jpg","datePublished":"2021-03-12T18:33:23+00:00","author":{"@id":"https:\/\/www.noticiasradioreflejos.com.ar\/2021\/#\/schema\/person\/ad82545263dcc5ec0996818884fd5fb1"},"breadcrumb":{"@id":"https:\/\/www.noticiasradioreflejos.com.ar\/2021\/habilitan-salones-de-fiestas-y-servicios-de-catering-en-el-distrito-a-partir-de-este-viernes-12-de-marzo\/#breadcrumb"},"inLanguage":"es","potentialAction":[{"@type":"ReadAction","target":["https:\/\/www.noticiasradioreflejos.com.ar\/2021\/habilitan-salones-de-fiestas-y-servicios-de-catering-en-el-distrito-a-partir-de-este-viernes-12-de-marzo\/"]}]},{"@type":"ImageObject","inLanguage":"es","@id":"https:\/\/www.noticiasradioreflejos.com.ar\/2021\/habilitan-salones-de-fiestas-y-servicios-de-catering-en-el-distrito-a-partir-de-este-viernes-12-de-marzo\/#primaryimage","url":"https:\/\/www.noticiastornquist.com.ar\/imagen.php?imagen=\/resolucion-n-121-y-declaracion-juradapage0001.jpg","contentUrl":"https:\/\/www.noticiastornquist.com.ar\/imagen.php?imagen=\/resolucion-n-121-y-declaracion-juradapage0001.jpg"},{"@type":"BreadcrumbList","@id":"https:\/\/www.noticiasradioreflejos.com.ar\/2021\/habilitan-salones-de-fiestas-y-servicios-de-catering-en-el-distrito-a-partir-de-este-viernes-12-de-marzo\/#breadcrumb","itemListElement":[{"@type":"ListItem","position":1,"name":"Portada","item":"https:\/\/www.noticiasradioreflejos.com.ar\/2021\/"},{"@type":"ListItem","position":2,"name":"Habilitan salones de fiestas y servicios de catering en el distrito a partir de este viernes 12 de marzo"}]},{"@type":"WebSite","@id":"https:\/\/www.noticiasradioreflejos.com.ar\/2021\/#website","url":"https:\/\/www.noticiasradioreflejos.com.ar\/2021\/","name":"Noticias Radio Reflejos","description":"Las noticias de mi comarca","potentialAction":[{"@type":"SearchAction","target":{"@type":"EntryPoint","urlTemplate":"https:\/\/www.noticiasradioreflejos.com.ar\/2021\/?s={search_term_string}"},"query-input":{"@type":"PropertyValueSpecification","valueRequired":true,"valueName":"search_term_string"}}],"inLanguage":"es"},{"@type":"Person","@id":"https:\/\/www.noticiasradioreflejos.com.ar\/2021\/#\/schema\/person\/ad82545263dcc5ec0996818884fd5fb1","name":"Arnaldo Botto","image":{"@type":"ImageObject","inLanguage":"es","@id":"https:\/\/www.noticiasradioreflejos.com.ar\/2021\/#\/schema\/person\/image\/","url":"https:\/\/secure.gravatar.com\/avatar\/55cb5e37c1efa326397366e6974cb338056df65cb50e7d64d1cf314e87504837?s=96&d=mm&r=g","contentUrl":"https:\/\/secure.gravatar.com\/avatar\/55cb5e37c1efa326397366e6974cb338056df65cb50e7d64d1cf314e87504837?s=96&d=mm&r=g","caption":"Arnaldo Botto"},"url":"https:\/\/www.noticiasradioreflejos.com.ar\/2021\/author\/arnaldo\/"}]}},"_links":{"self":[{"href":"https:\/\/www.noticiasradioreflejos.com.ar\/2021\/wp-json\/wp\/v2\/posts\/53801","targetHints":{"allow":["GET"]}}],"collection":[{"href":"https:\/\/www.noticiasradioreflejos.com.ar\/2021\/wp-json\/wp\/v2\/posts"}],"about":[{"href":"https:\/\/www.noticiasradioreflejos.com.ar\/2021\/wp-json\/wp\/v2\/types\/post"}],"author":[{"embeddable":true,"href":"https:\/\/www.noticiasradioreflejos.com.ar\/2021\/wp-json\/wp\/v2\/users\/3"}],"replies":[{"embeddable":true,"href":"https:\/\/www.noticiasradioreflejos.com.ar\/2021\/wp-json\/wp\/v2\/comments?post=53801"}],"version-history":[{"count":0,"href":"https:\/\/www.noticiasradioreflejos.com.ar\/2021\/wp-json\/wp\/v2\/posts\/53801\/revisions"}],"wp:attachment":[{"href":"https:\/\/www.noticiasradioreflejos.com.ar\/2021\/wp-json\/wp\/v2\/media?parent=53801"}],"wp:term":[{"taxonomy":"category","embeddable":true,"href":"https:\/\/www.noticiasradioreflejos.com.ar\/2021\/wp-json\/wp\/v2\/categories?post=53801"},{"taxonomy":"post_tag","embeddable":true,"href":"https:\/\/www.noticiasradioreflejos.com.ar\/2021\/wp-json\/wp\/v2\/tags?post=53801"}],"curies":[{"name":"wp","href":"https:\/\/api.w.org\/{rel}","templated":true}]}}