{"id":53797,"date":"2021-03-12T15:41:18","date_gmt":"2021-03-12T18:41:18","guid":{"rendered":"http:\/\/www.noticiasradioreflejos.com.ar\/noticias\/?p=53797"},"modified":"2021-03-12T15:41:18","modified_gmt":"2021-03-12T18:41:18","slug":"vacunacion-en-tornquist-no-hay-un-lugar-menos-deplorable-que-ese","status":"publish","type":"post","link":"https:\/\/www.noticiasradioreflejos.com.ar\/2021\/vacunacion-en-tornquist-no-hay-un-lugar-menos-deplorable-que-ese\/","title":{"rendered":"Vacunaci\u00f3n en Tornquist: \u00ab\u00bfNo hay un lugar menos deplorable que ese?\u00bb"},"content":{"rendered":"<p>Una oyente de nuestra emisora pidi\u00f3\u00a0aire para hacer conocer su experiencia con la segunda dosis de la vacuna contra el covid.<b> Rosa Elena Rom\u00e1n<\/b> de Sierra de la Ventana tuvo su primera dosis de la vacuna para el virus Covid-19, destaca que las instalaciones y la atenci\u00f3n que le brindaron fueron excelentes. No as\u00ed sucedi\u00f3 con su segunda dosis, y lo desarrolla en esta nota.<!--more--><\/p>\n<p>\u00abAyer tuve que ir por la segunda dosis. El horario estuvo bien, llegu\u00e9 antes. El informe de mi mail dec\u00eda que yo ten\u00eda que concurrir al Hospital Municipal. Cuando llegu\u00e9 all\u00ed no era\u00bb comenz\u00f3 a desarrollar su experiencia.<\/p>\n<p><a title=\"WhatsApp Image 2021-03-12 at 11.18.06 (1)\" href=\"https:\/\/www.flickr.com\/photos\/182279889@N02\/51029050968\/in\/dateposted-public\/\" data-flickr-embed=\"true\"><img loading=\"lazy\" decoding=\"async\" src=\"https:\/\/live.staticflickr.com\/65535\/51029050968_6e1473a3bc_c.jpg\" alt=\"WhatsApp Image 2021-03-12 at 11.18.06 (1)\" width=\"800\" height=\"450\" \/><\/a><script src=\"\/\/embedr.flickr.com\/assets\/client-code.js\" async=\"\" charset=\"utf-8\"><\/script><\/p>\n<p>La paciente explic\u00f3 que tuvo que caminar unos 100 metros dentro del predio del Hospital para ir a un espacio abierto, donde se encontraban sillas colocadas sobre piso de piedras, cosa que obstaculizaron el paso a Rosa quien camina con la ayuda de un bast\u00f3n. \u00ab\u00c9ramos 5 personas esperando ah\u00ed hasta que se abrieron las puertas del hospital\u00bb.<\/p>\n<p>\u00abNos hicieron ingresar a un pasillo del hospital que estaba en construcci\u00f3n, hab\u00eda algunas sillas y nos hicieron sentarnos ah\u00ed\u00bb continu\u00f3. Rosa Elena declar\u00f3 que las vacunas se encontraban colocadas sobre una mesa donde hab\u00eda varias cosas. \u00abEso no parec\u00eda estar desinfectado\u00bb coment\u00f3.<\/p>\n<p>\u00ab\u00bfNo hab\u00eda otro lugar en todo Tornquist para vacunar a los adultos mayores? \u00bfNo hay un lugar menos deplorable que ese?\u00bb expres\u00f3.<\/p>\n<p><strong>Nota completa a continuaci\u00f3n:<\/strong><br \/>\n<iframe loading=\"lazy\" src=\"https:\/\/w.soundcloud.com\/player\/?url=https%3A\/\/api.soundcloud.com\/tracks\/1005432637&amp;color=%23ff5500&amp;auto_play=false&amp;hide_related=false&amp;show_comments=true&amp;show_user=true&amp;show_reposts=false&amp;show_teaser=true\" width=\"100%\" height=\"166\" frameborder=\"no\" scrolling=\"no\"><\/iframe><\/p>\n<div style=\"font-size: 10px; color: #cccccc; line-break: anywhere; word-break: normal; overflow: hidden; white-space: nowrap; text-overflow: ellipsis; font-family: Interstate,Lucida Grande,Lucida Sans Unicode,Lucida Sans,Garuda,Verdana,Tahoma,sans-serif; font-weight: 100;\"><a style=\"color: #cccccc; text-decoration: none;\" title=\"fmreflejos 103.7\" href=\"https:\/\/soundcloud.com\/fmreflejos-103-7\" target=\"_blank\" rel=\"noopener\">fmreflejos 103.7<\/a> \u00b7 <a style=\"color: #cccccc; text-decoration: none;\" title=\"Rosa Elena Rom\u00e1n - Quejas Vacunaci\u00f3n\" href=\"https:\/\/soundcloud.com\/fmreflejos-103-7\/quejas-vacunacion\" target=\"_blank\" rel=\"noopener\">Rosa Elena Rom\u00e1n &#8211; Quejas Vacunaci\u00f3n<\/a><\/div>\n","protected":false},"excerpt":{"rendered":"<p>Una oyente de nuestra emisora pidi\u00f3\u00a0aire para hacer conocer su experiencia con la segunda dosis de la vacuna contra el covid. Rosa Elena Rom\u00e1n de Sierra de la Ventana tuvo su primera dosis de la vacuna para el virus Covid-19, destaca que las instalaciones y la atenci\u00f3n que le brindaron fueron excelentes. No as\u00ed sucedi\u00f3 [&hellip;]<\/p>\n","protected":false},"author":3,"featured_media":0,"comment_status":"closed","ping_status":"open","sticky":false,"template":"","format":"standard","meta":{"footnotes":""},"categories":[30,26],"tags":[],"class_list":["post-53797","post","type-post","status-publish","format-standard","hentry","category-salud","category-sociedad"],"yoast_head":"<!-- This site is optimized with the Yoast SEO plugin v25.9 - https:\/\/yoast.com\/wordpress\/plugins\/seo\/ -->\n<title>Vacunaci\u00f3n en Tornquist: &quot;\u00bfNo hay un lugar menos deplorable que ese?&quot; - Noticias Radio Reflejos<\/title>\n<meta name=\"robots\" content=\"index, follow, max-snippet:-1, max-image-preview:large, max-video-preview:-1\" \/>\n<link rel=\"canonical\" href=\"https:\/\/www.noticiasradioreflejos.com.ar\/2021\/vacunacion-en-tornquist-no-hay-un-lugar-menos-deplorable-que-ese\/\" \/>\n<meta property=\"og:locale\" content=\"es_ES\" \/>\n<meta property=\"og:type\" content=\"article\" \/>\n<meta property=\"og:title\" content=\"Vacunaci\u00f3n en Tornquist: &quot;\u00bfNo hay un lugar menos deplorable que ese?&quot; - Noticias Radio Reflejos\" \/>\n<meta property=\"og:description\" content=\"Una oyente de nuestra emisora pidi\u00f3\u00a0aire para hacer conocer su experiencia con la segunda dosis de la vacuna contra el covid. Rosa Elena Rom\u00e1n de Sierra de la Ventana tuvo su primera dosis de la vacuna para el virus Covid-19, destaca que las instalaciones y la atenci\u00f3n que le brindaron fueron excelentes. No as\u00ed sucedi\u00f3 [&hellip;]\" \/>\n<meta property=\"og:url\" content=\"https:\/\/www.noticiasradioreflejos.com.ar\/2021\/vacunacion-en-tornquist-no-hay-un-lugar-menos-deplorable-que-ese\/\" \/>\n<meta property=\"og:site_name\" content=\"Noticias Radio Reflejos\" \/>\n<meta property=\"article:published_time\" content=\"2021-03-12T18:41:18+00:00\" \/>\n<meta property=\"og:image\" content=\"https:\/\/live.staticflickr.com\/65535\/51029050968_6e1473a3bc_c.jpg\" \/>\n<meta name=\"author\" content=\"Arnaldo Botto\" \/>\n<meta name=\"twitter:card\" content=\"summary_large_image\" \/>\n<script type=\"application\/ld+json\" class=\"yoast-schema-graph\">{\"@context\":\"https:\/\/schema.org\",\"@graph\":[{\"@type\":\"WebPage\",\"@id\":\"https:\/\/www.noticiasradioreflejos.com.ar\/2021\/vacunacion-en-tornquist-no-hay-un-lugar-menos-deplorable-que-ese\/\",\"url\":\"https:\/\/www.noticiasradioreflejos.com.ar\/2021\/vacunacion-en-tornquist-no-hay-un-lugar-menos-deplorable-que-ese\/\",\"name\":\"Vacunaci\u00f3n en Tornquist: \\\"\u00bfNo hay un lugar menos deplorable que ese?\\\" - Noticias Radio Reflejos\",\"isPartOf\":{\"@id\":\"https:\/\/www.noticiasradioreflejos.com.ar\/2021\/#website\"},\"primaryImageOfPage\":{\"@id\":\"https:\/\/www.noticiasradioreflejos.com.ar\/2021\/vacunacion-en-tornquist-no-hay-un-lugar-menos-deplorable-que-ese\/#primaryimage\"},\"image\":{\"@id\":\"https:\/\/www.noticiasradioreflejos.com.ar\/2021\/vacunacion-en-tornquist-no-hay-un-lugar-menos-deplorable-que-ese\/#primaryimage\"},\"thumbnailUrl\":\"https:\/\/live.staticflickr.com\/65535\/51029050968_6e1473a3bc_c.jpg\",\"datePublished\":\"2021-03-12T18:41:18+00:00\",\"author\":{\"@id\":\"https:\/\/www.noticiasradioreflejos.com.ar\/2021\/#\/schema\/person\/ad82545263dcc5ec0996818884fd5fb1\"},\"breadcrumb\":{\"@id\":\"https:\/\/www.noticiasradioreflejos.com.ar\/2021\/vacunacion-en-tornquist-no-hay-un-lugar-menos-deplorable-que-ese\/#breadcrumb\"},\"inLanguage\":\"es\",\"potentialAction\":[{\"@type\":\"ReadAction\",\"target\":[\"https:\/\/www.noticiasradioreflejos.com.ar\/2021\/vacunacion-en-tornquist-no-hay-un-lugar-menos-deplorable-que-ese\/\"]}]},{\"@type\":\"ImageObject\",\"inLanguage\":\"es\",\"@id\":\"https:\/\/www.noticiasradioreflejos.com.ar\/2021\/vacunacion-en-tornquist-no-hay-un-lugar-menos-deplorable-que-ese\/#primaryimage\",\"url\":\"https:\/\/live.staticflickr.com\/65535\/51029050968_6e1473a3bc_c.jpg\",\"contentUrl\":\"https:\/\/live.staticflickr.com\/65535\/51029050968_6e1473a3bc_c.jpg\"},{\"@type\":\"BreadcrumbList\",\"@id\":\"https:\/\/www.noticiasradioreflejos.com.ar\/2021\/vacunacion-en-tornquist-no-hay-un-lugar-menos-deplorable-que-ese\/#breadcrumb\",\"itemListElement\":[{\"@type\":\"ListItem\",\"position\":1,\"name\":\"Portada\",\"item\":\"https:\/\/www.noticiasradioreflejos.com.ar\/2021\/\"},{\"@type\":\"ListItem\",\"position\":2,\"name\":\"Vacunaci\u00f3n en Tornquist: \u00ab\u00bfNo hay un lugar menos deplorable que ese?\u00bb\"}]},{\"@type\":\"WebSite\",\"@id\":\"https:\/\/www.noticiasradioreflejos.com.ar\/2021\/#website\",\"url\":\"https:\/\/www.noticiasradioreflejos.com.ar\/2021\/\",\"name\":\"Noticias Radio Reflejos\",\"description\":\"Las noticias de mi comarca\",\"potentialAction\":[{\"@type\":\"SearchAction\",\"target\":{\"@type\":\"EntryPoint\",\"urlTemplate\":\"https:\/\/www.noticiasradioreflejos.com.ar\/2021\/?s={search_term_string}\"},\"query-input\":{\"@type\":\"PropertyValueSpecification\",\"valueRequired\":true,\"valueName\":\"search_term_string\"}}],\"inLanguage\":\"es\"},{\"@type\":\"Person\",\"@id\":\"https:\/\/www.noticiasradioreflejos.com.ar\/2021\/#\/schema\/person\/ad82545263dcc5ec0996818884fd5fb1\",\"name\":\"Arnaldo Botto\",\"image\":{\"@type\":\"ImageObject\",\"inLanguage\":\"es\",\"@id\":\"https:\/\/www.noticiasradioreflejos.com.ar\/2021\/#\/schema\/person\/image\/\",\"url\":\"https:\/\/secure.gravatar.com\/avatar\/55cb5e37c1efa326397366e6974cb338056df65cb50e7d64d1cf314e87504837?s=96&d=mm&r=g\",\"contentUrl\":\"https:\/\/secure.gravatar.com\/avatar\/55cb5e37c1efa326397366e6974cb338056df65cb50e7d64d1cf314e87504837?s=96&d=mm&r=g\",\"caption\":\"Arnaldo Botto\"},\"url\":\"https:\/\/www.noticiasradioreflejos.com.ar\/2021\/author\/arnaldo\/\"}]}<\/script>\n<!-- \/ Yoast SEO plugin. -->","yoast_head_json":{"title":"Vacunaci\u00f3n en Tornquist: \"\u00bfNo hay un lugar menos deplorable que ese?\" - Noticias Radio Reflejos","robots":{"index":"index","follow":"follow","max-snippet":"max-snippet:-1","max-image-preview":"max-image-preview:large","max-video-preview":"max-video-preview:-1"},"canonical":"https:\/\/www.noticiasradioreflejos.com.ar\/2021\/vacunacion-en-tornquist-no-hay-un-lugar-menos-deplorable-que-ese\/","og_locale":"es_ES","og_type":"article","og_title":"Vacunaci\u00f3n en Tornquist: \"\u00bfNo hay un lugar menos deplorable que ese?\" - Noticias Radio Reflejos","og_description":"Una oyente de nuestra emisora pidi\u00f3\u00a0aire para hacer conocer su experiencia con la segunda dosis de la vacuna contra el covid. Rosa Elena Rom\u00e1n de Sierra de la Ventana tuvo su primera dosis de la vacuna para el virus Covid-19, destaca que las instalaciones y la atenci\u00f3n que le brindaron fueron excelentes. No as\u00ed sucedi\u00f3 [&hellip;]","og_url":"https:\/\/www.noticiasradioreflejos.com.ar\/2021\/vacunacion-en-tornquist-no-hay-un-lugar-menos-deplorable-que-ese\/","og_site_name":"Noticias Radio Reflejos","article_published_time":"2021-03-12T18:41:18+00:00","og_image":[{"url":"https:\/\/live.staticflickr.com\/65535\/51029050968_6e1473a3bc_c.jpg","type":"","width":"","height":""}],"author":"Arnaldo Botto","twitter_card":"summary_large_image","schema":{"@context":"https:\/\/schema.org","@graph":[{"@type":"WebPage","@id":"https:\/\/www.noticiasradioreflejos.com.ar\/2021\/vacunacion-en-tornquist-no-hay-un-lugar-menos-deplorable-que-ese\/","url":"https:\/\/www.noticiasradioreflejos.com.ar\/2021\/vacunacion-en-tornquist-no-hay-un-lugar-menos-deplorable-que-ese\/","name":"Vacunaci\u00f3n en Tornquist: \"\u00bfNo hay un lugar menos deplorable que ese?\" - Noticias Radio Reflejos","isPartOf":{"@id":"https:\/\/www.noticiasradioreflejos.com.ar\/2021\/#website"},"primaryImageOfPage":{"@id":"https:\/\/www.noticiasradioreflejos.com.ar\/2021\/vacunacion-en-tornquist-no-hay-un-lugar-menos-deplorable-que-ese\/#primaryimage"},"image":{"@id":"https:\/\/www.noticiasradioreflejos.com.ar\/2021\/vacunacion-en-tornquist-no-hay-un-lugar-menos-deplorable-que-ese\/#primaryimage"},"thumbnailUrl":"https:\/\/live.staticflickr.com\/65535\/51029050968_6e1473a3bc_c.jpg","datePublished":"2021-03-12T18:41:18+00:00","author":{"@id":"https:\/\/www.noticiasradioreflejos.com.ar\/2021\/#\/schema\/person\/ad82545263dcc5ec0996818884fd5fb1"},"breadcrumb":{"@id":"https:\/\/www.noticiasradioreflejos.com.ar\/2021\/vacunacion-en-tornquist-no-hay-un-lugar-menos-deplorable-que-ese\/#breadcrumb"},"inLanguage":"es","potentialAction":[{"@type":"ReadAction","target":["https:\/\/www.noticiasradioreflejos.com.ar\/2021\/vacunacion-en-tornquist-no-hay-un-lugar-menos-deplorable-que-ese\/"]}]},{"@type":"ImageObject","inLanguage":"es","@id":"https:\/\/www.noticiasradioreflejos.com.ar\/2021\/vacunacion-en-tornquist-no-hay-un-lugar-menos-deplorable-que-ese\/#primaryimage","url":"https:\/\/live.staticflickr.com\/65535\/51029050968_6e1473a3bc_c.jpg","contentUrl":"https:\/\/live.staticflickr.com\/65535\/51029050968_6e1473a3bc_c.jpg"},{"@type":"BreadcrumbList","@id":"https:\/\/www.noticiasradioreflejos.com.ar\/2021\/vacunacion-en-tornquist-no-hay-un-lugar-menos-deplorable-que-ese\/#breadcrumb","itemListElement":[{"@type":"ListItem","position":1,"name":"Portada","item":"https:\/\/www.noticiasradioreflejos.com.ar\/2021\/"},{"@type":"ListItem","position":2,"name":"Vacunaci\u00f3n en Tornquist: \u00ab\u00bfNo hay un lugar menos deplorable que ese?\u00bb"}]},{"@type":"WebSite","@id":"https:\/\/www.noticiasradioreflejos.com.ar\/2021\/#website","url":"https:\/\/www.noticiasradioreflejos.com.ar\/2021\/","name":"Noticias Radio Reflejos","description":"Las noticias de mi comarca","potentialAction":[{"@type":"SearchAction","target":{"@type":"EntryPoint","urlTemplate":"https:\/\/www.noticiasradioreflejos.com.ar\/2021\/?s={search_term_string}"},"query-input":{"@type":"PropertyValueSpecification","valueRequired":true,"valueName":"search_term_string"}}],"inLanguage":"es"},{"@type":"Person","@id":"https:\/\/www.noticiasradioreflejos.com.ar\/2021\/#\/schema\/person\/ad82545263dcc5ec0996818884fd5fb1","name":"Arnaldo Botto","image":{"@type":"ImageObject","inLanguage":"es","@id":"https:\/\/www.noticiasradioreflejos.com.ar\/2021\/#\/schema\/person\/image\/","url":"https:\/\/secure.gravatar.com\/avatar\/55cb5e37c1efa326397366e6974cb338056df65cb50e7d64d1cf314e87504837?s=96&d=mm&r=g","contentUrl":"https:\/\/secure.gravatar.com\/avatar\/55cb5e37c1efa326397366e6974cb338056df65cb50e7d64d1cf314e87504837?s=96&d=mm&r=g","caption":"Arnaldo Botto"},"url":"https:\/\/www.noticiasradioreflejos.com.ar\/2021\/author\/arnaldo\/"}]}},"_links":{"self":[{"href":"https:\/\/www.noticiasradioreflejos.com.ar\/2021\/wp-json\/wp\/v2\/posts\/53797","targetHints":{"allow":["GET"]}}],"collection":[{"href":"https:\/\/www.noticiasradioreflejos.com.ar\/2021\/wp-json\/wp\/v2\/posts"}],"about":[{"href":"https:\/\/www.noticiasradioreflejos.com.ar\/2021\/wp-json\/wp\/v2\/types\/post"}],"author":[{"embeddable":true,"href":"https:\/\/www.noticiasradioreflejos.com.ar\/2021\/wp-json\/wp\/v2\/users\/3"}],"replies":[{"embeddable":true,"href":"https:\/\/www.noticiasradioreflejos.com.ar\/2021\/wp-json\/wp\/v2\/comments?post=53797"}],"version-history":[{"count":0,"href":"https:\/\/www.noticiasradioreflejos.com.ar\/2021\/wp-json\/wp\/v2\/posts\/53797\/revisions"}],"wp:attachment":[{"href":"https:\/\/www.noticiasradioreflejos.com.ar\/2021\/wp-json\/wp\/v2\/media?parent=53797"}],"wp:term":[{"taxonomy":"category","embeddable":true,"href":"https:\/\/www.noticiasradioreflejos.com.ar\/2021\/wp-json\/wp\/v2\/categories?post=53797"},{"taxonomy":"post_tag","embeddable":true,"href":"https:\/\/www.noticiasradioreflejos.com.ar\/2021\/wp-json\/wp\/v2\/tags?post=53797"}],"curies":[{"name":"wp","href":"https:\/\/api.w.org\/{rel}","templated":true}]}}