{"id":53793,"date":"2021-03-12T12:49:17","date_gmt":"2021-03-12T15:49:17","guid":{"rendered":"http:\/\/www.noticiasradioreflejos.com.ar\/noticias\/?p=53793"},"modified":"2021-03-12T12:49:17","modified_gmt":"2021-03-12T15:49:17","slug":"la-oms-confirmo-la-seguridad-de-la-vacuna-de-astrazeneca-como-sigue-la-campana-en-la-argentina","status":"publish","type":"post","link":"https:\/\/www.noticiasradioreflejos.com.ar\/2021\/la-oms-confirmo-la-seguridad-de-la-vacuna-de-astrazeneca-como-sigue-la-campana-en-la-argentina\/","title":{"rendered":"La OMS confirm\u00f3 la seguridad de la vacuna de AstraZeneca: c\u00f3mo sigue la campa\u00f1a en la Argentina"},"content":{"rendered":"<p>Al pa\u00eds llegaron 580 mil dosis de la Covishield, la formulaci\u00f3n del laboratorio producida en India. Desde la cartera sanitaria dijeron a Infobae que ya fueron aplicadas 468.061 y ratificaron el cronograma de vacunaci\u00f3n<!--more--><\/p>\n<article class=\"article | col widescreen-8 desktop-8 tablet-12 width_full\">\n<div class=\"nd-body-article\">\n<div class=\"visual__image image_container\"><img loading=\"lazy\" decoding=\"async\" src=\"https:\/\/www.infobae.com\/new-resizer\/Vx1kewoj7ZDgINRC-3za58yvL9E=\/420x280\/filters:format(jpg):quality(85)\/cloudfront-us-east-1.images.arcpublishing.com\/infobae\/V6AZNWSTFFET37F557HZS2VKEQ.jpg\" sizes=\"auto, (min-width: 800px) 50vw, 90vw\" srcset=\"https:\/\/www.infobae.com\/new-resizer\/Vx1kewoj7ZDgINRC-3za58yvL9E=\/420x280\/filters:format(jpg):quality(85)\/cloudfront-us-east-1.images.arcpublishing.com\/infobae\/V6AZNWSTFFET37F557HZS2VKEQ.jpg 420w,https:\/\/www.infobae.com\/new-resizer\/DA7EC__Rj6iKCeGTNkki6j7ytaw=\/768x512\/filters:format(jpg):quality(85)\/cloudfront-us-east-1.images.arcpublishing.com\/infobae\/V6AZNWSTFFET37F557HZS2VKEQ.jpg 768w,https:\/\/www.infobae.com\/new-resizer\/rjRQDvHJna6cEwPI1ZVtkYJwnd8=\/992x661\/filters:format(jpg):quality(85)\/cloudfront-us-east-1.images.arcpublishing.com\/infobae\/V6AZNWSTFFET37F557HZS2VKEQ.jpg 992w,https:\/\/www.infobae.com\/new-resizer\/dktM6sCDC-Tb4aBBMLzYEKenYlw=\/1200x800\/filters:format(jpg):quality(85)\/cloudfront-us-east-1.images.arcpublishing.com\/infobae\/V6AZNWSTFFET37F557HZS2VKEQ.jpg 1200w\" alt=\"La vacuna Covishield es la elaborada por el laboratorio AstraZeneca y la Universidad de Oxford, que se produce en el Serum Institute de la India (Reuters) \" width=\"5197\" height=\"3528\" \/>La vacuna Covishield es la elaborada por el laboratorio AstraZeneca y la Universidad de Oxford, que se produce en el Serum Institute de la India (Reuters)<\/div>\n<p class=\"paragraph\">Luego de que a principios de este mes algunos pa\u00edses europeos cuestionaran la aplicaci\u00f3n de la vacuna elaborada por el laboratorio AstraZeneca y la Universidad de Oxford en adultos mayores y esta semana se conocieran\u00a0<a href=\"https:\/\/www.infobae.com\/america\/mundo\/2021\/03\/11\/alarmados-por-casos-de-trombosis-seis-paises-europeos-suspendieron-el-uso-de-un-lote-de-vacunas-de-astrazeneca-que-dice-el-regulador-continental\/\" target=\"_blank\" rel=\"noopener\">casos de de trombosis<\/a>\u00a0y co\u00e1gulos sangu\u00edneos en personas que hab\u00edan sido vacunadas con esa formulaci\u00f3n, hoy la Organizaci\u00f3n Mundial de la Salud (OMS) asegur\u00f3 que\u00a0<a href=\"https:\/\/www.infobae.com\/america\/mundo\/2021\/03\/12\/la-oms-dijo-que-no-hay-razon-para-dejar-de-usar-la-vacuna-de-oxford-y-astrazeneca-contra-el-coronavirus\/\" target=\"_blank\" rel=\"noopener\">no hay raz\u00f3n para no usarla<\/a>.<\/p>\n<p class=\"paragraph\">Asimismo, la Agencia Europea de Medicamentos (EMA)\u00a0<a href=\"https:\/\/www.ema.europa.eu\/en\/news\/covid-19-vaccine-astrazeneca-prac-investigating-cases-thromboembolic-events-vaccines-benefits\" target=\"_blank\" rel=\"noopener\">ayer se pronunci\u00f3<\/a>\u00a0acerca de la decisi\u00f3n de la Autoridad Sanitaria Danesa de detener su campa\u00f1a de vacunaci\u00f3n con la vacuna COVID-19 AstraZeneca por los eventos de trombosis mencionados.<\/p>\n<p class=\"paragraph\">\u201c<b>Actualmente, no hay indicios de que la vacunaci\u00f3n haya causado estas afecciones, que no figuran como efectos secundarios de esta vacuna<\/b>. La posici\u00f3n del comit\u00e9 de seguridad de la EMA es que los beneficios de la vacuna contin\u00faan superando sus riesgos y la vacuna puede continuar administr\u00e1ndose mientras se est\u00e1 investigando los casos de eventos tromboemb\u00f3licos\u201d, inform\u00f3 el organismo en un comunicado.\u00a0<mark class=\"hl_yellow\">\u201cYa se est\u00e1n revisando todos los casos de eventos tromboemb\u00f3licos y otras afecciones relacionadas con los co\u00e1gulos de sangre, notificados despu\u00e9s de la vacunaci\u00f3n con la vacuna COVID-19 AstraZeneca\u201d<\/mark>, agregaron.<\/p>\n<div class=\"visual__image image_container\"><img loading=\"lazy\" decoding=\"async\" src=\"https:\/\/www.infobae.com\/new-resizer\/A8iBSd75zGzRj3qWA0K-EwWov18=\/420x280\/filters:format(jpg):quality(85)\/cloudfront-us-east-1.images.arcpublishing.com\/infobae\/XYGZUV4YNA3URNEGTCXHL2PFRQ.jpg\" sizes=\"auto, (min-width: 800px) 50vw, 90vw\" srcset=\"https:\/\/www.infobae.com\/new-resizer\/A8iBSd75zGzRj3qWA0K-EwWov18=\/420x280\/filters:format(jpg):quality(85)\/cloudfront-us-east-1.images.arcpublishing.com\/infobae\/XYGZUV4YNA3URNEGTCXHL2PFRQ.jpg 420w,https:\/\/www.infobae.com\/new-resizer\/0Nu2o0x5B8ACY1Y7HR2qr6u0ZuQ=\/768x512\/filters:format(jpg):quality(85)\/cloudfront-us-east-1.images.arcpublishing.com\/infobae\/XYGZUV4YNA3URNEGTCXHL2PFRQ.jpg 768w,https:\/\/www.infobae.com\/new-resizer\/O1oi-Iql5adYDUl81yAxsG0GqEs=\/992x661\/filters:format(jpg):quality(85)\/cloudfront-us-east-1.images.arcpublishing.com\/infobae\/XYGZUV4YNA3URNEGTCXHL2PFRQ.jpg 992w,https:\/\/www.infobae.com\/new-resizer\/5CDKnjYxPYC_e5UlqrZMm0tLgjY=\/1200x800\/filters:format(jpg):quality(85)\/cloudfront-us-east-1.images.arcpublishing.com\/infobae\/XYGZUV4YNA3URNEGTCXHL2PFRQ.jpg 1200w\" alt=\"Al d\u00eda de hoy fueron distribuidas 547.500 dosis y aplicadas 468.061 (Reuters) \" width=\"5472\" height=\"3648\" \/>Al d\u00eda de hoy fueron distribuidas 547.500 dosis y aplicadas 468.061 (Reuters)<\/div>\n<p class=\"paragraph\">En tanto desde el laboratorio informaron que un an\u00e1lisis de sus datos de seguridad de m\u00e1s de 10 millones de registros \u201cno ha mostrado evidencia de un mayor riesgo de embolia pulmonar o trombosis venosa profunda en ning\u00fan grupo de edad definido, g\u00e9nero, lote o en ning\u00fan pa\u00eds en particular con la Vacuna COVID-19 AstraZeneca\u201d. \u201cDe hecho, el n\u00famero observado de este tipo de eventos es significativamente menor en los vacunados que lo que cabr\u00eda esperar entre la poblaci\u00f3n general\u201d, reforzaron en un parte de prensa difundido por la compa\u00f1\u00eda.<\/p>\n<p class=\"paragraph\">\u201c<b>En nuestro pa\u00eds, la vacuna COVID-19 AstraZeneca fue autorizada como producto para uso de emergencia el 30 de diciembre por la Anmat<\/b>. Se puede administrar en mayores de 60 a\u00f1os, porque se sigui\u00f3 la recomendaci\u00f3n de la OMS en base a evidencias que demuestran que la vacuna tiene un perfil seguro\u201d, hab\u00eda dicho a\u00a0<b>Infobae<\/b>\u00a0la doctora \u00c1ngela Gentile, miembro de la Comisi\u00f3n Nacional de Seguridad en Vacunas de la Argentina en oportunidad de que se pusiera en duda la seguridad de la formulaci\u00f3n en adultos mayores.<\/p>\n<div class=\"visual__image image_container\"><img loading=\"lazy\" decoding=\"async\" src=\"https:\/\/www.infobae.com\/new-resizer\/eajzhN1trmD7fU4PZd5X-kuUiUo=\/420x280\/filters:format(jpg):quality(85)\/cloudfront-us-east-1.images.arcpublishing.com\/infobae\/GSJMCCUWEN57QG67CNO3HK4I6E.jpg\" sizes=\"auto, (min-width: 800px) 50vw, 90vw\" srcset=\"https:\/\/www.infobae.com\/new-resizer\/eajzhN1trmD7fU4PZd5X-kuUiUo=\/420x280\/filters:format(jpg):quality(85)\/cloudfront-us-east-1.images.arcpublishing.com\/infobae\/GSJMCCUWEN57QG67CNO3HK4I6E.jpg 420w,https:\/\/www.infobae.com\/new-resizer\/b6lZJePSolnbqgIhZNgvqlnfvuM=\/768x512\/filters:format(jpg):quality(85)\/cloudfront-us-east-1.images.arcpublishing.com\/infobae\/GSJMCCUWEN57QG67CNO3HK4I6E.jpg 768w,https:\/\/www.infobae.com\/new-resizer\/gitS5wkaAZOt3OOND8KffsKpxvQ=\/992x661\/filters:format(jpg):quality(85)\/cloudfront-us-east-1.images.arcpublishing.com\/infobae\/GSJMCCUWEN57QG67CNO3HK4I6E.jpg 992w,https:\/\/www.infobae.com\/new-resizer\/iJlo-KNU4IKMSpGQh3_e7X7VmbU=\/1200x800\/filters:format(jpg):quality(85)\/cloudfront-us-east-1.images.arcpublishing.com\/infobae\/GSJMCCUWEN57QG67CNO3HK4I6E.jpg 1200w\" alt=\"Al pa\u00eds arribaron el 17 de febrero 580 mil dosis de la vacuna Covishield y se espera otro vuelo con la misma cantidad para este mes (Reuters) \" width=\"2765\" height=\"1828\" \/>Al pa\u00eds arribaron el 17 de febrero 580 mil dosis de la vacuna Covishield y se espera otro vuelo con la misma cantidad para este mes (Reuters)<\/div>\n<p class=\"paragraph\">Esta ma\u00f1ana\u00a0<b>Infobae<\/b>\u00a0se comunic\u00f3 con el Ministerio de Salud de la Naci\u00f3n y fuentes confiables aseguraron que\u00a0<mark class=\"hl_yellow\">la Argentina continuar\u00e1 con su plan de inmunizaci\u00f3n tal como estaba previsto, a la vista de las \u00faltimas recomendaciones de la OMS y la EMA.<\/mark><\/p>\n<p class=\"paragraph\">Al pa\u00eds<a href=\"https:\/\/www.infobae.com\/salud\/2021\/02\/17\/llegaron-al-pais-580000-dosis-de-la-vacuna-covishield-de-astrazenecaoxford-fabricada-en-india\/\" target=\"_blank\" rel=\"noopener\">\u00a0arribaron el 17 de febrero<\/a>\u00a0580 mil dosis de la vacuna Covishield, la formulaci\u00f3n de AstraZeneca\/Oxford fabricada en India (el 9 de ese mismo mes las autoridades sanitarias hab\u00edan autorizado su uso de emergencia) y<b>\u00a0seg\u00fan informaron desde la cartera sanitaria, al d\u00eda de hoy fueron distribuidas 547.500 dosis y aplicadas 468.061<\/b>, tal como figura en el Registro Federal de Vacunaci\u00f3n Nominalizado\u00a0<a href=\"https:\/\/sisa.msal.gov.ar\/sisadoc\/docs\/050203\/nomivac_home.jsp\" target=\"_blank\" rel=\"noopener\">Nomivac<\/a>.<\/p>\n<p class=\"paragraph\">La vacuna Covishield se produce en el Serum Institute de la India a partir de un acuerdo de colaboraci\u00f3n en el contexto de una transferencia tecnol\u00f3gica del laboratorio anglosueco y la universidad brit\u00e1nica.\u00a0<mark class=\"hl_yellow\">El Estado argentino acord\u00f3 la adquisici\u00f3n de un total de 1.160.000 dosis. Otras 580 mil llegar\u00edan en el transcurso de este mes en una aerol\u00ednea privada.<\/mark><\/p>\n<\/div>\n<\/article>\n","protected":false},"excerpt":{"rendered":"<p>Al pa\u00eds llegaron 580 mil dosis de la Covishield, la formulaci\u00f3n del laboratorio producida en India. Desde la cartera sanitaria dijeron a Infobae que ya fueron aplicadas 468.061 y ratificaron el cronograma de vacunaci\u00f3n<\/p>\n","protected":false},"author":3,"featured_media":0,"comment_status":"closed","ping_status":"open","sticky":false,"template":"","format":"standard","meta":{"footnotes":""},"categories":[46,30],"tags":[],"class_list":["post-53793","post","type-post","status-publish","format-standard","hentry","category-ciencia-y-tecnologia","category-salud"],"yoast_head":"<!-- This site is optimized with the Yoast SEO plugin v25.9 - https:\/\/yoast.com\/wordpress\/plugins\/seo\/ -->\n<title>La OMS confirm\u00f3 la seguridad de la vacuna de AstraZeneca: c\u00f3mo sigue la campa\u00f1a en la Argentina - Noticias Radio Reflejos<\/title>\n<meta name=\"robots\" content=\"index, follow, max-snippet:-1, max-image-preview:large, max-video-preview:-1\" \/>\n<link rel=\"canonical\" href=\"https:\/\/www.noticiasradioreflejos.com.ar\/2021\/la-oms-confirmo-la-seguridad-de-la-vacuna-de-astrazeneca-como-sigue-la-campana-en-la-argentina\/\" \/>\n<meta property=\"og:locale\" content=\"es_ES\" \/>\n<meta property=\"og:type\" content=\"article\" \/>\n<meta property=\"og:title\" content=\"La OMS confirm\u00f3 la seguridad de la vacuna de AstraZeneca: c\u00f3mo sigue la campa\u00f1a en la Argentina - Noticias Radio Reflejos\" \/>\n<meta property=\"og:description\" content=\"Al pa\u00eds llegaron 580 mil dosis de la Covishield, la formulaci\u00f3n del laboratorio producida en India. Desde la cartera sanitaria dijeron a Infobae que ya fueron aplicadas 468.061 y ratificaron el cronograma de vacunaci\u00f3n\" \/>\n<meta property=\"og:url\" content=\"https:\/\/www.noticiasradioreflejos.com.ar\/2021\/la-oms-confirmo-la-seguridad-de-la-vacuna-de-astrazeneca-como-sigue-la-campana-en-la-argentina\/\" \/>\n<meta property=\"og:site_name\" content=\"Noticias Radio Reflejos\" \/>\n<meta property=\"article:published_time\" content=\"2021-03-12T15:49:17+00:00\" \/>\n<meta property=\"og:image\" content=\"https:\/\/www.infobae.com\/new-resizer\/Vx1kewoj7ZDgINRC-3za58yvL9E=\/420x280\/filters:format(jpg):quality(85)\/cloudfront-us-east-1.images.arcpublishing.com\/infobae\/V6AZNWSTFFET37F557HZS2VKEQ.jpg\" \/>\n<meta name=\"author\" content=\"Arnaldo Botto\" \/>\n<meta name=\"twitter:card\" content=\"summary_large_image\" \/>\n<script type=\"application\/ld+json\" class=\"yoast-schema-graph\">{\"@context\":\"https:\/\/schema.org\",\"@graph\":[{\"@type\":\"WebPage\",\"@id\":\"https:\/\/www.noticiasradioreflejos.com.ar\/2021\/la-oms-confirmo-la-seguridad-de-la-vacuna-de-astrazeneca-como-sigue-la-campana-en-la-argentina\/\",\"url\":\"https:\/\/www.noticiasradioreflejos.com.ar\/2021\/la-oms-confirmo-la-seguridad-de-la-vacuna-de-astrazeneca-como-sigue-la-campana-en-la-argentina\/\",\"name\":\"La OMS confirm\u00f3 la seguridad de la vacuna de AstraZeneca: c\u00f3mo sigue la campa\u00f1a en la Argentina - Noticias Radio Reflejos\",\"isPartOf\":{\"@id\":\"https:\/\/www.noticiasradioreflejos.com.ar\/2021\/#website\"},\"primaryImageOfPage\":{\"@id\":\"https:\/\/www.noticiasradioreflejos.com.ar\/2021\/la-oms-confirmo-la-seguridad-de-la-vacuna-de-astrazeneca-como-sigue-la-campana-en-la-argentina\/#primaryimage\"},\"image\":{\"@id\":\"https:\/\/www.noticiasradioreflejos.com.ar\/2021\/la-oms-confirmo-la-seguridad-de-la-vacuna-de-astrazeneca-como-sigue-la-campana-en-la-argentina\/#primaryimage\"},\"thumbnailUrl\":\"https:\/\/www.infobae.com\/new-resizer\/Vx1kewoj7ZDgINRC-3za58yvL9E=\/420x280\/filters:format(jpg):quality(85)\/cloudfront-us-east-1.images.arcpublishing.com\/infobae\/V6AZNWSTFFET37F557HZS2VKEQ.jpg\",\"datePublished\":\"2021-03-12T15:49:17+00:00\",\"author\":{\"@id\":\"https:\/\/www.noticiasradioreflejos.com.ar\/2021\/#\/schema\/person\/ad82545263dcc5ec0996818884fd5fb1\"},\"breadcrumb\":{\"@id\":\"https:\/\/www.noticiasradioreflejos.com.ar\/2021\/la-oms-confirmo-la-seguridad-de-la-vacuna-de-astrazeneca-como-sigue-la-campana-en-la-argentina\/#breadcrumb\"},\"inLanguage\":\"es\",\"potentialAction\":[{\"@type\":\"ReadAction\",\"target\":[\"https:\/\/www.noticiasradioreflejos.com.ar\/2021\/la-oms-confirmo-la-seguridad-de-la-vacuna-de-astrazeneca-como-sigue-la-campana-en-la-argentina\/\"]}]},{\"@type\":\"ImageObject\",\"inLanguage\":\"es\",\"@id\":\"https:\/\/www.noticiasradioreflejos.com.ar\/2021\/la-oms-confirmo-la-seguridad-de-la-vacuna-de-astrazeneca-como-sigue-la-campana-en-la-argentina\/#primaryimage\",\"url\":\"https:\/\/www.infobae.com\/new-resizer\/Vx1kewoj7ZDgINRC-3za58yvL9E=\/420x280\/filters:format(jpg):quality(85)\/cloudfront-us-east-1.images.arcpublishing.com\/infobae\/V6AZNWSTFFET37F557HZS2VKEQ.jpg\",\"contentUrl\":\"https:\/\/www.infobae.com\/new-resizer\/Vx1kewoj7ZDgINRC-3za58yvL9E=\/420x280\/filters:format(jpg):quality(85)\/cloudfront-us-east-1.images.arcpublishing.com\/infobae\/V6AZNWSTFFET37F557HZS2VKEQ.jpg\"},{\"@type\":\"BreadcrumbList\",\"@id\":\"https:\/\/www.noticiasradioreflejos.com.ar\/2021\/la-oms-confirmo-la-seguridad-de-la-vacuna-de-astrazeneca-como-sigue-la-campana-en-la-argentina\/#breadcrumb\",\"itemListElement\":[{\"@type\":\"ListItem\",\"position\":1,\"name\":\"Portada\",\"item\":\"https:\/\/www.noticiasradioreflejos.com.ar\/2021\/\"},{\"@type\":\"ListItem\",\"position\":2,\"name\":\"La OMS confirm\u00f3 la seguridad de la vacuna de AstraZeneca: c\u00f3mo sigue la campa\u00f1a en la Argentina\"}]},{\"@type\":\"WebSite\",\"@id\":\"https:\/\/www.noticiasradioreflejos.com.ar\/2021\/#website\",\"url\":\"https:\/\/www.noticiasradioreflejos.com.ar\/2021\/\",\"name\":\"Noticias Radio Reflejos\",\"description\":\"Las noticias de mi comarca\",\"potentialAction\":[{\"@type\":\"SearchAction\",\"target\":{\"@type\":\"EntryPoint\",\"urlTemplate\":\"https:\/\/www.noticiasradioreflejos.com.ar\/2021\/?s={search_term_string}\"},\"query-input\":{\"@type\":\"PropertyValueSpecification\",\"valueRequired\":true,\"valueName\":\"search_term_string\"}}],\"inLanguage\":\"es\"},{\"@type\":\"Person\",\"@id\":\"https:\/\/www.noticiasradioreflejos.com.ar\/2021\/#\/schema\/person\/ad82545263dcc5ec0996818884fd5fb1\",\"name\":\"Arnaldo Botto\",\"image\":{\"@type\":\"ImageObject\",\"inLanguage\":\"es\",\"@id\":\"https:\/\/www.noticiasradioreflejos.com.ar\/2021\/#\/schema\/person\/image\/\",\"url\":\"https:\/\/secure.gravatar.com\/avatar\/55cb5e37c1efa326397366e6974cb338056df65cb50e7d64d1cf314e87504837?s=96&d=mm&r=g\",\"contentUrl\":\"https:\/\/secure.gravatar.com\/avatar\/55cb5e37c1efa326397366e6974cb338056df65cb50e7d64d1cf314e87504837?s=96&d=mm&r=g\",\"caption\":\"Arnaldo Botto\"},\"url\":\"https:\/\/www.noticiasradioreflejos.com.ar\/2021\/author\/arnaldo\/\"}]}<\/script>\n<!-- \/ Yoast SEO plugin. -->","yoast_head_json":{"title":"La OMS confirm\u00f3 la seguridad de la vacuna de AstraZeneca: c\u00f3mo sigue la campa\u00f1a en la Argentina - Noticias Radio Reflejos","robots":{"index":"index","follow":"follow","max-snippet":"max-snippet:-1","max-image-preview":"max-image-preview:large","max-video-preview":"max-video-preview:-1"},"canonical":"https:\/\/www.noticiasradioreflejos.com.ar\/2021\/la-oms-confirmo-la-seguridad-de-la-vacuna-de-astrazeneca-como-sigue-la-campana-en-la-argentina\/","og_locale":"es_ES","og_type":"article","og_title":"La OMS confirm\u00f3 la seguridad de la vacuna de AstraZeneca: c\u00f3mo sigue la campa\u00f1a en la Argentina - Noticias Radio Reflejos","og_description":"Al pa\u00eds llegaron 580 mil dosis de la Covishield, la formulaci\u00f3n del laboratorio producida en India. Desde la cartera sanitaria dijeron a Infobae que ya fueron aplicadas 468.061 y ratificaron el cronograma de vacunaci\u00f3n","og_url":"https:\/\/www.noticiasradioreflejos.com.ar\/2021\/la-oms-confirmo-la-seguridad-de-la-vacuna-de-astrazeneca-como-sigue-la-campana-en-la-argentina\/","og_site_name":"Noticias Radio Reflejos","article_published_time":"2021-03-12T15:49:17+00:00","og_image":[{"url":"https:\/\/www.infobae.com\/new-resizer\/Vx1kewoj7ZDgINRC-3za58yvL9E=\/420x280\/filters:format(jpg):quality(85)\/cloudfront-us-east-1.images.arcpublishing.com\/infobae\/V6AZNWSTFFET37F557HZS2VKEQ.jpg","type":"","width":"","height":""}],"author":"Arnaldo Botto","twitter_card":"summary_large_image","schema":{"@context":"https:\/\/schema.org","@graph":[{"@type":"WebPage","@id":"https:\/\/www.noticiasradioreflejos.com.ar\/2021\/la-oms-confirmo-la-seguridad-de-la-vacuna-de-astrazeneca-como-sigue-la-campana-en-la-argentina\/","url":"https:\/\/www.noticiasradioreflejos.com.ar\/2021\/la-oms-confirmo-la-seguridad-de-la-vacuna-de-astrazeneca-como-sigue-la-campana-en-la-argentina\/","name":"La OMS confirm\u00f3 la seguridad de la vacuna de AstraZeneca: c\u00f3mo sigue la campa\u00f1a en la Argentina - Noticias Radio Reflejos","isPartOf":{"@id":"https:\/\/www.noticiasradioreflejos.com.ar\/2021\/#website"},"primaryImageOfPage":{"@id":"https:\/\/www.noticiasradioreflejos.com.ar\/2021\/la-oms-confirmo-la-seguridad-de-la-vacuna-de-astrazeneca-como-sigue-la-campana-en-la-argentina\/#primaryimage"},"image":{"@id":"https:\/\/www.noticiasradioreflejos.com.ar\/2021\/la-oms-confirmo-la-seguridad-de-la-vacuna-de-astrazeneca-como-sigue-la-campana-en-la-argentina\/#primaryimage"},"thumbnailUrl":"https:\/\/www.infobae.com\/new-resizer\/Vx1kewoj7ZDgINRC-3za58yvL9E=\/420x280\/filters:format(jpg):quality(85)\/cloudfront-us-east-1.images.arcpublishing.com\/infobae\/V6AZNWSTFFET37F557HZS2VKEQ.jpg","datePublished":"2021-03-12T15:49:17+00:00","author":{"@id":"https:\/\/www.noticiasradioreflejos.com.ar\/2021\/#\/schema\/person\/ad82545263dcc5ec0996818884fd5fb1"},"breadcrumb":{"@id":"https:\/\/www.noticiasradioreflejos.com.ar\/2021\/la-oms-confirmo-la-seguridad-de-la-vacuna-de-astrazeneca-como-sigue-la-campana-en-la-argentina\/#breadcrumb"},"inLanguage":"es","potentialAction":[{"@type":"ReadAction","target":["https:\/\/www.noticiasradioreflejos.com.ar\/2021\/la-oms-confirmo-la-seguridad-de-la-vacuna-de-astrazeneca-como-sigue-la-campana-en-la-argentina\/"]}]},{"@type":"ImageObject","inLanguage":"es","@id":"https:\/\/www.noticiasradioreflejos.com.ar\/2021\/la-oms-confirmo-la-seguridad-de-la-vacuna-de-astrazeneca-como-sigue-la-campana-en-la-argentina\/#primaryimage","url":"https:\/\/www.infobae.com\/new-resizer\/Vx1kewoj7ZDgINRC-3za58yvL9E=\/420x280\/filters:format(jpg):quality(85)\/cloudfront-us-east-1.images.arcpublishing.com\/infobae\/V6AZNWSTFFET37F557HZS2VKEQ.jpg","contentUrl":"https:\/\/www.infobae.com\/new-resizer\/Vx1kewoj7ZDgINRC-3za58yvL9E=\/420x280\/filters:format(jpg):quality(85)\/cloudfront-us-east-1.images.arcpublishing.com\/infobae\/V6AZNWSTFFET37F557HZS2VKEQ.jpg"},{"@type":"BreadcrumbList","@id":"https:\/\/www.noticiasradioreflejos.com.ar\/2021\/la-oms-confirmo-la-seguridad-de-la-vacuna-de-astrazeneca-como-sigue-la-campana-en-la-argentina\/#breadcrumb","itemListElement":[{"@type":"ListItem","position":1,"name":"Portada","item":"https:\/\/www.noticiasradioreflejos.com.ar\/2021\/"},{"@type":"ListItem","position":2,"name":"La OMS confirm\u00f3 la seguridad de la vacuna de AstraZeneca: c\u00f3mo sigue la campa\u00f1a en la Argentina"}]},{"@type":"WebSite","@id":"https:\/\/www.noticiasradioreflejos.com.ar\/2021\/#website","url":"https:\/\/www.noticiasradioreflejos.com.ar\/2021\/","name":"Noticias Radio Reflejos","description":"Las noticias de mi comarca","potentialAction":[{"@type":"SearchAction","target":{"@type":"EntryPoint","urlTemplate":"https:\/\/www.noticiasradioreflejos.com.ar\/2021\/?s={search_term_string}"},"query-input":{"@type":"PropertyValueSpecification","valueRequired":true,"valueName":"search_term_string"}}],"inLanguage":"es"},{"@type":"Person","@id":"https:\/\/www.noticiasradioreflejos.com.ar\/2021\/#\/schema\/person\/ad82545263dcc5ec0996818884fd5fb1","name":"Arnaldo Botto","image":{"@type":"ImageObject","inLanguage":"es","@id":"https:\/\/www.noticiasradioreflejos.com.ar\/2021\/#\/schema\/person\/image\/","url":"https:\/\/secure.gravatar.com\/avatar\/55cb5e37c1efa326397366e6974cb338056df65cb50e7d64d1cf314e87504837?s=96&d=mm&r=g","contentUrl":"https:\/\/secure.gravatar.com\/avatar\/55cb5e37c1efa326397366e6974cb338056df65cb50e7d64d1cf314e87504837?s=96&d=mm&r=g","caption":"Arnaldo Botto"},"url":"https:\/\/www.noticiasradioreflejos.com.ar\/2021\/author\/arnaldo\/"}]}},"_links":{"self":[{"href":"https:\/\/www.noticiasradioreflejos.com.ar\/2021\/wp-json\/wp\/v2\/posts\/53793","targetHints":{"allow":["GET"]}}],"collection":[{"href":"https:\/\/www.noticiasradioreflejos.com.ar\/2021\/wp-json\/wp\/v2\/posts"}],"about":[{"href":"https:\/\/www.noticiasradioreflejos.com.ar\/2021\/wp-json\/wp\/v2\/types\/post"}],"author":[{"embeddable":true,"href":"https:\/\/www.noticiasradioreflejos.com.ar\/2021\/wp-json\/wp\/v2\/users\/3"}],"replies":[{"embeddable":true,"href":"https:\/\/www.noticiasradioreflejos.com.ar\/2021\/wp-json\/wp\/v2\/comments?post=53793"}],"version-history":[{"count":0,"href":"https:\/\/www.noticiasradioreflejos.com.ar\/2021\/wp-json\/wp\/v2\/posts\/53793\/revisions"}],"wp:attachment":[{"href":"https:\/\/www.noticiasradioreflejos.com.ar\/2021\/wp-json\/wp\/v2\/media?parent=53793"}],"wp:term":[{"taxonomy":"category","embeddable":true,"href":"https:\/\/www.noticiasradioreflejos.com.ar\/2021\/wp-json\/wp\/v2\/categories?post=53793"},{"taxonomy":"post_tag","embeddable":true,"href":"https:\/\/www.noticiasradioreflejos.com.ar\/2021\/wp-json\/wp\/v2\/tags?post=53793"}],"curies":[{"name":"wp","href":"https:\/\/api.w.org\/{rel}","templated":true}]}}