{"id":53779,"date":"2021-03-12T11:42:23","date_gmt":"2021-03-12T14:42:23","guid":{"rendered":"http:\/\/www.noticiasradioreflejos.com.ar\/noticias\/?p=53779"},"modified":"2021-03-12T11:42:23","modified_gmt":"2021-03-12T14:42:23","slug":"ypf-lanza-descuentos-del-15-para-personal-educativo","status":"publish","type":"post","link":"https:\/\/www.noticiasradioreflejos.com.ar\/2021\/ypf-lanza-descuentos-del-15-para-personal-educativo\/","title":{"rendered":"YPF lanza descuentos del 15% para personal educativo"},"content":{"rendered":"<p>El beneficio presentado por la petrolera y anunciado por el gobernador Kicillof incluye a docentes, directivos y maestranza de los niveles inicial, primario y secundario, y se suma al ya vigente para personal de salud.<!--more--><\/p>\n<p><iframe loading=\"lazy\" src=\"https:\/\/www.youtube.com\/embed\/iPQbE1vLtWs\" width=\"560\" height=\"315\" frameborder=\"0\" allowfullscreen=\"allowfullscreen\"><\/iframe><\/p>\n<p>La petrolera YPF anunci\u00f3 un beneficio para el personal educativo para acompa\u00f1ar el regreso presencial a clases de instituciones p\u00fablicas y privadas de todo el pa\u00eds, lo que permitir\u00e1 acceder a descuentos de 15% en combustibles, entre otras bonificaciones en sus estaciones de servicio.<\/p>\n<p><strong>El beneficio alcanza a los docentes, directivos, asistentes, preceptores, administrativos o personal de maestranza, de nivel inicial, primario y secundario de instituciones nacionales p\u00fablicas y privadas, anunci\u00f3 esta tarde la compa\u00f1\u00eda durante un acto que se realiz\u00f3 en la estaci\u00f3n de servicio de YPF ubicada sobre la Autopista La Plata-Buenos Aires.<\/strong><\/p>\n<p>Del lanzamiento participaron el flamante presidente de YPF, Pablo Gonz\u00e1lez; el CEO, Sergio Affronti; el ministro de Educaci\u00f3n, Nicolas Trotta; el gobernador de la provincia de Buenos Aires, Axel Kiciloff; y la intendenta de Quilmes, Mayra Mendoza.<\/p>\n<p><strong>En el marco de una campa\u00f1a de la petrolera de promover la vuelta a las aulas<\/strong>, los trabajadores de la educaci\u00f3n podr\u00e1n acceder a un descuento especial del 15% en la carga de combustible, el acceso a un desayuno bonificado en las tiendas Full y podr\u00e1n realizar el escaneo de su veh\u00edculo en Boxes de manera gratuita.<\/p>\n<div id=\"image\" class=\"image\">\n<p><img decoding=\"async\" title=\"La petrolera confirm\u00f3 el descuento del 15% para docentes y personal de la educaci\u00f3n.\" src=\"https:\/\/www.telam.com.ar\/advf\/imagenes\/2021\/03\/604a8cc37249c_1004x565.jpg\" alt=\"La petrolera confirm\u00f3 el descuento del 15% para docentes y personal de la educaci\u00f3n.\" \/><\/p>\n<div class=\"epigrafe\">La petrolera confirm\u00f3 el descuento del 15% para docentes y personal de la educaci\u00f3n.<\/div>\n<\/div>\n<p>\u00abTodos estamos haciendo un enorme esfuerzo para que nuestros hijos y nuestras hijas vuelvan a compartir el aula. Por eso, decidimos acercarnos a todo personal educativo con un beneficio que s\u00f3lo una compa\u00f1\u00eda como YPF les puede dar porque es la \u00fanica con presencia en todo el pa\u00eds\u00bb, afirm\u00f3 el presidente de YPF.<\/p>\n<p>A su turno, Trotta expres\u00f3 que \u00abhoy se est\u00e1 promoviendo una presencialidad cuidada en el contexto de pandemia e YPF se suma a acompa\u00f1ar el regreso a las clases presenciales, colocando su red de estaciones al servicio de las y los trabajadores de la educaci\u00f3n\u00bb.<\/p>\n<p><strong>Este beneficio se suma al que ya est\u00e1 vigente para el personal de la salud, entre otros acuerdos firmados por la petrolera en el marco de la pandemia.<\/strong><\/p>\n<p>Todo el personal educativo que quiera acceder a este beneficio deber\u00e1 registrarse el sitio en personaleducativo.ypf.com. y aguardar el mail que le confirme que es parte de la comunidad.<\/p>\n<div id=\"image\" class=\"image\"><img decoding=\"async\" title=\"\" src=\"https:\/\/www.telam.com.ar\/advf\/imagenes\/2021\/03\/604a8cc35e4b9_1004x565.jpg\" alt=\"\" \/><\/div>\n<p>Para acceder al beneficio en combustibles, deber\u00e1n descargarse la App YPF, mientras que para acceder al beneficio en Full o Boxes bastar\u00e1 con su DNI o n\u00famero de socio Serviclub.<\/p>\n","protected":false},"excerpt":{"rendered":"<p>El beneficio presentado por la petrolera y anunciado por el gobernador Kicillof incluye a docentes, directivos y maestranza de los niveles inicial, primario y secundario, y se suma al ya vigente para personal de salud.<\/p>\n","protected":false},"author":3,"featured_media":0,"comment_status":"closed","ping_status":"open","sticky":false,"template":"","format":"standard","meta":{"footnotes":""},"categories":[34,24],"tags":[],"class_list":["post-53779","post","type-post","status-publish","format-standard","hentry","category-educacion","category-politica"],"yoast_head":"<!-- This site is optimized with the Yoast SEO plugin v25.9 - https:\/\/yoast.com\/wordpress\/plugins\/seo\/ -->\n<title>YPF lanza descuentos del 15% para personal educativo - Noticias Radio Reflejos<\/title>\n<meta name=\"robots\" content=\"index, follow, max-snippet:-1, max-image-preview:large, max-video-preview:-1\" \/>\n<link rel=\"canonical\" href=\"https:\/\/www.noticiasradioreflejos.com.ar\/2021\/ypf-lanza-descuentos-del-15-para-personal-educativo\/\" \/>\n<meta property=\"og:locale\" content=\"es_ES\" \/>\n<meta property=\"og:type\" content=\"article\" \/>\n<meta property=\"og:title\" content=\"YPF lanza descuentos del 15% para personal educativo - Noticias Radio Reflejos\" \/>\n<meta property=\"og:description\" content=\"El beneficio presentado por la petrolera y anunciado por el gobernador Kicillof incluye a docentes, directivos y maestranza de los niveles inicial, primario y secundario, y se suma al ya vigente para personal de salud.\" \/>\n<meta property=\"og:url\" content=\"https:\/\/www.noticiasradioreflejos.com.ar\/2021\/ypf-lanza-descuentos-del-15-para-personal-educativo\/\" \/>\n<meta property=\"og:site_name\" content=\"Noticias Radio Reflejos\" \/>\n<meta property=\"article:published_time\" content=\"2021-03-12T14:42:23+00:00\" \/>\n<meta property=\"og:image\" content=\"https:\/\/www.telam.com.ar\/advf\/imagenes\/2021\/03\/604a8cc37249c_1004x565.jpg\" \/>\n<meta name=\"author\" content=\"Arnaldo Botto\" \/>\n<meta name=\"twitter:card\" content=\"summary_large_image\" \/>\n<script type=\"application\/ld+json\" class=\"yoast-schema-graph\">{\"@context\":\"https:\/\/schema.org\",\"@graph\":[{\"@type\":\"WebPage\",\"@id\":\"https:\/\/www.noticiasradioreflejos.com.ar\/2021\/ypf-lanza-descuentos-del-15-para-personal-educativo\/\",\"url\":\"https:\/\/www.noticiasradioreflejos.com.ar\/2021\/ypf-lanza-descuentos-del-15-para-personal-educativo\/\",\"name\":\"YPF lanza descuentos del 15% para personal educativo - Noticias Radio Reflejos\",\"isPartOf\":{\"@id\":\"https:\/\/www.noticiasradioreflejos.com.ar\/2021\/#website\"},\"primaryImageOfPage\":{\"@id\":\"https:\/\/www.noticiasradioreflejos.com.ar\/2021\/ypf-lanza-descuentos-del-15-para-personal-educativo\/#primaryimage\"},\"image\":{\"@id\":\"https:\/\/www.noticiasradioreflejos.com.ar\/2021\/ypf-lanza-descuentos-del-15-para-personal-educativo\/#primaryimage\"},\"thumbnailUrl\":\"https:\/\/www.telam.com.ar\/advf\/imagenes\/2021\/03\/604a8cc37249c_1004x565.jpg\",\"datePublished\":\"2021-03-12T14:42:23+00:00\",\"author\":{\"@id\":\"https:\/\/www.noticiasradioreflejos.com.ar\/2021\/#\/schema\/person\/ad82545263dcc5ec0996818884fd5fb1\"},\"breadcrumb\":{\"@id\":\"https:\/\/www.noticiasradioreflejos.com.ar\/2021\/ypf-lanza-descuentos-del-15-para-personal-educativo\/#breadcrumb\"},\"inLanguage\":\"es\",\"potentialAction\":[{\"@type\":\"ReadAction\",\"target\":[\"https:\/\/www.noticiasradioreflejos.com.ar\/2021\/ypf-lanza-descuentos-del-15-para-personal-educativo\/\"]}]},{\"@type\":\"ImageObject\",\"inLanguage\":\"es\",\"@id\":\"https:\/\/www.noticiasradioreflejos.com.ar\/2021\/ypf-lanza-descuentos-del-15-para-personal-educativo\/#primaryimage\",\"url\":\"https:\/\/www.telam.com.ar\/advf\/imagenes\/2021\/03\/604a8cc37249c_1004x565.jpg\",\"contentUrl\":\"https:\/\/www.telam.com.ar\/advf\/imagenes\/2021\/03\/604a8cc37249c_1004x565.jpg\"},{\"@type\":\"BreadcrumbList\",\"@id\":\"https:\/\/www.noticiasradioreflejos.com.ar\/2021\/ypf-lanza-descuentos-del-15-para-personal-educativo\/#breadcrumb\",\"itemListElement\":[{\"@type\":\"ListItem\",\"position\":1,\"name\":\"Portada\",\"item\":\"https:\/\/www.noticiasradioreflejos.com.ar\/2021\/\"},{\"@type\":\"ListItem\",\"position\":2,\"name\":\"YPF lanza descuentos del 15% para personal educativo\"}]},{\"@type\":\"WebSite\",\"@id\":\"https:\/\/www.noticiasradioreflejos.com.ar\/2021\/#website\",\"url\":\"https:\/\/www.noticiasradioreflejos.com.ar\/2021\/\",\"name\":\"Noticias Radio Reflejos\",\"description\":\"Las noticias de mi comarca\",\"potentialAction\":[{\"@type\":\"SearchAction\",\"target\":{\"@type\":\"EntryPoint\",\"urlTemplate\":\"https:\/\/www.noticiasradioreflejos.com.ar\/2021\/?s={search_term_string}\"},\"query-input\":{\"@type\":\"PropertyValueSpecification\",\"valueRequired\":true,\"valueName\":\"search_term_string\"}}],\"inLanguage\":\"es\"},{\"@type\":\"Person\",\"@id\":\"https:\/\/www.noticiasradioreflejos.com.ar\/2021\/#\/schema\/person\/ad82545263dcc5ec0996818884fd5fb1\",\"name\":\"Arnaldo Botto\",\"image\":{\"@type\":\"ImageObject\",\"inLanguage\":\"es\",\"@id\":\"https:\/\/www.noticiasradioreflejos.com.ar\/2021\/#\/schema\/person\/image\/\",\"url\":\"https:\/\/secure.gravatar.com\/avatar\/55cb5e37c1efa326397366e6974cb338056df65cb50e7d64d1cf314e87504837?s=96&d=mm&r=g\",\"contentUrl\":\"https:\/\/secure.gravatar.com\/avatar\/55cb5e37c1efa326397366e6974cb338056df65cb50e7d64d1cf314e87504837?s=96&d=mm&r=g\",\"caption\":\"Arnaldo Botto\"},\"url\":\"https:\/\/www.noticiasradioreflejos.com.ar\/2021\/author\/arnaldo\/\"}]}<\/script>\n<!-- \/ Yoast SEO plugin. -->","yoast_head_json":{"title":"YPF lanza descuentos del 15% para personal educativo - Noticias Radio Reflejos","robots":{"index":"index","follow":"follow","max-snippet":"max-snippet:-1","max-image-preview":"max-image-preview:large","max-video-preview":"max-video-preview:-1"},"canonical":"https:\/\/www.noticiasradioreflejos.com.ar\/2021\/ypf-lanza-descuentos-del-15-para-personal-educativo\/","og_locale":"es_ES","og_type":"article","og_title":"YPF lanza descuentos del 15% para personal educativo - Noticias Radio Reflejos","og_description":"El beneficio presentado por la petrolera y anunciado por el gobernador Kicillof incluye a docentes, directivos y maestranza de los niveles inicial, primario y secundario, y se suma al ya vigente para personal de salud.","og_url":"https:\/\/www.noticiasradioreflejos.com.ar\/2021\/ypf-lanza-descuentos-del-15-para-personal-educativo\/","og_site_name":"Noticias Radio Reflejos","article_published_time":"2021-03-12T14:42:23+00:00","og_image":[{"url":"https:\/\/www.telam.com.ar\/advf\/imagenes\/2021\/03\/604a8cc37249c_1004x565.jpg","type":"","width":"","height":""}],"author":"Arnaldo Botto","twitter_card":"summary_large_image","schema":{"@context":"https:\/\/schema.org","@graph":[{"@type":"WebPage","@id":"https:\/\/www.noticiasradioreflejos.com.ar\/2021\/ypf-lanza-descuentos-del-15-para-personal-educativo\/","url":"https:\/\/www.noticiasradioreflejos.com.ar\/2021\/ypf-lanza-descuentos-del-15-para-personal-educativo\/","name":"YPF lanza descuentos del 15% para personal educativo - Noticias Radio Reflejos","isPartOf":{"@id":"https:\/\/www.noticiasradioreflejos.com.ar\/2021\/#website"},"primaryImageOfPage":{"@id":"https:\/\/www.noticiasradioreflejos.com.ar\/2021\/ypf-lanza-descuentos-del-15-para-personal-educativo\/#primaryimage"},"image":{"@id":"https:\/\/www.noticiasradioreflejos.com.ar\/2021\/ypf-lanza-descuentos-del-15-para-personal-educativo\/#primaryimage"},"thumbnailUrl":"https:\/\/www.telam.com.ar\/advf\/imagenes\/2021\/03\/604a8cc37249c_1004x565.jpg","datePublished":"2021-03-12T14:42:23+00:00","author":{"@id":"https:\/\/www.noticiasradioreflejos.com.ar\/2021\/#\/schema\/person\/ad82545263dcc5ec0996818884fd5fb1"},"breadcrumb":{"@id":"https:\/\/www.noticiasradioreflejos.com.ar\/2021\/ypf-lanza-descuentos-del-15-para-personal-educativo\/#breadcrumb"},"inLanguage":"es","potentialAction":[{"@type":"ReadAction","target":["https:\/\/www.noticiasradioreflejos.com.ar\/2021\/ypf-lanza-descuentos-del-15-para-personal-educativo\/"]}]},{"@type":"ImageObject","inLanguage":"es","@id":"https:\/\/www.noticiasradioreflejos.com.ar\/2021\/ypf-lanza-descuentos-del-15-para-personal-educativo\/#primaryimage","url":"https:\/\/www.telam.com.ar\/advf\/imagenes\/2021\/03\/604a8cc37249c_1004x565.jpg","contentUrl":"https:\/\/www.telam.com.ar\/advf\/imagenes\/2021\/03\/604a8cc37249c_1004x565.jpg"},{"@type":"BreadcrumbList","@id":"https:\/\/www.noticiasradioreflejos.com.ar\/2021\/ypf-lanza-descuentos-del-15-para-personal-educativo\/#breadcrumb","itemListElement":[{"@type":"ListItem","position":1,"name":"Portada","item":"https:\/\/www.noticiasradioreflejos.com.ar\/2021\/"},{"@type":"ListItem","position":2,"name":"YPF lanza descuentos del 15% para personal educativo"}]},{"@type":"WebSite","@id":"https:\/\/www.noticiasradioreflejos.com.ar\/2021\/#website","url":"https:\/\/www.noticiasradioreflejos.com.ar\/2021\/","name":"Noticias Radio Reflejos","description":"Las noticias de mi comarca","potentialAction":[{"@type":"SearchAction","target":{"@type":"EntryPoint","urlTemplate":"https:\/\/www.noticiasradioreflejos.com.ar\/2021\/?s={search_term_string}"},"query-input":{"@type":"PropertyValueSpecification","valueRequired":true,"valueName":"search_term_string"}}],"inLanguage":"es"},{"@type":"Person","@id":"https:\/\/www.noticiasradioreflejos.com.ar\/2021\/#\/schema\/person\/ad82545263dcc5ec0996818884fd5fb1","name":"Arnaldo Botto","image":{"@type":"ImageObject","inLanguage":"es","@id":"https:\/\/www.noticiasradioreflejos.com.ar\/2021\/#\/schema\/person\/image\/","url":"https:\/\/secure.gravatar.com\/avatar\/55cb5e37c1efa326397366e6974cb338056df65cb50e7d64d1cf314e87504837?s=96&d=mm&r=g","contentUrl":"https:\/\/secure.gravatar.com\/avatar\/55cb5e37c1efa326397366e6974cb338056df65cb50e7d64d1cf314e87504837?s=96&d=mm&r=g","caption":"Arnaldo Botto"},"url":"https:\/\/www.noticiasradioreflejos.com.ar\/2021\/author\/arnaldo\/"}]}},"_links":{"self":[{"href":"https:\/\/www.noticiasradioreflejos.com.ar\/2021\/wp-json\/wp\/v2\/posts\/53779","targetHints":{"allow":["GET"]}}],"collection":[{"href":"https:\/\/www.noticiasradioreflejos.com.ar\/2021\/wp-json\/wp\/v2\/posts"}],"about":[{"href":"https:\/\/www.noticiasradioreflejos.com.ar\/2021\/wp-json\/wp\/v2\/types\/post"}],"author":[{"embeddable":true,"href":"https:\/\/www.noticiasradioreflejos.com.ar\/2021\/wp-json\/wp\/v2\/users\/3"}],"replies":[{"embeddable":true,"href":"https:\/\/www.noticiasradioreflejos.com.ar\/2021\/wp-json\/wp\/v2\/comments?post=53779"}],"version-history":[{"count":0,"href":"https:\/\/www.noticiasradioreflejos.com.ar\/2021\/wp-json\/wp\/v2\/posts\/53779\/revisions"}],"wp:attachment":[{"href":"https:\/\/www.noticiasradioreflejos.com.ar\/2021\/wp-json\/wp\/v2\/media?parent=53779"}],"wp:term":[{"taxonomy":"category","embeddable":true,"href":"https:\/\/www.noticiasradioreflejos.com.ar\/2021\/wp-json\/wp\/v2\/categories?post=53779"},{"taxonomy":"post_tag","embeddable":true,"href":"https:\/\/www.noticiasradioreflejos.com.ar\/2021\/wp-json\/wp\/v2\/tags?post=53779"}],"curies":[{"name":"wp","href":"https:\/\/api.w.org\/{rel}","templated":true}]}}