{"id":53758,"date":"2021-03-12T08:29:08","date_gmt":"2021-03-12T11:29:08","guid":{"rendered":"http:\/\/www.noticiasradioreflejos.com.ar\/noticias\/?p=53758"},"modified":"2021-03-12T08:29:08","modified_gmt":"2021-03-12T11:29:08","slug":"12o-infocoa","status":"publish","type":"post","link":"https:\/\/www.noticiasradioreflejos.com.ar\/2021\/12o-infocoa\/","title":{"rendered":"12\u00ba INFOCOA"},"content":{"rendered":"<p><strong><u>NOVEDADES:\u00a0<\/u><\/strong>Del COA Gaucho Serrano de Villa Ventana, les acercamos nuevamente nuestro INFOCOA quincenal.<!--more--><\/p>\n<p>Como novedad, podemos mencionar que Aves Argentinas junto a Wetlands International, de BirdLife International, organizan cada a\u00f1o el \u00abCenso Neotropical de Aves Acu\u00e1ticas\u00bb (CNAA) en dos per\u00edodos, Febrero y Julio.<\/p>\n<p>El primero del 2021 fue desarrollado entre el 6 y 21 de febrero, en el que nuestro COA particip\u00f3 por primera vez. Para ello, realizamos una salida de observaci\u00f3n el pasado martes 16 de febrero y logramos avistaje de 67 especies con 743 individuos en total, en predio del Club de Pesca y Turismo de Saavedra en Lagunas Encadenadas. Una muy linda jornada soleada, en un hermoso entorno natural y protegido, compartida entre amigos pajareros. Ya nos estaremos preparando para el Censo de Julio.<\/p>\n<p><a title=\"COA 12\" href=\"https:\/\/www.flickr.com\/photos\/182279889@N02\/51028672521\/in\/dateposted-public\/\" data-flickr-embed=\"true\"><img loading=\"lazy\" decoding=\"async\" src=\"https:\/\/live.staticflickr.com\/65535\/51028672521_98426ace7e_z.jpg\" alt=\"COA 12\" width=\"640\" height=\"424\" \/><\/a><script src=\"\/\/embedr.flickr.com\/assets\/client-code.js\" async=\"\" charset=\"utf-8\"><\/script><\/p>\n<p><strong><u>MILANO BLANCO <\/u><\/strong><\/p>\n<p>Esta vez, elegimos una elegante y atractiva rapaz de figura estilizada, alas largas, delgadas y puntiagudas que vigila el territorio\u00a0 con sus ojos de fuego. Nuestra ave de hoy pertenece a la <strong>Familia\u00a0 <em>Accipitridae<\/em><\/strong>. \u00bfSu nombre? <strong>Milano Blanco (<em>Elanus leucurus<\/em>)<\/strong>, tambi\u00e9n apodado gavil\u00e1n blanco, halc\u00f3n bailar\u00edn, halc\u00f3n lauchero o halc\u00f3n plateado entre otros. \u00a1Vamos a conocerlo!<\/p>\n<p><a title=\"2\" href=\"https:\/\/www.flickr.com\/photos\/182279889@N02\/51028770382\/in\/dateposted-public\/\" data-flickr-embed=\"true\"><img loading=\"lazy\" decoding=\"async\" src=\"https:\/\/live.staticflickr.com\/65535\/51028770382_22c7a771fa_c.jpg\" alt=\"2\" width=\"800\" height=\"533\" \/><\/a><script src=\"\/\/embedr.flickr.com\/assets\/client-code.js\" async=\"\" charset=\"utf-8\"><\/script><\/p>\n<p>Mide poco m\u00e1s de 35 cm y, si bien ambos sexos son similares, la hembra es algo m\u00e1s grande y su espalda m\u00e1s oscura. La zona dorsal es gris con manchas negras en los hombros y en la punta de las alas. La zona ventral y su cola son de blanco puro. Su pico, ganchudo y afilado, es negro con amarillo en la parte superior de la base del pico. Sus grandes ojos, de iris naranja rojizo, parecen como esmaltados sobre una l\u00ednea ocular oscura.<br \/>\n<a title=\"3\" href=\"https:\/\/www.flickr.com\/photos\/182279889@N02\/51028672266\/in\/dateposted-public\/\" data-flickr-embed=\"true\"><img loading=\"lazy\" decoding=\"async\" src=\"https:\/\/live.staticflickr.com\/65535\/51028672266_2ed03fc36f_w.jpg\" alt=\"3\" width=\"400\" height=\"267\" \/><\/a><script src=\"\/\/embedr.flickr.com\/assets\/client-code.js\" async=\"\" charset=\"utf-8\"><\/script><a title=\"4\" href=\"https:\/\/www.flickr.com\/photos\/182279889@N02\/51028770497\/in\/dateposted-public\/\" data-flickr-embed=\"true\"><img loading=\"lazy\" decoding=\"async\" src=\"https:\/\/live.staticflickr.com\/65535\/51028770497_9a1125fd9f_w.jpg\" alt=\"4\" width=\"400\" height=\"267\" \/><\/a><script src=\"\/\/embedr.flickr.com\/assets\/client-code.js\" async=\"\" charset=\"utf-8\"><\/script><\/p>\n<p>Habita desde Am\u00e9rica del Norte hasta Chubut en nuestro pa\u00eds; se lo ve en lugares abiertos con \u00e1rboles dispersos y tambi\u00e9n cercanos a poblaciones y rutas. Parece sacar r\u00e9dito de las modificaciones ambientales que el hombre produce ya que su poblaci\u00f3n est\u00e1 aumentando.<\/p>\n<p>Se alimenta fundamentalmente de lauchas y ratones, ocasionalmente de insectos y peque\u00f1os reptiles por lo que, sin duda, es un gran colaborador en el control de enfermedades y beneficioso para los cultivos.<\/p>\n<p><a title=\"5\" href=\"https:\/\/www.flickr.com\/photos\/182279889@N02\/51027945843\/in\/dateposted-public\/\" data-flickr-embed=\"true\"><img loading=\"lazy\" decoding=\"async\" src=\"https:\/\/live.staticflickr.com\/65535\/51027945843_981ac91ee4_c.jpg\" alt=\"5\" width=\"800\" height=\"533\" \/><\/a><script src=\"\/\/embedr.flickr.com\/assets\/client-code.js\" async=\"\" charset=\"utf-8\"><\/script><\/p>\n<p>Es territorial y se muestra solo o en pareja, en extremo de \u00e1rboles o en cableados rurales.<\/p>\n<p><a title=\"6\" href=\"https:\/\/www.flickr.com\/photos\/182279889@N02\/51027945878\/in\/dateposted-public\/\" data-flickr-embed=\"true\"><img loading=\"lazy\" decoding=\"async\" src=\"https:\/\/live.staticflickr.com\/65535\/51027945878_f3bf182c8c_w.jpg\" alt=\"6\" width=\"400\" height=\"267\" \/><\/a><script src=\"\/\/embedr.flickr.com\/assets\/client-code.js\" async=\"\" charset=\"utf-8\"><\/script><a title=\"7\" href=\"https:\/\/www.flickr.com\/photos\/182279889@N02\/51028770682\/in\/dateposted-public\/\" data-flickr-embed=\"true\"><img loading=\"lazy\" decoding=\"async\" src=\"https:\/\/live.staticflickr.com\/65535\/51028770682_f2b67b072b_w.jpg\" alt=\"7\" width=\"400\" height=\"267\" \/><\/a><script src=\"\/\/embedr.flickr.com\/assets\/client-code.js\" async=\"\" charset=\"utf-8\"><\/script><\/p>\n<p>Vuela a baja altura dibujando suaves l\u00edneas en el cielo, que interrumpe batiendo sus alas y abriendo su cola como un abanico (halconeo) deteni\u00e9ndose en un flotante brillo.\u00a0 Ubica as\u00ed a sus presas y se descuelga hacia ellas acercando los extremos de sus alas sobre el lomo y estirando sus patas amarillas hacia abajo, para cerrar sus garras sobre las presas alz\u00e1ndose con soltura, movimientos suaves y silenciosos como los de una lechuza.<\/p>\n<p>Son mon\u00f3gamos y es frecuente encontrarlos todo el a\u00f1o en el mismo territorio en el que, durante el cortejo, realizan espectaculares piruetas a\u00e9reas con intercambio de alimento incluido.<\/p>\n<p><a title=\"8\" href=\"https:\/\/www.flickr.com\/photos\/182279889@N02\/51027945908\/in\/dateposted-public\/\" data-flickr-embed=\"true\"><img loading=\"lazy\" decoding=\"async\" src=\"https:\/\/live.staticflickr.com\/65535\/51027945908_790d031a55_c.jpg\" alt=\"8\" width=\"800\" height=\"533\" \/><\/a><script src=\"\/\/embedr.flickr.com\/assets\/client-code.js\" async=\"\" charset=\"utf-8\"><\/script><\/p>\n<p>Sus sonidos son agudos silbidos o roncos y guturales en ocasi\u00f3n de caza, llamado, defensa o c\u00f3pula. Tito Narosky y Dar\u00edo Yzurieta, en su gu\u00eda de Aves de Argentina y Uruguay, tienen registrados estos sonidos del Milano Blanco&#8230;<br \/>\n<iframe loading=\"lazy\" src=\"https:\/\/w.soundcloud.com\/player\/?url=https%3A\/\/api.soundcloud.com\/tracks\/1005384379&amp;color=%23ff5500&amp;auto_play=false&amp;hide_related=false&amp;show_comments=true&amp;show_user=true&amp;show_reposts=false&amp;show_teaser=true\" width=\"100%\" height=\"166\" frameborder=\"no\" scrolling=\"no\"><\/iframe><\/p>\n<div style=\"font-size: 10px; color: #cccccc; line-break: anywhere; word-break: normal; overflow: hidden; white-space: nowrap; text-overflow: ellipsis; font-family: Interstate,Lucida Grande,Lucida Sans Unicode,Lucida Sans,Garuda,Verdana,Tahoma,sans-serif; font-weight: 100;\"><a style=\"color: #cccccc; text-decoration: none;\" title=\"fmreflejos 103.7\" href=\"https:\/\/soundcloud.com\/fmreflejos-103-7\" target=\"_blank\" rel=\"noopener\">fmreflejos 103.7<\/a> \u00b7 <a style=\"color: #cccccc; text-decoration: none;\" title=\"8 MILANO BLANCO\" href=\"https:\/\/soundcloud.com\/fmreflejos-103-7\/8-milano-blanco\" target=\"_blank\" rel=\"noopener\">8 MILANO BLANCO<\/a><\/div>\n<p>De agosto a diciembre construyen su nido lentamente, lo hacen a mediana altura y entre ambos integrantes de la pareja. Depositan en el mismo 3 \u00f3 4 huevos blancuzcos salpicados con abundantes manchas casta\u00f1as. Mientras ella permanece en el nido encargada de incubarlos por 30 d\u00edas, \u00e9l es quien la alimenta. Nacidos los pichones, se mantienen en el nido otros 40 d\u00edas durante los que el macho trae presas, que la hembra despedaza y reparte entre su prole, hasta que por fin los j\u00f3venes inician su vuelo y cacer\u00eda. Los juveniles se diferenciar\u00e1n de sus padres por tener estr\u00edas pardo canela en el vientre y en la corona, una banda gris cercana al extremo de su cola y ser sus ojos marr\u00f3n amarillentos.<\/p>\n<p><a title=\"9\" href=\"https:\/\/www.flickr.com\/photos\/182279889@N02\/51028672351\/in\/dateposted-public\/\" data-flickr-embed=\"true\"><img loading=\"lazy\" decoding=\"async\" src=\"https:\/\/live.staticflickr.com\/65535\/51028672351_2f273aecd1_c.jpg\" alt=\"9\" width=\"800\" height=\"533\" \/><\/a><script src=\"\/\/embedr.flickr.com\/assets\/client-code.js\" async=\"\" charset=\"utf-8\"><\/script><\/p>\n<p>Los Milanos Blancos son f\u00e1ciles de ver y de reconocer, \u00bfnos acompa\u00f1\u00e1s?\u00a0 \u00a1Sumate a nuestra bandada!<\/p>\n<p>Fotos de Pedro D. Cabrera, actual coordinador del COA Gaucho Serrano de Villa Ventana.<\/p>\n<p>Texto narrativo de Gaby&amp;Pedro.<\/p>\n<p>Podes comunicarte con nosotros por estas 3 v\u00edas:<\/p>\n<p><a title=\"10\" href=\"https:\/\/www.flickr.com\/photos\/182279889@N02\/51028770412\/in\/dateposted-public\/\" data-flickr-embed=\"true\"><img loading=\"lazy\" decoding=\"async\" src=\"https:\/\/live.staticflickr.com\/65535\/51028770412_544d98ab0e_w.jpg\" alt=\"10\" width=\"400\" height=\"300\" \/><\/a><script src=\"\/\/embedr.flickr.com\/assets\/client-code.js\" async=\"\" charset=\"utf-8\"><\/script><\/p>\n<p>Si quer\u00e9s, comunicate para que te agreguemos a nuestro Grupo de Whatsapp de COA Participantes.<br \/>\n<iframe loading=\"lazy\" src=\"https:\/\/www.youtube.com\/embed\/ZXl2qA05qMg\" width=\"560\" height=\"315\" frameborder=\"0\" allowfullscreen=\"allowfullscreen\"><\/iframe><br \/>\n<a title=\"12\" href=\"https:\/\/www.flickr.com\/photos\/182279889@N02\/51027945723\/in\/dateposted-public\/\" data-flickr-embed=\"true\"><img loading=\"lazy\" decoding=\"async\" src=\"https:\/\/live.staticflickr.com\/65535\/51027945723_9f80e9f7a5_m.jpg\" alt=\"12\" width=\"240\" height=\"76\" \/><\/a><script src=\"\/\/embedr.flickr.com\/assets\/client-code.js\" async=\"\" charset=\"utf-8\"><\/script><\/p>\n<p><a title=\"Logo v3 L\" href=\"https:\/\/www.flickr.com\/photos\/182279889@N02\/51028672246\/in\/dateposted-public\/\" data-flickr-embed=\"true\"><img loading=\"lazy\" decoding=\"async\" src=\"https:\/\/live.staticflickr.com\/65535\/51028672246_23db82a595_m.jpg\" alt=\"Logo v3 L\" width=\"240\" height=\"93\" \/><\/a><script src=\"\/\/embedr.flickr.com\/assets\/client-code.js\" async=\"\" charset=\"utf-8\"><\/script><\/p>\n","protected":false},"excerpt":{"rendered":"<p>NOVEDADES:\u00a0Del COA Gaucho Serrano de Villa Ventana, les acercamos nuevamente nuestro INFOCOA quincenal.<\/p>\n","protected":false},"author":3,"featured_media":0,"comment_status":"closed","ping_status":"open","sticky":false,"template":"","format":"standard","meta":{"footnotes":""},"categories":[26],"tags":[38],"class_list":["post-53758","post","type-post","status-publish","format-standard","hentry","category-sociedad","tag-recomendado"],"yoast_head":"<!-- This site is optimized with the Yoast SEO plugin v25.9 - https:\/\/yoast.com\/wordpress\/plugins\/seo\/ -->\n<title>12\u00ba INFOCOA - Noticias Radio Reflejos<\/title>\n<meta name=\"robots\" content=\"index, follow, max-snippet:-1, max-image-preview:large, max-video-preview:-1\" \/>\n<link rel=\"canonical\" href=\"https:\/\/www.noticiasradioreflejos.com.ar\/2021\/12o-infocoa\/\" \/>\n<meta property=\"og:locale\" content=\"es_ES\" \/>\n<meta property=\"og:type\" content=\"article\" \/>\n<meta property=\"og:title\" content=\"12\u00ba INFOCOA - Noticias Radio Reflejos\" \/>\n<meta property=\"og:description\" content=\"NOVEDADES:\u00a0Del COA Gaucho Serrano de Villa Ventana, les acercamos nuevamente nuestro INFOCOA quincenal.\" \/>\n<meta property=\"og:url\" content=\"https:\/\/www.noticiasradioreflejos.com.ar\/2021\/12o-infocoa\/\" \/>\n<meta property=\"og:site_name\" content=\"Noticias Radio Reflejos\" \/>\n<meta property=\"article:published_time\" content=\"2021-03-12T11:29:08+00:00\" \/>\n<meta property=\"og:image\" content=\"https:\/\/live.staticflickr.com\/65535\/51028672521_98426ace7e_z.jpg\" \/>\n<meta name=\"author\" content=\"Arnaldo Botto\" \/>\n<meta name=\"twitter:card\" content=\"summary_large_image\" \/>\n<script type=\"application\/ld+json\" class=\"yoast-schema-graph\">{\"@context\":\"https:\/\/schema.org\",\"@graph\":[{\"@type\":\"WebPage\",\"@id\":\"https:\/\/www.noticiasradioreflejos.com.ar\/2021\/12o-infocoa\/\",\"url\":\"https:\/\/www.noticiasradioreflejos.com.ar\/2021\/12o-infocoa\/\",\"name\":\"12\u00ba INFOCOA - Noticias Radio Reflejos\",\"isPartOf\":{\"@id\":\"https:\/\/www.noticiasradioreflejos.com.ar\/2021\/#website\"},\"primaryImageOfPage\":{\"@id\":\"https:\/\/www.noticiasradioreflejos.com.ar\/2021\/12o-infocoa\/#primaryimage\"},\"image\":{\"@id\":\"https:\/\/www.noticiasradioreflejos.com.ar\/2021\/12o-infocoa\/#primaryimage\"},\"thumbnailUrl\":\"https:\/\/live.staticflickr.com\/65535\/51028672521_98426ace7e_z.jpg\",\"datePublished\":\"2021-03-12T11:29:08+00:00\",\"author\":{\"@id\":\"https:\/\/www.noticiasradioreflejos.com.ar\/2021\/#\/schema\/person\/ad82545263dcc5ec0996818884fd5fb1\"},\"breadcrumb\":{\"@id\":\"https:\/\/www.noticiasradioreflejos.com.ar\/2021\/12o-infocoa\/#breadcrumb\"},\"inLanguage\":\"es\",\"potentialAction\":[{\"@type\":\"ReadAction\",\"target\":[\"https:\/\/www.noticiasradioreflejos.com.ar\/2021\/12o-infocoa\/\"]}]},{\"@type\":\"ImageObject\",\"inLanguage\":\"es\",\"@id\":\"https:\/\/www.noticiasradioreflejos.com.ar\/2021\/12o-infocoa\/#primaryimage\",\"url\":\"https:\/\/live.staticflickr.com\/65535\/51028672521_98426ace7e_z.jpg\",\"contentUrl\":\"https:\/\/live.staticflickr.com\/65535\/51028672521_98426ace7e_z.jpg\"},{\"@type\":\"BreadcrumbList\",\"@id\":\"https:\/\/www.noticiasradioreflejos.com.ar\/2021\/12o-infocoa\/#breadcrumb\",\"itemListElement\":[{\"@type\":\"ListItem\",\"position\":1,\"name\":\"Portada\",\"item\":\"https:\/\/www.noticiasradioreflejos.com.ar\/2021\/\"},{\"@type\":\"ListItem\",\"position\":2,\"name\":\"12\u00ba INFOCOA\"}]},{\"@type\":\"WebSite\",\"@id\":\"https:\/\/www.noticiasradioreflejos.com.ar\/2021\/#website\",\"url\":\"https:\/\/www.noticiasradioreflejos.com.ar\/2021\/\",\"name\":\"Noticias Radio Reflejos\",\"description\":\"Las noticias de mi comarca\",\"potentialAction\":[{\"@type\":\"SearchAction\",\"target\":{\"@type\":\"EntryPoint\",\"urlTemplate\":\"https:\/\/www.noticiasradioreflejos.com.ar\/2021\/?s={search_term_string}\"},\"query-input\":{\"@type\":\"PropertyValueSpecification\",\"valueRequired\":true,\"valueName\":\"search_term_string\"}}],\"inLanguage\":\"es\"},{\"@type\":\"Person\",\"@id\":\"https:\/\/www.noticiasradioreflejos.com.ar\/2021\/#\/schema\/person\/ad82545263dcc5ec0996818884fd5fb1\",\"name\":\"Arnaldo Botto\",\"image\":{\"@type\":\"ImageObject\",\"inLanguage\":\"es\",\"@id\":\"https:\/\/www.noticiasradioreflejos.com.ar\/2021\/#\/schema\/person\/image\/\",\"url\":\"https:\/\/secure.gravatar.com\/avatar\/55cb5e37c1efa326397366e6974cb338056df65cb50e7d64d1cf314e87504837?s=96&d=mm&r=g\",\"contentUrl\":\"https:\/\/secure.gravatar.com\/avatar\/55cb5e37c1efa326397366e6974cb338056df65cb50e7d64d1cf314e87504837?s=96&d=mm&r=g\",\"caption\":\"Arnaldo Botto\"},\"url\":\"https:\/\/www.noticiasradioreflejos.com.ar\/2021\/author\/arnaldo\/\"}]}<\/script>\n<!-- \/ Yoast SEO plugin. -->","yoast_head_json":{"title":"12\u00ba INFOCOA - Noticias Radio Reflejos","robots":{"index":"index","follow":"follow","max-snippet":"max-snippet:-1","max-image-preview":"max-image-preview:large","max-video-preview":"max-video-preview:-1"},"canonical":"https:\/\/www.noticiasradioreflejos.com.ar\/2021\/12o-infocoa\/","og_locale":"es_ES","og_type":"article","og_title":"12\u00ba INFOCOA - Noticias Radio Reflejos","og_description":"NOVEDADES:\u00a0Del COA Gaucho Serrano de Villa Ventana, les acercamos nuevamente nuestro INFOCOA quincenal.","og_url":"https:\/\/www.noticiasradioreflejos.com.ar\/2021\/12o-infocoa\/","og_site_name":"Noticias Radio Reflejos","article_published_time":"2021-03-12T11:29:08+00:00","og_image":[{"url":"https:\/\/live.staticflickr.com\/65535\/51028672521_98426ace7e_z.jpg","type":"","width":"","height":""}],"author":"Arnaldo Botto","twitter_card":"summary_large_image","schema":{"@context":"https:\/\/schema.org","@graph":[{"@type":"WebPage","@id":"https:\/\/www.noticiasradioreflejos.com.ar\/2021\/12o-infocoa\/","url":"https:\/\/www.noticiasradioreflejos.com.ar\/2021\/12o-infocoa\/","name":"12\u00ba INFOCOA - Noticias Radio Reflejos","isPartOf":{"@id":"https:\/\/www.noticiasradioreflejos.com.ar\/2021\/#website"},"primaryImageOfPage":{"@id":"https:\/\/www.noticiasradioreflejos.com.ar\/2021\/12o-infocoa\/#primaryimage"},"image":{"@id":"https:\/\/www.noticiasradioreflejos.com.ar\/2021\/12o-infocoa\/#primaryimage"},"thumbnailUrl":"https:\/\/live.staticflickr.com\/65535\/51028672521_98426ace7e_z.jpg","datePublished":"2021-03-12T11:29:08+00:00","author":{"@id":"https:\/\/www.noticiasradioreflejos.com.ar\/2021\/#\/schema\/person\/ad82545263dcc5ec0996818884fd5fb1"},"breadcrumb":{"@id":"https:\/\/www.noticiasradioreflejos.com.ar\/2021\/12o-infocoa\/#breadcrumb"},"inLanguage":"es","potentialAction":[{"@type":"ReadAction","target":["https:\/\/www.noticiasradioreflejos.com.ar\/2021\/12o-infocoa\/"]}]},{"@type":"ImageObject","inLanguage":"es","@id":"https:\/\/www.noticiasradioreflejos.com.ar\/2021\/12o-infocoa\/#primaryimage","url":"https:\/\/live.staticflickr.com\/65535\/51028672521_98426ace7e_z.jpg","contentUrl":"https:\/\/live.staticflickr.com\/65535\/51028672521_98426ace7e_z.jpg"},{"@type":"BreadcrumbList","@id":"https:\/\/www.noticiasradioreflejos.com.ar\/2021\/12o-infocoa\/#breadcrumb","itemListElement":[{"@type":"ListItem","position":1,"name":"Portada","item":"https:\/\/www.noticiasradioreflejos.com.ar\/2021\/"},{"@type":"ListItem","position":2,"name":"12\u00ba INFOCOA"}]},{"@type":"WebSite","@id":"https:\/\/www.noticiasradioreflejos.com.ar\/2021\/#website","url":"https:\/\/www.noticiasradioreflejos.com.ar\/2021\/","name":"Noticias Radio Reflejos","description":"Las noticias de mi comarca","potentialAction":[{"@type":"SearchAction","target":{"@type":"EntryPoint","urlTemplate":"https:\/\/www.noticiasradioreflejos.com.ar\/2021\/?s={search_term_string}"},"query-input":{"@type":"PropertyValueSpecification","valueRequired":true,"valueName":"search_term_string"}}],"inLanguage":"es"},{"@type":"Person","@id":"https:\/\/www.noticiasradioreflejos.com.ar\/2021\/#\/schema\/person\/ad82545263dcc5ec0996818884fd5fb1","name":"Arnaldo Botto","image":{"@type":"ImageObject","inLanguage":"es","@id":"https:\/\/www.noticiasradioreflejos.com.ar\/2021\/#\/schema\/person\/image\/","url":"https:\/\/secure.gravatar.com\/avatar\/55cb5e37c1efa326397366e6974cb338056df65cb50e7d64d1cf314e87504837?s=96&d=mm&r=g","contentUrl":"https:\/\/secure.gravatar.com\/avatar\/55cb5e37c1efa326397366e6974cb338056df65cb50e7d64d1cf314e87504837?s=96&d=mm&r=g","caption":"Arnaldo Botto"},"url":"https:\/\/www.noticiasradioreflejos.com.ar\/2021\/author\/arnaldo\/"}]}},"_links":{"self":[{"href":"https:\/\/www.noticiasradioreflejos.com.ar\/2021\/wp-json\/wp\/v2\/posts\/53758","targetHints":{"allow":["GET"]}}],"collection":[{"href":"https:\/\/www.noticiasradioreflejos.com.ar\/2021\/wp-json\/wp\/v2\/posts"}],"about":[{"href":"https:\/\/www.noticiasradioreflejos.com.ar\/2021\/wp-json\/wp\/v2\/types\/post"}],"author":[{"embeddable":true,"href":"https:\/\/www.noticiasradioreflejos.com.ar\/2021\/wp-json\/wp\/v2\/users\/3"}],"replies":[{"embeddable":true,"href":"https:\/\/www.noticiasradioreflejos.com.ar\/2021\/wp-json\/wp\/v2\/comments?post=53758"}],"version-history":[{"count":0,"href":"https:\/\/www.noticiasradioreflejos.com.ar\/2021\/wp-json\/wp\/v2\/posts\/53758\/revisions"}],"wp:attachment":[{"href":"https:\/\/www.noticiasradioreflejos.com.ar\/2021\/wp-json\/wp\/v2\/media?parent=53758"}],"wp:term":[{"taxonomy":"category","embeddable":true,"href":"https:\/\/www.noticiasradioreflejos.com.ar\/2021\/wp-json\/wp\/v2\/categories?post=53758"},{"taxonomy":"post_tag","embeddable":true,"href":"https:\/\/www.noticiasradioreflejos.com.ar\/2021\/wp-json\/wp\/v2\/tags?post=53758"}],"curies":[{"name":"wp","href":"https:\/\/api.w.org\/{rel}","templated":true}]}}