{"id":53747,"date":"2021-03-11T16:55:16","date_gmt":"2021-03-11T19:55:16","guid":{"rendered":"http:\/\/www.noticiasradioreflejos.com.ar\/noticias\/?p=53747"},"modified":"2021-03-11T16:55:16","modified_gmt":"2021-03-11T19:55:16","slug":"desarticularon-un-laboratorio-clandestino-que-producia-dioxido-de-cloro","status":"publish","type":"post","link":"https:\/\/www.noticiasradioreflejos.com.ar\/2021\/desarticularon-un-laboratorio-clandestino-que-producia-dioxido-de-cloro\/","title":{"rendered":"Desarticularon un laboratorio clandestino que produc\u00eda di\u00f3xido de cloro"},"content":{"rendered":"<p>El producto era \u00abpublicitado y puesto a la venta como ant\u00eddoto contra el Covid-19, pese a no estar autorizado por el Anmat\u00bb.<!--more--><\/p>\n<p>Un laboratorio clandestino que elaboraba di\u00f3xido de sodio, y era puesto a la venta como ant\u00eddoto contra el coronavirus fue allanado y desarticulado en Mar del Plata, por la Polic\u00eda Federal.<\/p>\n<p>El operativo estuvo a cargo del Departamento Unidad Federal de Investigaci\u00f3n de Delitos Ambientales, que desarticul\u00f3 el\u00a0<strong>laboratorio clandestino que elaboraba un producto denominado \u201cMMS-Suplemento Milagroso\u201d\u00a0<\/strong>compuesto de cloruro de sodio, di\u00f3xido de sodio y clorito de sodio\u00bb, se inform\u00f3 en un comunicado.<\/p>\n<p>El producto era \u00abpublicitado y puesto a la venta como ant\u00eddoto contra el Covid-19, pese a no estar autorizado por el Anmat\u00bb, agrega la informaci\u00f3n.<\/p>\n<div class=\"auth\"><em><strong>La investigaci\u00f3n<\/strong><\/em><\/div>\n<p>Comenz\u00f3 luego de la r<strong>ecepci\u00f3n de una denuncia en la Unidad Fiscal de Investigaciones en Materia Ambiental \u2013Ufima-\u00a0<\/strong>a cargo de Ramiro Gonz\u00e1lez- acerca de la comercializaci\u00f3n de un producto que, a ra\u00edz de su ingesta le provoc\u00f3 la muerte a varias personas en todo el pa\u00eds.<\/p>\n<p>Tras diversas investigaciones, se logr\u00f3 identificar a las personas que se dedicaban a la promoci\u00f3n y comercializaci\u00f3n del producto prohibido, y establecer que en un\u00a0<strong>laboratorio clandestino de la ciudad de Mar del Plata y en otros dos ubicados en barrio porte\u00f1o de Villa Devoto\u00a0<\/strong>y en la localidad de Claypole se fabricaban y comercializaban dichas sustancias.<\/p>\n<p>A partir de las pruebas obtenidas, el Juzgado Nacional en lo Criminal y Correccional Federal 4, a cargo de Ariel Lijo, orden\u00f3 el martes \u00faltimo \u00ab<strong>seis allanamientos donde se identificaron al menos a 5 personas<\/strong>\u00a0y se secuestraron grandes cantidades de cloruro de sodio, di\u00f3xido de sodio y clorito de sodio, frascos y r\u00f3tulos para su posterior envase y comercializaci\u00f3n\u00bb.<\/p>\n<p>Asimismo, se incautaron \u00abdispositivos m\u00f3viles y port\u00e1tiles utilizados para las charlas, autopartes y veh\u00edculos de dudosa procedencia y dem\u00e1s elementos de inter\u00e9s para la causa\u00bb, precis\u00f3 el comunicado.<\/p>\n<p>Dos personas fueron notificadas de la causa y los elementos secuestrados quedaron a disposici\u00f3n del magistrado que interviene.<\/p>\n","protected":false},"excerpt":{"rendered":"<p>El producto era \u00abpublicitado y puesto a la venta como ant\u00eddoto contra el Covid-19, pese a no estar autorizado por el Anmat\u00bb.<\/p>\n","protected":false},"author":3,"featured_media":0,"comment_status":"closed","ping_status":"open","sticky":false,"template":"","format":"standard","meta":{"footnotes":""},"categories":[24,30],"tags":[],"class_list":["post-53747","post","type-post","status-publish","format-standard","hentry","category-politica","category-salud"],"yoast_head":"<!-- This site is optimized with the Yoast SEO plugin v25.9 - https:\/\/yoast.com\/wordpress\/plugins\/seo\/ -->\n<title>Desarticularon un laboratorio clandestino que produc\u00eda di\u00f3xido de cloro - Noticias Radio Reflejos<\/title>\n<meta name=\"robots\" content=\"index, follow, max-snippet:-1, max-image-preview:large, max-video-preview:-1\" \/>\n<link rel=\"canonical\" href=\"https:\/\/www.noticiasradioreflejos.com.ar\/2021\/desarticularon-un-laboratorio-clandestino-que-producia-dioxido-de-cloro\/\" \/>\n<meta property=\"og:locale\" content=\"es_ES\" \/>\n<meta property=\"og:type\" content=\"article\" \/>\n<meta property=\"og:title\" content=\"Desarticularon un laboratorio clandestino que produc\u00eda di\u00f3xido de cloro - Noticias Radio Reflejos\" \/>\n<meta property=\"og:description\" content=\"El producto era \u00abpublicitado y puesto a la venta como ant\u00eddoto contra el Covid-19, pese a no estar autorizado por el Anmat\u00bb.\" \/>\n<meta property=\"og:url\" content=\"https:\/\/www.noticiasradioreflejos.com.ar\/2021\/desarticularon-un-laboratorio-clandestino-que-producia-dioxido-de-cloro\/\" \/>\n<meta property=\"og:site_name\" content=\"Noticias Radio Reflejos\" \/>\n<meta property=\"article:published_time\" content=\"2021-03-11T19:55:16+00:00\" \/>\n<meta property=\"og:image\" content=\"https:\/\/www.noticiasradioreflejos.com.ar\/2021\/wp-content\/uploads\/2021\/07\/logosol300x200.png\" \/>\n\t<meta property=\"og:image:width\" content=\"300\" \/>\n\t<meta property=\"og:image:height\" content=\"200\" \/>\n\t<meta property=\"og:image:type\" content=\"image\/png\" \/>\n<meta name=\"author\" content=\"Arnaldo Botto\" \/>\n<meta name=\"twitter:card\" content=\"summary_large_image\" \/>\n<script type=\"application\/ld+json\" class=\"yoast-schema-graph\">{\"@context\":\"https:\/\/schema.org\",\"@graph\":[{\"@type\":\"WebPage\",\"@id\":\"https:\/\/www.noticiasradioreflejos.com.ar\/2021\/desarticularon-un-laboratorio-clandestino-que-producia-dioxido-de-cloro\/\",\"url\":\"https:\/\/www.noticiasradioreflejos.com.ar\/2021\/desarticularon-un-laboratorio-clandestino-que-producia-dioxido-de-cloro\/\",\"name\":\"Desarticularon un laboratorio clandestino que produc\u00eda di\u00f3xido de cloro - Noticias Radio Reflejos\",\"isPartOf\":{\"@id\":\"https:\/\/www.noticiasradioreflejos.com.ar\/2021\/#website\"},\"datePublished\":\"2021-03-11T19:55:16+00:00\",\"author\":{\"@id\":\"https:\/\/www.noticiasradioreflejos.com.ar\/2021\/#\/schema\/person\/ad82545263dcc5ec0996818884fd5fb1\"},\"breadcrumb\":{\"@id\":\"https:\/\/www.noticiasradioreflejos.com.ar\/2021\/desarticularon-un-laboratorio-clandestino-que-producia-dioxido-de-cloro\/#breadcrumb\"},\"inLanguage\":\"es\",\"potentialAction\":[{\"@type\":\"ReadAction\",\"target\":[\"https:\/\/www.noticiasradioreflejos.com.ar\/2021\/desarticularon-un-laboratorio-clandestino-que-producia-dioxido-de-cloro\/\"]}]},{\"@type\":\"BreadcrumbList\",\"@id\":\"https:\/\/www.noticiasradioreflejos.com.ar\/2021\/desarticularon-un-laboratorio-clandestino-que-producia-dioxido-de-cloro\/#breadcrumb\",\"itemListElement\":[{\"@type\":\"ListItem\",\"position\":1,\"name\":\"Portada\",\"item\":\"https:\/\/www.noticiasradioreflejos.com.ar\/2021\/\"},{\"@type\":\"ListItem\",\"position\":2,\"name\":\"Desarticularon un laboratorio clandestino que produc\u00eda di\u00f3xido de cloro\"}]},{\"@type\":\"WebSite\",\"@id\":\"https:\/\/www.noticiasradioreflejos.com.ar\/2021\/#website\",\"url\":\"https:\/\/www.noticiasradioreflejos.com.ar\/2021\/\",\"name\":\"Noticias Radio Reflejos\",\"description\":\"Las noticias de mi comarca\",\"potentialAction\":[{\"@type\":\"SearchAction\",\"target\":{\"@type\":\"EntryPoint\",\"urlTemplate\":\"https:\/\/www.noticiasradioreflejos.com.ar\/2021\/?s={search_term_string}\"},\"query-input\":{\"@type\":\"PropertyValueSpecification\",\"valueRequired\":true,\"valueName\":\"search_term_string\"}}],\"inLanguage\":\"es\"},{\"@type\":\"Person\",\"@id\":\"https:\/\/www.noticiasradioreflejos.com.ar\/2021\/#\/schema\/person\/ad82545263dcc5ec0996818884fd5fb1\",\"name\":\"Arnaldo Botto\",\"image\":{\"@type\":\"ImageObject\",\"inLanguage\":\"es\",\"@id\":\"https:\/\/www.noticiasradioreflejos.com.ar\/2021\/#\/schema\/person\/image\/\",\"url\":\"https:\/\/secure.gravatar.com\/avatar\/55cb5e37c1efa326397366e6974cb338056df65cb50e7d64d1cf314e87504837?s=96&d=mm&r=g\",\"contentUrl\":\"https:\/\/secure.gravatar.com\/avatar\/55cb5e37c1efa326397366e6974cb338056df65cb50e7d64d1cf314e87504837?s=96&d=mm&r=g\",\"caption\":\"Arnaldo Botto\"},\"url\":\"https:\/\/www.noticiasradioreflejos.com.ar\/2021\/author\/arnaldo\/\"}]}<\/script>\n<!-- \/ Yoast SEO plugin. -->","yoast_head_json":{"title":"Desarticularon un laboratorio clandestino que produc\u00eda di\u00f3xido de cloro - Noticias Radio Reflejos","robots":{"index":"index","follow":"follow","max-snippet":"max-snippet:-1","max-image-preview":"max-image-preview:large","max-video-preview":"max-video-preview:-1"},"canonical":"https:\/\/www.noticiasradioreflejos.com.ar\/2021\/desarticularon-un-laboratorio-clandestino-que-producia-dioxido-de-cloro\/","og_locale":"es_ES","og_type":"article","og_title":"Desarticularon un laboratorio clandestino que produc\u00eda di\u00f3xido de cloro - Noticias Radio Reflejos","og_description":"El producto era \u00abpublicitado y puesto a la venta como ant\u00eddoto contra el Covid-19, pese a no estar autorizado por el Anmat\u00bb.","og_url":"https:\/\/www.noticiasradioreflejos.com.ar\/2021\/desarticularon-un-laboratorio-clandestino-que-producia-dioxido-de-cloro\/","og_site_name":"Noticias Radio Reflejos","article_published_time":"2021-03-11T19:55:16+00:00","og_image":[{"width":300,"height":200,"url":"https:\/\/www.noticiasradioreflejos.com.ar\/2021\/wp-content\/uploads\/2021\/07\/logosol300x200.png","type":"image\/png"}],"author":"Arnaldo Botto","twitter_card":"summary_large_image","schema":{"@context":"https:\/\/schema.org","@graph":[{"@type":"WebPage","@id":"https:\/\/www.noticiasradioreflejos.com.ar\/2021\/desarticularon-un-laboratorio-clandestino-que-producia-dioxido-de-cloro\/","url":"https:\/\/www.noticiasradioreflejos.com.ar\/2021\/desarticularon-un-laboratorio-clandestino-que-producia-dioxido-de-cloro\/","name":"Desarticularon un laboratorio clandestino que produc\u00eda di\u00f3xido de cloro - Noticias Radio Reflejos","isPartOf":{"@id":"https:\/\/www.noticiasradioreflejos.com.ar\/2021\/#website"},"datePublished":"2021-03-11T19:55:16+00:00","author":{"@id":"https:\/\/www.noticiasradioreflejos.com.ar\/2021\/#\/schema\/person\/ad82545263dcc5ec0996818884fd5fb1"},"breadcrumb":{"@id":"https:\/\/www.noticiasradioreflejos.com.ar\/2021\/desarticularon-un-laboratorio-clandestino-que-producia-dioxido-de-cloro\/#breadcrumb"},"inLanguage":"es","potentialAction":[{"@type":"ReadAction","target":["https:\/\/www.noticiasradioreflejos.com.ar\/2021\/desarticularon-un-laboratorio-clandestino-que-producia-dioxido-de-cloro\/"]}]},{"@type":"BreadcrumbList","@id":"https:\/\/www.noticiasradioreflejos.com.ar\/2021\/desarticularon-un-laboratorio-clandestino-que-producia-dioxido-de-cloro\/#breadcrumb","itemListElement":[{"@type":"ListItem","position":1,"name":"Portada","item":"https:\/\/www.noticiasradioreflejos.com.ar\/2021\/"},{"@type":"ListItem","position":2,"name":"Desarticularon un laboratorio clandestino que produc\u00eda di\u00f3xido de cloro"}]},{"@type":"WebSite","@id":"https:\/\/www.noticiasradioreflejos.com.ar\/2021\/#website","url":"https:\/\/www.noticiasradioreflejos.com.ar\/2021\/","name":"Noticias Radio Reflejos","description":"Las noticias de mi comarca","potentialAction":[{"@type":"SearchAction","target":{"@type":"EntryPoint","urlTemplate":"https:\/\/www.noticiasradioreflejos.com.ar\/2021\/?s={search_term_string}"},"query-input":{"@type":"PropertyValueSpecification","valueRequired":true,"valueName":"search_term_string"}}],"inLanguage":"es"},{"@type":"Person","@id":"https:\/\/www.noticiasradioreflejos.com.ar\/2021\/#\/schema\/person\/ad82545263dcc5ec0996818884fd5fb1","name":"Arnaldo Botto","image":{"@type":"ImageObject","inLanguage":"es","@id":"https:\/\/www.noticiasradioreflejos.com.ar\/2021\/#\/schema\/person\/image\/","url":"https:\/\/secure.gravatar.com\/avatar\/55cb5e37c1efa326397366e6974cb338056df65cb50e7d64d1cf314e87504837?s=96&d=mm&r=g","contentUrl":"https:\/\/secure.gravatar.com\/avatar\/55cb5e37c1efa326397366e6974cb338056df65cb50e7d64d1cf314e87504837?s=96&d=mm&r=g","caption":"Arnaldo Botto"},"url":"https:\/\/www.noticiasradioreflejos.com.ar\/2021\/author\/arnaldo\/"}]}},"_links":{"self":[{"href":"https:\/\/www.noticiasradioreflejos.com.ar\/2021\/wp-json\/wp\/v2\/posts\/53747","targetHints":{"allow":["GET"]}}],"collection":[{"href":"https:\/\/www.noticiasradioreflejos.com.ar\/2021\/wp-json\/wp\/v2\/posts"}],"about":[{"href":"https:\/\/www.noticiasradioreflejos.com.ar\/2021\/wp-json\/wp\/v2\/types\/post"}],"author":[{"embeddable":true,"href":"https:\/\/www.noticiasradioreflejos.com.ar\/2021\/wp-json\/wp\/v2\/users\/3"}],"replies":[{"embeddable":true,"href":"https:\/\/www.noticiasradioreflejos.com.ar\/2021\/wp-json\/wp\/v2\/comments?post=53747"}],"version-history":[{"count":0,"href":"https:\/\/www.noticiasradioreflejos.com.ar\/2021\/wp-json\/wp\/v2\/posts\/53747\/revisions"}],"wp:attachment":[{"href":"https:\/\/www.noticiasradioreflejos.com.ar\/2021\/wp-json\/wp\/v2\/media?parent=53747"}],"wp:term":[{"taxonomy":"category","embeddable":true,"href":"https:\/\/www.noticiasradioreflejos.com.ar\/2021\/wp-json\/wp\/v2\/categories?post=53747"},{"taxonomy":"post_tag","embeddable":true,"href":"https:\/\/www.noticiasradioreflejos.com.ar\/2021\/wp-json\/wp\/v2\/tags?post=53747"}],"curies":[{"name":"wp","href":"https:\/\/api.w.org\/{rel}","templated":true}]}}