{"id":53745,"date":"2021-03-11T16:51:40","date_gmt":"2021-03-11T19:51:40","guid":{"rendered":"http:\/\/www.noticiasradioreflejos.com.ar\/noticias\/?p=53745"},"modified":"2021-03-11T16:51:40","modified_gmt":"2021-03-11T19:51:40","slug":"unos-70-bomberos-trabajan-para-apagar-un-incendio-en-la-reserva-de-carilo","status":"publish","type":"post","link":"https:\/\/www.noticiasradioreflejos.com.ar\/2021\/unos-70-bomberos-trabajan-para-apagar-un-incendio-en-la-reserva-de-carilo\/","title":{"rendered":"Unos 70 bomberos trabajan para apagar un incendio en la reserva de Caril\u00f3"},"content":{"rendered":"<p>Seg\u00fan precisaron desde Defensa Civil de Pinamar, tuvo cinco focos y ya est\u00e1 dominado pero los efectivos trabajan para enfriar el lugar.<!--more--><\/p>\n<div id=\"image\" class=\"image\">\n<p><img decoding=\"async\" title=\"El fuego no produjo da\u00f1os ni heridos, m\u00e1s all\u00e1 de la vegetaci\u00f3n. \" src=\"https:\/\/www.telam.com.ar\/advf\/imagenes\/2021\/03\/604a69b912c8c_1004x565.jpg\" alt=\"El fuego no produjo da\u00f1os ni heridos, m\u00e1s all\u00e1 de la vegetaci\u00f3n. \" \/><\/p>\n<div class=\"epigrafe\">El fuego no produjo da\u00f1os ni heridos, m\u00e1s all\u00e1 de la vegetaci\u00f3n.<\/div>\n<\/div>\n<p>Un<strong>\u00a0incendio con al menos cinco focos afecta desde la ma\u00f1ana de este jueves a la reserva natural de Caril\u00f3<\/strong>, en el partido bonaerense de Pinamar, y<strong>\u00a070 bomberos trabajan en el lugar<\/strong>, seg\u00fan inform\u00f3 el intendente local, Mart\u00edn Yeza y fuentes del Municipio.<\/p>\n<p>\u00abEn este momento se desarrolla un incendio con cinco focos en Caril\u00f3. Hay 70 bomberos trabajando a pie, ya se estableci\u00f3 un cortafuegos y se est\u00e1 dando abastecimiento a todo el personal. Trabajo conjunto con los bomberos de la regi\u00f3n, polic\u00eda y Guardia Urbana municipal\u00bb, asegur\u00f3 Yeza este mediod\u00eda, a trav\u00e9s de su cuenta de Twitter.<\/p>\n<div class=\"image-left\">\n<p><img decoding=\"async\" title=\"Un \u00e1rea de dif\u00edcil acceso. \" src=\"https:\/\/www.telam.com.ar\/advf\/imagenes\/2021\/03\/604a69b8f06d2_324x575.jpg\" alt=\"Un \u00e1rea de dif\u00edcil acceso. \" \/><\/p>\n<div class=\"epigrafe\">Un \u00e1rea de dif\u00edcil acceso.<\/div>\n<\/div>\n<p>Diego Diez, titular de Defensa Civil de Pinamar, explic\u00f3 a T\u00e9lam que el siniestro comenz\u00f3 cerca de las 7.30, y exigi\u00f3 la intervenci\u00f3n de dotaciones de bomberos locales, junto a efectivos de distritos vecinos como Villa Gesell y General Madariaga.<\/p>\n<p><strong>Diez asegur\u00f3 que el incendio fue dominado cerca de las 14<\/strong>, y que no se registraron da\u00f1os materiales ni heridos, m\u00e1s all\u00e1 de una importante \u00e1rea de vegetaci\u00f3n alcanzada por las llamas.<\/p>\n<p><strong>\u00abEst\u00e1 dominado, y trabajan bomberos de Pinamar, Villa Gesell y Madariaga para enfriar el lugar\u00bb<\/strong>, explic\u00f3 Diez, y se\u00f1al\u00f3 que operaban adem\u00e1s m\u00e1quinas del Municipio en las tareas de remoci\u00f3n.<\/p>\n<p>En di\u00e1logo con Telam, el secretario de Seguridad de Pinamar, Lucas Ventoso, se\u00f1al\u00f3 que result\u00f3 \u00abmuy dif\u00edcil llegar al fuego\u00bb, por las caracter\u00edsticas del lugar, y los efectivos solo pueden acceder caminando.<\/p>\n","protected":false},"excerpt":{"rendered":"<p>Seg\u00fan precisaron desde Defensa Civil de Pinamar, tuvo cinco focos y ya est\u00e1 dominado pero los efectivos trabajan para enfriar el lugar.<\/p>\n","protected":false},"author":3,"featured_media":0,"comment_status":"closed","ping_status":"open","sticky":false,"template":"","format":"standard","meta":{"footnotes":""},"categories":[29],"tags":[],"class_list":["post-53745","post","type-post","status-publish","format-standard","hentry","category-policiales"],"yoast_head":"<!-- This site is optimized with the Yoast SEO plugin v25.9 - https:\/\/yoast.com\/wordpress\/plugins\/seo\/ -->\n<title>Unos 70 bomberos trabajan para apagar un incendio en la reserva de Caril\u00f3 - Noticias Radio Reflejos<\/title>\n<meta name=\"robots\" content=\"index, follow, max-snippet:-1, max-image-preview:large, max-video-preview:-1\" \/>\n<link rel=\"canonical\" href=\"https:\/\/www.noticiasradioreflejos.com.ar\/2021\/unos-70-bomberos-trabajan-para-apagar-un-incendio-en-la-reserva-de-carilo\/\" \/>\n<meta property=\"og:locale\" content=\"es_ES\" \/>\n<meta property=\"og:type\" content=\"article\" \/>\n<meta property=\"og:title\" content=\"Unos 70 bomberos trabajan para apagar un incendio en la reserva de Caril\u00f3 - Noticias Radio Reflejos\" \/>\n<meta property=\"og:description\" content=\"Seg\u00fan precisaron desde Defensa Civil de Pinamar, tuvo cinco focos y ya est\u00e1 dominado pero los efectivos trabajan para enfriar el lugar.\" \/>\n<meta property=\"og:url\" content=\"https:\/\/www.noticiasradioreflejos.com.ar\/2021\/unos-70-bomberos-trabajan-para-apagar-un-incendio-en-la-reserva-de-carilo\/\" \/>\n<meta property=\"og:site_name\" content=\"Noticias Radio Reflejos\" \/>\n<meta property=\"article:published_time\" content=\"2021-03-11T19:51:40+00:00\" \/>\n<meta property=\"og:image\" content=\"https:\/\/www.telam.com.ar\/advf\/imagenes\/2021\/03\/604a69b912c8c_1004x565.jpg\" \/>\n<meta name=\"author\" content=\"Arnaldo Botto\" \/>\n<meta name=\"twitter:card\" content=\"summary_large_image\" \/>\n<script type=\"application\/ld+json\" class=\"yoast-schema-graph\">{\"@context\":\"https:\/\/schema.org\",\"@graph\":[{\"@type\":\"WebPage\",\"@id\":\"https:\/\/www.noticiasradioreflejos.com.ar\/2021\/unos-70-bomberos-trabajan-para-apagar-un-incendio-en-la-reserva-de-carilo\/\",\"url\":\"https:\/\/www.noticiasradioreflejos.com.ar\/2021\/unos-70-bomberos-trabajan-para-apagar-un-incendio-en-la-reserva-de-carilo\/\",\"name\":\"Unos 70 bomberos trabajan para apagar un incendio en la reserva de Caril\u00f3 - Noticias Radio Reflejos\",\"isPartOf\":{\"@id\":\"https:\/\/www.noticiasradioreflejos.com.ar\/2021\/#website\"},\"primaryImageOfPage\":{\"@id\":\"https:\/\/www.noticiasradioreflejos.com.ar\/2021\/unos-70-bomberos-trabajan-para-apagar-un-incendio-en-la-reserva-de-carilo\/#primaryimage\"},\"image\":{\"@id\":\"https:\/\/www.noticiasradioreflejos.com.ar\/2021\/unos-70-bomberos-trabajan-para-apagar-un-incendio-en-la-reserva-de-carilo\/#primaryimage\"},\"thumbnailUrl\":\"https:\/\/www.telam.com.ar\/advf\/imagenes\/2021\/03\/604a69b912c8c_1004x565.jpg\",\"datePublished\":\"2021-03-11T19:51:40+00:00\",\"author\":{\"@id\":\"https:\/\/www.noticiasradioreflejos.com.ar\/2021\/#\/schema\/person\/ad82545263dcc5ec0996818884fd5fb1\"},\"breadcrumb\":{\"@id\":\"https:\/\/www.noticiasradioreflejos.com.ar\/2021\/unos-70-bomberos-trabajan-para-apagar-un-incendio-en-la-reserva-de-carilo\/#breadcrumb\"},\"inLanguage\":\"es\",\"potentialAction\":[{\"@type\":\"ReadAction\",\"target\":[\"https:\/\/www.noticiasradioreflejos.com.ar\/2021\/unos-70-bomberos-trabajan-para-apagar-un-incendio-en-la-reserva-de-carilo\/\"]}]},{\"@type\":\"ImageObject\",\"inLanguage\":\"es\",\"@id\":\"https:\/\/www.noticiasradioreflejos.com.ar\/2021\/unos-70-bomberos-trabajan-para-apagar-un-incendio-en-la-reserva-de-carilo\/#primaryimage\",\"url\":\"https:\/\/www.telam.com.ar\/advf\/imagenes\/2021\/03\/604a69b912c8c_1004x565.jpg\",\"contentUrl\":\"https:\/\/www.telam.com.ar\/advf\/imagenes\/2021\/03\/604a69b912c8c_1004x565.jpg\"},{\"@type\":\"BreadcrumbList\",\"@id\":\"https:\/\/www.noticiasradioreflejos.com.ar\/2021\/unos-70-bomberos-trabajan-para-apagar-un-incendio-en-la-reserva-de-carilo\/#breadcrumb\",\"itemListElement\":[{\"@type\":\"ListItem\",\"position\":1,\"name\":\"Portada\",\"item\":\"https:\/\/www.noticiasradioreflejos.com.ar\/2021\/\"},{\"@type\":\"ListItem\",\"position\":2,\"name\":\"Unos 70 bomberos trabajan para apagar un incendio en la reserva de Caril\u00f3\"}]},{\"@type\":\"WebSite\",\"@id\":\"https:\/\/www.noticiasradioreflejos.com.ar\/2021\/#website\",\"url\":\"https:\/\/www.noticiasradioreflejos.com.ar\/2021\/\",\"name\":\"Noticias Radio Reflejos\",\"description\":\"Las noticias de mi comarca\",\"potentialAction\":[{\"@type\":\"SearchAction\",\"target\":{\"@type\":\"EntryPoint\",\"urlTemplate\":\"https:\/\/www.noticiasradioreflejos.com.ar\/2021\/?s={search_term_string}\"},\"query-input\":{\"@type\":\"PropertyValueSpecification\",\"valueRequired\":true,\"valueName\":\"search_term_string\"}}],\"inLanguage\":\"es\"},{\"@type\":\"Person\",\"@id\":\"https:\/\/www.noticiasradioreflejos.com.ar\/2021\/#\/schema\/person\/ad82545263dcc5ec0996818884fd5fb1\",\"name\":\"Arnaldo Botto\",\"image\":{\"@type\":\"ImageObject\",\"inLanguage\":\"es\",\"@id\":\"https:\/\/www.noticiasradioreflejos.com.ar\/2021\/#\/schema\/person\/image\/\",\"url\":\"https:\/\/secure.gravatar.com\/avatar\/55cb5e37c1efa326397366e6974cb338056df65cb50e7d64d1cf314e87504837?s=96&d=mm&r=g\",\"contentUrl\":\"https:\/\/secure.gravatar.com\/avatar\/55cb5e37c1efa326397366e6974cb338056df65cb50e7d64d1cf314e87504837?s=96&d=mm&r=g\",\"caption\":\"Arnaldo Botto\"},\"url\":\"https:\/\/www.noticiasradioreflejos.com.ar\/2021\/author\/arnaldo\/\"}]}<\/script>\n<!-- \/ Yoast SEO plugin. -->","yoast_head_json":{"title":"Unos 70 bomberos trabajan para apagar un incendio en la reserva de Caril\u00f3 - Noticias Radio Reflejos","robots":{"index":"index","follow":"follow","max-snippet":"max-snippet:-1","max-image-preview":"max-image-preview:large","max-video-preview":"max-video-preview:-1"},"canonical":"https:\/\/www.noticiasradioreflejos.com.ar\/2021\/unos-70-bomberos-trabajan-para-apagar-un-incendio-en-la-reserva-de-carilo\/","og_locale":"es_ES","og_type":"article","og_title":"Unos 70 bomberos trabajan para apagar un incendio en la reserva de Caril\u00f3 - Noticias Radio Reflejos","og_description":"Seg\u00fan precisaron desde Defensa Civil de Pinamar, tuvo cinco focos y ya est\u00e1 dominado pero los efectivos trabajan para enfriar el lugar.","og_url":"https:\/\/www.noticiasradioreflejos.com.ar\/2021\/unos-70-bomberos-trabajan-para-apagar-un-incendio-en-la-reserva-de-carilo\/","og_site_name":"Noticias Radio Reflejos","article_published_time":"2021-03-11T19:51:40+00:00","og_image":[{"url":"https:\/\/www.telam.com.ar\/advf\/imagenes\/2021\/03\/604a69b912c8c_1004x565.jpg","type":"","width":"","height":""}],"author":"Arnaldo Botto","twitter_card":"summary_large_image","schema":{"@context":"https:\/\/schema.org","@graph":[{"@type":"WebPage","@id":"https:\/\/www.noticiasradioreflejos.com.ar\/2021\/unos-70-bomberos-trabajan-para-apagar-un-incendio-en-la-reserva-de-carilo\/","url":"https:\/\/www.noticiasradioreflejos.com.ar\/2021\/unos-70-bomberos-trabajan-para-apagar-un-incendio-en-la-reserva-de-carilo\/","name":"Unos 70 bomberos trabajan para apagar un incendio en la reserva de Caril\u00f3 - Noticias Radio Reflejos","isPartOf":{"@id":"https:\/\/www.noticiasradioreflejos.com.ar\/2021\/#website"},"primaryImageOfPage":{"@id":"https:\/\/www.noticiasradioreflejos.com.ar\/2021\/unos-70-bomberos-trabajan-para-apagar-un-incendio-en-la-reserva-de-carilo\/#primaryimage"},"image":{"@id":"https:\/\/www.noticiasradioreflejos.com.ar\/2021\/unos-70-bomberos-trabajan-para-apagar-un-incendio-en-la-reserva-de-carilo\/#primaryimage"},"thumbnailUrl":"https:\/\/www.telam.com.ar\/advf\/imagenes\/2021\/03\/604a69b912c8c_1004x565.jpg","datePublished":"2021-03-11T19:51:40+00:00","author":{"@id":"https:\/\/www.noticiasradioreflejos.com.ar\/2021\/#\/schema\/person\/ad82545263dcc5ec0996818884fd5fb1"},"breadcrumb":{"@id":"https:\/\/www.noticiasradioreflejos.com.ar\/2021\/unos-70-bomberos-trabajan-para-apagar-un-incendio-en-la-reserva-de-carilo\/#breadcrumb"},"inLanguage":"es","potentialAction":[{"@type":"ReadAction","target":["https:\/\/www.noticiasradioreflejos.com.ar\/2021\/unos-70-bomberos-trabajan-para-apagar-un-incendio-en-la-reserva-de-carilo\/"]}]},{"@type":"ImageObject","inLanguage":"es","@id":"https:\/\/www.noticiasradioreflejos.com.ar\/2021\/unos-70-bomberos-trabajan-para-apagar-un-incendio-en-la-reserva-de-carilo\/#primaryimage","url":"https:\/\/www.telam.com.ar\/advf\/imagenes\/2021\/03\/604a69b912c8c_1004x565.jpg","contentUrl":"https:\/\/www.telam.com.ar\/advf\/imagenes\/2021\/03\/604a69b912c8c_1004x565.jpg"},{"@type":"BreadcrumbList","@id":"https:\/\/www.noticiasradioreflejos.com.ar\/2021\/unos-70-bomberos-trabajan-para-apagar-un-incendio-en-la-reserva-de-carilo\/#breadcrumb","itemListElement":[{"@type":"ListItem","position":1,"name":"Portada","item":"https:\/\/www.noticiasradioreflejos.com.ar\/2021\/"},{"@type":"ListItem","position":2,"name":"Unos 70 bomberos trabajan para apagar un incendio en la reserva de Caril\u00f3"}]},{"@type":"WebSite","@id":"https:\/\/www.noticiasradioreflejos.com.ar\/2021\/#website","url":"https:\/\/www.noticiasradioreflejos.com.ar\/2021\/","name":"Noticias Radio Reflejos","description":"Las noticias de mi comarca","potentialAction":[{"@type":"SearchAction","target":{"@type":"EntryPoint","urlTemplate":"https:\/\/www.noticiasradioreflejos.com.ar\/2021\/?s={search_term_string}"},"query-input":{"@type":"PropertyValueSpecification","valueRequired":true,"valueName":"search_term_string"}}],"inLanguage":"es"},{"@type":"Person","@id":"https:\/\/www.noticiasradioreflejos.com.ar\/2021\/#\/schema\/person\/ad82545263dcc5ec0996818884fd5fb1","name":"Arnaldo Botto","image":{"@type":"ImageObject","inLanguage":"es","@id":"https:\/\/www.noticiasradioreflejos.com.ar\/2021\/#\/schema\/person\/image\/","url":"https:\/\/secure.gravatar.com\/avatar\/55cb5e37c1efa326397366e6974cb338056df65cb50e7d64d1cf314e87504837?s=96&d=mm&r=g","contentUrl":"https:\/\/secure.gravatar.com\/avatar\/55cb5e37c1efa326397366e6974cb338056df65cb50e7d64d1cf314e87504837?s=96&d=mm&r=g","caption":"Arnaldo Botto"},"url":"https:\/\/www.noticiasradioreflejos.com.ar\/2021\/author\/arnaldo\/"}]}},"_links":{"self":[{"href":"https:\/\/www.noticiasradioreflejos.com.ar\/2021\/wp-json\/wp\/v2\/posts\/53745","targetHints":{"allow":["GET"]}}],"collection":[{"href":"https:\/\/www.noticiasradioreflejos.com.ar\/2021\/wp-json\/wp\/v2\/posts"}],"about":[{"href":"https:\/\/www.noticiasradioreflejos.com.ar\/2021\/wp-json\/wp\/v2\/types\/post"}],"author":[{"embeddable":true,"href":"https:\/\/www.noticiasradioreflejos.com.ar\/2021\/wp-json\/wp\/v2\/users\/3"}],"replies":[{"embeddable":true,"href":"https:\/\/www.noticiasradioreflejos.com.ar\/2021\/wp-json\/wp\/v2\/comments?post=53745"}],"version-history":[{"count":0,"href":"https:\/\/www.noticiasradioreflejos.com.ar\/2021\/wp-json\/wp\/v2\/posts\/53745\/revisions"}],"wp:attachment":[{"href":"https:\/\/www.noticiasradioreflejos.com.ar\/2021\/wp-json\/wp\/v2\/media?parent=53745"}],"wp:term":[{"taxonomy":"category","embeddable":true,"href":"https:\/\/www.noticiasradioreflejos.com.ar\/2021\/wp-json\/wp\/v2\/categories?post=53745"},{"taxonomy":"post_tag","embeddable":true,"href":"https:\/\/www.noticiasradioreflejos.com.ar\/2021\/wp-json\/wp\/v2\/tags?post=53745"}],"curies":[{"name":"wp","href":"https:\/\/api.w.org\/{rel}","templated":true}]}}