{"id":53740,"date":"2021-03-11T16:41:46","date_gmt":"2021-03-11T19:41:46","guid":{"rendered":"http:\/\/www.noticiasradioreflejos.com.ar\/noticias\/?p=53740"},"modified":"2021-03-11T16:41:46","modified_gmt":"2021-03-11T19:41:46","slug":"el-partido-justicialista-repudia-los-dichos-del-comisario-daniel-perez-de-tornquist","status":"publish","type":"post","link":"https:\/\/www.noticiasradioreflejos.com.ar\/2021\/el-partido-justicialista-repudia-los-dichos-del-comisario-daniel-perez-de-tornquist\/","title":{"rendered":"El Partido Justicialista repudia los dichos del Comisario Daniel Perez de Tornquist"},"content":{"rendered":"<p><span style=\"background-color: #ffff99;\"><em>Lo hizo a trav\u00e9s del siguiente comunicado:<\/em><\/span><br \/>\nA partir de la nota publicada por un medio de comunicaci\u00f3n, en el que se publica y comenta los escritos despectivos, ir\u00f3nicos, inapropiados de un funcionario, desde nuestro espacio pol\u00edtico repudiamos la forma en que el Comisario P\u00e9rez escribe en la redes sociales sobre el Presidente Alberto Fern\u00e1ndez.<!--more--><\/p>\n<p>No pedimos que acuerde con el accionar de nuestro primer mandatario porque el disenso es parte del vivir en democracia, pero no nos parece correcto que mientras en nuestro querido pueblo de 20 cuadras por 10 la inseguridad nos est\u00e1 invadiendo como nunca antes, \u00e9l dedique su tiempo a chicanas ir\u00f3nicas, agresivas que fomentan la divisi\u00f3n y profundizan la grieta. Los funcionarios no dejan su envestidura de lado, no hay horarios y son siempre funcionarios y es verdad que \u201cno se puede quedar bien con Dios y con el diablo\u201d, por tal motivo le exigimos que proteja a los ciudadanos, que para eso es su cargo y que accione con la responsabilidad de su envestidura y empiece de una vez por todas, no s\u00f3lo a esclarecer los hechos, sino a PREVENIRLOS. Como habitantes de este hermoso distrito queremos seguir viviendo en PAZ, entonces esperamos que act\u00fae en consecuencia a la cita b\u00edblica que \u00e9l mencion\u00f3, y no se lo pedimos ir\u00f3nicamente, sino que le exigimos que cumpla con su rol de funcionario correctamente. Ser\u00eda interesante que critique menos en las redes y trabaje m\u00e1s para brindar a los ciudadanos la seguridad que necesitamos, que no es ni m\u00e1s ni menos que su trabajo, su obligaci\u00f3n. Esperamos sinceramente que el Comisario P\u00e9rez deje de criticar a otros funcionarios y empiece a actuar \u00e9l correctamente como tal. \u201c\u00bfY por qu\u00e9 miras la paja que est\u00e1 en el ojo de tu hermano, y no echas de ver la viga que est\u00e1 en tu propio ojo?\u201d Mateo 7;3<br \/>\nPARTIDO JUSTICIALISTA DEL DISTRITO DE TORNQUIST<\/p>\n","protected":false},"excerpt":{"rendered":"<p>Lo hizo a trav\u00e9s del siguiente comunicado: A partir de la nota publicada por un medio de comunicaci\u00f3n, en el que se publica y comenta los escritos despectivos, ir\u00f3nicos, inapropiados de un funcionario, desde nuestro espacio pol\u00edtico repudiamos la forma en que el Comisario P\u00e9rez escribe en la redes sociales sobre el Presidente Alberto Fern\u00e1ndez.<\/p>\n","protected":false},"author":3,"featured_media":0,"comment_status":"closed","ping_status":"open","sticky":false,"template":"","format":"standard","meta":{"footnotes":""},"categories":[24,26],"tags":[],"class_list":["post-53740","post","type-post","status-publish","format-standard","hentry","category-politica","category-sociedad"],"yoast_head":"<!-- This site is optimized with the Yoast SEO plugin v25.9 - https:\/\/yoast.com\/wordpress\/plugins\/seo\/ -->\n<title>El Partido Justicialista repudia los dichos del Comisario Daniel Perez de Tornquist - Noticias Radio Reflejos<\/title>\n<meta name=\"robots\" content=\"index, follow, max-snippet:-1, max-image-preview:large, max-video-preview:-1\" \/>\n<link rel=\"canonical\" href=\"https:\/\/www.noticiasradioreflejos.com.ar\/2021\/el-partido-justicialista-repudia-los-dichos-del-comisario-daniel-perez-de-tornquist\/\" \/>\n<meta property=\"og:locale\" content=\"es_ES\" \/>\n<meta property=\"og:type\" content=\"article\" \/>\n<meta property=\"og:title\" content=\"El Partido Justicialista repudia los dichos del Comisario Daniel Perez de Tornquist - Noticias Radio Reflejos\" \/>\n<meta property=\"og:description\" content=\"Lo hizo a trav\u00e9s del siguiente comunicado: A partir de la nota publicada por un medio de comunicaci\u00f3n, en el que se publica y comenta los escritos despectivos, ir\u00f3nicos, inapropiados de un funcionario, desde nuestro espacio pol\u00edtico repudiamos la forma en que el Comisario P\u00e9rez escribe en la redes sociales sobre el Presidente Alberto Fern\u00e1ndez.\" \/>\n<meta property=\"og:url\" content=\"https:\/\/www.noticiasradioreflejos.com.ar\/2021\/el-partido-justicialista-repudia-los-dichos-del-comisario-daniel-perez-de-tornquist\/\" \/>\n<meta property=\"og:site_name\" content=\"Noticias Radio Reflejos\" \/>\n<meta property=\"article:published_time\" content=\"2021-03-11T19:41:46+00:00\" \/>\n<meta property=\"og:image\" content=\"https:\/\/www.noticiasradioreflejos.com.ar\/2021\/wp-content\/uploads\/2021\/07\/logosol300x200.png\" \/>\n\t<meta property=\"og:image:width\" content=\"300\" \/>\n\t<meta property=\"og:image:height\" content=\"200\" \/>\n\t<meta property=\"og:image:type\" content=\"image\/png\" \/>\n<meta name=\"author\" content=\"Arnaldo Botto\" \/>\n<meta name=\"twitter:card\" content=\"summary_large_image\" \/>\n<script type=\"application\/ld+json\" class=\"yoast-schema-graph\">{\"@context\":\"https:\/\/schema.org\",\"@graph\":[{\"@type\":\"WebPage\",\"@id\":\"https:\/\/www.noticiasradioreflejos.com.ar\/2021\/el-partido-justicialista-repudia-los-dichos-del-comisario-daniel-perez-de-tornquist\/\",\"url\":\"https:\/\/www.noticiasradioreflejos.com.ar\/2021\/el-partido-justicialista-repudia-los-dichos-del-comisario-daniel-perez-de-tornquist\/\",\"name\":\"El Partido Justicialista repudia los dichos del Comisario Daniel Perez de Tornquist - Noticias Radio Reflejos\",\"isPartOf\":{\"@id\":\"https:\/\/www.noticiasradioreflejos.com.ar\/2021\/#website\"},\"datePublished\":\"2021-03-11T19:41:46+00:00\",\"author\":{\"@id\":\"https:\/\/www.noticiasradioreflejos.com.ar\/2021\/#\/schema\/person\/ad82545263dcc5ec0996818884fd5fb1\"},\"breadcrumb\":{\"@id\":\"https:\/\/www.noticiasradioreflejos.com.ar\/2021\/el-partido-justicialista-repudia-los-dichos-del-comisario-daniel-perez-de-tornquist\/#breadcrumb\"},\"inLanguage\":\"es\",\"potentialAction\":[{\"@type\":\"ReadAction\",\"target\":[\"https:\/\/www.noticiasradioreflejos.com.ar\/2021\/el-partido-justicialista-repudia-los-dichos-del-comisario-daniel-perez-de-tornquist\/\"]}]},{\"@type\":\"BreadcrumbList\",\"@id\":\"https:\/\/www.noticiasradioreflejos.com.ar\/2021\/el-partido-justicialista-repudia-los-dichos-del-comisario-daniel-perez-de-tornquist\/#breadcrumb\",\"itemListElement\":[{\"@type\":\"ListItem\",\"position\":1,\"name\":\"Portada\",\"item\":\"https:\/\/www.noticiasradioreflejos.com.ar\/2021\/\"},{\"@type\":\"ListItem\",\"position\":2,\"name\":\"El Partido Justicialista repudia los dichos del Comisario Daniel Perez de Tornquist\"}]},{\"@type\":\"WebSite\",\"@id\":\"https:\/\/www.noticiasradioreflejos.com.ar\/2021\/#website\",\"url\":\"https:\/\/www.noticiasradioreflejos.com.ar\/2021\/\",\"name\":\"Noticias Radio Reflejos\",\"description\":\"Las noticias de mi comarca\",\"potentialAction\":[{\"@type\":\"SearchAction\",\"target\":{\"@type\":\"EntryPoint\",\"urlTemplate\":\"https:\/\/www.noticiasradioreflejos.com.ar\/2021\/?s={search_term_string}\"},\"query-input\":{\"@type\":\"PropertyValueSpecification\",\"valueRequired\":true,\"valueName\":\"search_term_string\"}}],\"inLanguage\":\"es\"},{\"@type\":\"Person\",\"@id\":\"https:\/\/www.noticiasradioreflejos.com.ar\/2021\/#\/schema\/person\/ad82545263dcc5ec0996818884fd5fb1\",\"name\":\"Arnaldo Botto\",\"image\":{\"@type\":\"ImageObject\",\"inLanguage\":\"es\",\"@id\":\"https:\/\/www.noticiasradioreflejos.com.ar\/2021\/#\/schema\/person\/image\/\",\"url\":\"https:\/\/secure.gravatar.com\/avatar\/55cb5e37c1efa326397366e6974cb338056df65cb50e7d64d1cf314e87504837?s=96&d=mm&r=g\",\"contentUrl\":\"https:\/\/secure.gravatar.com\/avatar\/55cb5e37c1efa326397366e6974cb338056df65cb50e7d64d1cf314e87504837?s=96&d=mm&r=g\",\"caption\":\"Arnaldo Botto\"},\"url\":\"https:\/\/www.noticiasradioreflejos.com.ar\/2021\/author\/arnaldo\/\"}]}<\/script>\n<!-- \/ Yoast SEO plugin. -->","yoast_head_json":{"title":"El Partido Justicialista repudia los dichos del Comisario Daniel Perez de Tornquist - Noticias Radio Reflejos","robots":{"index":"index","follow":"follow","max-snippet":"max-snippet:-1","max-image-preview":"max-image-preview:large","max-video-preview":"max-video-preview:-1"},"canonical":"https:\/\/www.noticiasradioreflejos.com.ar\/2021\/el-partido-justicialista-repudia-los-dichos-del-comisario-daniel-perez-de-tornquist\/","og_locale":"es_ES","og_type":"article","og_title":"El Partido Justicialista repudia los dichos del Comisario Daniel Perez de Tornquist - Noticias Radio Reflejos","og_description":"Lo hizo a trav\u00e9s del siguiente comunicado: A partir de la nota publicada por un medio de comunicaci\u00f3n, en el que se publica y comenta los escritos despectivos, ir\u00f3nicos, inapropiados de un funcionario, desde nuestro espacio pol\u00edtico repudiamos la forma en que el Comisario P\u00e9rez escribe en la redes sociales sobre el Presidente Alberto Fern\u00e1ndez.","og_url":"https:\/\/www.noticiasradioreflejos.com.ar\/2021\/el-partido-justicialista-repudia-los-dichos-del-comisario-daniel-perez-de-tornquist\/","og_site_name":"Noticias Radio Reflejos","article_published_time":"2021-03-11T19:41:46+00:00","og_image":[{"width":300,"height":200,"url":"https:\/\/www.noticiasradioreflejos.com.ar\/2021\/wp-content\/uploads\/2021\/07\/logosol300x200.png","type":"image\/png"}],"author":"Arnaldo Botto","twitter_card":"summary_large_image","schema":{"@context":"https:\/\/schema.org","@graph":[{"@type":"WebPage","@id":"https:\/\/www.noticiasradioreflejos.com.ar\/2021\/el-partido-justicialista-repudia-los-dichos-del-comisario-daniel-perez-de-tornquist\/","url":"https:\/\/www.noticiasradioreflejos.com.ar\/2021\/el-partido-justicialista-repudia-los-dichos-del-comisario-daniel-perez-de-tornquist\/","name":"El Partido Justicialista repudia los dichos del Comisario Daniel Perez de Tornquist - Noticias Radio Reflejos","isPartOf":{"@id":"https:\/\/www.noticiasradioreflejos.com.ar\/2021\/#website"},"datePublished":"2021-03-11T19:41:46+00:00","author":{"@id":"https:\/\/www.noticiasradioreflejos.com.ar\/2021\/#\/schema\/person\/ad82545263dcc5ec0996818884fd5fb1"},"breadcrumb":{"@id":"https:\/\/www.noticiasradioreflejos.com.ar\/2021\/el-partido-justicialista-repudia-los-dichos-del-comisario-daniel-perez-de-tornquist\/#breadcrumb"},"inLanguage":"es","potentialAction":[{"@type":"ReadAction","target":["https:\/\/www.noticiasradioreflejos.com.ar\/2021\/el-partido-justicialista-repudia-los-dichos-del-comisario-daniel-perez-de-tornquist\/"]}]},{"@type":"BreadcrumbList","@id":"https:\/\/www.noticiasradioreflejos.com.ar\/2021\/el-partido-justicialista-repudia-los-dichos-del-comisario-daniel-perez-de-tornquist\/#breadcrumb","itemListElement":[{"@type":"ListItem","position":1,"name":"Portada","item":"https:\/\/www.noticiasradioreflejos.com.ar\/2021\/"},{"@type":"ListItem","position":2,"name":"El Partido Justicialista repudia los dichos del Comisario Daniel Perez de Tornquist"}]},{"@type":"WebSite","@id":"https:\/\/www.noticiasradioreflejos.com.ar\/2021\/#website","url":"https:\/\/www.noticiasradioreflejos.com.ar\/2021\/","name":"Noticias Radio Reflejos","description":"Las noticias de mi comarca","potentialAction":[{"@type":"SearchAction","target":{"@type":"EntryPoint","urlTemplate":"https:\/\/www.noticiasradioreflejos.com.ar\/2021\/?s={search_term_string}"},"query-input":{"@type":"PropertyValueSpecification","valueRequired":true,"valueName":"search_term_string"}}],"inLanguage":"es"},{"@type":"Person","@id":"https:\/\/www.noticiasradioreflejos.com.ar\/2021\/#\/schema\/person\/ad82545263dcc5ec0996818884fd5fb1","name":"Arnaldo Botto","image":{"@type":"ImageObject","inLanguage":"es","@id":"https:\/\/www.noticiasradioreflejos.com.ar\/2021\/#\/schema\/person\/image\/","url":"https:\/\/secure.gravatar.com\/avatar\/55cb5e37c1efa326397366e6974cb338056df65cb50e7d64d1cf314e87504837?s=96&d=mm&r=g","contentUrl":"https:\/\/secure.gravatar.com\/avatar\/55cb5e37c1efa326397366e6974cb338056df65cb50e7d64d1cf314e87504837?s=96&d=mm&r=g","caption":"Arnaldo Botto"},"url":"https:\/\/www.noticiasradioreflejos.com.ar\/2021\/author\/arnaldo\/"}]}},"_links":{"self":[{"href":"https:\/\/www.noticiasradioreflejos.com.ar\/2021\/wp-json\/wp\/v2\/posts\/53740","targetHints":{"allow":["GET"]}}],"collection":[{"href":"https:\/\/www.noticiasradioreflejos.com.ar\/2021\/wp-json\/wp\/v2\/posts"}],"about":[{"href":"https:\/\/www.noticiasradioreflejos.com.ar\/2021\/wp-json\/wp\/v2\/types\/post"}],"author":[{"embeddable":true,"href":"https:\/\/www.noticiasradioreflejos.com.ar\/2021\/wp-json\/wp\/v2\/users\/3"}],"replies":[{"embeddable":true,"href":"https:\/\/www.noticiasradioreflejos.com.ar\/2021\/wp-json\/wp\/v2\/comments?post=53740"}],"version-history":[{"count":0,"href":"https:\/\/www.noticiasradioreflejos.com.ar\/2021\/wp-json\/wp\/v2\/posts\/53740\/revisions"}],"wp:attachment":[{"href":"https:\/\/www.noticiasradioreflejos.com.ar\/2021\/wp-json\/wp\/v2\/media?parent=53740"}],"wp:term":[{"taxonomy":"category","embeddable":true,"href":"https:\/\/www.noticiasradioreflejos.com.ar\/2021\/wp-json\/wp\/v2\/categories?post=53740"},{"taxonomy":"post_tag","embeddable":true,"href":"https:\/\/www.noticiasradioreflejos.com.ar\/2021\/wp-json\/wp\/v2\/tags?post=53740"}],"curies":[{"name":"wp","href":"https:\/\/api.w.org\/{rel}","templated":true}]}}