{"id":53734,"date":"2021-03-11T17:10:40","date_gmt":"2021-03-11T20:10:40","guid":{"rendered":"http:\/\/www.noticiasradioreflejos.com.ar\/noticias\/?p=53734"},"modified":"2021-03-11T17:10:40","modified_gmt":"2021-03-11T20:10:40","slug":"es-una-comedia-muy-ironica-la-gente-se-identifica-mucho-rodolfo-ranni","status":"publish","type":"post","link":"https:\/\/www.noticiasradioreflejos.com.ar\/2021\/es-una-comedia-muy-ironica-la-gente-se-identifica-mucho-rodolfo-ranni\/","title":{"rendered":"\u00abEs una comedia muy ir\u00f3nica, la gente se identifica mucho\u00bb. Rodolfo Ranni"},"content":{"rendered":"<p>El Domingo 21 de Marzo se presentar\u00e1 \u00abDivino Divorcio\u00bb en el teatro Rodolfo Funke. Una comedia protagonizada por Rodolfo Ranni y Viviana Saccone. Esta ma\u00f1ana conversamos con Rodolfo, quien nos invita a ver la obra y nos comenta c\u00f3mo es hacer teatro en \u00e9pocas de pandemia. <!--more--><\/p>\n<p>\u00abEn el teatro uno nunca sabe, algunas veces uno piensa que esto va a ser un \u00e9xito y no pasa nada. Otras veces no pensas nada y se convierte en un \u00e9xito por distintas circunstancias. Esta vez decidimos llevarle el trabajo a la casa a la gente, y fue un \u00e9xito. Al teatro lo hace el p\u00fablico\u00bb expres\u00f3 Rodolfo al comenzar la nota, describiendo un poco lo que ser\u00e1 la obra el Domingo 21.<\/p>\n<p><a title=\"Ranni\" href=\"https:\/\/www.flickr.com\/photos\/182279889@N02\/51026797076\/in\/dateposted-public\/\" data-flickr-embed=\"true\"><img loading=\"lazy\" decoding=\"async\" src=\"https:\/\/live.staticflickr.com\/65535\/51026797076_4da12bc702_c.jpg\" alt=\"Ranni\" width=\"768\" height=\"432\" \/><\/a><script src=\"\/\/embedr.flickr.com\/assets\/client-code.js\" async=\"\" charset=\"utf-8\"><\/script><br \/>\n <em>La obra\u00a0tuvo con 5 nominaciones a premios, entre ellos 2 para Rodolfo como Mejor Actor y Premio a la Trayectoria.<\/em><\/p>\n<p>La obra cuenta la historia de una pareja de m\u00e1s de 25 a\u00f1os de casados que tienen una fantas\u00eda que es festejar el divorcio como si fuera el casamiento. \u00abEs una comedia muy ir\u00f3nica, la gente se identifica mucho. Si los logramos pasar un buen rato, misi\u00f3n cumplida\u00bb.<\/p>\n<p><a title=\"BZL6ZI7NKVG53K3VQAKFB3AQOE\" href=\"https:\/\/www.flickr.com\/photos\/182279889@N02\/51026796991\/in\/dateposted-public\/\" data-flickr-embed=\"true\"><img loading=\"lazy\" decoding=\"async\" src=\"https:\/\/live.staticflickr.com\/65535\/51026796991_ba103de66f_c.jpg\" alt=\"BZL6ZI7NKVG53K3VQAKFB3AQOE\" width=\"768\" height=\"432\" \/><\/a><script src=\"\/\/embedr.flickr.com\/assets\/client-code.js\" async=\"\" charset=\"utf-8\"><\/script><\/p>\n<p>\u00abEl p\u00fablico se cuida mucho. Verlos desde la platea con el barbijo puesto ri\u00e9ndose y gritando va a ser una imagen imborrable\u00bb expres\u00f3 Rodolfo para compartir lo que se siente trabajar en teatro en \u00e9pocas de pandemia.<\/p>\n<p>Nota completa a continuaci\u00f3n:<br \/>\n<iframe loading=\"lazy\" src=\"https:\/\/w.soundcloud.com\/player\/?url=https%3A\/\/api.soundcloud.com\/tracks\/1004746966&amp;color=%23ff5500&amp;auto_play=false&amp;hide_related=false&amp;show_comments=true&amp;show_user=true&amp;show_reposts=false&amp;show_teaser=true\" width=\"100%\" height=\"166\" frameborder=\"no\" scrolling=\"no\"><\/iframe><\/p>\n<div style=\"font-size: 10px; color: #cccccc; line-break: anywhere; word-break: normal; overflow: hidden; white-space: nowrap; text-overflow: ellipsis; font-family: Interstate,Lucida Grande,Lucida Sans Unicode,Lucida Sans,Garuda,Verdana,Tahoma,sans-serif; font-weight: 100;\"><a style=\"color: #cccccc; text-decoration: none;\" title=\"fmreflejos 103.7\" href=\"https:\/\/soundcloud.com\/fmreflejos-103-7\" target=\"_blank\" rel=\"noopener\">fmreflejos 103.7<\/a> \u00b7 <a style=\"color: #cccccc; text-decoration: none;\" title=\"Nota Rodolfo Ranni\" href=\"https:\/\/soundcloud.com\/fmreflejos-103-7\/nota-rodolfo-ranni\" target=\"_blank\" rel=\"noopener\">Nota Rodolfo Ranni<\/a><\/div>\n<p><a title=\"Divino Divorcio\" href=\"https:\/\/www.flickr.com\/photos\/182279889@N02\/51019629177\/in\/dateposted-public\/\" data-flickr-embed=\"true\"><img loading=\"lazy\" decoding=\"async\" src=\"https:\/\/live.staticflickr.com\/65535\/51019629177_ee46eda319_c.jpg\" alt=\"Divino Divorcio\" width=\"800\" height=\"628\" \/><\/a><script src=\"\/\/embedr.flickr.com\/assets\/client-code.js\" async=\"\" charset=\"utf-8\"><\/script><\/p>\n","protected":false},"excerpt":{"rendered":"<p>El Domingo 21 de Marzo se presentar\u00e1 \u00abDivino Divorcio\u00bb en el teatro Rodolfo Funke. Una comedia protagonizada por Rodolfo Ranni y Viviana Saccone. Esta ma\u00f1ana conversamos con Rodolfo, quien nos invita a ver la obra y nos comenta c\u00f3mo es hacer teatro en \u00e9pocas de pandemia.<\/p>\n","protected":false},"author":3,"featured_media":0,"comment_status":"closed","ping_status":"open","sticky":false,"template":"","format":"standard","meta":{"footnotes":""},"categories":[35],"tags":[],"class_list":["post-53734","post","type-post","status-publish","format-standard","hentry","category-cultura"],"yoast_head":"<!-- This site is optimized with the Yoast SEO plugin v25.9 - https:\/\/yoast.com\/wordpress\/plugins\/seo\/ -->\n<title>&quot;Es una comedia muy ir\u00f3nica, la gente se identifica mucho&quot;. Rodolfo Ranni - Noticias Radio Reflejos<\/title>\n<meta name=\"robots\" content=\"index, follow, max-snippet:-1, max-image-preview:large, max-video-preview:-1\" \/>\n<link rel=\"canonical\" href=\"https:\/\/www.noticiasradioreflejos.com.ar\/2021\/es-una-comedia-muy-ironica-la-gente-se-identifica-mucho-rodolfo-ranni\/\" \/>\n<meta property=\"og:locale\" content=\"es_ES\" \/>\n<meta property=\"og:type\" content=\"article\" \/>\n<meta property=\"og:title\" content=\"&quot;Es una comedia muy ir\u00f3nica, la gente se identifica mucho&quot;. Rodolfo Ranni - Noticias Radio Reflejos\" \/>\n<meta property=\"og:description\" content=\"El Domingo 21 de Marzo se presentar\u00e1 \u00abDivino Divorcio\u00bb en el teatro Rodolfo Funke. Una comedia protagonizada por Rodolfo Ranni y Viviana Saccone. Esta ma\u00f1ana conversamos con Rodolfo, quien nos invita a ver la obra y nos comenta c\u00f3mo es hacer teatro en \u00e9pocas de pandemia.\" \/>\n<meta property=\"og:url\" content=\"https:\/\/www.noticiasradioreflejos.com.ar\/2021\/es-una-comedia-muy-ironica-la-gente-se-identifica-mucho-rodolfo-ranni\/\" \/>\n<meta property=\"og:site_name\" content=\"Noticias Radio Reflejos\" \/>\n<meta property=\"article:published_time\" content=\"2021-03-11T20:10:40+00:00\" \/>\n<meta property=\"og:image\" content=\"https:\/\/live.staticflickr.com\/65535\/51026797076_4da12bc702_c.jpg\" \/>\n<meta name=\"author\" content=\"Arnaldo Botto\" \/>\n<meta name=\"twitter:card\" content=\"summary_large_image\" \/>\n<script type=\"application\/ld+json\" class=\"yoast-schema-graph\">{\"@context\":\"https:\/\/schema.org\",\"@graph\":[{\"@type\":\"WebPage\",\"@id\":\"https:\/\/www.noticiasradioreflejos.com.ar\/2021\/es-una-comedia-muy-ironica-la-gente-se-identifica-mucho-rodolfo-ranni\/\",\"url\":\"https:\/\/www.noticiasradioreflejos.com.ar\/2021\/es-una-comedia-muy-ironica-la-gente-se-identifica-mucho-rodolfo-ranni\/\",\"name\":\"\\\"Es una comedia muy ir\u00f3nica, la gente se identifica mucho\\\". Rodolfo Ranni - Noticias Radio Reflejos\",\"isPartOf\":{\"@id\":\"https:\/\/www.noticiasradioreflejos.com.ar\/2021\/#website\"},\"primaryImageOfPage\":{\"@id\":\"https:\/\/www.noticiasradioreflejos.com.ar\/2021\/es-una-comedia-muy-ironica-la-gente-se-identifica-mucho-rodolfo-ranni\/#primaryimage\"},\"image\":{\"@id\":\"https:\/\/www.noticiasradioreflejos.com.ar\/2021\/es-una-comedia-muy-ironica-la-gente-se-identifica-mucho-rodolfo-ranni\/#primaryimage\"},\"thumbnailUrl\":\"https:\/\/live.staticflickr.com\/65535\/51026797076_4da12bc702_c.jpg\",\"datePublished\":\"2021-03-11T20:10:40+00:00\",\"author\":{\"@id\":\"https:\/\/www.noticiasradioreflejos.com.ar\/2021\/#\/schema\/person\/ad82545263dcc5ec0996818884fd5fb1\"},\"breadcrumb\":{\"@id\":\"https:\/\/www.noticiasradioreflejos.com.ar\/2021\/es-una-comedia-muy-ironica-la-gente-se-identifica-mucho-rodolfo-ranni\/#breadcrumb\"},\"inLanguage\":\"es\",\"potentialAction\":[{\"@type\":\"ReadAction\",\"target\":[\"https:\/\/www.noticiasradioreflejos.com.ar\/2021\/es-una-comedia-muy-ironica-la-gente-se-identifica-mucho-rodolfo-ranni\/\"]}]},{\"@type\":\"ImageObject\",\"inLanguage\":\"es\",\"@id\":\"https:\/\/www.noticiasradioreflejos.com.ar\/2021\/es-una-comedia-muy-ironica-la-gente-se-identifica-mucho-rodolfo-ranni\/#primaryimage\",\"url\":\"https:\/\/live.staticflickr.com\/65535\/51026797076_4da12bc702_c.jpg\",\"contentUrl\":\"https:\/\/live.staticflickr.com\/65535\/51026797076_4da12bc702_c.jpg\"},{\"@type\":\"BreadcrumbList\",\"@id\":\"https:\/\/www.noticiasradioreflejos.com.ar\/2021\/es-una-comedia-muy-ironica-la-gente-se-identifica-mucho-rodolfo-ranni\/#breadcrumb\",\"itemListElement\":[{\"@type\":\"ListItem\",\"position\":1,\"name\":\"Portada\",\"item\":\"https:\/\/www.noticiasradioreflejos.com.ar\/2021\/\"},{\"@type\":\"ListItem\",\"position\":2,\"name\":\"\u00abEs una comedia muy ir\u00f3nica, la gente se identifica mucho\u00bb. Rodolfo Ranni\"}]},{\"@type\":\"WebSite\",\"@id\":\"https:\/\/www.noticiasradioreflejos.com.ar\/2021\/#website\",\"url\":\"https:\/\/www.noticiasradioreflejos.com.ar\/2021\/\",\"name\":\"Noticias Radio Reflejos\",\"description\":\"Las noticias de mi comarca\",\"potentialAction\":[{\"@type\":\"SearchAction\",\"target\":{\"@type\":\"EntryPoint\",\"urlTemplate\":\"https:\/\/www.noticiasradioreflejos.com.ar\/2021\/?s={search_term_string}\"},\"query-input\":{\"@type\":\"PropertyValueSpecification\",\"valueRequired\":true,\"valueName\":\"search_term_string\"}}],\"inLanguage\":\"es\"},{\"@type\":\"Person\",\"@id\":\"https:\/\/www.noticiasradioreflejos.com.ar\/2021\/#\/schema\/person\/ad82545263dcc5ec0996818884fd5fb1\",\"name\":\"Arnaldo Botto\",\"image\":{\"@type\":\"ImageObject\",\"inLanguage\":\"es\",\"@id\":\"https:\/\/www.noticiasradioreflejos.com.ar\/2021\/#\/schema\/person\/image\/\",\"url\":\"https:\/\/secure.gravatar.com\/avatar\/55cb5e37c1efa326397366e6974cb338056df65cb50e7d64d1cf314e87504837?s=96&d=mm&r=g\",\"contentUrl\":\"https:\/\/secure.gravatar.com\/avatar\/55cb5e37c1efa326397366e6974cb338056df65cb50e7d64d1cf314e87504837?s=96&d=mm&r=g\",\"caption\":\"Arnaldo Botto\"},\"url\":\"https:\/\/www.noticiasradioreflejos.com.ar\/2021\/author\/arnaldo\/\"}]}<\/script>\n<!-- \/ Yoast SEO plugin. -->","yoast_head_json":{"title":"\"Es una comedia muy ir\u00f3nica, la gente se identifica mucho\". Rodolfo Ranni - Noticias Radio Reflejos","robots":{"index":"index","follow":"follow","max-snippet":"max-snippet:-1","max-image-preview":"max-image-preview:large","max-video-preview":"max-video-preview:-1"},"canonical":"https:\/\/www.noticiasradioreflejos.com.ar\/2021\/es-una-comedia-muy-ironica-la-gente-se-identifica-mucho-rodolfo-ranni\/","og_locale":"es_ES","og_type":"article","og_title":"\"Es una comedia muy ir\u00f3nica, la gente se identifica mucho\". Rodolfo Ranni - Noticias Radio Reflejos","og_description":"El Domingo 21 de Marzo se presentar\u00e1 \u00abDivino Divorcio\u00bb en el teatro Rodolfo Funke. Una comedia protagonizada por Rodolfo Ranni y Viviana Saccone. Esta ma\u00f1ana conversamos con Rodolfo, quien nos invita a ver la obra y nos comenta c\u00f3mo es hacer teatro en \u00e9pocas de pandemia.","og_url":"https:\/\/www.noticiasradioreflejos.com.ar\/2021\/es-una-comedia-muy-ironica-la-gente-se-identifica-mucho-rodolfo-ranni\/","og_site_name":"Noticias Radio Reflejos","article_published_time":"2021-03-11T20:10:40+00:00","og_image":[{"url":"https:\/\/live.staticflickr.com\/65535\/51026797076_4da12bc702_c.jpg","type":"","width":"","height":""}],"author":"Arnaldo Botto","twitter_card":"summary_large_image","schema":{"@context":"https:\/\/schema.org","@graph":[{"@type":"WebPage","@id":"https:\/\/www.noticiasradioreflejos.com.ar\/2021\/es-una-comedia-muy-ironica-la-gente-se-identifica-mucho-rodolfo-ranni\/","url":"https:\/\/www.noticiasradioreflejos.com.ar\/2021\/es-una-comedia-muy-ironica-la-gente-se-identifica-mucho-rodolfo-ranni\/","name":"\"Es una comedia muy ir\u00f3nica, la gente se identifica mucho\". Rodolfo Ranni - Noticias Radio Reflejos","isPartOf":{"@id":"https:\/\/www.noticiasradioreflejos.com.ar\/2021\/#website"},"primaryImageOfPage":{"@id":"https:\/\/www.noticiasradioreflejos.com.ar\/2021\/es-una-comedia-muy-ironica-la-gente-se-identifica-mucho-rodolfo-ranni\/#primaryimage"},"image":{"@id":"https:\/\/www.noticiasradioreflejos.com.ar\/2021\/es-una-comedia-muy-ironica-la-gente-se-identifica-mucho-rodolfo-ranni\/#primaryimage"},"thumbnailUrl":"https:\/\/live.staticflickr.com\/65535\/51026797076_4da12bc702_c.jpg","datePublished":"2021-03-11T20:10:40+00:00","author":{"@id":"https:\/\/www.noticiasradioreflejos.com.ar\/2021\/#\/schema\/person\/ad82545263dcc5ec0996818884fd5fb1"},"breadcrumb":{"@id":"https:\/\/www.noticiasradioreflejos.com.ar\/2021\/es-una-comedia-muy-ironica-la-gente-se-identifica-mucho-rodolfo-ranni\/#breadcrumb"},"inLanguage":"es","potentialAction":[{"@type":"ReadAction","target":["https:\/\/www.noticiasradioreflejos.com.ar\/2021\/es-una-comedia-muy-ironica-la-gente-se-identifica-mucho-rodolfo-ranni\/"]}]},{"@type":"ImageObject","inLanguage":"es","@id":"https:\/\/www.noticiasradioreflejos.com.ar\/2021\/es-una-comedia-muy-ironica-la-gente-se-identifica-mucho-rodolfo-ranni\/#primaryimage","url":"https:\/\/live.staticflickr.com\/65535\/51026797076_4da12bc702_c.jpg","contentUrl":"https:\/\/live.staticflickr.com\/65535\/51026797076_4da12bc702_c.jpg"},{"@type":"BreadcrumbList","@id":"https:\/\/www.noticiasradioreflejos.com.ar\/2021\/es-una-comedia-muy-ironica-la-gente-se-identifica-mucho-rodolfo-ranni\/#breadcrumb","itemListElement":[{"@type":"ListItem","position":1,"name":"Portada","item":"https:\/\/www.noticiasradioreflejos.com.ar\/2021\/"},{"@type":"ListItem","position":2,"name":"\u00abEs una comedia muy ir\u00f3nica, la gente se identifica mucho\u00bb. Rodolfo Ranni"}]},{"@type":"WebSite","@id":"https:\/\/www.noticiasradioreflejos.com.ar\/2021\/#website","url":"https:\/\/www.noticiasradioreflejos.com.ar\/2021\/","name":"Noticias Radio Reflejos","description":"Las noticias de mi comarca","potentialAction":[{"@type":"SearchAction","target":{"@type":"EntryPoint","urlTemplate":"https:\/\/www.noticiasradioreflejos.com.ar\/2021\/?s={search_term_string}"},"query-input":{"@type":"PropertyValueSpecification","valueRequired":true,"valueName":"search_term_string"}}],"inLanguage":"es"},{"@type":"Person","@id":"https:\/\/www.noticiasradioreflejos.com.ar\/2021\/#\/schema\/person\/ad82545263dcc5ec0996818884fd5fb1","name":"Arnaldo Botto","image":{"@type":"ImageObject","inLanguage":"es","@id":"https:\/\/www.noticiasradioreflejos.com.ar\/2021\/#\/schema\/person\/image\/","url":"https:\/\/secure.gravatar.com\/avatar\/55cb5e37c1efa326397366e6974cb338056df65cb50e7d64d1cf314e87504837?s=96&d=mm&r=g","contentUrl":"https:\/\/secure.gravatar.com\/avatar\/55cb5e37c1efa326397366e6974cb338056df65cb50e7d64d1cf314e87504837?s=96&d=mm&r=g","caption":"Arnaldo Botto"},"url":"https:\/\/www.noticiasradioreflejos.com.ar\/2021\/author\/arnaldo\/"}]}},"_links":{"self":[{"href":"https:\/\/www.noticiasradioreflejos.com.ar\/2021\/wp-json\/wp\/v2\/posts\/53734","targetHints":{"allow":["GET"]}}],"collection":[{"href":"https:\/\/www.noticiasradioreflejos.com.ar\/2021\/wp-json\/wp\/v2\/posts"}],"about":[{"href":"https:\/\/www.noticiasradioreflejos.com.ar\/2021\/wp-json\/wp\/v2\/types\/post"}],"author":[{"embeddable":true,"href":"https:\/\/www.noticiasradioreflejos.com.ar\/2021\/wp-json\/wp\/v2\/users\/3"}],"replies":[{"embeddable":true,"href":"https:\/\/www.noticiasradioreflejos.com.ar\/2021\/wp-json\/wp\/v2\/comments?post=53734"}],"version-history":[{"count":0,"href":"https:\/\/www.noticiasradioreflejos.com.ar\/2021\/wp-json\/wp\/v2\/posts\/53734\/revisions"}],"wp:attachment":[{"href":"https:\/\/www.noticiasradioreflejos.com.ar\/2021\/wp-json\/wp\/v2\/media?parent=53734"}],"wp:term":[{"taxonomy":"category","embeddable":true,"href":"https:\/\/www.noticiasradioreflejos.com.ar\/2021\/wp-json\/wp\/v2\/categories?post=53734"},{"taxonomy":"post_tag","embeddable":true,"href":"https:\/\/www.noticiasradioreflejos.com.ar\/2021\/wp-json\/wp\/v2\/tags?post=53734"}],"curies":[{"name":"wp","href":"https:\/\/api.w.org\/{rel}","templated":true}]}}