{"id":53708,"date":"2021-03-11T11:35:48","date_gmt":"2021-03-11T14:35:48","guid":{"rendered":"http:\/\/www.noticiasradioreflejos.com.ar\/noticias\/?p=53708"},"modified":"2021-03-11T11:35:48","modified_gmt":"2021-03-11T14:35:48","slug":"curso-taller-de-gestion-cultural","status":"publish","type":"post","link":"https:\/\/www.noticiasradioreflejos.com.ar\/2021\/curso-taller-de-gestion-cultural\/","title":{"rendered":"Curso taller de Gesti\u00f3n Cultural"},"content":{"rendered":"<div id=\"comp-km3rp7av4\" class=\"_1Z_nJ\" data-testid=\"richTextElement\">\n<p class=\"font_4\">De Modalidad virtual.\u00a0En un cuatrimestre obtendr\u00e1s los conocimientos y\u00a0las herramientas para desarrollar e impulsar tu proyecto art\u00edstico o cultural.<\/p>\n<\/div>\n<p><!--more--><\/p>\n<div id=\"comp-km3sxfq91\" class=\"_1Z_nJ\" data-testid=\"richTextElement\">\n<h2 class=\"font_6\"><span class=\"color_15\">Objetivos del curso-taller<\/span><\/h2>\n<\/div>\n<div id=\"comp-km3sxfq92\" class=\"_1Z_nJ\" data-testid=\"richTextElement\">\n<p class=\"font_8\"><span class=\"color_15\">Nuestro dise\u00f1o curricular se orienta a:<\/span><\/p>\n<\/div>\n<div id=\"comp-km3sxfq93\" class=\"_1Z_nJ\" data-testid=\"richTextElement\">\n<ul class=\"font_9 color_15\">\n<li>\n<p class=\"font_9\"><span class=\"color_15\">Brindar a los participantes herramientas te\u00f3ricas y pr\u00e1cticas que les permitan desarrollar su labor en el \u00e1mbito de la gesti\u00f3n cultural, con una mirada cr\u00edtica sobre la producci\u00f3n cultural local, regional e internacional.<\/span><\/p>\n<\/li>\n<li>\n<p class=\"font_9\"><span class=\"color_15\">Fomentar h\u00e1bitos de reflexi\u00f3n, investigaci\u00f3n y an\u00e1lisis de la realidad cultural como la base sustentadora de la innovaci\u00f3n y capacitaci\u00f3n permanente que demanda el trabajo en gesti\u00f3n cultural.<\/span><\/p>\n<\/li>\n<li>\n<p class=\"font_9\"><span class=\"color_15\">Articular redes de conocimiento que fomenten la pr\u00e1ctica profesional entre los estudiantes, a trav\u00e9s de debates, actividades de an\u00e1lisis y simulaci\u00f3n de casos de gesti\u00f3n cultural en la actualidad.<\/span><\/p>\n<\/li>\n<li>\n<p class=\"font_9\"><span class=\"color_15\">Fortalecer las capacidades profesionales de quienes desarrollen, y deseen desarrollar, proyectos y actividades vinculados a la gesti\u00f3n de las artes y la cultura en el \u00e1mbito p\u00fablico, privado, tercer sector o independiente.<\/span><\/p>\n<\/li>\n<li>\n<p class=\"font_9\"><span class=\"color_15\">Contribuir a la profesionalizaci\u00f3n de quienes participan en el desarrollo, gesti\u00f3n y administraci\u00f3n de pol\u00edticas y proyectos culturales.<\/span><\/p>\n<\/li>\n<li><a href=\"https:\/\/cursotallergc.wixsite.com\/websitecursotallergc?utm_campaign=1efa2c3d-9a26-42fd-a068-c366fa0008d4&amp;utm_source=so&amp;utm_medium=mail&amp;cid=97d221c6-8563-44b8-b4db-c4213a13bd94\"><span style=\"color: #000080;\"><strong>INFORMACI\u00d3 E INSCRPICI\u00d3N<\/strong><\/span><\/a><\/li>\n<\/ul>\n<\/div>\n","protected":false},"excerpt":{"rendered":"<p>De Modalidad virtual.\u00a0En un cuatrimestre obtendr\u00e1s los conocimientos y\u00a0las herramientas para desarrollar e impulsar tu proyecto art\u00edstico o cultural.<\/p>\n","protected":false},"author":3,"featured_media":0,"comment_status":"closed","ping_status":"open","sticky":false,"template":"","format":"standard","meta":{"footnotes":""},"categories":[35],"tags":[],"class_list":["post-53708","post","type-post","status-publish","format-standard","hentry","category-cultura"],"yoast_head":"<!-- This site is optimized with the Yoast SEO plugin v25.9 - https:\/\/yoast.com\/wordpress\/plugins\/seo\/ -->\n<title>Curso taller de Gesti\u00f3n Cultural - Noticias Radio Reflejos<\/title>\n<meta name=\"robots\" content=\"index, follow, max-snippet:-1, max-image-preview:large, max-video-preview:-1\" \/>\n<link rel=\"canonical\" href=\"https:\/\/www.noticiasradioreflejos.com.ar\/2021\/curso-taller-de-gestion-cultural\/\" \/>\n<meta property=\"og:locale\" content=\"es_ES\" \/>\n<meta property=\"og:type\" content=\"article\" \/>\n<meta property=\"og:title\" content=\"Curso taller de Gesti\u00f3n Cultural - Noticias Radio Reflejos\" \/>\n<meta property=\"og:description\" content=\"De Modalidad virtual.\u00a0En un cuatrimestre obtendr\u00e1s los conocimientos y\u00a0las herramientas para desarrollar e impulsar tu proyecto art\u00edstico o cultural.\" \/>\n<meta property=\"og:url\" content=\"https:\/\/www.noticiasradioreflejos.com.ar\/2021\/curso-taller-de-gestion-cultural\/\" \/>\n<meta property=\"og:site_name\" content=\"Noticias Radio Reflejos\" \/>\n<meta property=\"article:published_time\" content=\"2021-03-11T14:35:48+00:00\" \/>\n<meta property=\"og:image\" content=\"https:\/\/www.noticiasradioreflejos.com.ar\/2021\/wp-content\/uploads\/2021\/07\/logosol300x200.png\" \/>\n\t<meta property=\"og:image:width\" content=\"300\" \/>\n\t<meta property=\"og:image:height\" content=\"200\" \/>\n\t<meta property=\"og:image:type\" content=\"image\/png\" \/>\n<meta name=\"author\" content=\"Arnaldo Botto\" \/>\n<meta name=\"twitter:card\" content=\"summary_large_image\" \/>\n<script type=\"application\/ld+json\" class=\"yoast-schema-graph\">{\"@context\":\"https:\/\/schema.org\",\"@graph\":[{\"@type\":\"WebPage\",\"@id\":\"https:\/\/www.noticiasradioreflejos.com.ar\/2021\/curso-taller-de-gestion-cultural\/\",\"url\":\"https:\/\/www.noticiasradioreflejos.com.ar\/2021\/curso-taller-de-gestion-cultural\/\",\"name\":\"Curso taller de Gesti\u00f3n Cultural - Noticias Radio Reflejos\",\"isPartOf\":{\"@id\":\"https:\/\/www.noticiasradioreflejos.com.ar\/2021\/#website\"},\"datePublished\":\"2021-03-11T14:35:48+00:00\",\"author\":{\"@id\":\"https:\/\/www.noticiasradioreflejos.com.ar\/2021\/#\/schema\/person\/ad82545263dcc5ec0996818884fd5fb1\"},\"breadcrumb\":{\"@id\":\"https:\/\/www.noticiasradioreflejos.com.ar\/2021\/curso-taller-de-gestion-cultural\/#breadcrumb\"},\"inLanguage\":\"es\",\"potentialAction\":[{\"@type\":\"ReadAction\",\"target\":[\"https:\/\/www.noticiasradioreflejos.com.ar\/2021\/curso-taller-de-gestion-cultural\/\"]}]},{\"@type\":\"BreadcrumbList\",\"@id\":\"https:\/\/www.noticiasradioreflejos.com.ar\/2021\/curso-taller-de-gestion-cultural\/#breadcrumb\",\"itemListElement\":[{\"@type\":\"ListItem\",\"position\":1,\"name\":\"Portada\",\"item\":\"https:\/\/www.noticiasradioreflejos.com.ar\/2021\/\"},{\"@type\":\"ListItem\",\"position\":2,\"name\":\"Curso taller de Gesti\u00f3n Cultural\"}]},{\"@type\":\"WebSite\",\"@id\":\"https:\/\/www.noticiasradioreflejos.com.ar\/2021\/#website\",\"url\":\"https:\/\/www.noticiasradioreflejos.com.ar\/2021\/\",\"name\":\"Noticias Radio Reflejos\",\"description\":\"Las noticias de mi comarca\",\"potentialAction\":[{\"@type\":\"SearchAction\",\"target\":{\"@type\":\"EntryPoint\",\"urlTemplate\":\"https:\/\/www.noticiasradioreflejos.com.ar\/2021\/?s={search_term_string}\"},\"query-input\":{\"@type\":\"PropertyValueSpecification\",\"valueRequired\":true,\"valueName\":\"search_term_string\"}}],\"inLanguage\":\"es\"},{\"@type\":\"Person\",\"@id\":\"https:\/\/www.noticiasradioreflejos.com.ar\/2021\/#\/schema\/person\/ad82545263dcc5ec0996818884fd5fb1\",\"name\":\"Arnaldo Botto\",\"image\":{\"@type\":\"ImageObject\",\"inLanguage\":\"es\",\"@id\":\"https:\/\/www.noticiasradioreflejos.com.ar\/2021\/#\/schema\/person\/image\/\",\"url\":\"https:\/\/secure.gravatar.com\/avatar\/55cb5e37c1efa326397366e6974cb338056df65cb50e7d64d1cf314e87504837?s=96&d=mm&r=g\",\"contentUrl\":\"https:\/\/secure.gravatar.com\/avatar\/55cb5e37c1efa326397366e6974cb338056df65cb50e7d64d1cf314e87504837?s=96&d=mm&r=g\",\"caption\":\"Arnaldo Botto\"},\"url\":\"https:\/\/www.noticiasradioreflejos.com.ar\/2021\/author\/arnaldo\/\"}]}<\/script>\n<!-- \/ Yoast SEO plugin. -->","yoast_head_json":{"title":"Curso taller de Gesti\u00f3n Cultural - Noticias Radio Reflejos","robots":{"index":"index","follow":"follow","max-snippet":"max-snippet:-1","max-image-preview":"max-image-preview:large","max-video-preview":"max-video-preview:-1"},"canonical":"https:\/\/www.noticiasradioreflejos.com.ar\/2021\/curso-taller-de-gestion-cultural\/","og_locale":"es_ES","og_type":"article","og_title":"Curso taller de Gesti\u00f3n Cultural - Noticias Radio Reflejos","og_description":"De Modalidad virtual.\u00a0En un cuatrimestre obtendr\u00e1s los conocimientos y\u00a0las herramientas para desarrollar e impulsar tu proyecto art\u00edstico o cultural.","og_url":"https:\/\/www.noticiasradioreflejos.com.ar\/2021\/curso-taller-de-gestion-cultural\/","og_site_name":"Noticias Radio Reflejos","article_published_time":"2021-03-11T14:35:48+00:00","og_image":[{"width":300,"height":200,"url":"https:\/\/www.noticiasradioreflejos.com.ar\/2021\/wp-content\/uploads\/2021\/07\/logosol300x200.png","type":"image\/png"}],"author":"Arnaldo Botto","twitter_card":"summary_large_image","schema":{"@context":"https:\/\/schema.org","@graph":[{"@type":"WebPage","@id":"https:\/\/www.noticiasradioreflejos.com.ar\/2021\/curso-taller-de-gestion-cultural\/","url":"https:\/\/www.noticiasradioreflejos.com.ar\/2021\/curso-taller-de-gestion-cultural\/","name":"Curso taller de Gesti\u00f3n Cultural - Noticias Radio Reflejos","isPartOf":{"@id":"https:\/\/www.noticiasradioreflejos.com.ar\/2021\/#website"},"datePublished":"2021-03-11T14:35:48+00:00","author":{"@id":"https:\/\/www.noticiasradioreflejos.com.ar\/2021\/#\/schema\/person\/ad82545263dcc5ec0996818884fd5fb1"},"breadcrumb":{"@id":"https:\/\/www.noticiasradioreflejos.com.ar\/2021\/curso-taller-de-gestion-cultural\/#breadcrumb"},"inLanguage":"es","potentialAction":[{"@type":"ReadAction","target":["https:\/\/www.noticiasradioreflejos.com.ar\/2021\/curso-taller-de-gestion-cultural\/"]}]},{"@type":"BreadcrumbList","@id":"https:\/\/www.noticiasradioreflejos.com.ar\/2021\/curso-taller-de-gestion-cultural\/#breadcrumb","itemListElement":[{"@type":"ListItem","position":1,"name":"Portada","item":"https:\/\/www.noticiasradioreflejos.com.ar\/2021\/"},{"@type":"ListItem","position":2,"name":"Curso taller de Gesti\u00f3n Cultural"}]},{"@type":"WebSite","@id":"https:\/\/www.noticiasradioreflejos.com.ar\/2021\/#website","url":"https:\/\/www.noticiasradioreflejos.com.ar\/2021\/","name":"Noticias Radio Reflejos","description":"Las noticias de mi comarca","potentialAction":[{"@type":"SearchAction","target":{"@type":"EntryPoint","urlTemplate":"https:\/\/www.noticiasradioreflejos.com.ar\/2021\/?s={search_term_string}"},"query-input":{"@type":"PropertyValueSpecification","valueRequired":true,"valueName":"search_term_string"}}],"inLanguage":"es"},{"@type":"Person","@id":"https:\/\/www.noticiasradioreflejos.com.ar\/2021\/#\/schema\/person\/ad82545263dcc5ec0996818884fd5fb1","name":"Arnaldo Botto","image":{"@type":"ImageObject","inLanguage":"es","@id":"https:\/\/www.noticiasradioreflejos.com.ar\/2021\/#\/schema\/person\/image\/","url":"https:\/\/secure.gravatar.com\/avatar\/55cb5e37c1efa326397366e6974cb338056df65cb50e7d64d1cf314e87504837?s=96&d=mm&r=g","contentUrl":"https:\/\/secure.gravatar.com\/avatar\/55cb5e37c1efa326397366e6974cb338056df65cb50e7d64d1cf314e87504837?s=96&d=mm&r=g","caption":"Arnaldo Botto"},"url":"https:\/\/www.noticiasradioreflejos.com.ar\/2021\/author\/arnaldo\/"}]}},"_links":{"self":[{"href":"https:\/\/www.noticiasradioreflejos.com.ar\/2021\/wp-json\/wp\/v2\/posts\/53708","targetHints":{"allow":["GET"]}}],"collection":[{"href":"https:\/\/www.noticiasradioreflejos.com.ar\/2021\/wp-json\/wp\/v2\/posts"}],"about":[{"href":"https:\/\/www.noticiasradioreflejos.com.ar\/2021\/wp-json\/wp\/v2\/types\/post"}],"author":[{"embeddable":true,"href":"https:\/\/www.noticiasradioreflejos.com.ar\/2021\/wp-json\/wp\/v2\/users\/3"}],"replies":[{"embeddable":true,"href":"https:\/\/www.noticiasradioreflejos.com.ar\/2021\/wp-json\/wp\/v2\/comments?post=53708"}],"version-history":[{"count":0,"href":"https:\/\/www.noticiasradioreflejos.com.ar\/2021\/wp-json\/wp\/v2\/posts\/53708\/revisions"}],"wp:attachment":[{"href":"https:\/\/www.noticiasradioreflejos.com.ar\/2021\/wp-json\/wp\/v2\/media?parent=53708"}],"wp:term":[{"taxonomy":"category","embeddable":true,"href":"https:\/\/www.noticiasradioreflejos.com.ar\/2021\/wp-json\/wp\/v2\/categories?post=53708"},{"taxonomy":"post_tag","embeddable":true,"href":"https:\/\/www.noticiasradioreflejos.com.ar\/2021\/wp-json\/wp\/v2\/tags?post=53708"}],"curies":[{"name":"wp","href":"https:\/\/api.w.org\/{rel}","templated":true}]}}