{"id":53688,"date":"2021-03-11T08:05:38","date_gmt":"2021-03-11T11:05:38","guid":{"rendered":"http:\/\/www.noticiasradioreflejos.com.ar\/noticias\/?p=53688"},"modified":"2021-03-11T08:05:38","modified_gmt":"2021-03-11T11:05:38","slug":"incendios-en-chubut-hay-al-menos-15-personas-desaparecidas-y-declararon-el-estado-de-desastre-igneo-en-la-comarca-andina","status":"publish","type":"post","link":"https:\/\/www.noticiasradioreflejos.com.ar\/2021\/incendios-en-chubut-hay-al-menos-15-personas-desaparecidas-y-declararon-el-estado-de-desastre-igneo-en-la-comarca-andina\/","title":{"rendered":"Incendios en Chubut: hay al menos 15 personas desaparecidas y declararon el \u201cestado de desastre \u00edgneo\u201d en la Comarca Andina"},"content":{"rendered":"<p>El fuego arras\u00f3 con m\u00e1s de dos mil hect\u00e1reas, m\u00e1s de cien casas y veh\u00edculos. Hay una mujer herida de gravedad. El ministro de Ambiente, Juan Cabandi\u00e9, lleg\u00f3 anoche al lugar<!--more--><\/p>\n<div class=\"nd_buttons_container width_full display_flex\"><\/div>\n<article class=\"article | col widescreen-8 desktop-8 tablet-12 width_full\">\n<div class=\"nd-body-article\">\n<div class=\"visual__image image_container\"><img loading=\"lazy\" decoding=\"async\" src=\"https:\/\/www.infobae.com\/new-resizer\/XpMY_p7V3rXA_mxlA2agMq0Vwhw=\/420x280\/filters:format(jpg):quality(85)\/cloudfront-us-east-1.images.arcpublishing.com\/infobae\/7Q6NNFYYLX65VOCTZS4IBUP63I.jpg\" sizes=\"auto, (min-width: 800px) 50vw, 90vw\" srcset=\"https:\/\/www.infobae.com\/new-resizer\/XpMY_p7V3rXA_mxlA2agMq0Vwhw=\/420x280\/filters:format(jpg):quality(85)\/cloudfront-us-east-1.images.arcpublishing.com\/infobae\/7Q6NNFYYLX65VOCTZS4IBUP63I.jpg 420w,https:\/\/www.infobae.com\/new-resizer\/DZamij5EsppiOlAa--AiMPKbgw0=\/768x512\/filters:format(jpg):quality(85)\/cloudfront-us-east-1.images.arcpublishing.com\/infobae\/7Q6NNFYYLX65VOCTZS4IBUP63I.jpg 768w,https:\/\/www.infobae.com\/new-resizer\/Xw7yzHGqShZl30EJ5QFpCeOJlJc=\/992x661\/filters:format(jpg):quality(85)\/cloudfront-us-east-1.images.arcpublishing.com\/infobae\/7Q6NNFYYLX65VOCTZS4IBUP63I.jpg 992w,https:\/\/www.infobae.com\/new-resizer\/8XaQj4r6bMCO70jOKyuE59zNgBU=\/1200x800\/filters:format(jpg):quality(85)\/cloudfront-us-east-1.images.arcpublishing.com\/infobae\/7Q6NNFYYLX65VOCTZS4IBUP63I.jpg 1200w\" alt=\"Los focos m\u00e1s importantes fueron controlados, pero este jueves continuar\u00e1n los trabajos para mitigar el fuego (REUTERS)\" width=\"5472\" height=\"3648\" \/>Los focos m\u00e1s importantes fueron controlados, pero este jueves continuar\u00e1n los trabajos para mitigar el fuego (REUTERS)<\/div>\n<p class=\"paragraph\">La situaci\u00f3n en\u00a0<b>Chubut\u00a0<\/b>es de un dramatismo inimaginable.\u00a0<mark class=\"hl_yellow\">El fuego arras\u00f3 con miles de hect\u00e1reas de bosque patag\u00f3nico, se cobr\u00f3 la vida de animales, destruy\u00f3 autos y casas, hiri\u00f3 personas y, a muchas otras que se encuentran evacuadas, el incendio las dej\u00f3 sin nada. Hay al menos 15 desaparecidos y m\u00e1s de 100 viviendas afectadas.<\/mark><\/p>\n<p class=\"paragraph\">La lluvia que cay\u00f3 en la zona ayer por la madrugada apacigu\u00f3 las llamas, pero a\u00fan hay focos que se mantienen activos en los que se encuentran trabajando brigadistas, bomberos y personal de defensa civil.\u00a0<b>\u201cEs un incendio activo, con un comportamiento muy bajo\u201d<\/b>, explic\u00f3 el director provincial de Defensa Civil del Gobierno de Chubut,\u00a0<b>Jos\u00e9 Mazze<\/b>, quien en declaraciones a<i>\u00a0R\u00edo Negro<\/i>, indic\u00f3 que los incendios en<b>\u00a0Lago Puelo<\/b>\u00a0y\u00a0<b>El Hoyo<\/b>\u00a0se encontraban \u201ccon poca actividad\u201d.<\/p>\n<p class=\"paragraph\">Los brigadistas\u00a0<b>continuar\u00e1n trabajando este jueves en esa zona de la Comarca Andica Paralelo 42\u00a0<\/b>para evitar -si mejoran las condiciones clim\u00e1ticas- que el fuego se reactive a niveles de extrema peligrosidad como los ocurridos esta semana.<\/p>\n<div class=\"visual__image image_container\"><img loading=\"lazy\" decoding=\"async\" src=\"https:\/\/www.infobae.com\/new-resizer\/gvR_-q9u9tZAcwU0Bzw1PHLOnXU=\/420x236\/filters:format(jpg):quality(85)\/cloudfront-us-east-1.images.arcpublishing.com\/infobae\/KZ6UXNP73VH2PC2A6OOWONRYW4.jpg\" sizes=\"auto, (min-width: 800px) 50vw, 90vw\" srcset=\"https:\/\/www.infobae.com\/new-resizer\/gvR_-q9u9tZAcwU0Bzw1PHLOnXU=\/420x236\/filters:format(jpg):quality(85)\/cloudfront-us-east-1.images.arcpublishing.com\/infobae\/KZ6UXNP73VH2PC2A6OOWONRYW4.jpg 420w,https:\/\/www.infobae.com\/new-resizer\/rdqCRO637wQVxwiRi911Z3t77zQ=\/768x432\/filters:format(jpg):quality(85)\/cloudfront-us-east-1.images.arcpublishing.com\/infobae\/KZ6UXNP73VH2PC2A6OOWONRYW4.jpg 768w,https:\/\/www.infobae.com\/new-resizer\/C8l7oIqSXdrQVKuONHK-Nu7Lucw=\/992x558\/filters:format(jpg):quality(85)\/cloudfront-us-east-1.images.arcpublishing.com\/infobae\/KZ6UXNP73VH2PC2A6OOWONRYW4.jpg 992w,https:\/\/www.infobae.com\/new-resizer\/i9kid6bG9I0zIyERjPcGKtb57wI=\/1200x675\/filters:format(jpg):quality(85)\/cloudfront-us-east-1.images.arcpublishing.com\/infobae\/KZ6UXNP73VH2PC2A6OOWONRYW4.jpg 1200w\" alt=\"El incendio forestal en la zona de El Hoyo y Golondrinas en cercanias de El Bolson consumi\u00f3 decenas de viviendas (Foto: Marcelo Martinez - R\u00edo Negro)\" width=\"920\" height=\"517\" \/>El incendio forestal en la zona de El Hoyo y Golondrinas en cercanias de El Bolson consumi\u00f3 decenas de viviendas (Foto: Marcelo Martinez &#8211; R\u00edo Negro)<\/div>\n<p class=\"paragraph\">Puntualmente en Lago Puelo, el director de Defensa Civil municipal,\u00a0<b>Juli\u00e1n Cayun<\/b>, inform\u00f3 ayer a \u00faltima hora que el incendio interfase \u201curbano forestal, que mezcla el bosque con las viviendas,\u00a0<mark class=\"hl_yellow\">se encuentra contenido y en procedimiento de extinci\u00f3n\u201d.<\/mark>\u00a0\u201cLa lluvia ayud\u00f3 mucho\u201d, agreg\u00f3, y precis\u00f3 que el objetivo para hoy es \u201ctratar de extinguir los focos dentro del \u00e1rea quemada\u201d.<\/p>\n<p><iframe loading=\"lazy\" src=\"https:\/\/www.youtube.com\/embed\/lo-H_TxFf6U\" width=\"560\" height=\"315\" frameborder=\"0\" allowfullscreen=\"allowfullscreen\"><\/iframe><\/p>\n<div class=\"nd-body-article\">\n<p class=\"paragraph\">\u201cHay que trabajar bien sobre la periferia para poder controlar que no se escapen de ah\u00ed y que no tengamos alg\u00fan otro incidente\u201d, expres\u00f3 Cayun, quien advirti\u00f3 que si si hoy levantan las temperaturas \u201chabr\u00e1 presencia de viento\u201d. En la zona no hay servicio de electricidad, ni de agua potable, justamente por las bombas se paralizaron por la falta de energ\u00eda.<\/p>\n<div class=\"visual__image image_container\"><img loading=\"lazy\" decoding=\"async\" src=\"https:\/\/www.infobae.com\/new-resizer\/WMoGMgPzQPZuTEHVHyE_7RHBuoo=\/420x236\/filters:format(jpg):quality(85)\/cloudfront-us-east-1.images.arcpublishing.com\/infobae\/FR2CYRDHOFHRVKKELRNS77FYFA.jpg\" sizes=\"auto, (min-width: 800px) 50vw, 90vw\" srcset=\"https:\/\/www.infobae.com\/new-resizer\/WMoGMgPzQPZuTEHVHyE_7RHBuoo=\/420x236\/filters:format(jpg):quality(85)\/cloudfront-us-east-1.images.arcpublishing.com\/infobae\/FR2CYRDHOFHRVKKELRNS77FYFA.jpg 420w,https:\/\/www.infobae.com\/new-resizer\/nicGr37mdG5hKUw7XsZPTU96FnI=\/768x432\/filters:format(jpg):quality(85)\/cloudfront-us-east-1.images.arcpublishing.com\/infobae\/FR2CYRDHOFHRVKKELRNS77FYFA.jpg 768w,https:\/\/www.infobae.com\/new-resizer\/4QwYxi5M86ymBxztJyPnjAlA8mY=\/992x558\/filters:format(jpg):quality(85)\/cloudfront-us-east-1.images.arcpublishing.com\/infobae\/FR2CYRDHOFHRVKKELRNS77FYFA.jpg 992w,https:\/\/www.infobae.com\/new-resizer\/A_GB8wIAY0TaQbVGZEKz4A3pOa8=\/1200x675\/filters:format(jpg):quality(85)\/cloudfront-us-east-1.images.arcpublishing.com\/infobae\/FR2CYRDHOFHRVKKELRNS77FYFA.jpg 1200w\" alt=\"(Cr\u00e9dito: R\u00edo Negro)\" width=\"920\" height=\"517\" \/>(Cr\u00e9dito: R\u00edo Negro)<\/div>\n<p class=\"paragraph\">A \u00faltima hora de este mi\u00e9rcoles, la Federaci\u00f3n Chubutense de Bomberos Voluntarios inform\u00f3 que el fuego en El Hoyo\u00a0<b>\u201cest\u00e1 extinguido\u201d<\/b>, por lo que \u201cse repliega personal\u201d. Sin embargo, se mantendr\u00e1 una dotaci\u00f3n atenta a cualquier imprevisto.<\/p>\n<div class=\"visual__image image_container\"><img loading=\"lazy\" decoding=\"async\" src=\"https:\/\/www.infobae.com\/new-resizer\/iR9VWabOggSRAaOq-h2SSiTIyyU=\/420x280\/filters:format(jpg):quality(85)\/cloudfront-us-east-1.images.arcpublishing.com\/infobae\/37XTOVQ24PGSIKE46NV7X6C2J4.jpg\" sizes=\"auto, (min-width: 800px) 50vw, 90vw\" srcset=\"https:\/\/www.infobae.com\/new-resizer\/iR9VWabOggSRAaOq-h2SSiTIyyU=\/420x280\/filters:format(jpg):quality(85)\/cloudfront-us-east-1.images.arcpublishing.com\/infobae\/37XTOVQ24PGSIKE46NV7X6C2J4.jpg 420w,https:\/\/www.infobae.com\/new-resizer\/zV1-fR8MUz7bspGBsJX4_WevP6I=\/768x512\/filters:format(jpg):quality(85)\/cloudfront-us-east-1.images.arcpublishing.com\/infobae\/37XTOVQ24PGSIKE46NV7X6C2J4.jpg 768w,https:\/\/www.infobae.com\/new-resizer\/_80z4OoHptVG0plECFZWLaasPK8=\/992x661\/filters:format(jpg):quality(85)\/cloudfront-us-east-1.images.arcpublishing.com\/infobae\/37XTOVQ24PGSIKE46NV7X6C2J4.jpg 992w,https:\/\/www.infobae.com\/new-resizer\/IrkmAR9ctD1ismj2VnEt_KheeQM=\/1200x800\/filters:format(jpg):quality(85)\/cloudfront-us-east-1.images.arcpublishing.com\/infobae\/37XTOVQ24PGSIKE46NV7X6C2J4.jpg 1200w\" alt=\"Las Golondrinas, una de las zonas m\u00e1s afectadas por el fuego \" width=\"5472\" height=\"3648\" \/>Las Golondrinas, una de las zonas m\u00e1s afectadas por el fuego<\/div>\n<p class=\"paragraph\">El Gobernador<b>\u00a0Mariano Arcioni<\/b>\u00a0declar\u00f3 este mi\u00e9rcoles el\u00a0<mark class=\"hl_yellow\">\u201cestado de desastre \u00edgneo en la Comarca Andina\u201d<\/mark>, por el plazo de un a\u00f1o a ra\u00edz de las\u00a0<b>\u201cconsecuencias devastadoras\u201d<\/b>\u00a0generadas por los incendios forestales que se iniciaron el \u00faltimo fin de semana. En el decreto que firm\u00f3 el mandatario provincial se describi\u00f3 que \u201cse produjeron incendios y \u00e9stos se propagaron de manera imprevista, generando consecuencias devastadoras en la poblaci\u00f3n y da\u00f1os materiales, tanto en establecimientos como en viviendas\u201d.<\/p>\n<p class=\"paragraph\">La resoluci\u00f3n adoptada por el Gobierno de Chubut autoriza modificaciones presupuestarias para atender los da\u00f1os originados por los incendios. En efecto, se anunci\u00f3<b>\u00a0un desembolso de 10 millones de pesos para asistir a las familias que fueron afectadas por las llamas y para las tareas de reconstrucci\u00f3n.<\/b><\/p>\n<p class=\"paragraph\">Ayer por la tarde,\u00a0<b>Alberto Fern\u00e1ndez\u00a0<\/b>anunci\u00f3 el envi\u00f3 de 2 helic\u00f3pteros, 3 aviones hidrantes 12 autobombas, veh\u00edculos de apoyo y 62 brigadistas convocados por el Sistema Nacional de Manejo del Fuego: \u201cSeguimos de cerca lo que ocurre con los incendios en R\u00edo Negro y Chubut\u201d.<\/p>\n<p class=\"paragraph\">Por su parte, el ministro de Ambiente y Desarrollo Sostenible,<b>\u00a0Juan Cabandi\u00e9<\/b>, indic\u00f3 que hay\u00a0<b>\u201c15 personas en condici\u00f3n de desaparecidas, porque no conocemos su paradero, y m\u00e1s de 100 casas afectadas por el fuego\u201d.\u00a0<\/b>Con respecto a los desaparecidos, el intendente de El Hoyo,\u00a0<b>Pol Huisman<\/b>, intent\u00f3 llevar tranquilidad al mencionar que \u201cno tenemos ninguna informaci\u00f3n de v\u00edctimas\u201d.<\/p>\n<p class=\"paragraph\">El jefe comunal se\u00f1al\u00f3 que se encuentran entrecruzando datos de personas evacuadas y autoevacuadas, para precisar su paredero. \u201cSucede que mucha gente decidi\u00f3 irse por su lado, estamos tratando de contactar a esas personas\u201d, expres\u00f3.<\/p>\n<p class=\"paragraph\">Hay una veintena de heridos, pero solo uno de gravedad. Se trata de una mujer, de 51 a\u00f1os, tuvo que ser trasladada de urgencia a Bariloche y se encuentra en terapia intensiva, con m\u00e1s del 60% del cuerpo quemado, con pron\u00f3stico reservado.<\/p>\n<div class=\"visual__image image_container\"><img loading=\"lazy\" decoding=\"async\" src=\"https:\/\/www.infobae.com\/new-resizer\/MKOrV_G8yYA2vfQ_MPv43vpvev8=\/420x280\/filters:format(jpg):quality(85)\/cloudfront-us-east-1.images.arcpublishing.com\/infobae\/5EU6QM6OUKKVMWQAIZFJPZPZLE.jpg\" sizes=\"auto, (min-width: 800px) 50vw, 90vw\" srcset=\"https:\/\/www.infobae.com\/new-resizer\/MKOrV_G8yYA2vfQ_MPv43vpvev8=\/420x280\/filters:format(jpg):quality(85)\/cloudfront-us-east-1.images.arcpublishing.com\/infobae\/5EU6QM6OUKKVMWQAIZFJPZPZLE.jpg 420w,https:\/\/www.infobae.com\/new-resizer\/QcnqMMdybJjqmV49UnwzzwRpaGc=\/768x512\/filters:format(jpg):quality(85)\/cloudfront-us-east-1.images.arcpublishing.com\/infobae\/5EU6QM6OUKKVMWQAIZFJPZPZLE.jpg 768w,https:\/\/www.infobae.com\/new-resizer\/Q4Zx9-ty-ThrsjZGYOF04E9m-HI=\/992x661\/filters:format(jpg):quality(85)\/cloudfront-us-east-1.images.arcpublishing.com\/infobae\/5EU6QM6OUKKVMWQAIZFJPZPZLE.jpg 992w,https:\/\/www.infobae.com\/new-resizer\/5Jhmn5dt14k0sVYmtG4oRbdLWiU=\/1200x800\/filters:format(jpg):quality(85)\/cloudfront-us-east-1.images.arcpublishing.com\/infobae\/5EU6QM6OUKKVMWQAIZFJPZPZLE.jpg 1200w\" alt=\"M\u00e1s de 2 mil hect\u00e1reas fueron afectadas en las \u00faltimas horas (REUTERS) \" width=\"5472\" height=\"3648\" \/>M\u00e1s de 2 mil hect\u00e1reas fueron afectadas en las \u00faltimas horas (REUTERS)<\/div>\n<p class=\"paragraph\">Sobre las viviendas afectadas por el fuego,\u00a0<b>Augusto S\u00e1nchez<\/b>, intendente de Lago Puelo, grafic\u00f3 como<mark class=\"hl_yellow\">\u00a0\u201cuna foto dantesca, dram\u00e1tica, dolorosa\u201d\u00a0<\/mark>y plante\u00f3 que\u00a0<b>\u201cahora ser\u00e1 el momento de sentarse y pensar c\u00f3mo viene la reconstrucci\u00f3n\u201d.<\/b><\/p>\n<p class=\"paragraph\">Los intendentes de la Comarca coincidieron que, si bien no est\u00e1n definidas las causas del incendio,\u00a0<mark class=\"hl_yellow\">\u201cno fue algo natural\u201d.<\/mark>\u00a0Ayer\u00a0<b>Cabandi\u00e9 firm\u00f3 una denuncia penal que se presentar\u00e1 en juzgado federal de Esquel \u201cpara que la Justicia identifique, investigue y castigue a los responsables de los incendios en R\u00edo Negro y Chubut.<\/b>\u00a0Es urgente que se avance y que este #ecocidio no quede impune\u201d. El ministro indic\u00f3 que se puso a disposici\u00f3n \u201crecursos del Estado para frenar el incendio y m\u00e1s de 100 brigadistas trabajan en la zona\u201d.<\/p>\n<p class=\"paragraph\">Por la noche lleg\u00f3 a R\u00edo Negro para recorrer las zonas afectadas \u201cy coordinar las tareas de mitigaci\u00f3n, junto a brigadistas, especialistas en el combate al fuego y autoridades que ya se encontraban trabajando en los focos\u201d, indic\u00f3 el funcionario en sus redes sociales.<\/p>\n<p class=\"paragraph\"><b>Daniel Catal\u00e1n<\/b>, brigadista del sistema chubutense del Manejo del Fuego, consider\u00f3 que<b>\u00a0\u201cse podr\u00eda haber evitado\u201d<\/b>\u00a0el incendio y responsabiliz\u00f3 a \u201cla pol\u00edtica\u201d. \u201cSon incendios intencionales o por negligencia, por causas humanas\u201d, afirm\u00f3 en di\u00e1logo con\u00a0<i>TN.<\/i><\/p>\n<p class=\"paragraph\">\u201cLa propagaci\u00f3n que tuvo este incendio fue muy r\u00e1pida, no se pod\u00eda llegar a tiempo. A tiempo se llega en la prevenci\u00f3n, en trabajar con la gente del lugar, explicarle a los que viven all\u00ed para evitar este tipo de desastre.\u00a0<b>Hay gente en el servicio que no est\u00e1 capacitada, son nombrados a dedo, son cargos pol\u00edticos. Hay muchas irregularidades que vienen a terminar de la peor manera. La situaci\u00f3n es lamentable\u201d<\/b>, grafic\u00f3 el biragadista e insisti\u00f3:\u00a0<b>\u201cLa responsabilidad es completamente del gobierno provincial\u201d.<\/b><\/p>\n<\/div>\n<p class=\"paragraph\"><span style=\"color: #ff6600;\"><strong>Fuente Infobae<\/strong><\/span><\/p>\n<\/div>\n<\/article>\n","protected":false},"excerpt":{"rendered":"<p>El fuego arras\u00f3 con m\u00e1s de dos mil hect\u00e1reas, m\u00e1s de cien casas y veh\u00edculos. Hay una mujer herida de gravedad. El ministro de Ambiente, Juan Cabandi\u00e9, lleg\u00f3 anoche al lugar<\/p>\n","protected":false},"author":3,"featured_media":0,"comment_status":"closed","ping_status":"open","sticky":false,"template":"","format":"standard","meta":{"footnotes":""},"categories":[26],"tags":[],"class_list":["post-53688","post","type-post","status-publish","format-standard","hentry","category-sociedad"],"yoast_head":"<!-- This site is optimized with the Yoast SEO plugin v25.9 - https:\/\/yoast.com\/wordpress\/plugins\/seo\/ -->\n<title>Incendios en Chubut: hay al menos 15 personas desaparecidas y declararon el \u201cestado de desastre \u00edgneo\u201d en la Comarca Andina - Noticias Radio Reflejos<\/title>\n<meta name=\"robots\" content=\"index, follow, max-snippet:-1, max-image-preview:large, max-video-preview:-1\" \/>\n<link rel=\"canonical\" href=\"https:\/\/www.noticiasradioreflejos.com.ar\/2021\/incendios-en-chubut-hay-al-menos-15-personas-desaparecidas-y-declararon-el-estado-de-desastre-igneo-en-la-comarca-andina\/\" \/>\n<meta property=\"og:locale\" content=\"es_ES\" \/>\n<meta property=\"og:type\" content=\"article\" \/>\n<meta property=\"og:title\" content=\"Incendios en Chubut: hay al menos 15 personas desaparecidas y declararon el \u201cestado de desastre \u00edgneo\u201d en la Comarca Andina - Noticias Radio Reflejos\" \/>\n<meta property=\"og:description\" content=\"El fuego arras\u00f3 con m\u00e1s de dos mil hect\u00e1reas, m\u00e1s de cien casas y veh\u00edculos. Hay una mujer herida de gravedad. El ministro de Ambiente, Juan Cabandi\u00e9, lleg\u00f3 anoche al lugar\" \/>\n<meta property=\"og:url\" content=\"https:\/\/www.noticiasradioreflejos.com.ar\/2021\/incendios-en-chubut-hay-al-menos-15-personas-desaparecidas-y-declararon-el-estado-de-desastre-igneo-en-la-comarca-andina\/\" \/>\n<meta property=\"og:site_name\" content=\"Noticias Radio Reflejos\" \/>\n<meta property=\"article:published_time\" content=\"2021-03-11T11:05:38+00:00\" \/>\n<meta property=\"og:image\" content=\"https:\/\/www.infobae.com\/new-resizer\/XpMY_p7V3rXA_mxlA2agMq0Vwhw=\/420x280\/filters:format(jpg):quality(85)\/cloudfront-us-east-1.images.arcpublishing.com\/infobae\/7Q6NNFYYLX65VOCTZS4IBUP63I.jpg\" \/>\n<meta name=\"author\" content=\"Arnaldo Botto\" \/>\n<meta name=\"twitter:card\" content=\"summary_large_image\" \/>\n<script type=\"application\/ld+json\" class=\"yoast-schema-graph\">{\"@context\":\"https:\/\/schema.org\",\"@graph\":[{\"@type\":\"WebPage\",\"@id\":\"https:\/\/www.noticiasradioreflejos.com.ar\/2021\/incendios-en-chubut-hay-al-menos-15-personas-desaparecidas-y-declararon-el-estado-de-desastre-igneo-en-la-comarca-andina\/\",\"url\":\"https:\/\/www.noticiasradioreflejos.com.ar\/2021\/incendios-en-chubut-hay-al-menos-15-personas-desaparecidas-y-declararon-el-estado-de-desastre-igneo-en-la-comarca-andina\/\",\"name\":\"Incendios en Chubut: hay al menos 15 personas desaparecidas y declararon el \u201cestado de desastre \u00edgneo\u201d en la Comarca Andina - Noticias Radio Reflejos\",\"isPartOf\":{\"@id\":\"https:\/\/www.noticiasradioreflejos.com.ar\/2021\/#website\"},\"primaryImageOfPage\":{\"@id\":\"https:\/\/www.noticiasradioreflejos.com.ar\/2021\/incendios-en-chubut-hay-al-menos-15-personas-desaparecidas-y-declararon-el-estado-de-desastre-igneo-en-la-comarca-andina\/#primaryimage\"},\"image\":{\"@id\":\"https:\/\/www.noticiasradioreflejos.com.ar\/2021\/incendios-en-chubut-hay-al-menos-15-personas-desaparecidas-y-declararon-el-estado-de-desastre-igneo-en-la-comarca-andina\/#primaryimage\"},\"thumbnailUrl\":\"https:\/\/www.infobae.com\/new-resizer\/XpMY_p7V3rXA_mxlA2agMq0Vwhw=\/420x280\/filters:format(jpg):quality(85)\/cloudfront-us-east-1.images.arcpublishing.com\/infobae\/7Q6NNFYYLX65VOCTZS4IBUP63I.jpg\",\"datePublished\":\"2021-03-11T11:05:38+00:00\",\"author\":{\"@id\":\"https:\/\/www.noticiasradioreflejos.com.ar\/2021\/#\/schema\/person\/ad82545263dcc5ec0996818884fd5fb1\"},\"breadcrumb\":{\"@id\":\"https:\/\/www.noticiasradioreflejos.com.ar\/2021\/incendios-en-chubut-hay-al-menos-15-personas-desaparecidas-y-declararon-el-estado-de-desastre-igneo-en-la-comarca-andina\/#breadcrumb\"},\"inLanguage\":\"es\",\"potentialAction\":[{\"@type\":\"ReadAction\",\"target\":[\"https:\/\/www.noticiasradioreflejos.com.ar\/2021\/incendios-en-chubut-hay-al-menos-15-personas-desaparecidas-y-declararon-el-estado-de-desastre-igneo-en-la-comarca-andina\/\"]}]},{\"@type\":\"ImageObject\",\"inLanguage\":\"es\",\"@id\":\"https:\/\/www.noticiasradioreflejos.com.ar\/2021\/incendios-en-chubut-hay-al-menos-15-personas-desaparecidas-y-declararon-el-estado-de-desastre-igneo-en-la-comarca-andina\/#primaryimage\",\"url\":\"https:\/\/www.infobae.com\/new-resizer\/XpMY_p7V3rXA_mxlA2agMq0Vwhw=\/420x280\/filters:format(jpg):quality(85)\/cloudfront-us-east-1.images.arcpublishing.com\/infobae\/7Q6NNFYYLX65VOCTZS4IBUP63I.jpg\",\"contentUrl\":\"https:\/\/www.infobae.com\/new-resizer\/XpMY_p7V3rXA_mxlA2agMq0Vwhw=\/420x280\/filters:format(jpg):quality(85)\/cloudfront-us-east-1.images.arcpublishing.com\/infobae\/7Q6NNFYYLX65VOCTZS4IBUP63I.jpg\"},{\"@type\":\"BreadcrumbList\",\"@id\":\"https:\/\/www.noticiasradioreflejos.com.ar\/2021\/incendios-en-chubut-hay-al-menos-15-personas-desaparecidas-y-declararon-el-estado-de-desastre-igneo-en-la-comarca-andina\/#breadcrumb\",\"itemListElement\":[{\"@type\":\"ListItem\",\"position\":1,\"name\":\"Portada\",\"item\":\"https:\/\/www.noticiasradioreflejos.com.ar\/2021\/\"},{\"@type\":\"ListItem\",\"position\":2,\"name\":\"Incendios en Chubut: hay al menos 15 personas desaparecidas y declararon el \u201cestado de desastre \u00edgneo\u201d en la Comarca Andina\"}]},{\"@type\":\"WebSite\",\"@id\":\"https:\/\/www.noticiasradioreflejos.com.ar\/2021\/#website\",\"url\":\"https:\/\/www.noticiasradioreflejos.com.ar\/2021\/\",\"name\":\"Noticias Radio Reflejos\",\"description\":\"Las noticias de mi comarca\",\"potentialAction\":[{\"@type\":\"SearchAction\",\"target\":{\"@type\":\"EntryPoint\",\"urlTemplate\":\"https:\/\/www.noticiasradioreflejos.com.ar\/2021\/?s={search_term_string}\"},\"query-input\":{\"@type\":\"PropertyValueSpecification\",\"valueRequired\":true,\"valueName\":\"search_term_string\"}}],\"inLanguage\":\"es\"},{\"@type\":\"Person\",\"@id\":\"https:\/\/www.noticiasradioreflejos.com.ar\/2021\/#\/schema\/person\/ad82545263dcc5ec0996818884fd5fb1\",\"name\":\"Arnaldo Botto\",\"image\":{\"@type\":\"ImageObject\",\"inLanguage\":\"es\",\"@id\":\"https:\/\/www.noticiasradioreflejos.com.ar\/2021\/#\/schema\/person\/image\/\",\"url\":\"https:\/\/secure.gravatar.com\/avatar\/55cb5e37c1efa326397366e6974cb338056df65cb50e7d64d1cf314e87504837?s=96&d=mm&r=g\",\"contentUrl\":\"https:\/\/secure.gravatar.com\/avatar\/55cb5e37c1efa326397366e6974cb338056df65cb50e7d64d1cf314e87504837?s=96&d=mm&r=g\",\"caption\":\"Arnaldo Botto\"},\"url\":\"https:\/\/www.noticiasradioreflejos.com.ar\/2021\/author\/arnaldo\/\"}]}<\/script>\n<!-- \/ Yoast SEO plugin. -->","yoast_head_json":{"title":"Incendios en Chubut: hay al menos 15 personas desaparecidas y declararon el \u201cestado de desastre \u00edgneo\u201d en la Comarca Andina - Noticias Radio Reflejos","robots":{"index":"index","follow":"follow","max-snippet":"max-snippet:-1","max-image-preview":"max-image-preview:large","max-video-preview":"max-video-preview:-1"},"canonical":"https:\/\/www.noticiasradioreflejos.com.ar\/2021\/incendios-en-chubut-hay-al-menos-15-personas-desaparecidas-y-declararon-el-estado-de-desastre-igneo-en-la-comarca-andina\/","og_locale":"es_ES","og_type":"article","og_title":"Incendios en Chubut: hay al menos 15 personas desaparecidas y declararon el \u201cestado de desastre \u00edgneo\u201d en la Comarca Andina - Noticias Radio Reflejos","og_description":"El fuego arras\u00f3 con m\u00e1s de dos mil hect\u00e1reas, m\u00e1s de cien casas y veh\u00edculos. Hay una mujer herida de gravedad. El ministro de Ambiente, Juan Cabandi\u00e9, lleg\u00f3 anoche al lugar","og_url":"https:\/\/www.noticiasradioreflejos.com.ar\/2021\/incendios-en-chubut-hay-al-menos-15-personas-desaparecidas-y-declararon-el-estado-de-desastre-igneo-en-la-comarca-andina\/","og_site_name":"Noticias Radio Reflejos","article_published_time":"2021-03-11T11:05:38+00:00","og_image":[{"url":"https:\/\/www.infobae.com\/new-resizer\/XpMY_p7V3rXA_mxlA2agMq0Vwhw=\/420x280\/filters:format(jpg):quality(85)\/cloudfront-us-east-1.images.arcpublishing.com\/infobae\/7Q6NNFYYLX65VOCTZS4IBUP63I.jpg","type":"","width":"","height":""}],"author":"Arnaldo Botto","twitter_card":"summary_large_image","schema":{"@context":"https:\/\/schema.org","@graph":[{"@type":"WebPage","@id":"https:\/\/www.noticiasradioreflejos.com.ar\/2021\/incendios-en-chubut-hay-al-menos-15-personas-desaparecidas-y-declararon-el-estado-de-desastre-igneo-en-la-comarca-andina\/","url":"https:\/\/www.noticiasradioreflejos.com.ar\/2021\/incendios-en-chubut-hay-al-menos-15-personas-desaparecidas-y-declararon-el-estado-de-desastre-igneo-en-la-comarca-andina\/","name":"Incendios en Chubut: hay al menos 15 personas desaparecidas y declararon el \u201cestado de desastre \u00edgneo\u201d en la Comarca Andina - Noticias Radio Reflejos","isPartOf":{"@id":"https:\/\/www.noticiasradioreflejos.com.ar\/2021\/#website"},"primaryImageOfPage":{"@id":"https:\/\/www.noticiasradioreflejos.com.ar\/2021\/incendios-en-chubut-hay-al-menos-15-personas-desaparecidas-y-declararon-el-estado-de-desastre-igneo-en-la-comarca-andina\/#primaryimage"},"image":{"@id":"https:\/\/www.noticiasradioreflejos.com.ar\/2021\/incendios-en-chubut-hay-al-menos-15-personas-desaparecidas-y-declararon-el-estado-de-desastre-igneo-en-la-comarca-andina\/#primaryimage"},"thumbnailUrl":"https:\/\/www.infobae.com\/new-resizer\/XpMY_p7V3rXA_mxlA2agMq0Vwhw=\/420x280\/filters:format(jpg):quality(85)\/cloudfront-us-east-1.images.arcpublishing.com\/infobae\/7Q6NNFYYLX65VOCTZS4IBUP63I.jpg","datePublished":"2021-03-11T11:05:38+00:00","author":{"@id":"https:\/\/www.noticiasradioreflejos.com.ar\/2021\/#\/schema\/person\/ad82545263dcc5ec0996818884fd5fb1"},"breadcrumb":{"@id":"https:\/\/www.noticiasradioreflejos.com.ar\/2021\/incendios-en-chubut-hay-al-menos-15-personas-desaparecidas-y-declararon-el-estado-de-desastre-igneo-en-la-comarca-andina\/#breadcrumb"},"inLanguage":"es","potentialAction":[{"@type":"ReadAction","target":["https:\/\/www.noticiasradioreflejos.com.ar\/2021\/incendios-en-chubut-hay-al-menos-15-personas-desaparecidas-y-declararon-el-estado-de-desastre-igneo-en-la-comarca-andina\/"]}]},{"@type":"ImageObject","inLanguage":"es","@id":"https:\/\/www.noticiasradioreflejos.com.ar\/2021\/incendios-en-chubut-hay-al-menos-15-personas-desaparecidas-y-declararon-el-estado-de-desastre-igneo-en-la-comarca-andina\/#primaryimage","url":"https:\/\/www.infobae.com\/new-resizer\/XpMY_p7V3rXA_mxlA2agMq0Vwhw=\/420x280\/filters:format(jpg):quality(85)\/cloudfront-us-east-1.images.arcpublishing.com\/infobae\/7Q6NNFYYLX65VOCTZS4IBUP63I.jpg","contentUrl":"https:\/\/www.infobae.com\/new-resizer\/XpMY_p7V3rXA_mxlA2agMq0Vwhw=\/420x280\/filters:format(jpg):quality(85)\/cloudfront-us-east-1.images.arcpublishing.com\/infobae\/7Q6NNFYYLX65VOCTZS4IBUP63I.jpg"},{"@type":"BreadcrumbList","@id":"https:\/\/www.noticiasradioreflejos.com.ar\/2021\/incendios-en-chubut-hay-al-menos-15-personas-desaparecidas-y-declararon-el-estado-de-desastre-igneo-en-la-comarca-andina\/#breadcrumb","itemListElement":[{"@type":"ListItem","position":1,"name":"Portada","item":"https:\/\/www.noticiasradioreflejos.com.ar\/2021\/"},{"@type":"ListItem","position":2,"name":"Incendios en Chubut: hay al menos 15 personas desaparecidas y declararon el \u201cestado de desastre \u00edgneo\u201d en la Comarca Andina"}]},{"@type":"WebSite","@id":"https:\/\/www.noticiasradioreflejos.com.ar\/2021\/#website","url":"https:\/\/www.noticiasradioreflejos.com.ar\/2021\/","name":"Noticias Radio Reflejos","description":"Las noticias de mi comarca","potentialAction":[{"@type":"SearchAction","target":{"@type":"EntryPoint","urlTemplate":"https:\/\/www.noticiasradioreflejos.com.ar\/2021\/?s={search_term_string}"},"query-input":{"@type":"PropertyValueSpecification","valueRequired":true,"valueName":"search_term_string"}}],"inLanguage":"es"},{"@type":"Person","@id":"https:\/\/www.noticiasradioreflejos.com.ar\/2021\/#\/schema\/person\/ad82545263dcc5ec0996818884fd5fb1","name":"Arnaldo Botto","image":{"@type":"ImageObject","inLanguage":"es","@id":"https:\/\/www.noticiasradioreflejos.com.ar\/2021\/#\/schema\/person\/image\/","url":"https:\/\/secure.gravatar.com\/avatar\/55cb5e37c1efa326397366e6974cb338056df65cb50e7d64d1cf314e87504837?s=96&d=mm&r=g","contentUrl":"https:\/\/secure.gravatar.com\/avatar\/55cb5e37c1efa326397366e6974cb338056df65cb50e7d64d1cf314e87504837?s=96&d=mm&r=g","caption":"Arnaldo Botto"},"url":"https:\/\/www.noticiasradioreflejos.com.ar\/2021\/author\/arnaldo\/"}]}},"_links":{"self":[{"href":"https:\/\/www.noticiasradioreflejos.com.ar\/2021\/wp-json\/wp\/v2\/posts\/53688","targetHints":{"allow":["GET"]}}],"collection":[{"href":"https:\/\/www.noticiasradioreflejos.com.ar\/2021\/wp-json\/wp\/v2\/posts"}],"about":[{"href":"https:\/\/www.noticiasradioreflejos.com.ar\/2021\/wp-json\/wp\/v2\/types\/post"}],"author":[{"embeddable":true,"href":"https:\/\/www.noticiasradioreflejos.com.ar\/2021\/wp-json\/wp\/v2\/users\/3"}],"replies":[{"embeddable":true,"href":"https:\/\/www.noticiasradioreflejos.com.ar\/2021\/wp-json\/wp\/v2\/comments?post=53688"}],"version-history":[{"count":0,"href":"https:\/\/www.noticiasradioreflejos.com.ar\/2021\/wp-json\/wp\/v2\/posts\/53688\/revisions"}],"wp:attachment":[{"href":"https:\/\/www.noticiasradioreflejos.com.ar\/2021\/wp-json\/wp\/v2\/media?parent=53688"}],"wp:term":[{"taxonomy":"category","embeddable":true,"href":"https:\/\/www.noticiasradioreflejos.com.ar\/2021\/wp-json\/wp\/v2\/categories?post=53688"},{"taxonomy":"post_tag","embeddable":true,"href":"https:\/\/www.noticiasradioreflejos.com.ar\/2021\/wp-json\/wp\/v2\/tags?post=53688"}],"curies":[{"name":"wp","href":"https:\/\/api.w.org\/{rel}","templated":true}]}}