{"id":53683,"date":"2021-03-11T07:49:28","date_gmt":"2021-03-11T10:49:28","guid":{"rendered":"http:\/\/www.noticiasradioreflejos.com.ar\/noticias\/?p=53683"},"modified":"2021-03-11T07:49:28","modified_gmt":"2021-03-11T10:49:28","slug":"el-gobierno-nacional-dara-un-mayor-impulso-a-las-becas-progresar-2021-y-beneficiaran-a-750-mil-estudiantes","status":"publish","type":"post","link":"https:\/\/www.noticiasradioreflejos.com.ar\/2021\/el-gobierno-nacional-dara-un-mayor-impulso-a-las-becas-progresar-2021-y-beneficiaran-a-750-mil-estudiantes\/","title":{"rendered":"El Gobierno nacional dar\u00e1 un mayor impulso a las Becas Progresar 2021 y beneficiar\u00e1n a 750 mil estudiantes"},"content":{"rendered":"<p>El presidente Alberto Fern\u00e1ndez recibi\u00f3 esta tarde, en su despacho de la Casa Rosada, al ministro de Educaci\u00f3n, Nicol\u00e1s Trotta, y a la directora ejecutiva de la Anses, Fernanda Raverta, quienes le ofrecieron detalles sobre la presentaci\u00f3n de las Becas Progresar 2021, que a trav\u00e9s de la asistencia financiera busca acompa\u00f1ar a 750 mil j\u00f3venes en esta primera etapa para que cuando terminen sus estudios primarios o secundarios contin\u00faen en la educaci\u00f3n superior o se formen profesionalmente.<!--more--><\/p>\n<p>Con la finalidad de darle un mayor impulso, el Gobierno decidi\u00f3 invertir 27.000 millones de pesos en el programa y, en ese marco, las becas tendr\u00e1n un incremento en sus montos que van desde el 40 por ciento hasta m\u00e1s del 163 por ciento, a la vez que se adicionar\u00e1n dos cuotas, alcanzando as\u00ed 12 pagos en el a\u00f1o.<\/p>\n<p><a data-flickr-embed=\"true\" href=\"https:\/\/www.flickr.com\/photos\/182279889@N02\/51025473082\/in\/dateposted-public\/\" title=\"_MEC0955\"><img loading=\"lazy\" decoding=\"async\" src=\"https:\/\/live.staticflickr.com\/65535\/51025473082_778dd2fec5_c.jpg\" width=\"800\" height=\"533\" alt=\"_MEC0955\"><\/a><script async src=\"\/\/embedr.flickr.com\/assets\/client-code.js\" charset=\"utf-8\"><\/script><\/p>\n<p>El denominado Programa de Respaldo a Estudiantes Argentinos, dependiente del Ministerio de Educaci\u00f3n, fue creado en 2014 con la finalidad de garantizar la igualdad de oportunidades en el \u00e1mbito educativo para que los alumnos puedan darle continuidad a sus estudios.<\/p>\n<p>Busca fortalecer el ingreso, la permanencia y el egreso de los estudiantes, promover a la finalizaci\u00f3n de la educaci\u00f3n obligatoria y fomentar la educaci\u00f3n superior y los cursos de formaci\u00f3n profesional. Para eso, se otorga una ayuda econ\u00f3mica, que guarda relaci\u00f3n con la instancia educativa en que se encuentren, y acompa\u00f1amiento sociopedag\u00f3gico para quienes cumplan determinados requisitos seg\u00fan el nivel.<\/p>\n<p>Progresar cuenta con cuatro l\u00edneas de becas: Progresar Superior, para estudiantes terciarios y universitarios; Progresar Obligatorio, para la finalizaci\u00f3n de la escuela primaria y secundaria; Progresar Enfermer\u00eda y Progresar Trabajo, para cursos de formaci\u00f3n profesional.<\/p>\n","protected":false},"excerpt":{"rendered":"<p>El presidente Alberto Fern\u00e1ndez recibi\u00f3 esta tarde, en su despacho de la Casa Rosada, al ministro de Educaci\u00f3n, Nicol\u00e1s Trotta, y a la directora ejecutiva de la Anses, Fernanda Raverta, quienes le ofrecieron detalles sobre la presentaci\u00f3n de las Becas Progresar 2021, que a trav\u00e9s de la asistencia financiera busca acompa\u00f1ar a 750 mil j\u00f3venes [&hellip;]<\/p>\n","protected":false},"author":3,"featured_media":0,"comment_status":"closed","ping_status":"open","sticky":false,"template":"","format":"standard","meta":{"footnotes":""},"categories":[34,24],"tags":[],"class_list":["post-53683","post","type-post","status-publish","format-standard","hentry","category-educacion","category-politica"],"yoast_head":"<!-- This site is optimized with the Yoast SEO plugin v25.9 - https:\/\/yoast.com\/wordpress\/plugins\/seo\/ -->\n<title>El Gobierno nacional dar\u00e1 un mayor impulso a las Becas Progresar 2021 y beneficiar\u00e1n a 750 mil estudiantes - Noticias Radio Reflejos<\/title>\n<meta name=\"robots\" content=\"index, follow, max-snippet:-1, max-image-preview:large, max-video-preview:-1\" \/>\n<link rel=\"canonical\" href=\"https:\/\/www.noticiasradioreflejos.com.ar\/2021\/el-gobierno-nacional-dara-un-mayor-impulso-a-las-becas-progresar-2021-y-beneficiaran-a-750-mil-estudiantes\/\" \/>\n<meta property=\"og:locale\" content=\"es_ES\" \/>\n<meta property=\"og:type\" content=\"article\" \/>\n<meta property=\"og:title\" content=\"El Gobierno nacional dar\u00e1 un mayor impulso a las Becas Progresar 2021 y beneficiar\u00e1n a 750 mil estudiantes - Noticias Radio Reflejos\" \/>\n<meta property=\"og:description\" content=\"El presidente Alberto Fern\u00e1ndez recibi\u00f3 esta tarde, en su despacho de la Casa Rosada, al ministro de Educaci\u00f3n, Nicol\u00e1s Trotta, y a la directora ejecutiva de la Anses, Fernanda Raverta, quienes le ofrecieron detalles sobre la presentaci\u00f3n de las Becas Progresar 2021, que a trav\u00e9s de la asistencia financiera busca acompa\u00f1ar a 750 mil j\u00f3venes [&hellip;]\" \/>\n<meta property=\"og:url\" content=\"https:\/\/www.noticiasradioreflejos.com.ar\/2021\/el-gobierno-nacional-dara-un-mayor-impulso-a-las-becas-progresar-2021-y-beneficiaran-a-750-mil-estudiantes\/\" \/>\n<meta property=\"og:site_name\" content=\"Noticias Radio Reflejos\" \/>\n<meta property=\"article:published_time\" content=\"2021-03-11T10:49:28+00:00\" \/>\n<meta property=\"og:image\" content=\"https:\/\/live.staticflickr.com\/65535\/51025473082_778dd2fec5_c.jpg\" \/>\n<meta name=\"author\" content=\"Arnaldo Botto\" \/>\n<meta name=\"twitter:card\" content=\"summary_large_image\" \/>\n<script type=\"application\/ld+json\" class=\"yoast-schema-graph\">{\"@context\":\"https:\/\/schema.org\",\"@graph\":[{\"@type\":\"WebPage\",\"@id\":\"https:\/\/www.noticiasradioreflejos.com.ar\/2021\/el-gobierno-nacional-dara-un-mayor-impulso-a-las-becas-progresar-2021-y-beneficiaran-a-750-mil-estudiantes\/\",\"url\":\"https:\/\/www.noticiasradioreflejos.com.ar\/2021\/el-gobierno-nacional-dara-un-mayor-impulso-a-las-becas-progresar-2021-y-beneficiaran-a-750-mil-estudiantes\/\",\"name\":\"El Gobierno nacional dar\u00e1 un mayor impulso a las Becas Progresar 2021 y beneficiar\u00e1n a 750 mil estudiantes - Noticias Radio Reflejos\",\"isPartOf\":{\"@id\":\"https:\/\/www.noticiasradioreflejos.com.ar\/2021\/#website\"},\"primaryImageOfPage\":{\"@id\":\"https:\/\/www.noticiasradioreflejos.com.ar\/2021\/el-gobierno-nacional-dara-un-mayor-impulso-a-las-becas-progresar-2021-y-beneficiaran-a-750-mil-estudiantes\/#primaryimage\"},\"image\":{\"@id\":\"https:\/\/www.noticiasradioreflejos.com.ar\/2021\/el-gobierno-nacional-dara-un-mayor-impulso-a-las-becas-progresar-2021-y-beneficiaran-a-750-mil-estudiantes\/#primaryimage\"},\"thumbnailUrl\":\"https:\/\/live.staticflickr.com\/65535\/51025473082_778dd2fec5_c.jpg\",\"datePublished\":\"2021-03-11T10:49:28+00:00\",\"author\":{\"@id\":\"https:\/\/www.noticiasradioreflejos.com.ar\/2021\/#\/schema\/person\/ad82545263dcc5ec0996818884fd5fb1\"},\"breadcrumb\":{\"@id\":\"https:\/\/www.noticiasradioreflejos.com.ar\/2021\/el-gobierno-nacional-dara-un-mayor-impulso-a-las-becas-progresar-2021-y-beneficiaran-a-750-mil-estudiantes\/#breadcrumb\"},\"inLanguage\":\"es\",\"potentialAction\":[{\"@type\":\"ReadAction\",\"target\":[\"https:\/\/www.noticiasradioreflejos.com.ar\/2021\/el-gobierno-nacional-dara-un-mayor-impulso-a-las-becas-progresar-2021-y-beneficiaran-a-750-mil-estudiantes\/\"]}]},{\"@type\":\"ImageObject\",\"inLanguage\":\"es\",\"@id\":\"https:\/\/www.noticiasradioreflejos.com.ar\/2021\/el-gobierno-nacional-dara-un-mayor-impulso-a-las-becas-progresar-2021-y-beneficiaran-a-750-mil-estudiantes\/#primaryimage\",\"url\":\"https:\/\/live.staticflickr.com\/65535\/51025473082_778dd2fec5_c.jpg\",\"contentUrl\":\"https:\/\/live.staticflickr.com\/65535\/51025473082_778dd2fec5_c.jpg\"},{\"@type\":\"BreadcrumbList\",\"@id\":\"https:\/\/www.noticiasradioreflejos.com.ar\/2021\/el-gobierno-nacional-dara-un-mayor-impulso-a-las-becas-progresar-2021-y-beneficiaran-a-750-mil-estudiantes\/#breadcrumb\",\"itemListElement\":[{\"@type\":\"ListItem\",\"position\":1,\"name\":\"Portada\",\"item\":\"https:\/\/www.noticiasradioreflejos.com.ar\/2021\/\"},{\"@type\":\"ListItem\",\"position\":2,\"name\":\"El Gobierno nacional dar\u00e1 un mayor impulso a las Becas Progresar 2021 y beneficiar\u00e1n a 750 mil estudiantes\"}]},{\"@type\":\"WebSite\",\"@id\":\"https:\/\/www.noticiasradioreflejos.com.ar\/2021\/#website\",\"url\":\"https:\/\/www.noticiasradioreflejos.com.ar\/2021\/\",\"name\":\"Noticias Radio Reflejos\",\"description\":\"Las noticias de mi comarca\",\"potentialAction\":[{\"@type\":\"SearchAction\",\"target\":{\"@type\":\"EntryPoint\",\"urlTemplate\":\"https:\/\/www.noticiasradioreflejos.com.ar\/2021\/?s={search_term_string}\"},\"query-input\":{\"@type\":\"PropertyValueSpecification\",\"valueRequired\":true,\"valueName\":\"search_term_string\"}}],\"inLanguage\":\"es\"},{\"@type\":\"Person\",\"@id\":\"https:\/\/www.noticiasradioreflejos.com.ar\/2021\/#\/schema\/person\/ad82545263dcc5ec0996818884fd5fb1\",\"name\":\"Arnaldo Botto\",\"image\":{\"@type\":\"ImageObject\",\"inLanguage\":\"es\",\"@id\":\"https:\/\/www.noticiasradioreflejos.com.ar\/2021\/#\/schema\/person\/image\/\",\"url\":\"https:\/\/secure.gravatar.com\/avatar\/55cb5e37c1efa326397366e6974cb338056df65cb50e7d64d1cf314e87504837?s=96&d=mm&r=g\",\"contentUrl\":\"https:\/\/secure.gravatar.com\/avatar\/55cb5e37c1efa326397366e6974cb338056df65cb50e7d64d1cf314e87504837?s=96&d=mm&r=g\",\"caption\":\"Arnaldo Botto\"},\"url\":\"https:\/\/www.noticiasradioreflejos.com.ar\/2021\/author\/arnaldo\/\"}]}<\/script>\n<!-- \/ Yoast SEO plugin. -->","yoast_head_json":{"title":"El Gobierno nacional dar\u00e1 un mayor impulso a las Becas Progresar 2021 y beneficiar\u00e1n a 750 mil estudiantes - Noticias Radio Reflejos","robots":{"index":"index","follow":"follow","max-snippet":"max-snippet:-1","max-image-preview":"max-image-preview:large","max-video-preview":"max-video-preview:-1"},"canonical":"https:\/\/www.noticiasradioreflejos.com.ar\/2021\/el-gobierno-nacional-dara-un-mayor-impulso-a-las-becas-progresar-2021-y-beneficiaran-a-750-mil-estudiantes\/","og_locale":"es_ES","og_type":"article","og_title":"El Gobierno nacional dar\u00e1 un mayor impulso a las Becas Progresar 2021 y beneficiar\u00e1n a 750 mil estudiantes - Noticias Radio Reflejos","og_description":"El presidente Alberto Fern\u00e1ndez recibi\u00f3 esta tarde, en su despacho de la Casa Rosada, al ministro de Educaci\u00f3n, Nicol\u00e1s Trotta, y a la directora ejecutiva de la Anses, Fernanda Raverta, quienes le ofrecieron detalles sobre la presentaci\u00f3n de las Becas Progresar 2021, que a trav\u00e9s de la asistencia financiera busca acompa\u00f1ar a 750 mil j\u00f3venes [&hellip;]","og_url":"https:\/\/www.noticiasradioreflejos.com.ar\/2021\/el-gobierno-nacional-dara-un-mayor-impulso-a-las-becas-progresar-2021-y-beneficiaran-a-750-mil-estudiantes\/","og_site_name":"Noticias Radio Reflejos","article_published_time":"2021-03-11T10:49:28+00:00","og_image":[{"url":"https:\/\/live.staticflickr.com\/65535\/51025473082_778dd2fec5_c.jpg","type":"","width":"","height":""}],"author":"Arnaldo Botto","twitter_card":"summary_large_image","schema":{"@context":"https:\/\/schema.org","@graph":[{"@type":"WebPage","@id":"https:\/\/www.noticiasradioreflejos.com.ar\/2021\/el-gobierno-nacional-dara-un-mayor-impulso-a-las-becas-progresar-2021-y-beneficiaran-a-750-mil-estudiantes\/","url":"https:\/\/www.noticiasradioreflejos.com.ar\/2021\/el-gobierno-nacional-dara-un-mayor-impulso-a-las-becas-progresar-2021-y-beneficiaran-a-750-mil-estudiantes\/","name":"El Gobierno nacional dar\u00e1 un mayor impulso a las Becas Progresar 2021 y beneficiar\u00e1n a 750 mil estudiantes - Noticias Radio Reflejos","isPartOf":{"@id":"https:\/\/www.noticiasradioreflejos.com.ar\/2021\/#website"},"primaryImageOfPage":{"@id":"https:\/\/www.noticiasradioreflejos.com.ar\/2021\/el-gobierno-nacional-dara-un-mayor-impulso-a-las-becas-progresar-2021-y-beneficiaran-a-750-mil-estudiantes\/#primaryimage"},"image":{"@id":"https:\/\/www.noticiasradioreflejos.com.ar\/2021\/el-gobierno-nacional-dara-un-mayor-impulso-a-las-becas-progresar-2021-y-beneficiaran-a-750-mil-estudiantes\/#primaryimage"},"thumbnailUrl":"https:\/\/live.staticflickr.com\/65535\/51025473082_778dd2fec5_c.jpg","datePublished":"2021-03-11T10:49:28+00:00","author":{"@id":"https:\/\/www.noticiasradioreflejos.com.ar\/2021\/#\/schema\/person\/ad82545263dcc5ec0996818884fd5fb1"},"breadcrumb":{"@id":"https:\/\/www.noticiasradioreflejos.com.ar\/2021\/el-gobierno-nacional-dara-un-mayor-impulso-a-las-becas-progresar-2021-y-beneficiaran-a-750-mil-estudiantes\/#breadcrumb"},"inLanguage":"es","potentialAction":[{"@type":"ReadAction","target":["https:\/\/www.noticiasradioreflejos.com.ar\/2021\/el-gobierno-nacional-dara-un-mayor-impulso-a-las-becas-progresar-2021-y-beneficiaran-a-750-mil-estudiantes\/"]}]},{"@type":"ImageObject","inLanguage":"es","@id":"https:\/\/www.noticiasradioreflejos.com.ar\/2021\/el-gobierno-nacional-dara-un-mayor-impulso-a-las-becas-progresar-2021-y-beneficiaran-a-750-mil-estudiantes\/#primaryimage","url":"https:\/\/live.staticflickr.com\/65535\/51025473082_778dd2fec5_c.jpg","contentUrl":"https:\/\/live.staticflickr.com\/65535\/51025473082_778dd2fec5_c.jpg"},{"@type":"BreadcrumbList","@id":"https:\/\/www.noticiasradioreflejos.com.ar\/2021\/el-gobierno-nacional-dara-un-mayor-impulso-a-las-becas-progresar-2021-y-beneficiaran-a-750-mil-estudiantes\/#breadcrumb","itemListElement":[{"@type":"ListItem","position":1,"name":"Portada","item":"https:\/\/www.noticiasradioreflejos.com.ar\/2021\/"},{"@type":"ListItem","position":2,"name":"El Gobierno nacional dar\u00e1 un mayor impulso a las Becas Progresar 2021 y beneficiar\u00e1n a 750 mil estudiantes"}]},{"@type":"WebSite","@id":"https:\/\/www.noticiasradioreflejos.com.ar\/2021\/#website","url":"https:\/\/www.noticiasradioreflejos.com.ar\/2021\/","name":"Noticias Radio Reflejos","description":"Las noticias de mi comarca","potentialAction":[{"@type":"SearchAction","target":{"@type":"EntryPoint","urlTemplate":"https:\/\/www.noticiasradioreflejos.com.ar\/2021\/?s={search_term_string}"},"query-input":{"@type":"PropertyValueSpecification","valueRequired":true,"valueName":"search_term_string"}}],"inLanguage":"es"},{"@type":"Person","@id":"https:\/\/www.noticiasradioreflejos.com.ar\/2021\/#\/schema\/person\/ad82545263dcc5ec0996818884fd5fb1","name":"Arnaldo Botto","image":{"@type":"ImageObject","inLanguage":"es","@id":"https:\/\/www.noticiasradioreflejos.com.ar\/2021\/#\/schema\/person\/image\/","url":"https:\/\/secure.gravatar.com\/avatar\/55cb5e37c1efa326397366e6974cb338056df65cb50e7d64d1cf314e87504837?s=96&d=mm&r=g","contentUrl":"https:\/\/secure.gravatar.com\/avatar\/55cb5e37c1efa326397366e6974cb338056df65cb50e7d64d1cf314e87504837?s=96&d=mm&r=g","caption":"Arnaldo Botto"},"url":"https:\/\/www.noticiasradioreflejos.com.ar\/2021\/author\/arnaldo\/"}]}},"_links":{"self":[{"href":"https:\/\/www.noticiasradioreflejos.com.ar\/2021\/wp-json\/wp\/v2\/posts\/53683","targetHints":{"allow":["GET"]}}],"collection":[{"href":"https:\/\/www.noticiasradioreflejos.com.ar\/2021\/wp-json\/wp\/v2\/posts"}],"about":[{"href":"https:\/\/www.noticiasradioreflejos.com.ar\/2021\/wp-json\/wp\/v2\/types\/post"}],"author":[{"embeddable":true,"href":"https:\/\/www.noticiasradioreflejos.com.ar\/2021\/wp-json\/wp\/v2\/users\/3"}],"replies":[{"embeddable":true,"href":"https:\/\/www.noticiasradioreflejos.com.ar\/2021\/wp-json\/wp\/v2\/comments?post=53683"}],"version-history":[{"count":0,"href":"https:\/\/www.noticiasradioreflejos.com.ar\/2021\/wp-json\/wp\/v2\/posts\/53683\/revisions"}],"wp:attachment":[{"href":"https:\/\/www.noticiasradioreflejos.com.ar\/2021\/wp-json\/wp\/v2\/media?parent=53683"}],"wp:term":[{"taxonomy":"category","embeddable":true,"href":"https:\/\/www.noticiasradioreflejos.com.ar\/2021\/wp-json\/wp\/v2\/categories?post=53683"},{"taxonomy":"post_tag","embeddable":true,"href":"https:\/\/www.noticiasradioreflejos.com.ar\/2021\/wp-json\/wp\/v2\/tags?post=53683"}],"curies":[{"name":"wp","href":"https:\/\/api.w.org\/{rel}","templated":true}]}}