{"id":53678,"date":"2021-03-10T19:21:13","date_gmt":"2021-03-10T22:21:13","guid":{"rendered":"http:\/\/www.noticiasradioreflejos.com.ar\/noticias\/?p=53678"},"modified":"2021-03-10T19:21:13","modified_gmt":"2021-03-10T22:21:13","slug":"comienzan-las-pruebas-de-5g-en-argentina-con-las-principales-empresas-tic","status":"publish","type":"post","link":"https:\/\/www.noticiasradioreflejos.com.ar\/2021\/comienzan-las-pruebas-de-5g-en-argentina-con-las-principales-empresas-tic\/","title":{"rendered":"Comienzan las pruebas de 5G en Argentina con las principales empresas TIC"},"content":{"rendered":"<p>Se trata de un evento que tiene como protagonistas a los gigantes Ericsson, Huawei y Nokia, quienes dominan el mercado de la tecnolog\u00eda de quinta generaci\u00f3n y apuntan a mejorar la industria de la educaci\u00f3n y el entretenimiento.<!--more--><\/p>\n<div id=\"image\" class=\"image\">\n<p><img decoding=\"async\" title=\"El Enacom estar\u00e1 a cargo del proyecto para amplificar la conexi\u00f3n de banda ancha en el pa\u00eds a trav\u00e9s del 5G.\" src=\"https:\/\/www.telam.com.ar\/advf\/imagenes\/2021\/01\/6000145295a29_1004x565.jpg\" alt=\"El Enacom estar\u00e1 a cargo del proyecto para amplificar la conexi\u00f3n de banda ancha en el pa\u00eds a trav\u00e9s del 5G.\" \/><\/p>\n<div class=\"epigrafe\">El Enacom estar\u00e1 a cargo del proyecto para amplificar la conexi\u00f3n de banda ancha en el pa\u00eds a trav\u00e9s del 5G.<\/div>\n<\/div>\n<p>El Ente Nacional de Comunicaciones (Enacom) anunci\u00f3 este mi\u00e9rcoles que la semana pr\u00f3xima se reunir\u00e1 con\u00a0<strong>las empresas Ericsson, Huawei y Nokia, que tienen a su cargo las m\u00e1s grandes infraestructuras de red a nivel global, y el operador Telecom, con el fin de realizar demostraciones orientadas a la tecnolog\u00eda de quinta generaci\u00f3n (5G)<\/strong>\u00a0para conexiones de banda ancha m\u00f3vil.<\/p>\n<p>La convocatoria que se desarrollar\u00e1 durante toda la pr\u00f3xima semana, se realizar\u00e1 por primera vez y en un mismo evento en la sede central del Enacom, para dar lugar a la realizaci\u00f3n de ensayos y pruebas de 5G en el pa\u00eds a cargo de las principales compa\u00f1\u00edas del sector de las Tecnolog\u00edas de la Informaci\u00f3n y las Comunicaciones (TIC).<\/p>\n<p><strong>Dichos sistemas permitir\u00e1n mayor velocidad de transferencia, conexiones simult\u00e1neas ultradensas y latencias del orden del milisegundo, las cuales, en su conjunto, ofrecer\u00e1n ventajas sin precedentes en la industria, la educaci\u00f3n y el entretenimiento, entre otras, asegur\u00f3 la dependencia oficial en un comunicado.<\/strong><\/p>\n<p>La incorporaci\u00f3n de esta tecnolog\u00eda presenta una gran oportunidad de expansi\u00f3n de estas redes para impulsar la transformaci\u00f3n digital del pa\u00eds, con foco en el sector productivo, en la educaci\u00f3n y en la reducci\u00f3n de la brecha digital.<\/p>\n<p><strong>Con este evento, el Gobierno nacional comienza a dar los primeros pasos en la implementaci\u00f3n de avances t\u00e9cnicos revolucionarios y refuerza as\u00ed su compromiso con el desarrollo econ\u00f3mico y social del pa\u00eds.<\/strong><\/p>\n<p>En ese sentido, el Enacom ratific\u00f3 el compromiso de trabajar \u00abpara que la quinta generaci\u00f3n sea una herramienta igualitaria que provea un marco de ventajas sociales y ofrezca los instrumentos necesarios para fomentar el desarrollo, no solo en los grandes n\u00facleos econ\u00f3micos, sino en la totalidad del pa\u00eds, con un enfoque federal que consolide la inclusi\u00f3n digital\u00bb.<\/p>\n<p><strong>Pablo Peretti, Country Head de Ericsson Argentina<\/strong>, expres\u00f3 que con m\u00e1s de 100 a\u00f1os de operaci\u00f3n en el pa\u00eds, la compa\u00f1\u00eda llevar\u00e1 a las instalaciones del Enacom \u00abejemplos pr\u00e1cticos de c\u00f3mo el 5G permitir\u00e1 transformar la sociedad y habilitar\u00e1 nuevas oportunidades para diferentes sectores, tales como producci\u00f3n, educaci\u00f3n y salud, entre otros, contribuyendo al crecimiento y digitalizaci\u00f3n\u201d.<\/p>\n<p><strong>En similar sentido, Fernando Sosa, Country Senior Officer de Nokia en Argentina<\/strong>, destac\u00f3 que un reciente estudio determin\u00f3 que \u00abArgentina podr\u00eda tener un crecimiento econ\u00f3mico de 302 mil millones de d\u00f3lares entre este a\u00f1o y el 2035 si desplegara 5G, con una productividad de 778 mil millones de d\u00f3lares, generando un salto en la conveniencia para la poblaci\u00f3n, la productividad de las empresas y la gesti\u00f3n de los gobiernos\u00bb.<\/p>\n<p><strong>Finalmente, portavoces de Telecom, quienes se presentan a la muestra en compa\u00f1\u00eda de Huawei<\/strong>, recordaron que la operadora encendi\u00f3 \u00abla primera red 5G en el pa\u00eds, con sitios funcionando en las ciudades de Buenos Aires con Huawei y de Rosario con Nokia\u00bb, experiencias que permitir\u00e1n \u00abacompa\u00f1ar las pruebas de esta tecnolog\u00eda que est\u00e1 llevando adelante Enacom con los actores del ecosistema TIC\u00bb.<\/p>\n","protected":false},"excerpt":{"rendered":"<p>Se trata de un evento que tiene como protagonistas a los gigantes Ericsson, Huawei y Nokia, quienes dominan el mercado de la tecnolog\u00eda de quinta generaci\u00f3n y apuntan a mejorar la industria de la educaci\u00f3n y el entretenimiento.<\/p>\n","protected":false},"author":3,"featured_media":0,"comment_status":"closed","ping_status":"open","sticky":false,"template":"","format":"standard","meta":{"footnotes":""},"categories":[26],"tags":[],"class_list":["post-53678","post","type-post","status-publish","format-standard","hentry","category-sociedad"],"yoast_head":"<!-- This site is optimized with the Yoast SEO plugin v25.9 - https:\/\/yoast.com\/wordpress\/plugins\/seo\/ -->\n<title>Comienzan las pruebas de 5G en Argentina con las principales empresas TIC - Noticias Radio Reflejos<\/title>\n<meta name=\"robots\" content=\"index, follow, max-snippet:-1, max-image-preview:large, max-video-preview:-1\" \/>\n<link rel=\"canonical\" href=\"https:\/\/www.noticiasradioreflejos.com.ar\/2021\/comienzan-las-pruebas-de-5g-en-argentina-con-las-principales-empresas-tic\/\" \/>\n<meta property=\"og:locale\" content=\"es_ES\" \/>\n<meta property=\"og:type\" content=\"article\" \/>\n<meta property=\"og:title\" content=\"Comienzan las pruebas de 5G en Argentina con las principales empresas TIC - Noticias Radio Reflejos\" \/>\n<meta property=\"og:description\" content=\"Se trata de un evento que tiene como protagonistas a los gigantes Ericsson, Huawei y Nokia, quienes dominan el mercado de la tecnolog\u00eda de quinta generaci\u00f3n y apuntan a mejorar la industria de la educaci\u00f3n y el entretenimiento.\" \/>\n<meta property=\"og:url\" content=\"https:\/\/www.noticiasradioreflejos.com.ar\/2021\/comienzan-las-pruebas-de-5g-en-argentina-con-las-principales-empresas-tic\/\" \/>\n<meta property=\"og:site_name\" content=\"Noticias Radio Reflejos\" \/>\n<meta property=\"article:published_time\" content=\"2021-03-10T22:21:13+00:00\" \/>\n<meta property=\"og:image\" content=\"https:\/\/www.telam.com.ar\/advf\/imagenes\/2021\/01\/6000145295a29_1004x565.jpg\" \/>\n<meta name=\"author\" content=\"Arnaldo Botto\" \/>\n<meta name=\"twitter:card\" content=\"summary_large_image\" \/>\n<script type=\"application\/ld+json\" class=\"yoast-schema-graph\">{\"@context\":\"https:\/\/schema.org\",\"@graph\":[{\"@type\":\"WebPage\",\"@id\":\"https:\/\/www.noticiasradioreflejos.com.ar\/2021\/comienzan-las-pruebas-de-5g-en-argentina-con-las-principales-empresas-tic\/\",\"url\":\"https:\/\/www.noticiasradioreflejos.com.ar\/2021\/comienzan-las-pruebas-de-5g-en-argentina-con-las-principales-empresas-tic\/\",\"name\":\"Comienzan las pruebas de 5G en Argentina con las principales empresas TIC - Noticias Radio Reflejos\",\"isPartOf\":{\"@id\":\"https:\/\/www.noticiasradioreflejos.com.ar\/2021\/#website\"},\"primaryImageOfPage\":{\"@id\":\"https:\/\/www.noticiasradioreflejos.com.ar\/2021\/comienzan-las-pruebas-de-5g-en-argentina-con-las-principales-empresas-tic\/#primaryimage\"},\"image\":{\"@id\":\"https:\/\/www.noticiasradioreflejos.com.ar\/2021\/comienzan-las-pruebas-de-5g-en-argentina-con-las-principales-empresas-tic\/#primaryimage\"},\"thumbnailUrl\":\"https:\/\/www.telam.com.ar\/advf\/imagenes\/2021\/01\/6000145295a29_1004x565.jpg\",\"datePublished\":\"2021-03-10T22:21:13+00:00\",\"author\":{\"@id\":\"https:\/\/www.noticiasradioreflejos.com.ar\/2021\/#\/schema\/person\/ad82545263dcc5ec0996818884fd5fb1\"},\"breadcrumb\":{\"@id\":\"https:\/\/www.noticiasradioreflejos.com.ar\/2021\/comienzan-las-pruebas-de-5g-en-argentina-con-las-principales-empresas-tic\/#breadcrumb\"},\"inLanguage\":\"es\",\"potentialAction\":[{\"@type\":\"ReadAction\",\"target\":[\"https:\/\/www.noticiasradioreflejos.com.ar\/2021\/comienzan-las-pruebas-de-5g-en-argentina-con-las-principales-empresas-tic\/\"]}]},{\"@type\":\"ImageObject\",\"inLanguage\":\"es\",\"@id\":\"https:\/\/www.noticiasradioreflejos.com.ar\/2021\/comienzan-las-pruebas-de-5g-en-argentina-con-las-principales-empresas-tic\/#primaryimage\",\"url\":\"https:\/\/www.telam.com.ar\/advf\/imagenes\/2021\/01\/6000145295a29_1004x565.jpg\",\"contentUrl\":\"https:\/\/www.telam.com.ar\/advf\/imagenes\/2021\/01\/6000145295a29_1004x565.jpg\"},{\"@type\":\"BreadcrumbList\",\"@id\":\"https:\/\/www.noticiasradioreflejos.com.ar\/2021\/comienzan-las-pruebas-de-5g-en-argentina-con-las-principales-empresas-tic\/#breadcrumb\",\"itemListElement\":[{\"@type\":\"ListItem\",\"position\":1,\"name\":\"Portada\",\"item\":\"https:\/\/www.noticiasradioreflejos.com.ar\/2021\/\"},{\"@type\":\"ListItem\",\"position\":2,\"name\":\"Comienzan las pruebas de 5G en Argentina con las principales empresas TIC\"}]},{\"@type\":\"WebSite\",\"@id\":\"https:\/\/www.noticiasradioreflejos.com.ar\/2021\/#website\",\"url\":\"https:\/\/www.noticiasradioreflejos.com.ar\/2021\/\",\"name\":\"Noticias Radio Reflejos\",\"description\":\"Las noticias de mi comarca\",\"potentialAction\":[{\"@type\":\"SearchAction\",\"target\":{\"@type\":\"EntryPoint\",\"urlTemplate\":\"https:\/\/www.noticiasradioreflejos.com.ar\/2021\/?s={search_term_string}\"},\"query-input\":{\"@type\":\"PropertyValueSpecification\",\"valueRequired\":true,\"valueName\":\"search_term_string\"}}],\"inLanguage\":\"es\"},{\"@type\":\"Person\",\"@id\":\"https:\/\/www.noticiasradioreflejos.com.ar\/2021\/#\/schema\/person\/ad82545263dcc5ec0996818884fd5fb1\",\"name\":\"Arnaldo Botto\",\"image\":{\"@type\":\"ImageObject\",\"inLanguage\":\"es\",\"@id\":\"https:\/\/www.noticiasradioreflejos.com.ar\/2021\/#\/schema\/person\/image\/\",\"url\":\"https:\/\/secure.gravatar.com\/avatar\/55cb5e37c1efa326397366e6974cb338056df65cb50e7d64d1cf314e87504837?s=96&d=mm&r=g\",\"contentUrl\":\"https:\/\/secure.gravatar.com\/avatar\/55cb5e37c1efa326397366e6974cb338056df65cb50e7d64d1cf314e87504837?s=96&d=mm&r=g\",\"caption\":\"Arnaldo Botto\"},\"url\":\"https:\/\/www.noticiasradioreflejos.com.ar\/2021\/author\/arnaldo\/\"}]}<\/script>\n<!-- \/ Yoast SEO plugin. -->","yoast_head_json":{"title":"Comienzan las pruebas de 5G en Argentina con las principales empresas TIC - Noticias Radio Reflejos","robots":{"index":"index","follow":"follow","max-snippet":"max-snippet:-1","max-image-preview":"max-image-preview:large","max-video-preview":"max-video-preview:-1"},"canonical":"https:\/\/www.noticiasradioreflejos.com.ar\/2021\/comienzan-las-pruebas-de-5g-en-argentina-con-las-principales-empresas-tic\/","og_locale":"es_ES","og_type":"article","og_title":"Comienzan las pruebas de 5G en Argentina con las principales empresas TIC - Noticias Radio Reflejos","og_description":"Se trata de un evento que tiene como protagonistas a los gigantes Ericsson, Huawei y Nokia, quienes dominan el mercado de la tecnolog\u00eda de quinta generaci\u00f3n y apuntan a mejorar la industria de la educaci\u00f3n y el entretenimiento.","og_url":"https:\/\/www.noticiasradioreflejos.com.ar\/2021\/comienzan-las-pruebas-de-5g-en-argentina-con-las-principales-empresas-tic\/","og_site_name":"Noticias Radio Reflejos","article_published_time":"2021-03-10T22:21:13+00:00","og_image":[{"url":"https:\/\/www.telam.com.ar\/advf\/imagenes\/2021\/01\/6000145295a29_1004x565.jpg","type":"","width":"","height":""}],"author":"Arnaldo Botto","twitter_card":"summary_large_image","schema":{"@context":"https:\/\/schema.org","@graph":[{"@type":"WebPage","@id":"https:\/\/www.noticiasradioreflejos.com.ar\/2021\/comienzan-las-pruebas-de-5g-en-argentina-con-las-principales-empresas-tic\/","url":"https:\/\/www.noticiasradioreflejos.com.ar\/2021\/comienzan-las-pruebas-de-5g-en-argentina-con-las-principales-empresas-tic\/","name":"Comienzan las pruebas de 5G en Argentina con las principales empresas TIC - Noticias Radio Reflejos","isPartOf":{"@id":"https:\/\/www.noticiasradioreflejos.com.ar\/2021\/#website"},"primaryImageOfPage":{"@id":"https:\/\/www.noticiasradioreflejos.com.ar\/2021\/comienzan-las-pruebas-de-5g-en-argentina-con-las-principales-empresas-tic\/#primaryimage"},"image":{"@id":"https:\/\/www.noticiasradioreflejos.com.ar\/2021\/comienzan-las-pruebas-de-5g-en-argentina-con-las-principales-empresas-tic\/#primaryimage"},"thumbnailUrl":"https:\/\/www.telam.com.ar\/advf\/imagenes\/2021\/01\/6000145295a29_1004x565.jpg","datePublished":"2021-03-10T22:21:13+00:00","author":{"@id":"https:\/\/www.noticiasradioreflejos.com.ar\/2021\/#\/schema\/person\/ad82545263dcc5ec0996818884fd5fb1"},"breadcrumb":{"@id":"https:\/\/www.noticiasradioreflejos.com.ar\/2021\/comienzan-las-pruebas-de-5g-en-argentina-con-las-principales-empresas-tic\/#breadcrumb"},"inLanguage":"es","potentialAction":[{"@type":"ReadAction","target":["https:\/\/www.noticiasradioreflejos.com.ar\/2021\/comienzan-las-pruebas-de-5g-en-argentina-con-las-principales-empresas-tic\/"]}]},{"@type":"ImageObject","inLanguage":"es","@id":"https:\/\/www.noticiasradioreflejos.com.ar\/2021\/comienzan-las-pruebas-de-5g-en-argentina-con-las-principales-empresas-tic\/#primaryimage","url":"https:\/\/www.telam.com.ar\/advf\/imagenes\/2021\/01\/6000145295a29_1004x565.jpg","contentUrl":"https:\/\/www.telam.com.ar\/advf\/imagenes\/2021\/01\/6000145295a29_1004x565.jpg"},{"@type":"BreadcrumbList","@id":"https:\/\/www.noticiasradioreflejos.com.ar\/2021\/comienzan-las-pruebas-de-5g-en-argentina-con-las-principales-empresas-tic\/#breadcrumb","itemListElement":[{"@type":"ListItem","position":1,"name":"Portada","item":"https:\/\/www.noticiasradioreflejos.com.ar\/2021\/"},{"@type":"ListItem","position":2,"name":"Comienzan las pruebas de 5G en Argentina con las principales empresas TIC"}]},{"@type":"WebSite","@id":"https:\/\/www.noticiasradioreflejos.com.ar\/2021\/#website","url":"https:\/\/www.noticiasradioreflejos.com.ar\/2021\/","name":"Noticias Radio Reflejos","description":"Las noticias de mi comarca","potentialAction":[{"@type":"SearchAction","target":{"@type":"EntryPoint","urlTemplate":"https:\/\/www.noticiasradioreflejos.com.ar\/2021\/?s={search_term_string}"},"query-input":{"@type":"PropertyValueSpecification","valueRequired":true,"valueName":"search_term_string"}}],"inLanguage":"es"},{"@type":"Person","@id":"https:\/\/www.noticiasradioreflejos.com.ar\/2021\/#\/schema\/person\/ad82545263dcc5ec0996818884fd5fb1","name":"Arnaldo Botto","image":{"@type":"ImageObject","inLanguage":"es","@id":"https:\/\/www.noticiasradioreflejos.com.ar\/2021\/#\/schema\/person\/image\/","url":"https:\/\/secure.gravatar.com\/avatar\/55cb5e37c1efa326397366e6974cb338056df65cb50e7d64d1cf314e87504837?s=96&d=mm&r=g","contentUrl":"https:\/\/secure.gravatar.com\/avatar\/55cb5e37c1efa326397366e6974cb338056df65cb50e7d64d1cf314e87504837?s=96&d=mm&r=g","caption":"Arnaldo Botto"},"url":"https:\/\/www.noticiasradioreflejos.com.ar\/2021\/author\/arnaldo\/"}]}},"_links":{"self":[{"href":"https:\/\/www.noticiasradioreflejos.com.ar\/2021\/wp-json\/wp\/v2\/posts\/53678","targetHints":{"allow":["GET"]}}],"collection":[{"href":"https:\/\/www.noticiasradioreflejos.com.ar\/2021\/wp-json\/wp\/v2\/posts"}],"about":[{"href":"https:\/\/www.noticiasradioreflejos.com.ar\/2021\/wp-json\/wp\/v2\/types\/post"}],"author":[{"embeddable":true,"href":"https:\/\/www.noticiasradioreflejos.com.ar\/2021\/wp-json\/wp\/v2\/users\/3"}],"replies":[{"embeddable":true,"href":"https:\/\/www.noticiasradioreflejos.com.ar\/2021\/wp-json\/wp\/v2\/comments?post=53678"}],"version-history":[{"count":0,"href":"https:\/\/www.noticiasradioreflejos.com.ar\/2021\/wp-json\/wp\/v2\/posts\/53678\/revisions"}],"wp:attachment":[{"href":"https:\/\/www.noticiasradioreflejos.com.ar\/2021\/wp-json\/wp\/v2\/media?parent=53678"}],"wp:term":[{"taxonomy":"category","embeddable":true,"href":"https:\/\/www.noticiasradioreflejos.com.ar\/2021\/wp-json\/wp\/v2\/categories?post=53678"},{"taxonomy":"post_tag","embeddable":true,"href":"https:\/\/www.noticiasradioreflejos.com.ar\/2021\/wp-json\/wp\/v2\/tags?post=53678"}],"curies":[{"name":"wp","href":"https:\/\/api.w.org\/{rel}","templated":true}]}}