{"id":53675,"date":"2021-03-10T19:17:29","date_gmt":"2021-03-10T22:17:29","guid":{"rendered":"http:\/\/www.noticiasradioreflejos.com.ar\/noticias\/?p=53675"},"modified":"2021-03-10T19:17:29","modified_gmt":"2021-03-10T22:17:29","slug":"extinguieron-un-incendio-en-el-sector-serrano","status":"publish","type":"post","link":"https:\/\/www.noticiasradioreflejos.com.ar\/2021\/extinguieron-un-incendio-en-el-sector-serrano\/","title":{"rendered":"Extinguieron un incendio en el sector serrano"},"content":{"rendered":"<p>El viento habr\u00eda cortado un cable de tensi\u00f3n que origin\u00f3 el fuego.<!--more-->Los bomberos voluntarios de Tornquist fueron convocados este mi\u00e9rcoles, con el toque de sirena de la hora 10.08 por incendio sector Abra de la Ventana.(Entre el parque provincial y El Mirador), acompa\u00f1ados tambi\u00e9n por colaboradores que trabajaron, frente a los portones de ingreso al campamento base en uno de los cerros.<\/p>\n<p><a title=\"a2702e6fe6ea4cd7bf8419b87d4978bb-1-1.jpg_1280\" href=\"https:\/\/www.flickr.com\/photos\/182279889@N02\/51023888136\/in\/dateposted-public\/\" data-flickr-embed=\"true\"><img loading=\"lazy\" decoding=\"async\" src=\"https:\/\/live.staticflickr.com\/65535\/51023888136_7ebcdd66a0_c.jpg\" alt=\"a2702e6fe6ea4cd7bf8419b87d4978bb-1-1.jpg_1280\" width=\"800\" height=\"600\" \/><\/a><script src=\"\/\/embedr.flickr.com\/assets\/client-code.js\" async=\"\" charset=\"utf-8\"><\/script><\/p>\n<p>Las condiciones no ayudaban por el viento muy fuerte que permanecer\u00e1 as\u00ed durante toda la jornada con temperatura elevada de 33\u00ba.<\/p>\n<p>Hacia el mediod\u00eda se inform\u00f3 que hab\u00edan extinguido el fuego que no alcanz\u00f3 a expandirse. Por los fuertes vientos, un cable se habr\u00eda cortado y produjo el inicio del incendio seg\u00fan informaron a nuestra medio.<\/p>\n<p><strong>Fotos:\u00bbZurdo\u00bb Ortiz<\/strong><\/p>\n","protected":false},"excerpt":{"rendered":"<p>El viento habr\u00eda cortado un cable de tensi\u00f3n que origin\u00f3 el fuego.<\/p>\n","protected":false},"author":3,"featured_media":0,"comment_status":"closed","ping_status":"open","sticky":false,"template":"","format":"standard","meta":{"footnotes":""},"categories":[29],"tags":[],"class_list":["post-53675","post","type-post","status-publish","format-standard","hentry","category-policiales"],"yoast_head":"<!-- This site is optimized with the Yoast SEO plugin v25.9 - https:\/\/yoast.com\/wordpress\/plugins\/seo\/ -->\n<title>Extinguieron un incendio en el sector serrano - Noticias Radio Reflejos<\/title>\n<meta name=\"robots\" content=\"index, follow, max-snippet:-1, max-image-preview:large, max-video-preview:-1\" \/>\n<link rel=\"canonical\" href=\"https:\/\/www.noticiasradioreflejos.com.ar\/2021\/extinguieron-un-incendio-en-el-sector-serrano\/\" \/>\n<meta property=\"og:locale\" content=\"es_ES\" \/>\n<meta property=\"og:type\" content=\"article\" \/>\n<meta property=\"og:title\" content=\"Extinguieron un incendio en el sector serrano - Noticias Radio Reflejos\" \/>\n<meta property=\"og:description\" content=\"El viento habr\u00eda cortado un cable de tensi\u00f3n que origin\u00f3 el fuego.\" \/>\n<meta property=\"og:url\" content=\"https:\/\/www.noticiasradioreflejos.com.ar\/2021\/extinguieron-un-incendio-en-el-sector-serrano\/\" \/>\n<meta property=\"og:site_name\" content=\"Noticias Radio Reflejos\" \/>\n<meta property=\"article:published_time\" content=\"2021-03-10T22:17:29+00:00\" \/>\n<meta property=\"og:image\" content=\"https:\/\/live.staticflickr.com\/65535\/51023888136_7ebcdd66a0_c.jpg\" \/>\n<meta name=\"author\" content=\"Arnaldo Botto\" \/>\n<meta name=\"twitter:card\" content=\"summary_large_image\" \/>\n<script type=\"application\/ld+json\" class=\"yoast-schema-graph\">{\"@context\":\"https:\/\/schema.org\",\"@graph\":[{\"@type\":\"WebPage\",\"@id\":\"https:\/\/www.noticiasradioreflejos.com.ar\/2021\/extinguieron-un-incendio-en-el-sector-serrano\/\",\"url\":\"https:\/\/www.noticiasradioreflejos.com.ar\/2021\/extinguieron-un-incendio-en-el-sector-serrano\/\",\"name\":\"Extinguieron un incendio en el sector serrano - Noticias Radio Reflejos\",\"isPartOf\":{\"@id\":\"https:\/\/www.noticiasradioreflejos.com.ar\/2021\/#website\"},\"primaryImageOfPage\":{\"@id\":\"https:\/\/www.noticiasradioreflejos.com.ar\/2021\/extinguieron-un-incendio-en-el-sector-serrano\/#primaryimage\"},\"image\":{\"@id\":\"https:\/\/www.noticiasradioreflejos.com.ar\/2021\/extinguieron-un-incendio-en-el-sector-serrano\/#primaryimage\"},\"thumbnailUrl\":\"https:\/\/live.staticflickr.com\/65535\/51023888136_7ebcdd66a0_c.jpg\",\"datePublished\":\"2021-03-10T22:17:29+00:00\",\"author\":{\"@id\":\"https:\/\/www.noticiasradioreflejos.com.ar\/2021\/#\/schema\/person\/ad82545263dcc5ec0996818884fd5fb1\"},\"breadcrumb\":{\"@id\":\"https:\/\/www.noticiasradioreflejos.com.ar\/2021\/extinguieron-un-incendio-en-el-sector-serrano\/#breadcrumb\"},\"inLanguage\":\"es\",\"potentialAction\":[{\"@type\":\"ReadAction\",\"target\":[\"https:\/\/www.noticiasradioreflejos.com.ar\/2021\/extinguieron-un-incendio-en-el-sector-serrano\/\"]}]},{\"@type\":\"ImageObject\",\"inLanguage\":\"es\",\"@id\":\"https:\/\/www.noticiasradioreflejos.com.ar\/2021\/extinguieron-un-incendio-en-el-sector-serrano\/#primaryimage\",\"url\":\"https:\/\/live.staticflickr.com\/65535\/51023888136_7ebcdd66a0_c.jpg\",\"contentUrl\":\"https:\/\/live.staticflickr.com\/65535\/51023888136_7ebcdd66a0_c.jpg\"},{\"@type\":\"BreadcrumbList\",\"@id\":\"https:\/\/www.noticiasradioreflejos.com.ar\/2021\/extinguieron-un-incendio-en-el-sector-serrano\/#breadcrumb\",\"itemListElement\":[{\"@type\":\"ListItem\",\"position\":1,\"name\":\"Portada\",\"item\":\"https:\/\/www.noticiasradioreflejos.com.ar\/2021\/\"},{\"@type\":\"ListItem\",\"position\":2,\"name\":\"Extinguieron un incendio en el sector serrano\"}]},{\"@type\":\"WebSite\",\"@id\":\"https:\/\/www.noticiasradioreflejos.com.ar\/2021\/#website\",\"url\":\"https:\/\/www.noticiasradioreflejos.com.ar\/2021\/\",\"name\":\"Noticias Radio Reflejos\",\"description\":\"Las noticias de mi comarca\",\"potentialAction\":[{\"@type\":\"SearchAction\",\"target\":{\"@type\":\"EntryPoint\",\"urlTemplate\":\"https:\/\/www.noticiasradioreflejos.com.ar\/2021\/?s={search_term_string}\"},\"query-input\":{\"@type\":\"PropertyValueSpecification\",\"valueRequired\":true,\"valueName\":\"search_term_string\"}}],\"inLanguage\":\"es\"},{\"@type\":\"Person\",\"@id\":\"https:\/\/www.noticiasradioreflejos.com.ar\/2021\/#\/schema\/person\/ad82545263dcc5ec0996818884fd5fb1\",\"name\":\"Arnaldo Botto\",\"image\":{\"@type\":\"ImageObject\",\"inLanguage\":\"es\",\"@id\":\"https:\/\/www.noticiasradioreflejos.com.ar\/2021\/#\/schema\/person\/image\/\",\"url\":\"https:\/\/secure.gravatar.com\/avatar\/55cb5e37c1efa326397366e6974cb338056df65cb50e7d64d1cf314e87504837?s=96&d=mm&r=g\",\"contentUrl\":\"https:\/\/secure.gravatar.com\/avatar\/55cb5e37c1efa326397366e6974cb338056df65cb50e7d64d1cf314e87504837?s=96&d=mm&r=g\",\"caption\":\"Arnaldo Botto\"},\"url\":\"https:\/\/www.noticiasradioreflejos.com.ar\/2021\/author\/arnaldo\/\"}]}<\/script>\n<!-- \/ Yoast SEO plugin. -->","yoast_head_json":{"title":"Extinguieron un incendio en el sector serrano - Noticias Radio Reflejos","robots":{"index":"index","follow":"follow","max-snippet":"max-snippet:-1","max-image-preview":"max-image-preview:large","max-video-preview":"max-video-preview:-1"},"canonical":"https:\/\/www.noticiasradioreflejos.com.ar\/2021\/extinguieron-un-incendio-en-el-sector-serrano\/","og_locale":"es_ES","og_type":"article","og_title":"Extinguieron un incendio en el sector serrano - Noticias Radio Reflejos","og_description":"El viento habr\u00eda cortado un cable de tensi\u00f3n que origin\u00f3 el fuego.","og_url":"https:\/\/www.noticiasradioreflejos.com.ar\/2021\/extinguieron-un-incendio-en-el-sector-serrano\/","og_site_name":"Noticias Radio Reflejos","article_published_time":"2021-03-10T22:17:29+00:00","og_image":[{"url":"https:\/\/live.staticflickr.com\/65535\/51023888136_7ebcdd66a0_c.jpg","type":"","width":"","height":""}],"author":"Arnaldo Botto","twitter_card":"summary_large_image","schema":{"@context":"https:\/\/schema.org","@graph":[{"@type":"WebPage","@id":"https:\/\/www.noticiasradioreflejos.com.ar\/2021\/extinguieron-un-incendio-en-el-sector-serrano\/","url":"https:\/\/www.noticiasradioreflejos.com.ar\/2021\/extinguieron-un-incendio-en-el-sector-serrano\/","name":"Extinguieron un incendio en el sector serrano - Noticias Radio Reflejos","isPartOf":{"@id":"https:\/\/www.noticiasradioreflejos.com.ar\/2021\/#website"},"primaryImageOfPage":{"@id":"https:\/\/www.noticiasradioreflejos.com.ar\/2021\/extinguieron-un-incendio-en-el-sector-serrano\/#primaryimage"},"image":{"@id":"https:\/\/www.noticiasradioreflejos.com.ar\/2021\/extinguieron-un-incendio-en-el-sector-serrano\/#primaryimage"},"thumbnailUrl":"https:\/\/live.staticflickr.com\/65535\/51023888136_7ebcdd66a0_c.jpg","datePublished":"2021-03-10T22:17:29+00:00","author":{"@id":"https:\/\/www.noticiasradioreflejos.com.ar\/2021\/#\/schema\/person\/ad82545263dcc5ec0996818884fd5fb1"},"breadcrumb":{"@id":"https:\/\/www.noticiasradioreflejos.com.ar\/2021\/extinguieron-un-incendio-en-el-sector-serrano\/#breadcrumb"},"inLanguage":"es","potentialAction":[{"@type":"ReadAction","target":["https:\/\/www.noticiasradioreflejos.com.ar\/2021\/extinguieron-un-incendio-en-el-sector-serrano\/"]}]},{"@type":"ImageObject","inLanguage":"es","@id":"https:\/\/www.noticiasradioreflejos.com.ar\/2021\/extinguieron-un-incendio-en-el-sector-serrano\/#primaryimage","url":"https:\/\/live.staticflickr.com\/65535\/51023888136_7ebcdd66a0_c.jpg","contentUrl":"https:\/\/live.staticflickr.com\/65535\/51023888136_7ebcdd66a0_c.jpg"},{"@type":"BreadcrumbList","@id":"https:\/\/www.noticiasradioreflejos.com.ar\/2021\/extinguieron-un-incendio-en-el-sector-serrano\/#breadcrumb","itemListElement":[{"@type":"ListItem","position":1,"name":"Portada","item":"https:\/\/www.noticiasradioreflejos.com.ar\/2021\/"},{"@type":"ListItem","position":2,"name":"Extinguieron un incendio en el sector serrano"}]},{"@type":"WebSite","@id":"https:\/\/www.noticiasradioreflejos.com.ar\/2021\/#website","url":"https:\/\/www.noticiasradioreflejos.com.ar\/2021\/","name":"Noticias Radio Reflejos","description":"Las noticias de mi comarca","potentialAction":[{"@type":"SearchAction","target":{"@type":"EntryPoint","urlTemplate":"https:\/\/www.noticiasradioreflejos.com.ar\/2021\/?s={search_term_string}"},"query-input":{"@type":"PropertyValueSpecification","valueRequired":true,"valueName":"search_term_string"}}],"inLanguage":"es"},{"@type":"Person","@id":"https:\/\/www.noticiasradioreflejos.com.ar\/2021\/#\/schema\/person\/ad82545263dcc5ec0996818884fd5fb1","name":"Arnaldo Botto","image":{"@type":"ImageObject","inLanguage":"es","@id":"https:\/\/www.noticiasradioreflejos.com.ar\/2021\/#\/schema\/person\/image\/","url":"https:\/\/secure.gravatar.com\/avatar\/55cb5e37c1efa326397366e6974cb338056df65cb50e7d64d1cf314e87504837?s=96&d=mm&r=g","contentUrl":"https:\/\/secure.gravatar.com\/avatar\/55cb5e37c1efa326397366e6974cb338056df65cb50e7d64d1cf314e87504837?s=96&d=mm&r=g","caption":"Arnaldo Botto"},"url":"https:\/\/www.noticiasradioreflejos.com.ar\/2021\/author\/arnaldo\/"}]}},"_links":{"self":[{"href":"https:\/\/www.noticiasradioreflejos.com.ar\/2021\/wp-json\/wp\/v2\/posts\/53675","targetHints":{"allow":["GET"]}}],"collection":[{"href":"https:\/\/www.noticiasradioreflejos.com.ar\/2021\/wp-json\/wp\/v2\/posts"}],"about":[{"href":"https:\/\/www.noticiasradioreflejos.com.ar\/2021\/wp-json\/wp\/v2\/types\/post"}],"author":[{"embeddable":true,"href":"https:\/\/www.noticiasradioreflejos.com.ar\/2021\/wp-json\/wp\/v2\/users\/3"}],"replies":[{"embeddable":true,"href":"https:\/\/www.noticiasradioreflejos.com.ar\/2021\/wp-json\/wp\/v2\/comments?post=53675"}],"version-history":[{"count":0,"href":"https:\/\/www.noticiasradioreflejos.com.ar\/2021\/wp-json\/wp\/v2\/posts\/53675\/revisions"}],"wp:attachment":[{"href":"https:\/\/www.noticiasradioreflejos.com.ar\/2021\/wp-json\/wp\/v2\/media?parent=53675"}],"wp:term":[{"taxonomy":"category","embeddable":true,"href":"https:\/\/www.noticiasradioreflejos.com.ar\/2021\/wp-json\/wp\/v2\/categories?post=53675"},{"taxonomy":"post_tag","embeddable":true,"href":"https:\/\/www.noticiasradioreflejos.com.ar\/2021\/wp-json\/wp\/v2\/tags?post=53675"}],"curies":[{"name":"wp","href":"https:\/\/api.w.org\/{rel}","templated":true}]}}