{"id":53671,"date":"2021-03-10T18:32:36","date_gmt":"2021-03-10T21:32:36","guid":{"rendered":"http:\/\/www.noticiasradioreflejos.com.ar\/noticias\/?p=53671"},"modified":"2021-03-10T18:32:36","modified_gmt":"2021-03-10T21:32:36","slug":"el-viento-volo-parte-del-techo-en-la-terminal-de-omnibus","status":"publish","type":"post","link":"https:\/\/www.noticiasradioreflejos.com.ar\/2021\/el-viento-volo-parte-del-techo-en-la-terminal-de-omnibus\/","title":{"rendered":"Bah\u00eda Blanca: El viento vol\u00f3 parte del techo en la Terminal de \u00f3mnibus"},"content":{"rendered":"<p>Las r\u00e1fagas afectaron al sector comprendido entre la primera y la tercera d\u00e1rsena. De todos modos, y por precauci\u00f3n, quedar\u00e1 anulado un tramo m\u00e1s amplio. No hubo heridos.<!--more--><\/p>\n<div id=\"mvp-post-feat-img\" class=\"left relative mvp-post-feat-img-wide2\"><img loading=\"lazy\" decoding=\"async\" class=\"attachment- size- wp-post-image\" src=\"https:\/\/www.labrujula24.com\/wp-content\/uploads\/2021\/03\/techoterminala.jpg\" sizes=\"auto, (max-width: 1200px) 100vw, 1200px\" srcset=\"https:\/\/www.labrujula24.com\/wp-content\/uploads\/2021\/03\/techoterminala.jpg 1200w, https:\/\/www.labrujula24.com\/wp-content\/uploads\/2021\/03\/techoterminala-768x461.jpg 768w, https:\/\/www.labrujula24.com\/wp-content\/uploads\/2021\/03\/techoterminala-1000x600.jpg 1000w, https:\/\/www.labrujula24.com\/wp-content\/uploads\/2021\/03\/techoterminala-590x354.jpg 590w, https:\/\/www.labrujula24.com\/wp-content\/uploads\/2021\/03\/techoterminala-400x240.jpg 400w\" alt=\"\" width=\"1200\" height=\"720\" \/><\/div>\n<div id=\"mvp-content-wrap\" class=\"left relative\">\n<div class=\"mvp-post-soc-out right relative\">\n<div class=\"mvp-post-soc-in\">\n<div id=\"mvp-content-body\" class=\"left relative\">\n<div id=\"mvp-content-body-top\" class=\"left relative\">\n<div id=\"mvp-content-main\" class=\"left relative\">\n<div id=\"textbody\">\n<div class=\"code-block code-block-9\"><\/div>\n<div class=\"code-block code-block-2\"><\/div>\n<p>Las importantes r\u00e1fagas de viento que azotaron a nuestra ciudad desde las primeras horas del d\u00eda generaron un importante da\u00f1o en la Terminal de \u00d3mnibus San Francisco de Asis, donde se desprendi\u00f3 un importante tramo del techo en la zona de las d\u00e1rsenas.<\/p>\n<figure class=\"wp-block-image size-large\"><img loading=\"lazy\" decoding=\"async\" class=\"wp-image-112818\" src=\"https:\/\/www.labrujula24.com\/wp-content\/uploads\/2021\/03\/WhatsApp-Image-2021-03-10-at-5.09.28-PM.jpeg\" alt=\"\" width=\"720\" height=\"1280\" \/><\/figure>\n<p>El hecho ocurri\u00f3 aproximadamente a las 13 y afect\u00f3 principalmente a la zona ubicada entre las d\u00e1rsenas 1 y 3. \u00abSon placas de PVC que se desprendieron por el viento. Afortunadamente se dio en un horario donde hab\u00eda poco movimiento, por lo que no hab\u00eda personas en el lugar ni tampoco colectivos\u00bb, refiri\u00f3 Sebasti\u00e1n Marchese, encargado de la Terminal.<\/p>\n<div class=\"code-block code-block-11\"><\/div>\n<p>Tras el desprendimiento, y por precauci\u00f3n, se anul\u00f3 el tramo que va entre la primera d\u00e1rsena y la s\u00e9ptima. \u00abCuando lleguen los colectivos, los mandaremos entre la 10 y la 23\u00bb, aclar\u00f3 Marchese.<\/p>\n<p>\u00abRealizamos una primera observaci\u00f3n respecto al estado del techo no observamos problemas en el resto de la estructura. Se van a cambiar las placas y seguramente llevar\u00e1 un tiempo poder volver a habilitarlas\u00bb, mencion\u00f3.<\/p>\n<div class=\"code-block code-block-1\"><\/div>\n<p>Marchese mencion\u00f3 que no es la primera vez que hay r\u00e1fagas de estas caracter\u00edsticas, por lo que le resulta extra\u00f1o que haya sucedido algo as\u00ed.<\/p>\n<p>\u00abEn mi caso, hace tres meses que asum\u00ed en este caso, por lo que a partir de ahora evaluaremos el estado de todo el techo\u00bb, mencion\u00f3.<\/p>\n<p>En el lugar trabaj\u00f3 personal de Defensa Civil, bomberos y la gente de mantenimiento de la Terminal.<\/p>\n<h2>EL VIDEO<\/h2>\n<figure class=\"wp-block-embed is-type-video is-provider-youtube wp-block-embed-youtube wp-embed-aspect-4-3 wp-has-aspect-ratio\">\n<div class=\"wp-block-embed__wrapper\"><iframe loading=\"lazy\" title=\"Se vol\u00f3 un tramo del techo en la terminal de \u00f3mnibus San Francisco de Asis\" src=\"https:\/\/www.youtube.com\/embed\/OejPU6sHT5g?feature=oembed\" width=\"740\" height=\"555\" frameborder=\"0\" allowfullscreen=\"allowfullscreen\"><\/iframe><\/div>\n<\/figure>\n<div class=\"code-block code-block-3\"><\/div>\n<\/div>\n<\/div>\n<div id=\"mvp-content-bot\" class=\"left\">\u00a0<span style=\"color: #0000ff;\"><strong>Fuente La Br\u00fajula<\/strong><\/span><\/div>\n<\/div>\n<\/div>\n<\/div>\n<\/div>\n<\/div>\n","protected":false},"excerpt":{"rendered":"<p>Las r\u00e1fagas afectaron al sector comprendido entre la primera y la tercera d\u00e1rsena. De todos modos, y por precauci\u00f3n, quedar\u00e1 anulado un tramo m\u00e1s amplio. No hubo heridos.<\/p>\n","protected":false},"author":3,"featured_media":0,"comment_status":"closed","ping_status":"open","sticky":false,"template":"","format":"standard","meta":{"footnotes":""},"categories":[26],"tags":[],"class_list":["post-53671","post","type-post","status-publish","format-standard","hentry","category-sociedad"],"yoast_head":"<!-- This site is optimized with the Yoast SEO plugin v25.9 - https:\/\/yoast.com\/wordpress\/plugins\/seo\/ -->\n<title>Bah\u00eda Blanca: El viento vol\u00f3 parte del techo en la Terminal de \u00f3mnibus - Noticias Radio Reflejos<\/title>\n<meta name=\"robots\" content=\"index, follow, max-snippet:-1, max-image-preview:large, max-video-preview:-1\" \/>\n<link rel=\"canonical\" href=\"https:\/\/www.noticiasradioreflejos.com.ar\/2021\/el-viento-volo-parte-del-techo-en-la-terminal-de-omnibus\/\" \/>\n<meta property=\"og:locale\" content=\"es_ES\" \/>\n<meta property=\"og:type\" content=\"article\" \/>\n<meta property=\"og:title\" content=\"Bah\u00eda Blanca: El viento vol\u00f3 parte del techo en la Terminal de \u00f3mnibus - Noticias Radio Reflejos\" \/>\n<meta property=\"og:description\" content=\"Las r\u00e1fagas afectaron al sector comprendido entre la primera y la tercera d\u00e1rsena. De todos modos, y por precauci\u00f3n, quedar\u00e1 anulado un tramo m\u00e1s amplio. No hubo heridos.\" \/>\n<meta property=\"og:url\" content=\"https:\/\/www.noticiasradioreflejos.com.ar\/2021\/el-viento-volo-parte-del-techo-en-la-terminal-de-omnibus\/\" \/>\n<meta property=\"og:site_name\" content=\"Noticias Radio Reflejos\" \/>\n<meta property=\"article:published_time\" content=\"2021-03-10T21:32:36+00:00\" \/>\n<meta property=\"og:image\" content=\"https:\/\/www.labrujula24.com\/wp-content\/uploads\/2021\/03\/techoterminala.jpg\" \/>\n<meta name=\"author\" content=\"Arnaldo Botto\" \/>\n<meta name=\"twitter:card\" content=\"summary_large_image\" \/>\n<script type=\"application\/ld+json\" class=\"yoast-schema-graph\">{\"@context\":\"https:\/\/schema.org\",\"@graph\":[{\"@type\":\"WebPage\",\"@id\":\"https:\/\/www.noticiasradioreflejos.com.ar\/2021\/el-viento-volo-parte-del-techo-en-la-terminal-de-omnibus\/\",\"url\":\"https:\/\/www.noticiasradioreflejos.com.ar\/2021\/el-viento-volo-parte-del-techo-en-la-terminal-de-omnibus\/\",\"name\":\"Bah\u00eda Blanca: El viento vol\u00f3 parte del techo en la Terminal de \u00f3mnibus - Noticias Radio Reflejos\",\"isPartOf\":{\"@id\":\"https:\/\/www.noticiasradioreflejos.com.ar\/2021\/#website\"},\"primaryImageOfPage\":{\"@id\":\"https:\/\/www.noticiasradioreflejos.com.ar\/2021\/el-viento-volo-parte-del-techo-en-la-terminal-de-omnibus\/#primaryimage\"},\"image\":{\"@id\":\"https:\/\/www.noticiasradioreflejos.com.ar\/2021\/el-viento-volo-parte-del-techo-en-la-terminal-de-omnibus\/#primaryimage\"},\"thumbnailUrl\":\"https:\/\/www.labrujula24.com\/wp-content\/uploads\/2021\/03\/techoterminala.jpg\",\"datePublished\":\"2021-03-10T21:32:36+00:00\",\"author\":{\"@id\":\"https:\/\/www.noticiasradioreflejos.com.ar\/2021\/#\/schema\/person\/ad82545263dcc5ec0996818884fd5fb1\"},\"breadcrumb\":{\"@id\":\"https:\/\/www.noticiasradioreflejos.com.ar\/2021\/el-viento-volo-parte-del-techo-en-la-terminal-de-omnibus\/#breadcrumb\"},\"inLanguage\":\"es\",\"potentialAction\":[{\"@type\":\"ReadAction\",\"target\":[\"https:\/\/www.noticiasradioreflejos.com.ar\/2021\/el-viento-volo-parte-del-techo-en-la-terminal-de-omnibus\/\"]}]},{\"@type\":\"ImageObject\",\"inLanguage\":\"es\",\"@id\":\"https:\/\/www.noticiasradioreflejos.com.ar\/2021\/el-viento-volo-parte-del-techo-en-la-terminal-de-omnibus\/#primaryimage\",\"url\":\"https:\/\/www.labrujula24.com\/wp-content\/uploads\/2021\/03\/techoterminala.jpg\",\"contentUrl\":\"https:\/\/www.labrujula24.com\/wp-content\/uploads\/2021\/03\/techoterminala.jpg\"},{\"@type\":\"BreadcrumbList\",\"@id\":\"https:\/\/www.noticiasradioreflejos.com.ar\/2021\/el-viento-volo-parte-del-techo-en-la-terminal-de-omnibus\/#breadcrumb\",\"itemListElement\":[{\"@type\":\"ListItem\",\"position\":1,\"name\":\"Portada\",\"item\":\"https:\/\/www.noticiasradioreflejos.com.ar\/2021\/\"},{\"@type\":\"ListItem\",\"position\":2,\"name\":\"Bah\u00eda Blanca: El viento vol\u00f3 parte del techo en la Terminal de \u00f3mnibus\"}]},{\"@type\":\"WebSite\",\"@id\":\"https:\/\/www.noticiasradioreflejos.com.ar\/2021\/#website\",\"url\":\"https:\/\/www.noticiasradioreflejos.com.ar\/2021\/\",\"name\":\"Noticias Radio Reflejos\",\"description\":\"Las noticias de mi comarca\",\"potentialAction\":[{\"@type\":\"SearchAction\",\"target\":{\"@type\":\"EntryPoint\",\"urlTemplate\":\"https:\/\/www.noticiasradioreflejos.com.ar\/2021\/?s={search_term_string}\"},\"query-input\":{\"@type\":\"PropertyValueSpecification\",\"valueRequired\":true,\"valueName\":\"search_term_string\"}}],\"inLanguage\":\"es\"},{\"@type\":\"Person\",\"@id\":\"https:\/\/www.noticiasradioreflejos.com.ar\/2021\/#\/schema\/person\/ad82545263dcc5ec0996818884fd5fb1\",\"name\":\"Arnaldo Botto\",\"image\":{\"@type\":\"ImageObject\",\"inLanguage\":\"es\",\"@id\":\"https:\/\/www.noticiasradioreflejos.com.ar\/2021\/#\/schema\/person\/image\/\",\"url\":\"https:\/\/secure.gravatar.com\/avatar\/55cb5e37c1efa326397366e6974cb338056df65cb50e7d64d1cf314e87504837?s=96&d=mm&r=g\",\"contentUrl\":\"https:\/\/secure.gravatar.com\/avatar\/55cb5e37c1efa326397366e6974cb338056df65cb50e7d64d1cf314e87504837?s=96&d=mm&r=g\",\"caption\":\"Arnaldo Botto\"},\"url\":\"https:\/\/www.noticiasradioreflejos.com.ar\/2021\/author\/arnaldo\/\"}]}<\/script>\n<!-- \/ Yoast SEO plugin. -->","yoast_head_json":{"title":"Bah\u00eda Blanca: El viento vol\u00f3 parte del techo en la Terminal de \u00f3mnibus - Noticias Radio Reflejos","robots":{"index":"index","follow":"follow","max-snippet":"max-snippet:-1","max-image-preview":"max-image-preview:large","max-video-preview":"max-video-preview:-1"},"canonical":"https:\/\/www.noticiasradioreflejos.com.ar\/2021\/el-viento-volo-parte-del-techo-en-la-terminal-de-omnibus\/","og_locale":"es_ES","og_type":"article","og_title":"Bah\u00eda Blanca: El viento vol\u00f3 parte del techo en la Terminal de \u00f3mnibus - Noticias Radio Reflejos","og_description":"Las r\u00e1fagas afectaron al sector comprendido entre la primera y la tercera d\u00e1rsena. De todos modos, y por precauci\u00f3n, quedar\u00e1 anulado un tramo m\u00e1s amplio. No hubo heridos.","og_url":"https:\/\/www.noticiasradioreflejos.com.ar\/2021\/el-viento-volo-parte-del-techo-en-la-terminal-de-omnibus\/","og_site_name":"Noticias Radio Reflejos","article_published_time":"2021-03-10T21:32:36+00:00","og_image":[{"url":"https:\/\/www.labrujula24.com\/wp-content\/uploads\/2021\/03\/techoterminala.jpg","type":"","width":"","height":""}],"author":"Arnaldo Botto","twitter_card":"summary_large_image","schema":{"@context":"https:\/\/schema.org","@graph":[{"@type":"WebPage","@id":"https:\/\/www.noticiasradioreflejos.com.ar\/2021\/el-viento-volo-parte-del-techo-en-la-terminal-de-omnibus\/","url":"https:\/\/www.noticiasradioreflejos.com.ar\/2021\/el-viento-volo-parte-del-techo-en-la-terminal-de-omnibus\/","name":"Bah\u00eda Blanca: El viento vol\u00f3 parte del techo en la Terminal de \u00f3mnibus - Noticias Radio Reflejos","isPartOf":{"@id":"https:\/\/www.noticiasradioreflejos.com.ar\/2021\/#website"},"primaryImageOfPage":{"@id":"https:\/\/www.noticiasradioreflejos.com.ar\/2021\/el-viento-volo-parte-del-techo-en-la-terminal-de-omnibus\/#primaryimage"},"image":{"@id":"https:\/\/www.noticiasradioreflejos.com.ar\/2021\/el-viento-volo-parte-del-techo-en-la-terminal-de-omnibus\/#primaryimage"},"thumbnailUrl":"https:\/\/www.labrujula24.com\/wp-content\/uploads\/2021\/03\/techoterminala.jpg","datePublished":"2021-03-10T21:32:36+00:00","author":{"@id":"https:\/\/www.noticiasradioreflejos.com.ar\/2021\/#\/schema\/person\/ad82545263dcc5ec0996818884fd5fb1"},"breadcrumb":{"@id":"https:\/\/www.noticiasradioreflejos.com.ar\/2021\/el-viento-volo-parte-del-techo-en-la-terminal-de-omnibus\/#breadcrumb"},"inLanguage":"es","potentialAction":[{"@type":"ReadAction","target":["https:\/\/www.noticiasradioreflejos.com.ar\/2021\/el-viento-volo-parte-del-techo-en-la-terminal-de-omnibus\/"]}]},{"@type":"ImageObject","inLanguage":"es","@id":"https:\/\/www.noticiasradioreflejos.com.ar\/2021\/el-viento-volo-parte-del-techo-en-la-terminal-de-omnibus\/#primaryimage","url":"https:\/\/www.labrujula24.com\/wp-content\/uploads\/2021\/03\/techoterminala.jpg","contentUrl":"https:\/\/www.labrujula24.com\/wp-content\/uploads\/2021\/03\/techoterminala.jpg"},{"@type":"BreadcrumbList","@id":"https:\/\/www.noticiasradioreflejos.com.ar\/2021\/el-viento-volo-parte-del-techo-en-la-terminal-de-omnibus\/#breadcrumb","itemListElement":[{"@type":"ListItem","position":1,"name":"Portada","item":"https:\/\/www.noticiasradioreflejos.com.ar\/2021\/"},{"@type":"ListItem","position":2,"name":"Bah\u00eda Blanca: El viento vol\u00f3 parte del techo en la Terminal de \u00f3mnibus"}]},{"@type":"WebSite","@id":"https:\/\/www.noticiasradioreflejos.com.ar\/2021\/#website","url":"https:\/\/www.noticiasradioreflejos.com.ar\/2021\/","name":"Noticias Radio Reflejos","description":"Las noticias de mi comarca","potentialAction":[{"@type":"SearchAction","target":{"@type":"EntryPoint","urlTemplate":"https:\/\/www.noticiasradioreflejos.com.ar\/2021\/?s={search_term_string}"},"query-input":{"@type":"PropertyValueSpecification","valueRequired":true,"valueName":"search_term_string"}}],"inLanguage":"es"},{"@type":"Person","@id":"https:\/\/www.noticiasradioreflejos.com.ar\/2021\/#\/schema\/person\/ad82545263dcc5ec0996818884fd5fb1","name":"Arnaldo Botto","image":{"@type":"ImageObject","inLanguage":"es","@id":"https:\/\/www.noticiasradioreflejos.com.ar\/2021\/#\/schema\/person\/image\/","url":"https:\/\/secure.gravatar.com\/avatar\/55cb5e37c1efa326397366e6974cb338056df65cb50e7d64d1cf314e87504837?s=96&d=mm&r=g","contentUrl":"https:\/\/secure.gravatar.com\/avatar\/55cb5e37c1efa326397366e6974cb338056df65cb50e7d64d1cf314e87504837?s=96&d=mm&r=g","caption":"Arnaldo Botto"},"url":"https:\/\/www.noticiasradioreflejos.com.ar\/2021\/author\/arnaldo\/"}]}},"_links":{"self":[{"href":"https:\/\/www.noticiasradioreflejos.com.ar\/2021\/wp-json\/wp\/v2\/posts\/53671","targetHints":{"allow":["GET"]}}],"collection":[{"href":"https:\/\/www.noticiasradioreflejos.com.ar\/2021\/wp-json\/wp\/v2\/posts"}],"about":[{"href":"https:\/\/www.noticiasradioreflejos.com.ar\/2021\/wp-json\/wp\/v2\/types\/post"}],"author":[{"embeddable":true,"href":"https:\/\/www.noticiasradioreflejos.com.ar\/2021\/wp-json\/wp\/v2\/users\/3"}],"replies":[{"embeddable":true,"href":"https:\/\/www.noticiasradioreflejos.com.ar\/2021\/wp-json\/wp\/v2\/comments?post=53671"}],"version-history":[{"count":0,"href":"https:\/\/www.noticiasradioreflejos.com.ar\/2021\/wp-json\/wp\/v2\/posts\/53671\/revisions"}],"wp:attachment":[{"href":"https:\/\/www.noticiasradioreflejos.com.ar\/2021\/wp-json\/wp\/v2\/media?parent=53671"}],"wp:term":[{"taxonomy":"category","embeddable":true,"href":"https:\/\/www.noticiasradioreflejos.com.ar\/2021\/wp-json\/wp\/v2\/categories?post=53671"},{"taxonomy":"post_tag","embeddable":true,"href":"https:\/\/www.noticiasradioreflejos.com.ar\/2021\/wp-json\/wp\/v2\/tags?post=53671"}],"curies":[{"name":"wp","href":"https:\/\/api.w.org\/{rel}","templated":true}]}}