{"id":53662,"date":"2021-03-10T15:37:58","date_gmt":"2021-03-10T18:37:58","guid":{"rendered":"http:\/\/www.noticiasradioreflejos.com.ar\/noticias\/?p=53662"},"modified":"2021-03-10T15:37:58","modified_gmt":"2021-03-10T18:37:58","slug":"las-asociaciones-civiles-podran-registrarse-en-la-anses","status":"publish","type":"post","link":"https:\/\/www.noticiasradioreflejos.com.ar\/2021\/las-asociaciones-civiles-podran-registrarse-en-la-anses\/","title":{"rendered":"Las Asociaciones Civiles podr\u00e1n registrarse en la ANSES"},"content":{"rendered":"<p><a href=\"http:\/\/www.noticiasradioreflejos.com.ar\/noticias\/wp-content\/uploads\/2021\/03\/Fernanda-Raverta-y-Julio-Alak.jpg\"><img loading=\"lazy\" decoding=\"async\" class=\"alignleft size-medium wp-image-53663\" src=\"http:\/\/www.noticiasradioreflejos.com.ar\/noticias\/wp-content\/uploads\/2021\/03\/Fernanda-Raverta-y-Julio-Alak-300x200.jpg\" alt=\"Fernanda Raverta y Julio Alak\" width=\"300\" height=\"200\" \/><\/a>La directora ejecutiva de la ANSES, Fernanda Raverta, y el ministro de Justicia y Derechos Humanos de la provincia de Buenos Aires, Julio Alak, firmaron hoy un convenio de colaboraci\u00f3n para dar cumplimiento a la Ley N\u00b0 15.192, que establece las herramientas para promover y facilitar la constituci\u00f3n de asociaciones civiles como clubes de barrio, centro de jubilados, centros culturales, sociedades de fomento, jardines comunitarios y organizaciones de comunidades migrantes en el territorio bonaerense.<!--more--><\/p>\n<p>Durante el evento, Raverta explic\u00f3 que \u201cesta pol\u00edtica es muy importante para nosotros, porque desde la ANSES entendemos que los cambios vienen con la l\u00f3gica de una salida comunitaria que permita dar soluciones a los argentinos y a las argentinas. A trav\u00e9s de este instrumento que firmamos hoy nos ponemos a disposici\u00f3n para lograr ese objetivo que nos permitir\u00e1 institucionalizar y certificar firmas para el desarrollo de proyectos y sue\u00f1os, porque tenemos un Estado que resuelve y acompa\u00f1a\u201d.<\/p>\n<p>Por su parte, Alak reconoci\u00f3 a Raverta por su predisposici\u00f3n y trabajo, al tiempo que a\u00f1adi\u00f3: \u201cCon este convenio vamos a constituir y formalizar a las asociaciones civiles en las oficinas de la ANSES. Hoy es el primer paso, y es un paso muy importante porque miles de entidades de la Provincia que no puedan dirigirse hasta la ciudad de La Plata para regularizarse ahora pueden ir directamente a la ANSES\u201d.<\/p>\n<p>De esta manera, quienes deseen conformar asociaciones de tipo club de barrio, centro de jubilados, centro cultural, jard\u00edn comunitario, sociedad de fomento u organizaci\u00f3n de comunidades migrantes podr\u00e1n tramitar su registraci\u00f3n en cualquier delegaci\u00f3n de la ANSES<\/p>\n<p>El convenio de apoyo rec\u00edproco entre ambos organismos permite a la ANSES extender actas constitutivas y estatutos de adhesi\u00f3n para el establecimiento de las asociaciones civiles, las que estar\u00e1n sujetas a la posterior legitimaci\u00f3n y registraci\u00f3n ante la Direcci\u00f3n Provincial de Personas Jur\u00eddicas de Justicia y DDHH.<\/p>\n<p>Adem\u00e1s, se prev\u00e9 que el personal de la ANSES reciba capacitaci\u00f3n especial para poder recepcionar las solicitudes y realizar las derivaciones pertinentes de los tr\u00e1mites ante la Direcci\u00f3n Provincial de Personas Jur\u00eddicas.<\/p>\n","protected":false},"excerpt":{"rendered":"<p>La directora ejecutiva de la ANSES, Fernanda Raverta, y el ministro de Justicia y Derechos Humanos de la provincia de Buenos Aires, Julio Alak, firmaron hoy un convenio de colaboraci\u00f3n para dar cumplimiento a la Ley N\u00b0 15.192, que establece las herramientas para promover y facilitar la constituci\u00f3n de asociaciones civiles como clubes de barrio, [&hellip;]<\/p>\n","protected":false},"author":3,"featured_media":0,"comment_status":"closed","ping_status":"open","sticky":false,"template":"","format":"standard","meta":{"footnotes":""},"categories":[25],"tags":[],"class_list":["post-53662","post","type-post","status-publish","format-standard","hentry","category-uncategorized"],"yoast_head":"<!-- This site is optimized with the Yoast SEO plugin v25.9 - https:\/\/yoast.com\/wordpress\/plugins\/seo\/ -->\n<title>Las Asociaciones Civiles podr\u00e1n registrarse en la ANSES - Noticias Radio Reflejos<\/title>\n<meta name=\"robots\" content=\"index, follow, max-snippet:-1, max-image-preview:large, max-video-preview:-1\" \/>\n<link rel=\"canonical\" href=\"https:\/\/www.noticiasradioreflejos.com.ar\/2021\/las-asociaciones-civiles-podran-registrarse-en-la-anses\/\" \/>\n<meta property=\"og:locale\" content=\"es_ES\" \/>\n<meta property=\"og:type\" content=\"article\" \/>\n<meta property=\"og:title\" content=\"Las Asociaciones Civiles podr\u00e1n registrarse en la ANSES - Noticias Radio Reflejos\" \/>\n<meta property=\"og:description\" content=\"La directora ejecutiva de la ANSES, Fernanda Raverta, y el ministro de Justicia y Derechos Humanos de la provincia de Buenos Aires, Julio Alak, firmaron hoy un convenio de colaboraci\u00f3n para dar cumplimiento a la Ley N\u00b0 15.192, que establece las herramientas para promover y facilitar la constituci\u00f3n de asociaciones civiles como clubes de barrio, [&hellip;]\" \/>\n<meta property=\"og:url\" content=\"https:\/\/www.noticiasradioreflejos.com.ar\/2021\/las-asociaciones-civiles-podran-registrarse-en-la-anses\/\" \/>\n<meta property=\"og:site_name\" content=\"Noticias Radio Reflejos\" \/>\n<meta property=\"article:published_time\" content=\"2021-03-10T18:37:58+00:00\" \/>\n<meta property=\"og:image\" content=\"https:\/\/www.noticiasradioreflejos.com.ar\/2021\/wp-content\/uploads\/2021\/07\/logosol300x200.png\" \/>\n\t<meta property=\"og:image:width\" content=\"300\" \/>\n\t<meta property=\"og:image:height\" content=\"200\" \/>\n\t<meta property=\"og:image:type\" content=\"image\/png\" \/>\n<meta name=\"author\" content=\"Arnaldo Botto\" \/>\n<meta name=\"twitter:card\" content=\"summary_large_image\" \/>\n<script type=\"application\/ld+json\" class=\"yoast-schema-graph\">{\"@context\":\"https:\/\/schema.org\",\"@graph\":[{\"@type\":\"WebPage\",\"@id\":\"https:\/\/www.noticiasradioreflejos.com.ar\/2021\/las-asociaciones-civiles-podran-registrarse-en-la-anses\/\",\"url\":\"https:\/\/www.noticiasradioreflejos.com.ar\/2021\/las-asociaciones-civiles-podran-registrarse-en-la-anses\/\",\"name\":\"Las Asociaciones Civiles podr\u00e1n registrarse en la ANSES - Noticias Radio Reflejos\",\"isPartOf\":{\"@id\":\"https:\/\/www.noticiasradioreflejos.com.ar\/2021\/#website\"},\"primaryImageOfPage\":{\"@id\":\"https:\/\/www.noticiasradioreflejos.com.ar\/2021\/las-asociaciones-civiles-podran-registrarse-en-la-anses\/#primaryimage\"},\"image\":{\"@id\":\"https:\/\/www.noticiasradioreflejos.com.ar\/2021\/las-asociaciones-civiles-podran-registrarse-en-la-anses\/#primaryimage\"},\"thumbnailUrl\":\"http:\/\/www.noticiasradioreflejos.com.ar\/noticias\/wp-content\/uploads\/2021\/03\/Fernanda-Raverta-y-Julio-Alak-300x200.jpg\",\"datePublished\":\"2021-03-10T18:37:58+00:00\",\"author\":{\"@id\":\"https:\/\/www.noticiasradioreflejos.com.ar\/2021\/#\/schema\/person\/ad82545263dcc5ec0996818884fd5fb1\"},\"breadcrumb\":{\"@id\":\"https:\/\/www.noticiasradioreflejos.com.ar\/2021\/las-asociaciones-civiles-podran-registrarse-en-la-anses\/#breadcrumb\"},\"inLanguage\":\"es\",\"potentialAction\":[{\"@type\":\"ReadAction\",\"target\":[\"https:\/\/www.noticiasradioreflejos.com.ar\/2021\/las-asociaciones-civiles-podran-registrarse-en-la-anses\/\"]}]},{\"@type\":\"ImageObject\",\"inLanguage\":\"es\",\"@id\":\"https:\/\/www.noticiasradioreflejos.com.ar\/2021\/las-asociaciones-civiles-podran-registrarse-en-la-anses\/#primaryimage\",\"url\":\"http:\/\/www.noticiasradioreflejos.com.ar\/noticias\/wp-content\/uploads\/2021\/03\/Fernanda-Raverta-y-Julio-Alak-300x200.jpg\",\"contentUrl\":\"http:\/\/www.noticiasradioreflejos.com.ar\/noticias\/wp-content\/uploads\/2021\/03\/Fernanda-Raverta-y-Julio-Alak-300x200.jpg\"},{\"@type\":\"BreadcrumbList\",\"@id\":\"https:\/\/www.noticiasradioreflejos.com.ar\/2021\/las-asociaciones-civiles-podran-registrarse-en-la-anses\/#breadcrumb\",\"itemListElement\":[{\"@type\":\"ListItem\",\"position\":1,\"name\":\"Portada\",\"item\":\"https:\/\/www.noticiasradioreflejos.com.ar\/2021\/\"},{\"@type\":\"ListItem\",\"position\":2,\"name\":\"Las Asociaciones Civiles podr\u00e1n registrarse en la ANSES\"}]},{\"@type\":\"WebSite\",\"@id\":\"https:\/\/www.noticiasradioreflejos.com.ar\/2021\/#website\",\"url\":\"https:\/\/www.noticiasradioreflejos.com.ar\/2021\/\",\"name\":\"Noticias Radio Reflejos\",\"description\":\"Las noticias de mi comarca\",\"potentialAction\":[{\"@type\":\"SearchAction\",\"target\":{\"@type\":\"EntryPoint\",\"urlTemplate\":\"https:\/\/www.noticiasradioreflejos.com.ar\/2021\/?s={search_term_string}\"},\"query-input\":{\"@type\":\"PropertyValueSpecification\",\"valueRequired\":true,\"valueName\":\"search_term_string\"}}],\"inLanguage\":\"es\"},{\"@type\":\"Person\",\"@id\":\"https:\/\/www.noticiasradioreflejos.com.ar\/2021\/#\/schema\/person\/ad82545263dcc5ec0996818884fd5fb1\",\"name\":\"Arnaldo Botto\",\"image\":{\"@type\":\"ImageObject\",\"inLanguage\":\"es\",\"@id\":\"https:\/\/www.noticiasradioreflejos.com.ar\/2021\/#\/schema\/person\/image\/\",\"url\":\"https:\/\/secure.gravatar.com\/avatar\/55cb5e37c1efa326397366e6974cb338056df65cb50e7d64d1cf314e87504837?s=96&d=mm&r=g\",\"contentUrl\":\"https:\/\/secure.gravatar.com\/avatar\/55cb5e37c1efa326397366e6974cb338056df65cb50e7d64d1cf314e87504837?s=96&d=mm&r=g\",\"caption\":\"Arnaldo Botto\"},\"url\":\"https:\/\/www.noticiasradioreflejos.com.ar\/2021\/author\/arnaldo\/\"}]}<\/script>\n<!-- \/ Yoast SEO plugin. -->","yoast_head_json":{"title":"Las Asociaciones Civiles podr\u00e1n registrarse en la ANSES - Noticias Radio Reflejos","robots":{"index":"index","follow":"follow","max-snippet":"max-snippet:-1","max-image-preview":"max-image-preview:large","max-video-preview":"max-video-preview:-1"},"canonical":"https:\/\/www.noticiasradioreflejos.com.ar\/2021\/las-asociaciones-civiles-podran-registrarse-en-la-anses\/","og_locale":"es_ES","og_type":"article","og_title":"Las Asociaciones Civiles podr\u00e1n registrarse en la ANSES - Noticias Radio Reflejos","og_description":"La directora ejecutiva de la ANSES, Fernanda Raverta, y el ministro de Justicia y Derechos Humanos de la provincia de Buenos Aires, Julio Alak, firmaron hoy un convenio de colaboraci\u00f3n para dar cumplimiento a la Ley N\u00b0 15.192, que establece las herramientas para promover y facilitar la constituci\u00f3n de asociaciones civiles como clubes de barrio, [&hellip;]","og_url":"https:\/\/www.noticiasradioreflejos.com.ar\/2021\/las-asociaciones-civiles-podran-registrarse-en-la-anses\/","og_site_name":"Noticias Radio Reflejos","article_published_time":"2021-03-10T18:37:58+00:00","og_image":[{"width":300,"height":200,"url":"https:\/\/www.noticiasradioreflejos.com.ar\/2021\/wp-content\/uploads\/2021\/07\/logosol300x200.png","type":"image\/png"}],"author":"Arnaldo Botto","twitter_card":"summary_large_image","schema":{"@context":"https:\/\/schema.org","@graph":[{"@type":"WebPage","@id":"https:\/\/www.noticiasradioreflejos.com.ar\/2021\/las-asociaciones-civiles-podran-registrarse-en-la-anses\/","url":"https:\/\/www.noticiasradioreflejos.com.ar\/2021\/las-asociaciones-civiles-podran-registrarse-en-la-anses\/","name":"Las Asociaciones Civiles podr\u00e1n registrarse en la ANSES - Noticias Radio Reflejos","isPartOf":{"@id":"https:\/\/www.noticiasradioreflejos.com.ar\/2021\/#website"},"primaryImageOfPage":{"@id":"https:\/\/www.noticiasradioreflejos.com.ar\/2021\/las-asociaciones-civiles-podran-registrarse-en-la-anses\/#primaryimage"},"image":{"@id":"https:\/\/www.noticiasradioreflejos.com.ar\/2021\/las-asociaciones-civiles-podran-registrarse-en-la-anses\/#primaryimage"},"thumbnailUrl":"http:\/\/www.noticiasradioreflejos.com.ar\/noticias\/wp-content\/uploads\/2021\/03\/Fernanda-Raverta-y-Julio-Alak-300x200.jpg","datePublished":"2021-03-10T18:37:58+00:00","author":{"@id":"https:\/\/www.noticiasradioreflejos.com.ar\/2021\/#\/schema\/person\/ad82545263dcc5ec0996818884fd5fb1"},"breadcrumb":{"@id":"https:\/\/www.noticiasradioreflejos.com.ar\/2021\/las-asociaciones-civiles-podran-registrarse-en-la-anses\/#breadcrumb"},"inLanguage":"es","potentialAction":[{"@type":"ReadAction","target":["https:\/\/www.noticiasradioreflejos.com.ar\/2021\/las-asociaciones-civiles-podran-registrarse-en-la-anses\/"]}]},{"@type":"ImageObject","inLanguage":"es","@id":"https:\/\/www.noticiasradioreflejos.com.ar\/2021\/las-asociaciones-civiles-podran-registrarse-en-la-anses\/#primaryimage","url":"http:\/\/www.noticiasradioreflejos.com.ar\/noticias\/wp-content\/uploads\/2021\/03\/Fernanda-Raverta-y-Julio-Alak-300x200.jpg","contentUrl":"http:\/\/www.noticiasradioreflejos.com.ar\/noticias\/wp-content\/uploads\/2021\/03\/Fernanda-Raverta-y-Julio-Alak-300x200.jpg"},{"@type":"BreadcrumbList","@id":"https:\/\/www.noticiasradioreflejos.com.ar\/2021\/las-asociaciones-civiles-podran-registrarse-en-la-anses\/#breadcrumb","itemListElement":[{"@type":"ListItem","position":1,"name":"Portada","item":"https:\/\/www.noticiasradioreflejos.com.ar\/2021\/"},{"@type":"ListItem","position":2,"name":"Las Asociaciones Civiles podr\u00e1n registrarse en la ANSES"}]},{"@type":"WebSite","@id":"https:\/\/www.noticiasradioreflejos.com.ar\/2021\/#website","url":"https:\/\/www.noticiasradioreflejos.com.ar\/2021\/","name":"Noticias Radio Reflejos","description":"Las noticias de mi comarca","potentialAction":[{"@type":"SearchAction","target":{"@type":"EntryPoint","urlTemplate":"https:\/\/www.noticiasradioreflejos.com.ar\/2021\/?s={search_term_string}"},"query-input":{"@type":"PropertyValueSpecification","valueRequired":true,"valueName":"search_term_string"}}],"inLanguage":"es"},{"@type":"Person","@id":"https:\/\/www.noticiasradioreflejos.com.ar\/2021\/#\/schema\/person\/ad82545263dcc5ec0996818884fd5fb1","name":"Arnaldo Botto","image":{"@type":"ImageObject","inLanguage":"es","@id":"https:\/\/www.noticiasradioreflejos.com.ar\/2021\/#\/schema\/person\/image\/","url":"https:\/\/secure.gravatar.com\/avatar\/55cb5e37c1efa326397366e6974cb338056df65cb50e7d64d1cf314e87504837?s=96&d=mm&r=g","contentUrl":"https:\/\/secure.gravatar.com\/avatar\/55cb5e37c1efa326397366e6974cb338056df65cb50e7d64d1cf314e87504837?s=96&d=mm&r=g","caption":"Arnaldo Botto"},"url":"https:\/\/www.noticiasradioreflejos.com.ar\/2021\/author\/arnaldo\/"}]}},"_links":{"self":[{"href":"https:\/\/www.noticiasradioreflejos.com.ar\/2021\/wp-json\/wp\/v2\/posts\/53662","targetHints":{"allow":["GET"]}}],"collection":[{"href":"https:\/\/www.noticiasradioreflejos.com.ar\/2021\/wp-json\/wp\/v2\/posts"}],"about":[{"href":"https:\/\/www.noticiasradioreflejos.com.ar\/2021\/wp-json\/wp\/v2\/types\/post"}],"author":[{"embeddable":true,"href":"https:\/\/www.noticiasradioreflejos.com.ar\/2021\/wp-json\/wp\/v2\/users\/3"}],"replies":[{"embeddable":true,"href":"https:\/\/www.noticiasradioreflejos.com.ar\/2021\/wp-json\/wp\/v2\/comments?post=53662"}],"version-history":[{"count":0,"href":"https:\/\/www.noticiasradioreflejos.com.ar\/2021\/wp-json\/wp\/v2\/posts\/53662\/revisions"}],"wp:attachment":[{"href":"https:\/\/www.noticiasradioreflejos.com.ar\/2021\/wp-json\/wp\/v2\/media?parent=53662"}],"wp:term":[{"taxonomy":"category","embeddable":true,"href":"https:\/\/www.noticiasradioreflejos.com.ar\/2021\/wp-json\/wp\/v2\/categories?post=53662"},{"taxonomy":"post_tag","embeddable":true,"href":"https:\/\/www.noticiasradioreflejos.com.ar\/2021\/wp-json\/wp\/v2\/tags?post=53662"}],"curies":[{"name":"wp","href":"https:\/\/api.w.org\/{rel}","templated":true}]}}