{"id":53636,"date":"2021-03-10T08:40:39","date_gmt":"2021-03-10T11:40:39","guid":{"rendered":"http:\/\/www.noticiasradioreflejos.com.ar\/noticias\/?p=53636"},"modified":"2021-03-10T08:40:39","modified_gmt":"2021-03-10T11:40:39","slug":"extenderan-el-programa-ahora-12-hasta-junio-cuales-serian-los-cambios","status":"publish","type":"post","link":"https:\/\/www.noticiasradioreflejos.com.ar\/2021\/extenderan-el-programa-ahora-12-hasta-junio-cuales-serian-los-cambios\/","title":{"rendered":"Extender\u00e1n el programa Ahora 12 hasta junio: cu\u00e1les ser\u00edan los cambios"},"content":{"rendered":"<p>A 20 d\u00edas de que venza la \u00faltima pr\u00f3rroga que se estableci\u00f3 para el Programa Ahora 12, el Gobierno trabaja para definir nuevas condiciones. Seg\u00fan adelantaron fuentes que participan de la negociaci\u00f3n, desde abril no continuar\u00e1n los tres meses de gracia debido a que fue una medida excepcional para impulsar el consumo ante la salida de la cuarentena.<!--more--><\/p>\n<p>Adem\u00e1s, la Secretar\u00eda de Comercio Interior que dirige Paula Espa\u00f1ol analiza cambios en los rubros habilitados y pone en duda si continuar\u00e1 el financiamiento de 3 y 6 cuotas sin inter\u00e9s en comercios vinculados al sector servicios. Por ejemplo, apunta a servicios educativos como cursos de idiomas o de t\u00e9cnicos inform\u00e1ticos, dado que \u00abestuvieron muy damnificados por la pandemia\u00bb.<\/p>\n<div class=\"code-block code-block-11\"><\/div>\n<p>Algunos de los sectores que dejar\u00edan de ser parte del programa son gastos en balnearios, por la finalizaci\u00f3n de la temporada, en reparaciones tanto de autos como de electrodom\u00e9sticos, peluquer\u00edas y centros de est\u00e9tica, servicios de catering y organizaci\u00f3n de eventos, gastos en educaci\u00f3n, sin incluir colegios y universidades y servicios de fotograf\u00eda.<\/p>\n<p>\u00abLos tres meses de gracia fueron claves, sobre todo para las compras de fin de a\u00f1o porque permit\u00edan comenzar pagar los consumos desde este abril. As\u00ed, la gente anticip\u00f3 compras principalmente en electrodom\u00e9sticos, electr\u00f3nica e inform\u00e1tica (que ayud\u00f3 en el inicio de clases\u00bb y de bienes durables\u00bb, sostuvo Dami\u00e1n Di Pace, economista especialista en consumo y director de Focus Market.<\/p>\n<div class=\"code-block code-block-1\"><\/div>\n<p>En el cuarto trimestre de 2020, tres de cada diez compras que se hicieron con tarjetas de cr\u00e9dito en el pa\u00eds pasaron por los &#8216;planes de cuota Ahora&#8217; y, si se analiza concretamente las operaciones dentro del programa, los planes Ahora 12 significan el 50% y los Ahora 18 el 20%, seg\u00fan los datos de Prisma.<\/p>\n<p>El costo de las cuotas sin inter\u00e9s lo asumen en la mayor\u00eda de los casos las cadenas comerciales. Los bancos actualmente reclaman que la tasa que pagan los comercios no alcanza para cubrir los costos y por eso se deber\u00edan aumentar. Hoy son en promedio del 20% cuando dicen que deber\u00edan estar cerca del 37%, como los plazos fijos.<\/p>\n<p>El per\u00edodo de gracia del programa que financia bienes de producci\u00f3n nacional y servicios prestados en el pa\u00eds se aplica solo para Ahora 12 y Ahora 18 y, tambi\u00e9n representa un costo adicional para los bancos que empiezan a cobrar a los cuatro meses.<\/p>\n<p>En la \u00faltima actualizaci\u00f3n del plan, en diciembre, la principal modificaci\u00f3n hab\u00eda sido el aumento del tope de financiamiento un 40%, de $180.000 a $250.000, por el avance de la inflaci\u00f3n. Esta vez, todav\u00eda no se sabe si volver\u00e1n a subir los montos m\u00e1ximos, pero fuentes oficiales adelantaron que los topes desde esta actualizaci\u00f3n se podr\u00edan empezar a aplicar en compras de bienes durables como televisiones o celulares.<\/p>\n<div class=\"code-block code-block-6\"><\/div>\n<p><strong>Fuente:<\/strong>\u00a0Cronista.<\/p>\n<\/div>\n<\/div>\n<\/div>\n<\/div>\n<\/div>\n<\/div>\n<\/div>\n<\/div>\n<\/div>\n<\/div>\n","protected":false},"excerpt":{"rendered":"<p>A 20 d\u00edas de que venza la \u00faltima pr\u00f3rroga que se estableci\u00f3 para el Programa Ahora 12, el Gobierno trabaja para definir nuevas condiciones. Seg\u00fan adelantaron fuentes que participan de la negociaci\u00f3n, desde abril no continuar\u00e1n los tres meses de gracia debido a que fue una medida excepcional para impulsar el consumo ante la salida [&hellip;]<\/p>\n","protected":false},"author":3,"featured_media":0,"comment_status":"closed","ping_status":"open","sticky":false,"template":"","format":"standard","meta":{"footnotes":""},"categories":[36,24],"tags":[],"class_list":["post-53636","post","type-post","status-publish","format-standard","hentry","category-economia","category-politica"],"yoast_head":"<!-- This site is optimized with the Yoast SEO plugin v25.9 - https:\/\/yoast.com\/wordpress\/plugins\/seo\/ -->\n<title>Extender\u00e1n el programa Ahora 12 hasta junio: cu\u00e1les ser\u00edan los cambios - Noticias Radio Reflejos<\/title>\n<meta name=\"robots\" content=\"index, follow, max-snippet:-1, max-image-preview:large, max-video-preview:-1\" \/>\n<link rel=\"canonical\" href=\"https:\/\/www.noticiasradioreflejos.com.ar\/2021\/extenderan-el-programa-ahora-12-hasta-junio-cuales-serian-los-cambios\/\" \/>\n<meta property=\"og:locale\" content=\"es_ES\" \/>\n<meta property=\"og:type\" content=\"article\" \/>\n<meta property=\"og:title\" content=\"Extender\u00e1n el programa Ahora 12 hasta junio: cu\u00e1les ser\u00edan los cambios - Noticias Radio Reflejos\" \/>\n<meta property=\"og:description\" content=\"A 20 d\u00edas de que venza la \u00faltima pr\u00f3rroga que se estableci\u00f3 para el Programa Ahora 12, el Gobierno trabaja para definir nuevas condiciones. Seg\u00fan adelantaron fuentes que participan de la negociaci\u00f3n, desde abril no continuar\u00e1n los tres meses de gracia debido a que fue una medida excepcional para impulsar el consumo ante la salida [&hellip;]\" \/>\n<meta property=\"og:url\" content=\"https:\/\/www.noticiasradioreflejos.com.ar\/2021\/extenderan-el-programa-ahora-12-hasta-junio-cuales-serian-los-cambios\/\" \/>\n<meta property=\"og:site_name\" content=\"Noticias Radio Reflejos\" \/>\n<meta property=\"article:published_time\" content=\"2021-03-10T11:40:39+00:00\" \/>\n<meta property=\"og:image\" content=\"https:\/\/www.noticiasradioreflejos.com.ar\/2021\/wp-content\/uploads\/2021\/07\/logosol300x200.png\" \/>\n\t<meta property=\"og:image:width\" content=\"300\" \/>\n\t<meta property=\"og:image:height\" content=\"200\" \/>\n\t<meta property=\"og:image:type\" content=\"image\/png\" \/>\n<meta name=\"author\" content=\"Arnaldo Botto\" \/>\n<meta name=\"twitter:card\" content=\"summary_large_image\" \/>\n<script type=\"application\/ld+json\" class=\"yoast-schema-graph\">{\"@context\":\"https:\/\/schema.org\",\"@graph\":[{\"@type\":\"WebPage\",\"@id\":\"https:\/\/www.noticiasradioreflejos.com.ar\/2021\/extenderan-el-programa-ahora-12-hasta-junio-cuales-serian-los-cambios\/\",\"url\":\"https:\/\/www.noticiasradioreflejos.com.ar\/2021\/extenderan-el-programa-ahora-12-hasta-junio-cuales-serian-los-cambios\/\",\"name\":\"Extender\u00e1n el programa Ahora 12 hasta junio: cu\u00e1les ser\u00edan los cambios - Noticias Radio Reflejos\",\"isPartOf\":{\"@id\":\"https:\/\/www.noticiasradioreflejos.com.ar\/2021\/#website\"},\"datePublished\":\"2021-03-10T11:40:39+00:00\",\"author\":{\"@id\":\"https:\/\/www.noticiasradioreflejos.com.ar\/2021\/#\/schema\/person\/ad82545263dcc5ec0996818884fd5fb1\"},\"breadcrumb\":{\"@id\":\"https:\/\/www.noticiasradioreflejos.com.ar\/2021\/extenderan-el-programa-ahora-12-hasta-junio-cuales-serian-los-cambios\/#breadcrumb\"},\"inLanguage\":\"es\",\"potentialAction\":[{\"@type\":\"ReadAction\",\"target\":[\"https:\/\/www.noticiasradioreflejos.com.ar\/2021\/extenderan-el-programa-ahora-12-hasta-junio-cuales-serian-los-cambios\/\"]}]},{\"@type\":\"BreadcrumbList\",\"@id\":\"https:\/\/www.noticiasradioreflejos.com.ar\/2021\/extenderan-el-programa-ahora-12-hasta-junio-cuales-serian-los-cambios\/#breadcrumb\",\"itemListElement\":[{\"@type\":\"ListItem\",\"position\":1,\"name\":\"Portada\",\"item\":\"https:\/\/www.noticiasradioreflejos.com.ar\/2021\/\"},{\"@type\":\"ListItem\",\"position\":2,\"name\":\"Extender\u00e1n el programa Ahora 12 hasta junio: cu\u00e1les ser\u00edan los cambios\"}]},{\"@type\":\"WebSite\",\"@id\":\"https:\/\/www.noticiasradioreflejos.com.ar\/2021\/#website\",\"url\":\"https:\/\/www.noticiasradioreflejos.com.ar\/2021\/\",\"name\":\"Noticias Radio Reflejos\",\"description\":\"Las noticias de mi comarca\",\"potentialAction\":[{\"@type\":\"SearchAction\",\"target\":{\"@type\":\"EntryPoint\",\"urlTemplate\":\"https:\/\/www.noticiasradioreflejos.com.ar\/2021\/?s={search_term_string}\"},\"query-input\":{\"@type\":\"PropertyValueSpecification\",\"valueRequired\":true,\"valueName\":\"search_term_string\"}}],\"inLanguage\":\"es\"},{\"@type\":\"Person\",\"@id\":\"https:\/\/www.noticiasradioreflejos.com.ar\/2021\/#\/schema\/person\/ad82545263dcc5ec0996818884fd5fb1\",\"name\":\"Arnaldo Botto\",\"image\":{\"@type\":\"ImageObject\",\"inLanguage\":\"es\",\"@id\":\"https:\/\/www.noticiasradioreflejos.com.ar\/2021\/#\/schema\/person\/image\/\",\"url\":\"https:\/\/secure.gravatar.com\/avatar\/55cb5e37c1efa326397366e6974cb338056df65cb50e7d64d1cf314e87504837?s=96&d=mm&r=g\",\"contentUrl\":\"https:\/\/secure.gravatar.com\/avatar\/55cb5e37c1efa326397366e6974cb338056df65cb50e7d64d1cf314e87504837?s=96&d=mm&r=g\",\"caption\":\"Arnaldo Botto\"},\"url\":\"https:\/\/www.noticiasradioreflejos.com.ar\/2021\/author\/arnaldo\/\"}]}<\/script>\n<!-- \/ Yoast SEO plugin. -->","yoast_head_json":{"title":"Extender\u00e1n el programa Ahora 12 hasta junio: cu\u00e1les ser\u00edan los cambios - Noticias Radio Reflejos","robots":{"index":"index","follow":"follow","max-snippet":"max-snippet:-1","max-image-preview":"max-image-preview:large","max-video-preview":"max-video-preview:-1"},"canonical":"https:\/\/www.noticiasradioreflejos.com.ar\/2021\/extenderan-el-programa-ahora-12-hasta-junio-cuales-serian-los-cambios\/","og_locale":"es_ES","og_type":"article","og_title":"Extender\u00e1n el programa Ahora 12 hasta junio: cu\u00e1les ser\u00edan los cambios - Noticias Radio Reflejos","og_description":"A 20 d\u00edas de que venza la \u00faltima pr\u00f3rroga que se estableci\u00f3 para el Programa Ahora 12, el Gobierno trabaja para definir nuevas condiciones. Seg\u00fan adelantaron fuentes que participan de la negociaci\u00f3n, desde abril no continuar\u00e1n los tres meses de gracia debido a que fue una medida excepcional para impulsar el consumo ante la salida [&hellip;]","og_url":"https:\/\/www.noticiasradioreflejos.com.ar\/2021\/extenderan-el-programa-ahora-12-hasta-junio-cuales-serian-los-cambios\/","og_site_name":"Noticias Radio Reflejos","article_published_time":"2021-03-10T11:40:39+00:00","og_image":[{"width":300,"height":200,"url":"https:\/\/www.noticiasradioreflejos.com.ar\/2021\/wp-content\/uploads\/2021\/07\/logosol300x200.png","type":"image\/png"}],"author":"Arnaldo Botto","twitter_card":"summary_large_image","schema":{"@context":"https:\/\/schema.org","@graph":[{"@type":"WebPage","@id":"https:\/\/www.noticiasradioreflejos.com.ar\/2021\/extenderan-el-programa-ahora-12-hasta-junio-cuales-serian-los-cambios\/","url":"https:\/\/www.noticiasradioreflejos.com.ar\/2021\/extenderan-el-programa-ahora-12-hasta-junio-cuales-serian-los-cambios\/","name":"Extender\u00e1n el programa Ahora 12 hasta junio: cu\u00e1les ser\u00edan los cambios - Noticias Radio Reflejos","isPartOf":{"@id":"https:\/\/www.noticiasradioreflejos.com.ar\/2021\/#website"},"datePublished":"2021-03-10T11:40:39+00:00","author":{"@id":"https:\/\/www.noticiasradioreflejos.com.ar\/2021\/#\/schema\/person\/ad82545263dcc5ec0996818884fd5fb1"},"breadcrumb":{"@id":"https:\/\/www.noticiasradioreflejos.com.ar\/2021\/extenderan-el-programa-ahora-12-hasta-junio-cuales-serian-los-cambios\/#breadcrumb"},"inLanguage":"es","potentialAction":[{"@type":"ReadAction","target":["https:\/\/www.noticiasradioreflejos.com.ar\/2021\/extenderan-el-programa-ahora-12-hasta-junio-cuales-serian-los-cambios\/"]}]},{"@type":"BreadcrumbList","@id":"https:\/\/www.noticiasradioreflejos.com.ar\/2021\/extenderan-el-programa-ahora-12-hasta-junio-cuales-serian-los-cambios\/#breadcrumb","itemListElement":[{"@type":"ListItem","position":1,"name":"Portada","item":"https:\/\/www.noticiasradioreflejos.com.ar\/2021\/"},{"@type":"ListItem","position":2,"name":"Extender\u00e1n el programa Ahora 12 hasta junio: cu\u00e1les ser\u00edan los cambios"}]},{"@type":"WebSite","@id":"https:\/\/www.noticiasradioreflejos.com.ar\/2021\/#website","url":"https:\/\/www.noticiasradioreflejos.com.ar\/2021\/","name":"Noticias Radio Reflejos","description":"Las noticias de mi comarca","potentialAction":[{"@type":"SearchAction","target":{"@type":"EntryPoint","urlTemplate":"https:\/\/www.noticiasradioreflejos.com.ar\/2021\/?s={search_term_string}"},"query-input":{"@type":"PropertyValueSpecification","valueRequired":true,"valueName":"search_term_string"}}],"inLanguage":"es"},{"@type":"Person","@id":"https:\/\/www.noticiasradioreflejos.com.ar\/2021\/#\/schema\/person\/ad82545263dcc5ec0996818884fd5fb1","name":"Arnaldo Botto","image":{"@type":"ImageObject","inLanguage":"es","@id":"https:\/\/www.noticiasradioreflejos.com.ar\/2021\/#\/schema\/person\/image\/","url":"https:\/\/secure.gravatar.com\/avatar\/55cb5e37c1efa326397366e6974cb338056df65cb50e7d64d1cf314e87504837?s=96&d=mm&r=g","contentUrl":"https:\/\/secure.gravatar.com\/avatar\/55cb5e37c1efa326397366e6974cb338056df65cb50e7d64d1cf314e87504837?s=96&d=mm&r=g","caption":"Arnaldo Botto"},"url":"https:\/\/www.noticiasradioreflejos.com.ar\/2021\/author\/arnaldo\/"}]}},"_links":{"self":[{"href":"https:\/\/www.noticiasradioreflejos.com.ar\/2021\/wp-json\/wp\/v2\/posts\/53636","targetHints":{"allow":["GET"]}}],"collection":[{"href":"https:\/\/www.noticiasradioreflejos.com.ar\/2021\/wp-json\/wp\/v2\/posts"}],"about":[{"href":"https:\/\/www.noticiasradioreflejos.com.ar\/2021\/wp-json\/wp\/v2\/types\/post"}],"author":[{"embeddable":true,"href":"https:\/\/www.noticiasradioreflejos.com.ar\/2021\/wp-json\/wp\/v2\/users\/3"}],"replies":[{"embeddable":true,"href":"https:\/\/www.noticiasradioreflejos.com.ar\/2021\/wp-json\/wp\/v2\/comments?post=53636"}],"version-history":[{"count":0,"href":"https:\/\/www.noticiasradioreflejos.com.ar\/2021\/wp-json\/wp\/v2\/posts\/53636\/revisions"}],"wp:attachment":[{"href":"https:\/\/www.noticiasradioreflejos.com.ar\/2021\/wp-json\/wp\/v2\/media?parent=53636"}],"wp:term":[{"taxonomy":"category","embeddable":true,"href":"https:\/\/www.noticiasradioreflejos.com.ar\/2021\/wp-json\/wp\/v2\/categories?post=53636"},{"taxonomy":"post_tag","embeddable":true,"href":"https:\/\/www.noticiasradioreflejos.com.ar\/2021\/wp-json\/wp\/v2\/tags?post=53636"}],"curies":[{"name":"wp","href":"https:\/\/api.w.org\/{rel}","templated":true}]}}