{"id":53633,"date":"2021-03-10T08:27:57","date_gmt":"2021-03-10T11:27:57","guid":{"rendered":"http:\/\/www.noticiasradioreflejos.com.ar\/noticias\/?p=53633"},"modified":"2021-03-10T08:27:57","modified_gmt":"2021-03-10T11:27:57","slug":"celebramos-los-avances-en-la-lucha-por-nuestros-derechos-y-no-dejamos-de-recordar-los-femicidios","status":"publish","type":"post","link":"https:\/\/www.noticiasradioreflejos.com.ar\/2021\/celebramos-los-avances-en-la-lucha-por-nuestros-derechos-y-no-dejamos-de-recordar-los-femicidios\/","title":{"rendered":"\u201cCelebramos los avances en la lucha por nuestros derechos y no dejamos de recordar los femicidios\u00bb"},"content":{"rendered":"<p>Conceptos de la Lic. Eleonora Ardanaz, Secretar\u00eda Acad\u00e9mica de la Universidad Nacional del Sur, Historiadora e Investigadora, en el marco del D\u00eda de la Mujer.<!--more--><br \/>\nEn el marco del D\u00eda Internacional de la Mujer, dialog\u00f3 con nuestro medio la Licenciada Eleonora Ardanaz, Secretar\u00eda Acad\u00e9mica de la Universidad Nacional del Sur, Historiadora e Investigadora, quien iba a brindar una charla en este lunes en el teatro municipal y que finalmente, por cuestiones personas, no pudo dar.<\/p>\n<p>Elaborando su tesis con temas que tienen que ver con g\u00e9neros y feminismos, son orientadas a desglosar t\u00e9rminos y temas como el feminismo, sus acepciones, y el recorrido hist\u00f3rico (en su revisionismo) de las olas feministas a lo largo de los siglos. <\/p>\n<p>\u201cCuando hablamos del D\u00eda de la Mujer, en realidad estamos conmemorando la muerte de 100 trabajadoras que murieron reclamando por mejoras laborales en una f\u00e1brica textil en Estados Unidos\u201d, explica, motivo por el cual lejos est\u00e1 de ser un d\u00eda festivo o c\u00e9lebre y se evoca m\u00e1s al lado conmemorativo y de reflexi\u00f3n. <\/p>\n<p>\u201cCuando uno tiene perspectiva hist\u00f3rica, podemos observar que el tema del aborto es cuestionado desde el siglo XIX y reci\u00e9n la legalidad se obtiene en el siglo XIX\u201d, indic\u00f3, mencionando que \u201ccelebramos los avances en la lucha por nuestros derechos y no dejamos de recordar los femicidios que siguen teniendo lugar\u201d. <\/p>\n<p>Respecto a la diversidad de g\u00e9nero y feminismo, sostiene que \u201cno s\u00e9 por qu\u00e9 se hace esa asociaci\u00f3n, aunque lo cierto es que este espacio es habitado por personas heterosexuales, homosexuales y pansexuales, entre otras tantas. Por suerte contamos con el matrimonio igualitario\u201d, concluy\u00f3.<\/p>\n<p><iframe loading=\"lazy\" width=\"100%\" height=\"166\" scrolling=\"no\" frameborder=\"no\" allow=\"autoplay\" src=\"https:\/\/w.soundcloud.com\/player\/?url=https%3A\/\/api.soundcloud.com\/tracks\/1004042596&#038;color=%23ff5500&#038;auto_play=false&#038;hide_related=false&#038;show_comments=true&#038;show_user=true&#038;show_reposts=false&#038;show_teaser=true\"><\/iframe><\/p>\n<div style=\"font-size: 10px; color: #cccccc;line-break: anywhere;word-break: normal;overflow: hidden;white-space: nowrap;text-overflow: ellipsis; font-family: Interstate,Lucida Grande,Lucida Sans Unicode,Lucida Sans,Garuda,Verdana,Tahoma,sans-serif;font-weight: 100;\"><a href=\"https:\/\/soundcloud.com\/fmreflejos-103-7\" title=\"fmreflejos 103.7\" target=\"_blank\" style=\"color: #cccccc; text-decoration: none;\" rel=\"noopener\">fmreflejos 103.7<\/a> \u00b7 <a href=\"https:\/\/soundcloud.com\/fmreflejos-103-7\/eleeonora-ardanazmp3-original\" title=\"Eleeonora - Ardanaz.mp3 Original\" target=\"_blank\" style=\"color: #cccccc; text-decoration: none;\" rel=\"noopener\">Eleeonora &#8211; Ardanaz.mp3 Original<\/a><\/div>\n","protected":false},"excerpt":{"rendered":"<p>Conceptos de la Lic. Eleonora Ardanaz, Secretar\u00eda Acad\u00e9mica de la Universidad Nacional del Sur, Historiadora e Investigadora, en el marco del D\u00eda de la Mujer.<\/p>\n","protected":false},"author":3,"featured_media":0,"comment_status":"closed","ping_status":"open","sticky":false,"template":"","format":"standard","meta":{"footnotes":""},"categories":[24,26],"tags":[],"class_list":["post-53633","post","type-post","status-publish","format-standard","hentry","category-politica","category-sociedad"],"yoast_head":"<!-- This site is optimized with the Yoast SEO plugin v25.9 - https:\/\/yoast.com\/wordpress\/plugins\/seo\/ -->\n<title>\u201cCelebramos los avances en la lucha por nuestros derechos y no dejamos de recordar los femicidios&quot; - Noticias Radio Reflejos<\/title>\n<meta name=\"robots\" content=\"index, follow, max-snippet:-1, max-image-preview:large, max-video-preview:-1\" \/>\n<link rel=\"canonical\" href=\"https:\/\/www.noticiasradioreflejos.com.ar\/2021\/celebramos-los-avances-en-la-lucha-por-nuestros-derechos-y-no-dejamos-de-recordar-los-femicidios\/\" \/>\n<meta property=\"og:locale\" content=\"es_ES\" \/>\n<meta property=\"og:type\" content=\"article\" \/>\n<meta property=\"og:title\" content=\"\u201cCelebramos los avances en la lucha por nuestros derechos y no dejamos de recordar los femicidios&quot; - Noticias Radio Reflejos\" \/>\n<meta property=\"og:description\" content=\"Conceptos de la Lic. Eleonora Ardanaz, Secretar\u00eda Acad\u00e9mica de la Universidad Nacional del Sur, Historiadora e Investigadora, en el marco del D\u00eda de la Mujer.\" \/>\n<meta property=\"og:url\" content=\"https:\/\/www.noticiasradioreflejos.com.ar\/2021\/celebramos-los-avances-en-la-lucha-por-nuestros-derechos-y-no-dejamos-de-recordar-los-femicidios\/\" \/>\n<meta property=\"og:site_name\" content=\"Noticias Radio Reflejos\" \/>\n<meta property=\"article:published_time\" content=\"2021-03-10T11:27:57+00:00\" \/>\n<meta property=\"og:image\" content=\"https:\/\/www.noticiasradioreflejos.com.ar\/2021\/wp-content\/uploads\/2021\/07\/logosol300x200.png\" \/>\n\t<meta property=\"og:image:width\" content=\"300\" \/>\n\t<meta property=\"og:image:height\" content=\"200\" \/>\n\t<meta property=\"og:image:type\" content=\"image\/png\" \/>\n<meta name=\"author\" content=\"Arnaldo Botto\" \/>\n<meta name=\"twitter:card\" content=\"summary_large_image\" \/>\n<script type=\"application\/ld+json\" class=\"yoast-schema-graph\">{\"@context\":\"https:\/\/schema.org\",\"@graph\":[{\"@type\":\"WebPage\",\"@id\":\"https:\/\/www.noticiasradioreflejos.com.ar\/2021\/celebramos-los-avances-en-la-lucha-por-nuestros-derechos-y-no-dejamos-de-recordar-los-femicidios\/\",\"url\":\"https:\/\/www.noticiasradioreflejos.com.ar\/2021\/celebramos-los-avances-en-la-lucha-por-nuestros-derechos-y-no-dejamos-de-recordar-los-femicidios\/\",\"name\":\"\u201cCelebramos los avances en la lucha por nuestros derechos y no dejamos de recordar los femicidios\\\" - Noticias Radio Reflejos\",\"isPartOf\":{\"@id\":\"https:\/\/www.noticiasradioreflejos.com.ar\/2021\/#website\"},\"datePublished\":\"2021-03-10T11:27:57+00:00\",\"author\":{\"@id\":\"https:\/\/www.noticiasradioreflejos.com.ar\/2021\/#\/schema\/person\/ad82545263dcc5ec0996818884fd5fb1\"},\"breadcrumb\":{\"@id\":\"https:\/\/www.noticiasradioreflejos.com.ar\/2021\/celebramos-los-avances-en-la-lucha-por-nuestros-derechos-y-no-dejamos-de-recordar-los-femicidios\/#breadcrumb\"},\"inLanguage\":\"es\",\"potentialAction\":[{\"@type\":\"ReadAction\",\"target\":[\"https:\/\/www.noticiasradioreflejos.com.ar\/2021\/celebramos-los-avances-en-la-lucha-por-nuestros-derechos-y-no-dejamos-de-recordar-los-femicidios\/\"]}]},{\"@type\":\"BreadcrumbList\",\"@id\":\"https:\/\/www.noticiasradioreflejos.com.ar\/2021\/celebramos-los-avances-en-la-lucha-por-nuestros-derechos-y-no-dejamos-de-recordar-los-femicidios\/#breadcrumb\",\"itemListElement\":[{\"@type\":\"ListItem\",\"position\":1,\"name\":\"Portada\",\"item\":\"https:\/\/www.noticiasradioreflejos.com.ar\/2021\/\"},{\"@type\":\"ListItem\",\"position\":2,\"name\":\"\u201cCelebramos los avances en la lucha por nuestros derechos y no dejamos de recordar los femicidios\u00bb\"}]},{\"@type\":\"WebSite\",\"@id\":\"https:\/\/www.noticiasradioreflejos.com.ar\/2021\/#website\",\"url\":\"https:\/\/www.noticiasradioreflejos.com.ar\/2021\/\",\"name\":\"Noticias Radio Reflejos\",\"description\":\"Las noticias de mi comarca\",\"potentialAction\":[{\"@type\":\"SearchAction\",\"target\":{\"@type\":\"EntryPoint\",\"urlTemplate\":\"https:\/\/www.noticiasradioreflejos.com.ar\/2021\/?s={search_term_string}\"},\"query-input\":{\"@type\":\"PropertyValueSpecification\",\"valueRequired\":true,\"valueName\":\"search_term_string\"}}],\"inLanguage\":\"es\"},{\"@type\":\"Person\",\"@id\":\"https:\/\/www.noticiasradioreflejos.com.ar\/2021\/#\/schema\/person\/ad82545263dcc5ec0996818884fd5fb1\",\"name\":\"Arnaldo Botto\",\"image\":{\"@type\":\"ImageObject\",\"inLanguage\":\"es\",\"@id\":\"https:\/\/www.noticiasradioreflejos.com.ar\/2021\/#\/schema\/person\/image\/\",\"url\":\"https:\/\/secure.gravatar.com\/avatar\/55cb5e37c1efa326397366e6974cb338056df65cb50e7d64d1cf314e87504837?s=96&d=mm&r=g\",\"contentUrl\":\"https:\/\/secure.gravatar.com\/avatar\/55cb5e37c1efa326397366e6974cb338056df65cb50e7d64d1cf314e87504837?s=96&d=mm&r=g\",\"caption\":\"Arnaldo Botto\"},\"url\":\"https:\/\/www.noticiasradioreflejos.com.ar\/2021\/author\/arnaldo\/\"}]}<\/script>\n<!-- \/ Yoast SEO plugin. -->","yoast_head_json":{"title":"\u201cCelebramos los avances en la lucha por nuestros derechos y no dejamos de recordar los femicidios\" - Noticias Radio Reflejos","robots":{"index":"index","follow":"follow","max-snippet":"max-snippet:-1","max-image-preview":"max-image-preview:large","max-video-preview":"max-video-preview:-1"},"canonical":"https:\/\/www.noticiasradioreflejos.com.ar\/2021\/celebramos-los-avances-en-la-lucha-por-nuestros-derechos-y-no-dejamos-de-recordar-los-femicidios\/","og_locale":"es_ES","og_type":"article","og_title":"\u201cCelebramos los avances en la lucha por nuestros derechos y no dejamos de recordar los femicidios\" - Noticias Radio Reflejos","og_description":"Conceptos de la Lic. Eleonora Ardanaz, Secretar\u00eda Acad\u00e9mica de la Universidad Nacional del Sur, Historiadora e Investigadora, en el marco del D\u00eda de la Mujer.","og_url":"https:\/\/www.noticiasradioreflejos.com.ar\/2021\/celebramos-los-avances-en-la-lucha-por-nuestros-derechos-y-no-dejamos-de-recordar-los-femicidios\/","og_site_name":"Noticias Radio Reflejos","article_published_time":"2021-03-10T11:27:57+00:00","og_image":[{"width":300,"height":200,"url":"https:\/\/www.noticiasradioreflejos.com.ar\/2021\/wp-content\/uploads\/2021\/07\/logosol300x200.png","type":"image\/png"}],"author":"Arnaldo Botto","twitter_card":"summary_large_image","schema":{"@context":"https:\/\/schema.org","@graph":[{"@type":"WebPage","@id":"https:\/\/www.noticiasradioreflejos.com.ar\/2021\/celebramos-los-avances-en-la-lucha-por-nuestros-derechos-y-no-dejamos-de-recordar-los-femicidios\/","url":"https:\/\/www.noticiasradioreflejos.com.ar\/2021\/celebramos-los-avances-en-la-lucha-por-nuestros-derechos-y-no-dejamos-de-recordar-los-femicidios\/","name":"\u201cCelebramos los avances en la lucha por nuestros derechos y no dejamos de recordar los femicidios\" - Noticias Radio Reflejos","isPartOf":{"@id":"https:\/\/www.noticiasradioreflejos.com.ar\/2021\/#website"},"datePublished":"2021-03-10T11:27:57+00:00","author":{"@id":"https:\/\/www.noticiasradioreflejos.com.ar\/2021\/#\/schema\/person\/ad82545263dcc5ec0996818884fd5fb1"},"breadcrumb":{"@id":"https:\/\/www.noticiasradioreflejos.com.ar\/2021\/celebramos-los-avances-en-la-lucha-por-nuestros-derechos-y-no-dejamos-de-recordar-los-femicidios\/#breadcrumb"},"inLanguage":"es","potentialAction":[{"@type":"ReadAction","target":["https:\/\/www.noticiasradioreflejos.com.ar\/2021\/celebramos-los-avances-en-la-lucha-por-nuestros-derechos-y-no-dejamos-de-recordar-los-femicidios\/"]}]},{"@type":"BreadcrumbList","@id":"https:\/\/www.noticiasradioreflejos.com.ar\/2021\/celebramos-los-avances-en-la-lucha-por-nuestros-derechos-y-no-dejamos-de-recordar-los-femicidios\/#breadcrumb","itemListElement":[{"@type":"ListItem","position":1,"name":"Portada","item":"https:\/\/www.noticiasradioreflejos.com.ar\/2021\/"},{"@type":"ListItem","position":2,"name":"\u201cCelebramos los avances en la lucha por nuestros derechos y no dejamos de recordar los femicidios\u00bb"}]},{"@type":"WebSite","@id":"https:\/\/www.noticiasradioreflejos.com.ar\/2021\/#website","url":"https:\/\/www.noticiasradioreflejos.com.ar\/2021\/","name":"Noticias Radio Reflejos","description":"Las noticias de mi comarca","potentialAction":[{"@type":"SearchAction","target":{"@type":"EntryPoint","urlTemplate":"https:\/\/www.noticiasradioreflejos.com.ar\/2021\/?s={search_term_string}"},"query-input":{"@type":"PropertyValueSpecification","valueRequired":true,"valueName":"search_term_string"}}],"inLanguage":"es"},{"@type":"Person","@id":"https:\/\/www.noticiasradioreflejos.com.ar\/2021\/#\/schema\/person\/ad82545263dcc5ec0996818884fd5fb1","name":"Arnaldo Botto","image":{"@type":"ImageObject","inLanguage":"es","@id":"https:\/\/www.noticiasradioreflejos.com.ar\/2021\/#\/schema\/person\/image\/","url":"https:\/\/secure.gravatar.com\/avatar\/55cb5e37c1efa326397366e6974cb338056df65cb50e7d64d1cf314e87504837?s=96&d=mm&r=g","contentUrl":"https:\/\/secure.gravatar.com\/avatar\/55cb5e37c1efa326397366e6974cb338056df65cb50e7d64d1cf314e87504837?s=96&d=mm&r=g","caption":"Arnaldo Botto"},"url":"https:\/\/www.noticiasradioreflejos.com.ar\/2021\/author\/arnaldo\/"}]}},"_links":{"self":[{"href":"https:\/\/www.noticiasradioreflejos.com.ar\/2021\/wp-json\/wp\/v2\/posts\/53633","targetHints":{"allow":["GET"]}}],"collection":[{"href":"https:\/\/www.noticiasradioreflejos.com.ar\/2021\/wp-json\/wp\/v2\/posts"}],"about":[{"href":"https:\/\/www.noticiasradioreflejos.com.ar\/2021\/wp-json\/wp\/v2\/types\/post"}],"author":[{"embeddable":true,"href":"https:\/\/www.noticiasradioreflejos.com.ar\/2021\/wp-json\/wp\/v2\/users\/3"}],"replies":[{"embeddable":true,"href":"https:\/\/www.noticiasradioreflejos.com.ar\/2021\/wp-json\/wp\/v2\/comments?post=53633"}],"version-history":[{"count":0,"href":"https:\/\/www.noticiasradioreflejos.com.ar\/2021\/wp-json\/wp\/v2\/posts\/53633\/revisions"}],"wp:attachment":[{"href":"https:\/\/www.noticiasradioreflejos.com.ar\/2021\/wp-json\/wp\/v2\/media?parent=53633"}],"wp:term":[{"taxonomy":"category","embeddable":true,"href":"https:\/\/www.noticiasradioreflejos.com.ar\/2021\/wp-json\/wp\/v2\/categories?post=53633"},{"taxonomy":"post_tag","embeddable":true,"href":"https:\/\/www.noticiasradioreflejos.com.ar\/2021\/wp-json\/wp\/v2\/tags?post=53633"}],"curies":[{"name":"wp","href":"https:\/\/api.w.org\/{rel}","templated":true}]}}