{"id":53624,"date":"2021-03-10T07:01:43","date_gmt":"2021-03-10T10:01:43","guid":{"rendered":"http:\/\/www.noticiasradioreflejos.com.ar\/noticias\/?p=53624"},"modified":"2021-03-10T07:01:43","modified_gmt":"2021-03-10T10:01:43","slug":"jornada-conmemorativa-del-dia-internacional-de-la-mujer-trabajadora","status":"publish","type":"post","link":"https:\/\/www.noticiasradioreflejos.com.ar\/2021\/jornada-conmemorativa-del-dia-internacional-de-la-mujer-trabajadora\/","title":{"rendered":"Jornada conmemorativa del DIA INTERNACIONAL DE LA MUJER TRABAJADORA"},"content":{"rendered":"<p><strong>Comunicado del Consejo Municipal de las Mujeres de Tornquist<\/strong><!--more--><\/p>\n<p><a title=\"WhatsApp Image 2021-03-09 at 12.18.33\" href=\"https:\/\/www.flickr.com\/photos\/182279889@N02\/51020144981\/in\/dateposted-public\/\" data-flickr-embed=\"true\"><img loading=\"lazy\" decoding=\"async\" src=\"https:\/\/live.staticflickr.com\/65535\/51020144981_61ae107936_c.jpg\" alt=\"WhatsApp Image 2021-03-09 at 12.18.33\" width=\"800\" height=\"444\" \/><\/a><script src=\"\/\/embedr.flickr.com\/assets\/client-code.js\" async=\"\" charset=\"utf-8\"><\/script><\/p>\n<p><strong>\u00a0<\/strong>Organizada por el Consejo Municipal de la Mujeres-G\u00e9nero y Diversidad Sexual-Tornquist, \u00a0Red de Profesionales de la Salud por el Derecho a Decidir,\u00a0FUSA, \u00a0Biblioteca Popular Macedonio Fern\u00e1ndez, \u00a0Red de Vecinas de Tornquist y Suteba Tornquist, llevamos a cabo \u00a0la jornada conmemorativa del\u00a0DIA INTERNACIONAL DE LA MUJER TRABAJADORA en\u00a0el Banco\u00a0Rojo\u00a0de\u00a0\u00a0Sierra de la Ventana, para recordar a\u00a0las\u00a0129 mujeres que murieron en el incendio de la f\u00e1brica Cotton de Nueva York en 1908, para\u00a0reivindicar\u00a0las\u00a0luchas\u00a0por la igualdad de derechos en el \u00e1mbito laboral\u00a0y\u00a0mayores\u00a0\u00a0presupuestos\u00a0que garanticen las condiciones \u00a0para la vida digna de las mujeres, y para manifestar nuestra preocupaci\u00f3n \u00a0por las m\u00faltiples vulneraciones de derechos que padecemos las mujeres, lesbianas, travestis, trans, identidades no binaries, mujeres ind\u00edgenas.<\/p>\n<p><a title=\"image (2)\" href=\"https:\/\/www.flickr.com\/photos\/182279889@N02\/51022068996\/in\/dateposted-public\/\" data-flickr-embed=\"true\"><img loading=\"lazy\" decoding=\"async\" src=\"https:\/\/live.staticflickr.com\/65535\/51022068996_59ed28db1f_c.jpg\" alt=\"image (2)\" width=\"800\" height=\"582\" \/><\/a><script src=\"\/\/embedr.flickr.com\/assets\/client-code.js\" async=\"\" charset=\"utf-8\"><\/script><\/p>\n<p style=\"font-weight: 400;\">En un d\u00eda espl\u00e9ndido y con la presencia de un p\u00fablico \u00a0diverso\u00a0y\u00a0muy participativo, se\u00a0realizaron\u00a0las actividades programadas:\u00a0Feria, lecturas, m\u00fasica, conversatorios, teatro y la marcha NI UNA MENOS.<\/p>\n<p style=\"font-weight: 400;\">Esta jornada\u00a0fue\u00a0\u00a0posible\u00a0porque contamos con el acompa\u00f1amiento y el compromiso de muchas voluntades\u00a0\u00a0durante\u00a0todo\u00a0el desarrollo del proyecto. Por ello damos gracias a quienes\u00a0se acercaron y participaron de las \u00a0reuniones\u00a0para armar el 8M\u00a0y a\u00a0quienes con sus ganas, su creatividad, su talento\u00a0plasmaron en los hechos un verdadero trabajo de equipo.<\/p>\n<p><a title=\"image\" href=\"https:\/\/www.flickr.com\/photos\/182279889@N02\/51021337498\/in\/dateposted-public\/\" data-flickr-embed=\"true\"><img loading=\"lazy\" decoding=\"async\" src=\"https:\/\/live.staticflickr.com\/65535\/51021337498_f16045883e_c.jpg\" alt=\"image\" width=\"800\" height=\"666\" \/><\/a><script src=\"\/\/embedr.flickr.com\/assets\/client-code.js\" async=\"\" charset=\"utf-8\"><\/script><\/p>\n<p style=\"font-weight: 400;\">Tambi\u00e9n destacamos que la \u00a0Delegaci\u00f3n Sierra de la Ventana y la Direcci\u00f3n \u00a0de Juventudes, G\u00e9nero y Diversidad Sexual de la Municipalidad de Tornquist, \u00a0nos facilitaron la luz en el lugar, los gazebos y el sonido.<\/p>\n<p style=\"font-weight: 400;\">Este 8 de marzo nos juntamos\u00a0una vez m\u00e1s\u00a0\u00a0para\u00a0hacer\u00a0visibles\u00a0nuestras necesidades, reclamar por nuestros derechos\u00a0\u00a0y,\u00a0fundamentalmente, para\u00a0exigir\u00a0que se implementen\u00a0pol\u00edticas p\u00fablicas integrales que incluyan la perspectiva de g\u00e9nero de forma concreta en todos los espacios, educaci\u00f3n, salud, seguridad, justicia, cultura.<\/p>\n","protected":false},"excerpt":{"rendered":"<p>Comunicado del Consejo Municipal de las Mujeres de Tornquist<\/p>\n","protected":false},"author":3,"featured_media":0,"comment_status":"closed","ping_status":"open","sticky":false,"template":"","format":"standard","meta":{"footnotes":""},"categories":[24,26],"tags":[],"class_list":["post-53624","post","type-post","status-publish","format-standard","hentry","category-politica","category-sociedad"],"yoast_head":"<!-- This site is optimized with the Yoast SEO plugin v25.9 - https:\/\/yoast.com\/wordpress\/plugins\/seo\/ -->\n<title>Jornada conmemorativa del DIA INTERNACIONAL DE LA MUJER TRABAJADORA - Noticias Radio Reflejos<\/title>\n<meta name=\"robots\" content=\"index, follow, max-snippet:-1, max-image-preview:large, max-video-preview:-1\" \/>\n<link rel=\"canonical\" href=\"https:\/\/www.noticiasradioreflejos.com.ar\/2021\/jornada-conmemorativa-del-dia-internacional-de-la-mujer-trabajadora\/\" \/>\n<meta property=\"og:locale\" content=\"es_ES\" \/>\n<meta property=\"og:type\" content=\"article\" \/>\n<meta property=\"og:title\" content=\"Jornada conmemorativa del DIA INTERNACIONAL DE LA MUJER TRABAJADORA - Noticias Radio Reflejos\" \/>\n<meta property=\"og:description\" content=\"Comunicado del Consejo Municipal de las Mujeres de Tornquist\" \/>\n<meta property=\"og:url\" content=\"https:\/\/www.noticiasradioreflejos.com.ar\/2021\/jornada-conmemorativa-del-dia-internacional-de-la-mujer-trabajadora\/\" \/>\n<meta property=\"og:site_name\" content=\"Noticias Radio Reflejos\" \/>\n<meta property=\"article:published_time\" content=\"2021-03-10T10:01:43+00:00\" \/>\n<meta property=\"og:image\" content=\"https:\/\/live.staticflickr.com\/65535\/51020144981_61ae107936_c.jpg\" \/>\n<meta name=\"author\" content=\"Arnaldo Botto\" \/>\n<meta name=\"twitter:card\" content=\"summary_large_image\" \/>\n<script type=\"application\/ld+json\" class=\"yoast-schema-graph\">{\"@context\":\"https:\/\/schema.org\",\"@graph\":[{\"@type\":\"WebPage\",\"@id\":\"https:\/\/www.noticiasradioreflejos.com.ar\/2021\/jornada-conmemorativa-del-dia-internacional-de-la-mujer-trabajadora\/\",\"url\":\"https:\/\/www.noticiasradioreflejos.com.ar\/2021\/jornada-conmemorativa-del-dia-internacional-de-la-mujer-trabajadora\/\",\"name\":\"Jornada conmemorativa del DIA INTERNACIONAL DE LA MUJER TRABAJADORA - Noticias Radio Reflejos\",\"isPartOf\":{\"@id\":\"https:\/\/www.noticiasradioreflejos.com.ar\/2021\/#website\"},\"primaryImageOfPage\":{\"@id\":\"https:\/\/www.noticiasradioreflejos.com.ar\/2021\/jornada-conmemorativa-del-dia-internacional-de-la-mujer-trabajadora\/#primaryimage\"},\"image\":{\"@id\":\"https:\/\/www.noticiasradioreflejos.com.ar\/2021\/jornada-conmemorativa-del-dia-internacional-de-la-mujer-trabajadora\/#primaryimage\"},\"thumbnailUrl\":\"https:\/\/live.staticflickr.com\/65535\/51020144981_61ae107936_c.jpg\",\"datePublished\":\"2021-03-10T10:01:43+00:00\",\"author\":{\"@id\":\"https:\/\/www.noticiasradioreflejos.com.ar\/2021\/#\/schema\/person\/ad82545263dcc5ec0996818884fd5fb1\"},\"breadcrumb\":{\"@id\":\"https:\/\/www.noticiasradioreflejos.com.ar\/2021\/jornada-conmemorativa-del-dia-internacional-de-la-mujer-trabajadora\/#breadcrumb\"},\"inLanguage\":\"es\",\"potentialAction\":[{\"@type\":\"ReadAction\",\"target\":[\"https:\/\/www.noticiasradioreflejos.com.ar\/2021\/jornada-conmemorativa-del-dia-internacional-de-la-mujer-trabajadora\/\"]}]},{\"@type\":\"ImageObject\",\"inLanguage\":\"es\",\"@id\":\"https:\/\/www.noticiasradioreflejos.com.ar\/2021\/jornada-conmemorativa-del-dia-internacional-de-la-mujer-trabajadora\/#primaryimage\",\"url\":\"https:\/\/live.staticflickr.com\/65535\/51020144981_61ae107936_c.jpg\",\"contentUrl\":\"https:\/\/live.staticflickr.com\/65535\/51020144981_61ae107936_c.jpg\"},{\"@type\":\"BreadcrumbList\",\"@id\":\"https:\/\/www.noticiasradioreflejos.com.ar\/2021\/jornada-conmemorativa-del-dia-internacional-de-la-mujer-trabajadora\/#breadcrumb\",\"itemListElement\":[{\"@type\":\"ListItem\",\"position\":1,\"name\":\"Portada\",\"item\":\"https:\/\/www.noticiasradioreflejos.com.ar\/2021\/\"},{\"@type\":\"ListItem\",\"position\":2,\"name\":\"Jornada conmemorativa del DIA INTERNACIONAL DE LA MUJER TRABAJADORA\"}]},{\"@type\":\"WebSite\",\"@id\":\"https:\/\/www.noticiasradioreflejos.com.ar\/2021\/#website\",\"url\":\"https:\/\/www.noticiasradioreflejos.com.ar\/2021\/\",\"name\":\"Noticias Radio Reflejos\",\"description\":\"Las noticias de mi comarca\",\"potentialAction\":[{\"@type\":\"SearchAction\",\"target\":{\"@type\":\"EntryPoint\",\"urlTemplate\":\"https:\/\/www.noticiasradioreflejos.com.ar\/2021\/?s={search_term_string}\"},\"query-input\":{\"@type\":\"PropertyValueSpecification\",\"valueRequired\":true,\"valueName\":\"search_term_string\"}}],\"inLanguage\":\"es\"},{\"@type\":\"Person\",\"@id\":\"https:\/\/www.noticiasradioreflejos.com.ar\/2021\/#\/schema\/person\/ad82545263dcc5ec0996818884fd5fb1\",\"name\":\"Arnaldo Botto\",\"image\":{\"@type\":\"ImageObject\",\"inLanguage\":\"es\",\"@id\":\"https:\/\/www.noticiasradioreflejos.com.ar\/2021\/#\/schema\/person\/image\/\",\"url\":\"https:\/\/secure.gravatar.com\/avatar\/55cb5e37c1efa326397366e6974cb338056df65cb50e7d64d1cf314e87504837?s=96&d=mm&r=g\",\"contentUrl\":\"https:\/\/secure.gravatar.com\/avatar\/55cb5e37c1efa326397366e6974cb338056df65cb50e7d64d1cf314e87504837?s=96&d=mm&r=g\",\"caption\":\"Arnaldo Botto\"},\"url\":\"https:\/\/www.noticiasradioreflejos.com.ar\/2021\/author\/arnaldo\/\"}]}<\/script>\n<!-- \/ Yoast SEO plugin. -->","yoast_head_json":{"title":"Jornada conmemorativa del DIA INTERNACIONAL DE LA MUJER TRABAJADORA - Noticias Radio Reflejos","robots":{"index":"index","follow":"follow","max-snippet":"max-snippet:-1","max-image-preview":"max-image-preview:large","max-video-preview":"max-video-preview:-1"},"canonical":"https:\/\/www.noticiasradioreflejos.com.ar\/2021\/jornada-conmemorativa-del-dia-internacional-de-la-mujer-trabajadora\/","og_locale":"es_ES","og_type":"article","og_title":"Jornada conmemorativa del DIA INTERNACIONAL DE LA MUJER TRABAJADORA - Noticias Radio Reflejos","og_description":"Comunicado del Consejo Municipal de las Mujeres de Tornquist","og_url":"https:\/\/www.noticiasradioreflejos.com.ar\/2021\/jornada-conmemorativa-del-dia-internacional-de-la-mujer-trabajadora\/","og_site_name":"Noticias Radio Reflejos","article_published_time":"2021-03-10T10:01:43+00:00","og_image":[{"url":"https:\/\/live.staticflickr.com\/65535\/51020144981_61ae107936_c.jpg","type":"","width":"","height":""}],"author":"Arnaldo Botto","twitter_card":"summary_large_image","schema":{"@context":"https:\/\/schema.org","@graph":[{"@type":"WebPage","@id":"https:\/\/www.noticiasradioreflejos.com.ar\/2021\/jornada-conmemorativa-del-dia-internacional-de-la-mujer-trabajadora\/","url":"https:\/\/www.noticiasradioreflejos.com.ar\/2021\/jornada-conmemorativa-del-dia-internacional-de-la-mujer-trabajadora\/","name":"Jornada conmemorativa del DIA INTERNACIONAL DE LA MUJER TRABAJADORA - Noticias Radio Reflejos","isPartOf":{"@id":"https:\/\/www.noticiasradioreflejos.com.ar\/2021\/#website"},"primaryImageOfPage":{"@id":"https:\/\/www.noticiasradioreflejos.com.ar\/2021\/jornada-conmemorativa-del-dia-internacional-de-la-mujer-trabajadora\/#primaryimage"},"image":{"@id":"https:\/\/www.noticiasradioreflejos.com.ar\/2021\/jornada-conmemorativa-del-dia-internacional-de-la-mujer-trabajadora\/#primaryimage"},"thumbnailUrl":"https:\/\/live.staticflickr.com\/65535\/51020144981_61ae107936_c.jpg","datePublished":"2021-03-10T10:01:43+00:00","author":{"@id":"https:\/\/www.noticiasradioreflejos.com.ar\/2021\/#\/schema\/person\/ad82545263dcc5ec0996818884fd5fb1"},"breadcrumb":{"@id":"https:\/\/www.noticiasradioreflejos.com.ar\/2021\/jornada-conmemorativa-del-dia-internacional-de-la-mujer-trabajadora\/#breadcrumb"},"inLanguage":"es","potentialAction":[{"@type":"ReadAction","target":["https:\/\/www.noticiasradioreflejos.com.ar\/2021\/jornada-conmemorativa-del-dia-internacional-de-la-mujer-trabajadora\/"]}]},{"@type":"ImageObject","inLanguage":"es","@id":"https:\/\/www.noticiasradioreflejos.com.ar\/2021\/jornada-conmemorativa-del-dia-internacional-de-la-mujer-trabajadora\/#primaryimage","url":"https:\/\/live.staticflickr.com\/65535\/51020144981_61ae107936_c.jpg","contentUrl":"https:\/\/live.staticflickr.com\/65535\/51020144981_61ae107936_c.jpg"},{"@type":"BreadcrumbList","@id":"https:\/\/www.noticiasradioreflejos.com.ar\/2021\/jornada-conmemorativa-del-dia-internacional-de-la-mujer-trabajadora\/#breadcrumb","itemListElement":[{"@type":"ListItem","position":1,"name":"Portada","item":"https:\/\/www.noticiasradioreflejos.com.ar\/2021\/"},{"@type":"ListItem","position":2,"name":"Jornada conmemorativa del DIA INTERNACIONAL DE LA MUJER TRABAJADORA"}]},{"@type":"WebSite","@id":"https:\/\/www.noticiasradioreflejos.com.ar\/2021\/#website","url":"https:\/\/www.noticiasradioreflejos.com.ar\/2021\/","name":"Noticias Radio Reflejos","description":"Las noticias de mi comarca","potentialAction":[{"@type":"SearchAction","target":{"@type":"EntryPoint","urlTemplate":"https:\/\/www.noticiasradioreflejos.com.ar\/2021\/?s={search_term_string}"},"query-input":{"@type":"PropertyValueSpecification","valueRequired":true,"valueName":"search_term_string"}}],"inLanguage":"es"},{"@type":"Person","@id":"https:\/\/www.noticiasradioreflejos.com.ar\/2021\/#\/schema\/person\/ad82545263dcc5ec0996818884fd5fb1","name":"Arnaldo Botto","image":{"@type":"ImageObject","inLanguage":"es","@id":"https:\/\/www.noticiasradioreflejos.com.ar\/2021\/#\/schema\/person\/image\/","url":"https:\/\/secure.gravatar.com\/avatar\/55cb5e37c1efa326397366e6974cb338056df65cb50e7d64d1cf314e87504837?s=96&d=mm&r=g","contentUrl":"https:\/\/secure.gravatar.com\/avatar\/55cb5e37c1efa326397366e6974cb338056df65cb50e7d64d1cf314e87504837?s=96&d=mm&r=g","caption":"Arnaldo Botto"},"url":"https:\/\/www.noticiasradioreflejos.com.ar\/2021\/author\/arnaldo\/"}]}},"_links":{"self":[{"href":"https:\/\/www.noticiasradioreflejos.com.ar\/2021\/wp-json\/wp\/v2\/posts\/53624","targetHints":{"allow":["GET"]}}],"collection":[{"href":"https:\/\/www.noticiasradioreflejos.com.ar\/2021\/wp-json\/wp\/v2\/posts"}],"about":[{"href":"https:\/\/www.noticiasradioreflejos.com.ar\/2021\/wp-json\/wp\/v2\/types\/post"}],"author":[{"embeddable":true,"href":"https:\/\/www.noticiasradioreflejos.com.ar\/2021\/wp-json\/wp\/v2\/users\/3"}],"replies":[{"embeddable":true,"href":"https:\/\/www.noticiasradioreflejos.com.ar\/2021\/wp-json\/wp\/v2\/comments?post=53624"}],"version-history":[{"count":0,"href":"https:\/\/www.noticiasradioreflejos.com.ar\/2021\/wp-json\/wp\/v2\/posts\/53624\/revisions"}],"wp:attachment":[{"href":"https:\/\/www.noticiasradioreflejos.com.ar\/2021\/wp-json\/wp\/v2\/media?parent=53624"}],"wp:term":[{"taxonomy":"category","embeddable":true,"href":"https:\/\/www.noticiasradioreflejos.com.ar\/2021\/wp-json\/wp\/v2\/categories?post=53624"},{"taxonomy":"post_tag","embeddable":true,"href":"https:\/\/www.noticiasradioreflejos.com.ar\/2021\/wp-json\/wp\/v2\/tags?post=53624"}],"curies":[{"name":"wp","href":"https:\/\/api.w.org\/{rel}","templated":true}]}}