{"id":53621,"date":"2021-03-10T06:52:22","date_gmt":"2021-03-10T09:52:22","guid":{"rendered":"http:\/\/www.noticiasradioreflejos.com.ar\/noticias\/?p=53621"},"modified":"2021-03-10T06:52:22","modified_gmt":"2021-03-10T09:52:22","slug":"cinco-incendios-arrasan-casas-y-chacras-en-la-comarca-andina-hay-heridos-y-cientos-de-evacuados","status":"publish","type":"post","link":"https:\/\/www.noticiasradioreflejos.com.ar\/2021\/cinco-incendios-arrasan-casas-y-chacras-en-la-comarca-andina-hay-heridos-y-cientos-de-evacuados\/","title":{"rendered":"Cinco incendios arrasan casas y chacras en la Comarca Andina: hay heridos y cientos de evacuados"},"content":{"rendered":"<p>Viviendas y autos quemados, quintas destruidas en Lago Puelo, El Hoyo, El Mait\u00e9n y Cholila. El tr\u00e1nsito est\u00e1 cortado en la ruta nacional 40. Personas con quemaduras fueron atendidas en el hospital de El Bols\u00f3n.<!--more--><\/p>\n<p>Preocupaci\u00f3n en el sur del pa\u00eds por nuevos focos de incendios que se desataron en las provincias de Chubut y R\u00edo Negro. Las llamas llegaron hasta zona urbana afectando viviendas, veh\u00edculos y provocando quemaduras en personas que tuvieron que recibir asistencia m\u00e9dica.<\/p>\n<p>Luego de m\u00e1s de 40 d\u00edas de trabajo, el domingo se declar\u00f3 controlado el incendio forestal en Cuesta del Ternero que se inici\u00f3 el pasado 24 de enero. Sin embargo, este mismo 6 de marzo, las alarmas se volvieron a encender en la patagonia argentina con un nuevo foco en la zona del kil\u00f3metro 21 de la ruta provincial 6 (R\u00edo Negro) que requiri\u00f3 la movilizaci\u00f3n de unos 65 miembros del Servicio de Prevenci\u00f3n de Incendios y Lucha contra Incendios Forestales (SPLIF), del Servicio Nacional de Manejo del Fuego, adem\u00e1s de brigadistas de Chubut y Bomberos Voluntarios de El Bols\u00f3n. El fuego arras\u00f3 con una superficie aproximada de 1.400 hect\u00e1reas. Desde el SNMF reportaron este martes que en la zona se encontraban trabajando 28 brigadistas, tres autobombas, una camioneta Traffic, tres aviones hidrantes (uno con base en El Bols\u00f3n y dos con base en Bariloche), un helic\u00f3ptero con base en Bariloche y un avi\u00f3n observador perteneciente al organismo.<\/p>\n<p>Ayer por la tarde, en la localidad Las Golondrinas, ubicada a pocos kil\u00f3metros al sur de El Bols\u00f3n, se desat\u00f3 un nuevo foco que oblig\u00f3 a que familias de la zona evacuen sus viviendas. Algunas casas y chacras fueron arrasadas. Las primeras llamas se originaron cerca de las 16 horas y se expandieron a gran velocidad a ra\u00edz de los vientos intensos y las altas temperaturas. Para las \u00faltimas horas de este martes, la preocupaci\u00f3n se extendi\u00f3 a todo Lago Puelo, El Hoyo, El Mait\u00e9n y Cholila, con cinco incendios de interfase que alcanzaron viviendas y veh\u00edculos.<\/p>\n<blockquote class=\"twitter-tweet\" data-width=\"500\" data-dnt=\"true\">\n<p lang=\"es\" dir=\"ltr\"><a href=\"https:\/\/twitter.com\/hashtag\/Chubut?src=hash&amp;ref_src=twsrc%5Etfw\">#Chubut<\/a> Fuego incontrolable: adem\u00e1s del gran incendio en El Maiten, comenz\u00f3 otro en Las Golondrinas y ahora tambi\u00e9n arde Cerro Radal y Cholila <a href=\"https:\/\/twitter.com\/hashtag\/Incendios?src=hash&amp;ref_src=twsrc%5Etfw\">#Incendios<\/a> <a href=\"https:\/\/twitter.com\/hashtag\/Fuego?src=hash&amp;ref_src=twsrc%5Etfw\">#Fuego<\/a> <a href=\"https:\/\/t.co\/RrqjrSXO5M\">pic.twitter.com\/RrqjrSXO5M<\/a><\/p>\n<p>&mdash; EQSnotas (@eqsnotas) <a href=\"https:\/\/twitter.com\/eqsnotas\/status\/1369428520951234564?ref_src=twsrc%5Etfw\">March 9, 2021<\/a><\/p><\/blockquote>\n<p><script async src=\"https:\/\/platform.twitter.com\/widgets.js\" charset=\"utf-8\"><\/script><\/p>\n<p>En El Hoyo y en las afueras de Cholila y El Mait\u00e9n, el fuego avanz\u00f3 hacia zona urbana afectando m\u00e1s viviendas. En declaraciones a Radio Nacional de El Bols\u00f3n, el jefe de operaciones del Servicio Provincial de Manejo del Fuego de Chubut, Jorge Bonasea, indic\u00f3 que las autoridades del hospital de El Hoyo evaluaban evacuar a los pacientes a ra\u00edz de la humareda. Indic\u00f3 que en esa zona fueron evacuadas unas 150 personas, y que adem\u00e1s de casas se incendiaron varios veh\u00edculos.<\/p>\n<p>Por su parte, el intendente de Lago Puelo, Agust\u00edn S\u00e1nchez, defini\u00f3 la situaci\u00f3n como \u201ccatastr\u00f3fica\u201d, con incendios descontrolados. El jefe comunal afirm\u00f3 no tener dudas de que el fuego se origin\u00f3 \u201cpor negligencia o por intencionalidad\u201d, descartando que sea por causas naturales. En la zona adem\u00e1s no hay electricidad porque el fuego destruy\u00f3 las l\u00edneas. Se inform\u00f3 que personas con quemaduras tuvieron que ser atendidas en los nosocomios de Lago Puelo y El Bols\u00f3n.<\/p>\n<p>Desde el medio R\u00edo Negro precisaron que el fuego avanz\u00f3 tan r\u00e1pido que no alcanzan los recursos humanos, ni los equipos para contener las llamas.<\/p>\n<p>https:\/\/twitter.com\/louisxferneet\/status\/1369458893261312002?ref_src=twsrc%5Etfw%7Ctwcamp%5Etweetembed%7Ctwterm%5E1369458893261312002%7Ctwgr%5E%7Ctwcon%5Es1_c10&#038;ref_url=https%3A%2F%2Fwww.rionegro.com.ar%2Fla-comarca-andina-sitiada-por-varios-incendios-1721003%2F<\/p>\n<p>Desde ayer se encuentra cortado el tr\u00e1nsito vehicular en la Ruta 40. Solo se permite el paso de veh\u00edculos de las fuerzas de seguridad, de bomberos voluntarios y brigadistas que asisten para combatir el avance del fuego en la zona de Lago Puelo, El Hoyo y sus alrededores.<\/p>\n<p>Frente a esta dram\u00e1tica situaci\u00f3n, los habitantes de la Comarca Andina Paralelo 42 ruegan porque la lluvia anunciada para la madrugada de este mi\u00e9rcoles apacig\u00fce las llamas.<\/p>\n<p>El SNMF precis\u00f3 que en Chubut operaron 28 brigadistas, dos autobombas, una pick-up y un helic\u00f3ptero con helibalde con base en El Bols\u00f3n. En las \u00faltimas horas, desde la provincia solicitaron ayuda al Ministerio de Seguridad de la Naci\u00f3n, que puso a disposici\u00f3n un helic\u00f3ptero de Prefectura Naval para trabajar en las zonas afectadas.<\/p>\n<p>El Servicio Nacional de Manejo del Fuego indic\u00f3 que el 95% de los incendios forestales se producen por acci\u00f3n humana y se\u00f1al\u00f3 que, entre las primeras causas, se encuentra el uso del fuego para la preparaci\u00f3n de \u00e1reas de pastoreo, el abandono de tierras, las fogatas y las colillas de cigarrillos mal apagadas.<\/p>\n<p>Entre el 1 de enero y el 20 de febrero, alcanzaron a 40.680 las hect\u00e1reas afectadas por incendios en todo el pa\u00eds, seg\u00fan el SNMF. Entre las jurisdicciones m\u00e1s afectadas se ubican R\u00edo Negro (12.524 hect\u00e1reas), La Pampa (8.958), Corrientes (6.766), Buenos Aires (3.913), Neuqu\u00e9n (2.535) y Santa Cruz (2.006). Al d\u00eda de hoy, adem\u00e1s de Chubut y R\u00edo Negro se registran focos menores en Entre R\u00edos, La Pampa y Buenos Aires.<\/p>\n<p>En redes sociales, personas que viven y que transitaron las zonas afectas compartieron fotos y videos que reflejan la gravedad del desastre.<\/p>\n","protected":false},"excerpt":{"rendered":"<p>Viviendas y autos quemados, quintas destruidas en Lago Puelo, El Hoyo, El Mait\u00e9n y Cholila. El tr\u00e1nsito est\u00e1 cortado en la ruta nacional 40. Personas con quemaduras fueron atendidas en el hospital de El Bols\u00f3n.<\/p>\n","protected":false},"author":3,"featured_media":0,"comment_status":"closed","ping_status":"open","sticky":false,"template":"","format":"standard","meta":{"footnotes":""},"categories":[26],"tags":[],"class_list":["post-53621","post","type-post","status-publish","format-standard","hentry","category-sociedad"],"yoast_head":"<!-- This site is optimized with the Yoast SEO plugin v25.9 - https:\/\/yoast.com\/wordpress\/plugins\/seo\/ -->\n<title>Cinco incendios arrasan casas y chacras en la Comarca Andina: hay heridos y cientos de evacuados - Noticias Radio Reflejos<\/title>\n<meta name=\"robots\" content=\"index, follow, max-snippet:-1, max-image-preview:large, max-video-preview:-1\" \/>\n<link rel=\"canonical\" href=\"https:\/\/www.noticiasradioreflejos.com.ar\/2021\/cinco-incendios-arrasan-casas-y-chacras-en-la-comarca-andina-hay-heridos-y-cientos-de-evacuados\/\" \/>\n<meta property=\"og:locale\" content=\"es_ES\" \/>\n<meta property=\"og:type\" content=\"article\" \/>\n<meta property=\"og:title\" content=\"Cinco incendios arrasan casas y chacras en la Comarca Andina: hay heridos y cientos de evacuados - Noticias Radio Reflejos\" \/>\n<meta property=\"og:description\" content=\"Viviendas y autos quemados, quintas destruidas en Lago Puelo, El Hoyo, El Mait\u00e9n y Cholila. El tr\u00e1nsito est\u00e1 cortado en la ruta nacional 40. Personas con quemaduras fueron atendidas en el hospital de El Bols\u00f3n.\" \/>\n<meta property=\"og:url\" content=\"https:\/\/www.noticiasradioreflejos.com.ar\/2021\/cinco-incendios-arrasan-casas-y-chacras-en-la-comarca-andina-hay-heridos-y-cientos-de-evacuados\/\" \/>\n<meta property=\"og:site_name\" content=\"Noticias Radio Reflejos\" \/>\n<meta property=\"article:published_time\" content=\"2021-03-10T09:52:22+00:00\" \/>\n<meta property=\"og:image\" content=\"https:\/\/www.noticiasradioreflejos.com.ar\/2021\/wp-content\/uploads\/2021\/07\/logosol300x200.png\" \/>\n\t<meta property=\"og:image:width\" content=\"300\" \/>\n\t<meta property=\"og:image:height\" content=\"200\" \/>\n\t<meta property=\"og:image:type\" content=\"image\/png\" \/>\n<meta name=\"author\" content=\"Arnaldo Botto\" \/>\n<meta name=\"twitter:card\" content=\"summary_large_image\" \/>\n<script type=\"application\/ld+json\" class=\"yoast-schema-graph\">{\"@context\":\"https:\/\/schema.org\",\"@graph\":[{\"@type\":\"WebPage\",\"@id\":\"https:\/\/www.noticiasradioreflejos.com.ar\/2021\/cinco-incendios-arrasan-casas-y-chacras-en-la-comarca-andina-hay-heridos-y-cientos-de-evacuados\/\",\"url\":\"https:\/\/www.noticiasradioreflejos.com.ar\/2021\/cinco-incendios-arrasan-casas-y-chacras-en-la-comarca-andina-hay-heridos-y-cientos-de-evacuados\/\",\"name\":\"Cinco incendios arrasan casas y chacras en la Comarca Andina: hay heridos y cientos de evacuados - Noticias Radio Reflejos\",\"isPartOf\":{\"@id\":\"https:\/\/www.noticiasradioreflejos.com.ar\/2021\/#website\"},\"datePublished\":\"2021-03-10T09:52:22+00:00\",\"author\":{\"@id\":\"https:\/\/www.noticiasradioreflejos.com.ar\/2021\/#\/schema\/person\/ad82545263dcc5ec0996818884fd5fb1\"},\"breadcrumb\":{\"@id\":\"https:\/\/www.noticiasradioreflejos.com.ar\/2021\/cinco-incendios-arrasan-casas-y-chacras-en-la-comarca-andina-hay-heridos-y-cientos-de-evacuados\/#breadcrumb\"},\"inLanguage\":\"es\",\"potentialAction\":[{\"@type\":\"ReadAction\",\"target\":[\"https:\/\/www.noticiasradioreflejos.com.ar\/2021\/cinco-incendios-arrasan-casas-y-chacras-en-la-comarca-andina-hay-heridos-y-cientos-de-evacuados\/\"]}]},{\"@type\":\"BreadcrumbList\",\"@id\":\"https:\/\/www.noticiasradioreflejos.com.ar\/2021\/cinco-incendios-arrasan-casas-y-chacras-en-la-comarca-andina-hay-heridos-y-cientos-de-evacuados\/#breadcrumb\",\"itemListElement\":[{\"@type\":\"ListItem\",\"position\":1,\"name\":\"Portada\",\"item\":\"https:\/\/www.noticiasradioreflejos.com.ar\/2021\/\"},{\"@type\":\"ListItem\",\"position\":2,\"name\":\"Cinco incendios arrasan casas y chacras en la Comarca Andina: hay heridos y cientos de evacuados\"}]},{\"@type\":\"WebSite\",\"@id\":\"https:\/\/www.noticiasradioreflejos.com.ar\/2021\/#website\",\"url\":\"https:\/\/www.noticiasradioreflejos.com.ar\/2021\/\",\"name\":\"Noticias Radio Reflejos\",\"description\":\"Las noticias de mi comarca\",\"potentialAction\":[{\"@type\":\"SearchAction\",\"target\":{\"@type\":\"EntryPoint\",\"urlTemplate\":\"https:\/\/www.noticiasradioreflejos.com.ar\/2021\/?s={search_term_string}\"},\"query-input\":{\"@type\":\"PropertyValueSpecification\",\"valueRequired\":true,\"valueName\":\"search_term_string\"}}],\"inLanguage\":\"es\"},{\"@type\":\"Person\",\"@id\":\"https:\/\/www.noticiasradioreflejos.com.ar\/2021\/#\/schema\/person\/ad82545263dcc5ec0996818884fd5fb1\",\"name\":\"Arnaldo Botto\",\"image\":{\"@type\":\"ImageObject\",\"inLanguage\":\"es\",\"@id\":\"https:\/\/www.noticiasradioreflejos.com.ar\/2021\/#\/schema\/person\/image\/\",\"url\":\"https:\/\/secure.gravatar.com\/avatar\/55cb5e37c1efa326397366e6974cb338056df65cb50e7d64d1cf314e87504837?s=96&d=mm&r=g\",\"contentUrl\":\"https:\/\/secure.gravatar.com\/avatar\/55cb5e37c1efa326397366e6974cb338056df65cb50e7d64d1cf314e87504837?s=96&d=mm&r=g\",\"caption\":\"Arnaldo Botto\"},\"url\":\"https:\/\/www.noticiasradioreflejos.com.ar\/2021\/author\/arnaldo\/\"}]}<\/script>\n<!-- \/ Yoast SEO plugin. -->","yoast_head_json":{"title":"Cinco incendios arrasan casas y chacras en la Comarca Andina: hay heridos y cientos de evacuados - Noticias Radio Reflejos","robots":{"index":"index","follow":"follow","max-snippet":"max-snippet:-1","max-image-preview":"max-image-preview:large","max-video-preview":"max-video-preview:-1"},"canonical":"https:\/\/www.noticiasradioreflejos.com.ar\/2021\/cinco-incendios-arrasan-casas-y-chacras-en-la-comarca-andina-hay-heridos-y-cientos-de-evacuados\/","og_locale":"es_ES","og_type":"article","og_title":"Cinco incendios arrasan casas y chacras en la Comarca Andina: hay heridos y cientos de evacuados - Noticias Radio Reflejos","og_description":"Viviendas y autos quemados, quintas destruidas en Lago Puelo, El Hoyo, El Mait\u00e9n y Cholila. El tr\u00e1nsito est\u00e1 cortado en la ruta nacional 40. Personas con quemaduras fueron atendidas en el hospital de El Bols\u00f3n.","og_url":"https:\/\/www.noticiasradioreflejos.com.ar\/2021\/cinco-incendios-arrasan-casas-y-chacras-en-la-comarca-andina-hay-heridos-y-cientos-de-evacuados\/","og_site_name":"Noticias Radio Reflejos","article_published_time":"2021-03-10T09:52:22+00:00","og_image":[{"width":300,"height":200,"url":"https:\/\/www.noticiasradioreflejos.com.ar\/2021\/wp-content\/uploads\/2021\/07\/logosol300x200.png","type":"image\/png"}],"author":"Arnaldo Botto","twitter_card":"summary_large_image","schema":{"@context":"https:\/\/schema.org","@graph":[{"@type":"WebPage","@id":"https:\/\/www.noticiasradioreflejos.com.ar\/2021\/cinco-incendios-arrasan-casas-y-chacras-en-la-comarca-andina-hay-heridos-y-cientos-de-evacuados\/","url":"https:\/\/www.noticiasradioreflejos.com.ar\/2021\/cinco-incendios-arrasan-casas-y-chacras-en-la-comarca-andina-hay-heridos-y-cientos-de-evacuados\/","name":"Cinco incendios arrasan casas y chacras en la Comarca Andina: hay heridos y cientos de evacuados - Noticias Radio Reflejos","isPartOf":{"@id":"https:\/\/www.noticiasradioreflejos.com.ar\/2021\/#website"},"datePublished":"2021-03-10T09:52:22+00:00","author":{"@id":"https:\/\/www.noticiasradioreflejos.com.ar\/2021\/#\/schema\/person\/ad82545263dcc5ec0996818884fd5fb1"},"breadcrumb":{"@id":"https:\/\/www.noticiasradioreflejos.com.ar\/2021\/cinco-incendios-arrasan-casas-y-chacras-en-la-comarca-andina-hay-heridos-y-cientos-de-evacuados\/#breadcrumb"},"inLanguage":"es","potentialAction":[{"@type":"ReadAction","target":["https:\/\/www.noticiasradioreflejos.com.ar\/2021\/cinco-incendios-arrasan-casas-y-chacras-en-la-comarca-andina-hay-heridos-y-cientos-de-evacuados\/"]}]},{"@type":"BreadcrumbList","@id":"https:\/\/www.noticiasradioreflejos.com.ar\/2021\/cinco-incendios-arrasan-casas-y-chacras-en-la-comarca-andina-hay-heridos-y-cientos-de-evacuados\/#breadcrumb","itemListElement":[{"@type":"ListItem","position":1,"name":"Portada","item":"https:\/\/www.noticiasradioreflejos.com.ar\/2021\/"},{"@type":"ListItem","position":2,"name":"Cinco incendios arrasan casas y chacras en la Comarca Andina: hay heridos y cientos de evacuados"}]},{"@type":"WebSite","@id":"https:\/\/www.noticiasradioreflejos.com.ar\/2021\/#website","url":"https:\/\/www.noticiasradioreflejos.com.ar\/2021\/","name":"Noticias Radio Reflejos","description":"Las noticias de mi comarca","potentialAction":[{"@type":"SearchAction","target":{"@type":"EntryPoint","urlTemplate":"https:\/\/www.noticiasradioreflejos.com.ar\/2021\/?s={search_term_string}"},"query-input":{"@type":"PropertyValueSpecification","valueRequired":true,"valueName":"search_term_string"}}],"inLanguage":"es"},{"@type":"Person","@id":"https:\/\/www.noticiasradioreflejos.com.ar\/2021\/#\/schema\/person\/ad82545263dcc5ec0996818884fd5fb1","name":"Arnaldo Botto","image":{"@type":"ImageObject","inLanguage":"es","@id":"https:\/\/www.noticiasradioreflejos.com.ar\/2021\/#\/schema\/person\/image\/","url":"https:\/\/secure.gravatar.com\/avatar\/55cb5e37c1efa326397366e6974cb338056df65cb50e7d64d1cf314e87504837?s=96&d=mm&r=g","contentUrl":"https:\/\/secure.gravatar.com\/avatar\/55cb5e37c1efa326397366e6974cb338056df65cb50e7d64d1cf314e87504837?s=96&d=mm&r=g","caption":"Arnaldo Botto"},"url":"https:\/\/www.noticiasradioreflejos.com.ar\/2021\/author\/arnaldo\/"}]}},"_links":{"self":[{"href":"https:\/\/www.noticiasradioreflejos.com.ar\/2021\/wp-json\/wp\/v2\/posts\/53621","targetHints":{"allow":["GET"]}}],"collection":[{"href":"https:\/\/www.noticiasradioreflejos.com.ar\/2021\/wp-json\/wp\/v2\/posts"}],"about":[{"href":"https:\/\/www.noticiasradioreflejos.com.ar\/2021\/wp-json\/wp\/v2\/types\/post"}],"author":[{"embeddable":true,"href":"https:\/\/www.noticiasradioreflejos.com.ar\/2021\/wp-json\/wp\/v2\/users\/3"}],"replies":[{"embeddable":true,"href":"https:\/\/www.noticiasradioreflejos.com.ar\/2021\/wp-json\/wp\/v2\/comments?post=53621"}],"version-history":[{"count":0,"href":"https:\/\/www.noticiasradioreflejos.com.ar\/2021\/wp-json\/wp\/v2\/posts\/53621\/revisions"}],"wp:attachment":[{"href":"https:\/\/www.noticiasradioreflejos.com.ar\/2021\/wp-json\/wp\/v2\/media?parent=53621"}],"wp:term":[{"taxonomy":"category","embeddable":true,"href":"https:\/\/www.noticiasradioreflejos.com.ar\/2021\/wp-json\/wp\/v2\/categories?post=53621"},{"taxonomy":"post_tag","embeddable":true,"href":"https:\/\/www.noticiasradioreflejos.com.ar\/2021\/wp-json\/wp\/v2\/tags?post=53621"}],"curies":[{"name":"wp","href":"https:\/\/api.w.org\/{rel}","templated":true}]}}