{"id":53619,"date":"2021-03-09T23:50:26","date_gmt":"2021-03-10T02:50:26","guid":{"rendered":"http:\/\/www.noticiasradioreflejos.com.ar\/noticias\/?p=53619"},"modified":"2021-03-09T23:50:26","modified_gmt":"2021-03-10T02:50:26","slug":"necesitan-30-dadores-de-sangre-para-un-hombre-de-tornquist-que-se-accidento-este-lunes","status":"publish","type":"post","link":"https:\/\/www.noticiasradioreflejos.com.ar\/2021\/necesitan-30-dadores-de-sangre-para-un-hombre-de-tornquist-que-se-accidento-este-lunes\/","title":{"rendered":"Necesitan 30 dadores de sangre para un hombre de Tornquist que se accident\u00f3 este lunes"},"content":{"rendered":"<p>&gt;Se trata de Santiago Rodriguez internado en el Hospital Penna de Bah\u00eda Blanca.<!--more--><\/p>\n<p><strong>Santiago Anibal Rodr\u00edguez,<\/strong>\u00a0hijo de nuestra conocida vecina, Esther Lacasta, oriundo de nuestra ciudad, sufri\u00f3 un grave accidente en la noche del lunes en la Ruta 3 kil\u00f3metro 799 en cercan\u00eda de Ascasubi, cuando fue embestido por una camioneta que pasaba por el lugar.<\/p>\n<p>Seg\u00fan p\u00fablico el sitio infoluro.com, Rodr\u00edguez alrededor de la hora 20.30, baj\u00f3 de su veh\u00edculo a recoger una bolsa de cebolla que se hab\u00eda ca\u00eddo sin observar el avance de una camioneta.<\/p>\n<p>Mar\u00eda Laura Marl\u00eda estaba al mando de la Esco Esport y aunque intent\u00f3 esquivarlo embisti\u00f3 al\u00a0 hombre que sufri\u00f3 varias fracturas expuestas, pero estuvo consciente en ese lapso.<\/p>\n<p>Rodr\u00edguez fue trasladado de urgencia y fue intervenido quir\u00fargicamente. Durante la noche de este martes sus familiares comunicaron en redes sociales y solicitaron a los medios 30 dadores de sangre RH negativo o cualquier grupo, se podr\u00e1n presentar en el hospital de Tornquist o en el Hospital Penna este mi\u00e9rcoles.<\/p>\n<p>2914 60-2118(Informes)<\/p>\n<div>\n<p><img decoding=\"async\" src=\"https:\/\/www.noticiastornquist.com.ar\/imagen.php?imagen=\/luro.jpg\" \/><\/p>\n<div><\/div>\n<\/div>\n","protected":false},"excerpt":{"rendered":"<p>&gt;Se trata de Santiago Rodriguez internado en el Hospital Penna de Bah\u00eda Blanca.<\/p>\n","protected":false},"author":3,"featured_media":0,"comment_status":"closed","ping_status":"open","sticky":false,"template":"","format":"standard","meta":{"footnotes":""},"categories":[26],"tags":[],"class_list":["post-53619","post","type-post","status-publish","format-standard","hentry","category-sociedad"],"yoast_head":"<!-- This site is optimized with the Yoast SEO plugin v25.9 - https:\/\/yoast.com\/wordpress\/plugins\/seo\/ -->\n<title>Necesitan 30 dadores de sangre para un hombre de Tornquist que se accident\u00f3 este lunes - Noticias Radio Reflejos<\/title>\n<meta name=\"robots\" content=\"index, follow, max-snippet:-1, max-image-preview:large, max-video-preview:-1\" \/>\n<link rel=\"canonical\" href=\"https:\/\/www.noticiasradioreflejos.com.ar\/2021\/necesitan-30-dadores-de-sangre-para-un-hombre-de-tornquist-que-se-accidento-este-lunes\/\" \/>\n<meta property=\"og:locale\" content=\"es_ES\" \/>\n<meta property=\"og:type\" content=\"article\" \/>\n<meta property=\"og:title\" content=\"Necesitan 30 dadores de sangre para un hombre de Tornquist que se accident\u00f3 este lunes - Noticias Radio Reflejos\" \/>\n<meta property=\"og:description\" content=\"&gt;Se trata de Santiago Rodriguez internado en el Hospital Penna de Bah\u00eda Blanca.\" \/>\n<meta property=\"og:url\" content=\"https:\/\/www.noticiasradioreflejos.com.ar\/2021\/necesitan-30-dadores-de-sangre-para-un-hombre-de-tornquist-que-se-accidento-este-lunes\/\" \/>\n<meta property=\"og:site_name\" content=\"Noticias Radio Reflejos\" \/>\n<meta property=\"article:published_time\" content=\"2021-03-10T02:50:26+00:00\" \/>\n<meta property=\"og:image\" content=\"https:\/\/www.noticiastornquist.com.ar\/imagen.php?imagen=\/luro.jpg\" \/>\n<meta name=\"author\" content=\"Arnaldo Botto\" \/>\n<meta name=\"twitter:card\" content=\"summary_large_image\" \/>\n<script type=\"application\/ld+json\" class=\"yoast-schema-graph\">{\"@context\":\"https:\/\/schema.org\",\"@graph\":[{\"@type\":\"WebPage\",\"@id\":\"https:\/\/www.noticiasradioreflejos.com.ar\/2021\/necesitan-30-dadores-de-sangre-para-un-hombre-de-tornquist-que-se-accidento-este-lunes\/\",\"url\":\"https:\/\/www.noticiasradioreflejos.com.ar\/2021\/necesitan-30-dadores-de-sangre-para-un-hombre-de-tornquist-que-se-accidento-este-lunes\/\",\"name\":\"Necesitan 30 dadores de sangre para un hombre de Tornquist que se accident\u00f3 este lunes - Noticias Radio Reflejos\",\"isPartOf\":{\"@id\":\"https:\/\/www.noticiasradioreflejos.com.ar\/2021\/#website\"},\"primaryImageOfPage\":{\"@id\":\"https:\/\/www.noticiasradioreflejos.com.ar\/2021\/necesitan-30-dadores-de-sangre-para-un-hombre-de-tornquist-que-se-accidento-este-lunes\/#primaryimage\"},\"image\":{\"@id\":\"https:\/\/www.noticiasradioreflejos.com.ar\/2021\/necesitan-30-dadores-de-sangre-para-un-hombre-de-tornquist-que-se-accidento-este-lunes\/#primaryimage\"},\"thumbnailUrl\":\"https:\/\/www.noticiastornquist.com.ar\/imagen.php?imagen=\/luro.jpg\",\"datePublished\":\"2021-03-10T02:50:26+00:00\",\"author\":{\"@id\":\"https:\/\/www.noticiasradioreflejos.com.ar\/2021\/#\/schema\/person\/ad82545263dcc5ec0996818884fd5fb1\"},\"breadcrumb\":{\"@id\":\"https:\/\/www.noticiasradioreflejos.com.ar\/2021\/necesitan-30-dadores-de-sangre-para-un-hombre-de-tornquist-que-se-accidento-este-lunes\/#breadcrumb\"},\"inLanguage\":\"es\",\"potentialAction\":[{\"@type\":\"ReadAction\",\"target\":[\"https:\/\/www.noticiasradioreflejos.com.ar\/2021\/necesitan-30-dadores-de-sangre-para-un-hombre-de-tornquist-que-se-accidento-este-lunes\/\"]}]},{\"@type\":\"ImageObject\",\"inLanguage\":\"es\",\"@id\":\"https:\/\/www.noticiasradioreflejos.com.ar\/2021\/necesitan-30-dadores-de-sangre-para-un-hombre-de-tornquist-que-se-accidento-este-lunes\/#primaryimage\",\"url\":\"https:\/\/www.noticiastornquist.com.ar\/imagen.php?imagen=\/luro.jpg\",\"contentUrl\":\"https:\/\/www.noticiastornquist.com.ar\/imagen.php?imagen=\/luro.jpg\"},{\"@type\":\"BreadcrumbList\",\"@id\":\"https:\/\/www.noticiasradioreflejos.com.ar\/2021\/necesitan-30-dadores-de-sangre-para-un-hombre-de-tornquist-que-se-accidento-este-lunes\/#breadcrumb\",\"itemListElement\":[{\"@type\":\"ListItem\",\"position\":1,\"name\":\"Portada\",\"item\":\"https:\/\/www.noticiasradioreflejos.com.ar\/2021\/\"},{\"@type\":\"ListItem\",\"position\":2,\"name\":\"Necesitan 30 dadores de sangre para un hombre de Tornquist que se accident\u00f3 este lunes\"}]},{\"@type\":\"WebSite\",\"@id\":\"https:\/\/www.noticiasradioreflejos.com.ar\/2021\/#website\",\"url\":\"https:\/\/www.noticiasradioreflejos.com.ar\/2021\/\",\"name\":\"Noticias Radio Reflejos\",\"description\":\"Las noticias de mi comarca\",\"potentialAction\":[{\"@type\":\"SearchAction\",\"target\":{\"@type\":\"EntryPoint\",\"urlTemplate\":\"https:\/\/www.noticiasradioreflejos.com.ar\/2021\/?s={search_term_string}\"},\"query-input\":{\"@type\":\"PropertyValueSpecification\",\"valueRequired\":true,\"valueName\":\"search_term_string\"}}],\"inLanguage\":\"es\"},{\"@type\":\"Person\",\"@id\":\"https:\/\/www.noticiasradioreflejos.com.ar\/2021\/#\/schema\/person\/ad82545263dcc5ec0996818884fd5fb1\",\"name\":\"Arnaldo Botto\",\"image\":{\"@type\":\"ImageObject\",\"inLanguage\":\"es\",\"@id\":\"https:\/\/www.noticiasradioreflejos.com.ar\/2021\/#\/schema\/person\/image\/\",\"url\":\"https:\/\/secure.gravatar.com\/avatar\/55cb5e37c1efa326397366e6974cb338056df65cb50e7d64d1cf314e87504837?s=96&d=mm&r=g\",\"contentUrl\":\"https:\/\/secure.gravatar.com\/avatar\/55cb5e37c1efa326397366e6974cb338056df65cb50e7d64d1cf314e87504837?s=96&d=mm&r=g\",\"caption\":\"Arnaldo Botto\"},\"url\":\"https:\/\/www.noticiasradioreflejos.com.ar\/2021\/author\/arnaldo\/\"}]}<\/script>\n<!-- \/ Yoast SEO plugin. -->","yoast_head_json":{"title":"Necesitan 30 dadores de sangre para un hombre de Tornquist que se accident\u00f3 este lunes - Noticias Radio Reflejos","robots":{"index":"index","follow":"follow","max-snippet":"max-snippet:-1","max-image-preview":"max-image-preview:large","max-video-preview":"max-video-preview:-1"},"canonical":"https:\/\/www.noticiasradioreflejos.com.ar\/2021\/necesitan-30-dadores-de-sangre-para-un-hombre-de-tornquist-que-se-accidento-este-lunes\/","og_locale":"es_ES","og_type":"article","og_title":"Necesitan 30 dadores de sangre para un hombre de Tornquist que se accident\u00f3 este lunes - Noticias Radio Reflejos","og_description":"&gt;Se trata de Santiago Rodriguez internado en el Hospital Penna de Bah\u00eda Blanca.","og_url":"https:\/\/www.noticiasradioreflejos.com.ar\/2021\/necesitan-30-dadores-de-sangre-para-un-hombre-de-tornquist-que-se-accidento-este-lunes\/","og_site_name":"Noticias Radio Reflejos","article_published_time":"2021-03-10T02:50:26+00:00","og_image":[{"url":"https:\/\/www.noticiastornquist.com.ar\/imagen.php?imagen=\/luro.jpg","type":"","width":"","height":""}],"author":"Arnaldo Botto","twitter_card":"summary_large_image","schema":{"@context":"https:\/\/schema.org","@graph":[{"@type":"WebPage","@id":"https:\/\/www.noticiasradioreflejos.com.ar\/2021\/necesitan-30-dadores-de-sangre-para-un-hombre-de-tornquist-que-se-accidento-este-lunes\/","url":"https:\/\/www.noticiasradioreflejos.com.ar\/2021\/necesitan-30-dadores-de-sangre-para-un-hombre-de-tornquist-que-se-accidento-este-lunes\/","name":"Necesitan 30 dadores de sangre para un hombre de Tornquist que se accident\u00f3 este lunes - Noticias Radio Reflejos","isPartOf":{"@id":"https:\/\/www.noticiasradioreflejos.com.ar\/2021\/#website"},"primaryImageOfPage":{"@id":"https:\/\/www.noticiasradioreflejos.com.ar\/2021\/necesitan-30-dadores-de-sangre-para-un-hombre-de-tornquist-que-se-accidento-este-lunes\/#primaryimage"},"image":{"@id":"https:\/\/www.noticiasradioreflejos.com.ar\/2021\/necesitan-30-dadores-de-sangre-para-un-hombre-de-tornquist-que-se-accidento-este-lunes\/#primaryimage"},"thumbnailUrl":"https:\/\/www.noticiastornquist.com.ar\/imagen.php?imagen=\/luro.jpg","datePublished":"2021-03-10T02:50:26+00:00","author":{"@id":"https:\/\/www.noticiasradioreflejos.com.ar\/2021\/#\/schema\/person\/ad82545263dcc5ec0996818884fd5fb1"},"breadcrumb":{"@id":"https:\/\/www.noticiasradioreflejos.com.ar\/2021\/necesitan-30-dadores-de-sangre-para-un-hombre-de-tornquist-que-se-accidento-este-lunes\/#breadcrumb"},"inLanguage":"es","potentialAction":[{"@type":"ReadAction","target":["https:\/\/www.noticiasradioreflejos.com.ar\/2021\/necesitan-30-dadores-de-sangre-para-un-hombre-de-tornquist-que-se-accidento-este-lunes\/"]}]},{"@type":"ImageObject","inLanguage":"es","@id":"https:\/\/www.noticiasradioreflejos.com.ar\/2021\/necesitan-30-dadores-de-sangre-para-un-hombre-de-tornquist-que-se-accidento-este-lunes\/#primaryimage","url":"https:\/\/www.noticiastornquist.com.ar\/imagen.php?imagen=\/luro.jpg","contentUrl":"https:\/\/www.noticiastornquist.com.ar\/imagen.php?imagen=\/luro.jpg"},{"@type":"BreadcrumbList","@id":"https:\/\/www.noticiasradioreflejos.com.ar\/2021\/necesitan-30-dadores-de-sangre-para-un-hombre-de-tornquist-que-se-accidento-este-lunes\/#breadcrumb","itemListElement":[{"@type":"ListItem","position":1,"name":"Portada","item":"https:\/\/www.noticiasradioreflejos.com.ar\/2021\/"},{"@type":"ListItem","position":2,"name":"Necesitan 30 dadores de sangre para un hombre de Tornquist que se accident\u00f3 este lunes"}]},{"@type":"WebSite","@id":"https:\/\/www.noticiasradioreflejos.com.ar\/2021\/#website","url":"https:\/\/www.noticiasradioreflejos.com.ar\/2021\/","name":"Noticias Radio Reflejos","description":"Las noticias de mi comarca","potentialAction":[{"@type":"SearchAction","target":{"@type":"EntryPoint","urlTemplate":"https:\/\/www.noticiasradioreflejos.com.ar\/2021\/?s={search_term_string}"},"query-input":{"@type":"PropertyValueSpecification","valueRequired":true,"valueName":"search_term_string"}}],"inLanguage":"es"},{"@type":"Person","@id":"https:\/\/www.noticiasradioreflejos.com.ar\/2021\/#\/schema\/person\/ad82545263dcc5ec0996818884fd5fb1","name":"Arnaldo Botto","image":{"@type":"ImageObject","inLanguage":"es","@id":"https:\/\/www.noticiasradioreflejos.com.ar\/2021\/#\/schema\/person\/image\/","url":"https:\/\/secure.gravatar.com\/avatar\/55cb5e37c1efa326397366e6974cb338056df65cb50e7d64d1cf314e87504837?s=96&d=mm&r=g","contentUrl":"https:\/\/secure.gravatar.com\/avatar\/55cb5e37c1efa326397366e6974cb338056df65cb50e7d64d1cf314e87504837?s=96&d=mm&r=g","caption":"Arnaldo Botto"},"url":"https:\/\/www.noticiasradioreflejos.com.ar\/2021\/author\/arnaldo\/"}]}},"_links":{"self":[{"href":"https:\/\/www.noticiasradioreflejos.com.ar\/2021\/wp-json\/wp\/v2\/posts\/53619","targetHints":{"allow":["GET"]}}],"collection":[{"href":"https:\/\/www.noticiasradioreflejos.com.ar\/2021\/wp-json\/wp\/v2\/posts"}],"about":[{"href":"https:\/\/www.noticiasradioreflejos.com.ar\/2021\/wp-json\/wp\/v2\/types\/post"}],"author":[{"embeddable":true,"href":"https:\/\/www.noticiasradioreflejos.com.ar\/2021\/wp-json\/wp\/v2\/users\/3"}],"replies":[{"embeddable":true,"href":"https:\/\/www.noticiasradioreflejos.com.ar\/2021\/wp-json\/wp\/v2\/comments?post=53619"}],"version-history":[{"count":0,"href":"https:\/\/www.noticiasradioreflejos.com.ar\/2021\/wp-json\/wp\/v2\/posts\/53619\/revisions"}],"wp:attachment":[{"href":"https:\/\/www.noticiasradioreflejos.com.ar\/2021\/wp-json\/wp\/v2\/media?parent=53619"}],"wp:term":[{"taxonomy":"category","embeddable":true,"href":"https:\/\/www.noticiasradioreflejos.com.ar\/2021\/wp-json\/wp\/v2\/categories?post=53619"},{"taxonomy":"post_tag","embeddable":true,"href":"https:\/\/www.noticiasradioreflejos.com.ar\/2021\/wp-json\/wp\/v2\/tags?post=53619"}],"curies":[{"name":"wp","href":"https:\/\/api.w.org\/{rel}","templated":true}]}}