{"id":53606,"date":"2021-03-09T17:26:36","date_gmt":"2021-03-09T20:26:36","guid":{"rendered":"http:\/\/www.noticiasradioreflejos.com.ar\/noticias\/?p=53606"},"modified":"2021-03-09T17:26:36","modified_gmt":"2021-03-09T20:26:36","slug":"semana-santa-ampliar-destinos-difundio-las-propuestas-turisticas-de-todas-las-regiones","status":"publish","type":"post","link":"https:\/\/www.noticiasradioreflejos.com.ar\/2021\/semana-santa-ampliar-destinos-difundio-las-propuestas-turisticas-de-todas-las-regiones\/","title":{"rendered":"Semana Santa: Ampliar Destinos difundi\u00f3 las propuestas tur\u00edsticas de todas las regiones"},"content":{"rendered":"<p>La iniciativa re\u00fane a funcionarios de todas las regiones tur\u00edsticas del pa\u00eds para, de esta forma, promocionar las visitas de los viajeros en la temporada de Semana Santa.<!--more--><\/p>\n<div id=\"image\" class=\"image\">\n<p><img decoding=\"async\" title=\"La propuesta busca fomentar el turismo en diferentes regiones del pa\u00eds\" src=\"https:\/\/www.telam.com.ar\/advf\/imagenes\/2013\/03\/515895ffa6e87_1004x669.jpg\" alt=\"La propuesta busca fomentar el turismo en diferentes regiones del pa\u00eds\" \/><\/p>\n<div class=\"epigrafe\">La propuesta busca fomentar el turismo en diferentes regiones del pa\u00eds<\/div>\n<\/div>\n<p>El ciclo Ampliar Destinos, organizado por el Ministerio de Turismo y Deportes (Minturdep) y el Consejo Federal de Turismo (CFT), desarroll\u00f3 hoy una edici\u00f3n especial para Semana Santa, en la cual funcionarios de las provincias de las regiones Noroeste, Centro, Litoral, Cuyo y Patagonia, difundieron sus atractivos generales y las especiales para ese feriado.<\/p>\n<p>El encuentro, que cont\u00f3 con el acompa\u00f1amiento de la C\u00e1mara Argentina de Turismo (CAT) y Aerol\u00edneas Argentinas, se hizo por primera vez en formato h\u00edbrido, pero con gran participaci\u00f3n presencial de los funcionarios provinciales y fue transmitido constantemente en vivo por internet.<\/p>\n<p>L<strong>os representantes provinciales se explayaron sobre sus propuestas tur\u00edsticas y destacaron en cada caso su particularidad, ya sea cultural, gastron\u00f3mica, de naturaleza, aventura, religi\u00f3n, deportiva o relax, adem\u00e1s de las promociones de hoteler\u00eda, transporte y excursiones para Semana Santa y los requisitos para ingresar a sus distritos.<\/strong><\/p>\n<p>Este Ampliar Destinos, que tuvo como sede el Hotel Intercontinental, en el centro porte\u00f1o, y se extendi\u00f3 unas 11 horas desde las 9, fue calificado como el \u00abvolver a renacer\u00bb de la actividad por la secretaria de Promoci\u00f3n Tur\u00edstica, Yanina Mart\u00ednez.<\/p>\n<p>\u00abEstar hoy ac\u00e1 es una alegr\u00eda enorme, es un volver a renacer, porque empezar a trabajar en estos eventos h\u00edbridos que combinan la presencialidad con la virtualidad es el inicio de lo que tenemos que caminar\u00bb, enfatiz\u00f3 la funcionaria del Minturdep.<\/p>\n<p>La jornada, orientada principalmente a operadores y prestadores tur\u00edsticos, se desarroll\u00f3 en su aspecto presencial en el Hotel Intercontinental, mientras que la transmisi\u00f3n virtual, abierta al p\u00fablico general acreditado, incluyo lenguaje de se\u00f1as.<\/p>\n<p>Mart\u00ednez reconoci\u00f3 los beneficios de la virtualidad en una coyuntura atravesada por la pandemia \u00abque nos permiti\u00f3 estar ac\u00e1 reunidos, en poder tener una temporada de verano y en trabajar codo a codo Naci\u00f3n, provincias, municipios, sector privado y sector acad\u00e9mico\u00bb.<\/p>\n<div id=\"image\" class=\"image\">\n<p><img decoding=\"async\" title=\"Ampliar Destinos propone ampliar la oferta de zonas tur\u00edsticas\" src=\"https:\/\/www.telam.com.ar\/advf\/imagenes\/2021\/02\/6021c12384280_1004x565.jpg\" alt=\"Ampliar Destinos propone ampliar la oferta de zonas tur\u00edsticas\" \/><\/p>\n<div class=\"epigrafe\">Ampliar Destinos propone ampliar la oferta de zonas tur\u00edsticas<\/div>\n<\/div>\n<p>\u00abLa virtualidad nos acerc\u00f3, nos permiti\u00f3 estar presentes los destinos y as\u00ed se inici\u00f3 Ampliar Destinos, que yo digo que es una herramienta y una pol\u00edtica de estado en donde se logr\u00f3 hacer una alianza estrat\u00e9gica entre el sector p\u00fablico y el sector privado para poder seguir trabajando, tener presente a los destinos y poder capacitarnos\u00bb, subray\u00f3.<\/p>\n<blockquote><p>\u00abLa virtualidad nos acerc\u00f3, nos permiti\u00f3 estar presentes los destinos y as\u00ed se inici\u00f3 Ampliar Destinos\u00bb<\/p>\n<div class=\"sign\">YANINA MART\u00cdNEZ, SECRETARIA DE DE PROMOCI\u00d3N TUR\u00cdSTICA<\/div>\n<\/blockquote>\n<p>La funcionaria consider\u00f3 que \u00abhay que redefinir el turismo\u00bb y que la comunidad tur\u00edstica tiene que ser \u00abinnovadora y disruptiva\u00bb y generar \u00abinclusi\u00f3n, trabajo\u00bb con una mirada \u00abde la sostenibilidad y la perspectiva de g\u00e9nero\u00bb para \u00abser mejores\u00bb.<\/p>\n<p>El director Comercial, de Planeamiento y Gesti\u00f3n de Ruta de Aerol\u00edneas Argentina, Fabi\u00e1n Lombardo, asegur\u00f3 que de acuerdo a la medici\u00f3n semanal de reservas que hace la compa\u00f1\u00eda, \u00abla Semana Santa se est\u00e1 comenzando a vender\u00bb.<\/p>\n<p>\u00ab<strong>Tenemos que desarrollar productos para seguir incrementando la cantidad de pasajeros que vayan a su destino<\/strong>, pero los pasajeros est\u00e1n, busqu\u00e9moslos, quieren volar\u00bb, exhort\u00f3.<\/p>\n<p>Tras se\u00f1alar que en enero de 2021 la cantidad de pasajeros transportados en vuelos de cabotaje fue el 41% del mismo mes del a\u00f1o anterior (329 mil), destac\u00f3 que en febrero, en proporci\u00f3n a sus 28 d\u00edas, \u00abhubo m\u00e1s pasajeros que los transportados en enero, un promedio de 11.000 diarios, recuperando el 44% respecto de 2020\u00bb.<\/p>\n<p>\u00abComo dato positivo, entre todos los negativos que conocemos, podemos decir que el mercado dom\u00e9stico est\u00e1 confiado, acept\u00f3 los protocolos, est\u00e1 volando y quiere seguir volando, y estos eventos son muy importantes porque marzo viene muy bien, pero de abril a junio todos sabemos que es temporada baja y tenemos que trabajar sobre eso\u00bb, agreg\u00f3.<\/p>\n<p>Claudia Grynszpan, quien preside el CFT, expres\u00f3 que el encuentro nos llena de esperanzas porque estamos ante un evento en pandemia, una reuni\u00f3n, tras lograr atravesar un 2020 lleno de incertidumbres, de temores fundados, de sentir la amenaza f\u00edsica en la salud, la amenaza econ\u00f3mica y la inestabilidad que eso genera\u00bb.<\/p>\n<p>La funcionaria, tambi\u00e9n ministra de Turismo y Cultura de San Juan, agreg\u00f3 que hay que \u00abcapitalizar la experiencia\u00bb del trabajo conjunto,y los \u00abelementos aprendidos\u00bb y las \u00abexperiencias\u00bb, pero tambi\u00e9n \u00abtambi\u00e9n tenemos un consumidor, un cliente que tambi\u00e9n ya vivi\u00f3 un primer movimiento en pandemia y creo que ac\u00e1 es donde tenemos que capitalizar\u00bb porque ambas situaciones \u00abser\u00e1n la clave para el 2021\u00bb.<\/p>\n<p>El presidente de la CAT, Aldo El\u00edas, sostuvo que que con esta edici\u00f3n de Ampliar Destinos se \u00abarranc\u00f3 con la era de la presencialidad, y me pone muy contento de que nos hayamos animado a hacer esto, porque ten\u00edamos que dar este paso y creo que estamos en condiciones de poder volver a trabajar de esta forma\u00bb.<\/p>\n<p>Durante toda la jornada expusieron los jefes de turismo o sus representantes de los distritos del Noroeste (Salta, Jujuy, Catamarca, Tucum\u00e1n, Santiago del Estero y La Rioja), Centro (Ciudad y provincia de Buenos Aires y C\u00f3rdoba), Cuyo (Mendoza, San Juan y San Luis), Patagonia (La Pampa, Neuqu\u00e9n, R\u00edo Negro, Chubut y Tierra del Fuego) y Litoral (Chaco, Misiones, Corrientes, Entre R\u00edos, Santa Fe y Formosa), en ese orden.<\/p>\n","protected":false},"excerpt":{"rendered":"<p>La iniciativa re\u00fane a funcionarios de todas las regiones tur\u00edsticas del pa\u00eds para, de esta forma, promocionar las visitas de los viajeros en la temporada de Semana Santa.<\/p>\n","protected":false},"author":3,"featured_media":0,"comment_status":"closed","ping_status":"open","sticky":false,"template":"","format":"standard","meta":{"footnotes":""},"categories":[33],"tags":[],"class_list":["post-53606","post","type-post","status-publish","format-standard","hentry","category-turismo"],"yoast_head":"<!-- This site is optimized with the Yoast SEO plugin v25.9 - https:\/\/yoast.com\/wordpress\/plugins\/seo\/ -->\n<title>Semana Santa: Ampliar Destinos difundi\u00f3 las propuestas tur\u00edsticas de todas las regiones - Noticias Radio Reflejos<\/title>\n<meta name=\"robots\" content=\"index, follow, max-snippet:-1, max-image-preview:large, max-video-preview:-1\" \/>\n<link rel=\"canonical\" href=\"https:\/\/www.noticiasradioreflejos.com.ar\/2021\/semana-santa-ampliar-destinos-difundio-las-propuestas-turisticas-de-todas-las-regiones\/\" \/>\n<meta property=\"og:locale\" content=\"es_ES\" \/>\n<meta property=\"og:type\" content=\"article\" \/>\n<meta property=\"og:title\" content=\"Semana Santa: Ampliar Destinos difundi\u00f3 las propuestas tur\u00edsticas de todas las regiones - Noticias Radio Reflejos\" \/>\n<meta property=\"og:description\" content=\"La iniciativa re\u00fane a funcionarios de todas las regiones tur\u00edsticas del pa\u00eds para, de esta forma, promocionar las visitas de los viajeros en la temporada de Semana Santa.\" \/>\n<meta property=\"og:url\" content=\"https:\/\/www.noticiasradioreflejos.com.ar\/2021\/semana-santa-ampliar-destinos-difundio-las-propuestas-turisticas-de-todas-las-regiones\/\" \/>\n<meta property=\"og:site_name\" content=\"Noticias Radio Reflejos\" \/>\n<meta property=\"article:published_time\" content=\"2021-03-09T20:26:36+00:00\" \/>\n<meta property=\"og:image\" content=\"https:\/\/www.telam.com.ar\/advf\/imagenes\/2013\/03\/515895ffa6e87_1004x669.jpg\" \/>\n<meta name=\"author\" content=\"Arnaldo Botto\" \/>\n<meta name=\"twitter:card\" content=\"summary_large_image\" \/>\n<script type=\"application\/ld+json\" class=\"yoast-schema-graph\">{\"@context\":\"https:\/\/schema.org\",\"@graph\":[{\"@type\":\"WebPage\",\"@id\":\"https:\/\/www.noticiasradioreflejos.com.ar\/2021\/semana-santa-ampliar-destinos-difundio-las-propuestas-turisticas-de-todas-las-regiones\/\",\"url\":\"https:\/\/www.noticiasradioreflejos.com.ar\/2021\/semana-santa-ampliar-destinos-difundio-las-propuestas-turisticas-de-todas-las-regiones\/\",\"name\":\"Semana Santa: Ampliar Destinos difundi\u00f3 las propuestas tur\u00edsticas de todas las regiones - Noticias Radio Reflejos\",\"isPartOf\":{\"@id\":\"https:\/\/www.noticiasradioreflejos.com.ar\/2021\/#website\"},\"primaryImageOfPage\":{\"@id\":\"https:\/\/www.noticiasradioreflejos.com.ar\/2021\/semana-santa-ampliar-destinos-difundio-las-propuestas-turisticas-de-todas-las-regiones\/#primaryimage\"},\"image\":{\"@id\":\"https:\/\/www.noticiasradioreflejos.com.ar\/2021\/semana-santa-ampliar-destinos-difundio-las-propuestas-turisticas-de-todas-las-regiones\/#primaryimage\"},\"thumbnailUrl\":\"https:\/\/www.telam.com.ar\/advf\/imagenes\/2013\/03\/515895ffa6e87_1004x669.jpg\",\"datePublished\":\"2021-03-09T20:26:36+00:00\",\"author\":{\"@id\":\"https:\/\/www.noticiasradioreflejos.com.ar\/2021\/#\/schema\/person\/ad82545263dcc5ec0996818884fd5fb1\"},\"breadcrumb\":{\"@id\":\"https:\/\/www.noticiasradioreflejos.com.ar\/2021\/semana-santa-ampliar-destinos-difundio-las-propuestas-turisticas-de-todas-las-regiones\/#breadcrumb\"},\"inLanguage\":\"es\",\"potentialAction\":[{\"@type\":\"ReadAction\",\"target\":[\"https:\/\/www.noticiasradioreflejos.com.ar\/2021\/semana-santa-ampliar-destinos-difundio-las-propuestas-turisticas-de-todas-las-regiones\/\"]}]},{\"@type\":\"ImageObject\",\"inLanguage\":\"es\",\"@id\":\"https:\/\/www.noticiasradioreflejos.com.ar\/2021\/semana-santa-ampliar-destinos-difundio-las-propuestas-turisticas-de-todas-las-regiones\/#primaryimage\",\"url\":\"https:\/\/www.telam.com.ar\/advf\/imagenes\/2013\/03\/515895ffa6e87_1004x669.jpg\",\"contentUrl\":\"https:\/\/www.telam.com.ar\/advf\/imagenes\/2013\/03\/515895ffa6e87_1004x669.jpg\"},{\"@type\":\"BreadcrumbList\",\"@id\":\"https:\/\/www.noticiasradioreflejos.com.ar\/2021\/semana-santa-ampliar-destinos-difundio-las-propuestas-turisticas-de-todas-las-regiones\/#breadcrumb\",\"itemListElement\":[{\"@type\":\"ListItem\",\"position\":1,\"name\":\"Portada\",\"item\":\"https:\/\/www.noticiasradioreflejos.com.ar\/2021\/\"},{\"@type\":\"ListItem\",\"position\":2,\"name\":\"Semana Santa: Ampliar Destinos difundi\u00f3 las propuestas tur\u00edsticas de todas las regiones\"}]},{\"@type\":\"WebSite\",\"@id\":\"https:\/\/www.noticiasradioreflejos.com.ar\/2021\/#website\",\"url\":\"https:\/\/www.noticiasradioreflejos.com.ar\/2021\/\",\"name\":\"Noticias Radio Reflejos\",\"description\":\"Las noticias de mi comarca\",\"potentialAction\":[{\"@type\":\"SearchAction\",\"target\":{\"@type\":\"EntryPoint\",\"urlTemplate\":\"https:\/\/www.noticiasradioreflejos.com.ar\/2021\/?s={search_term_string}\"},\"query-input\":{\"@type\":\"PropertyValueSpecification\",\"valueRequired\":true,\"valueName\":\"search_term_string\"}}],\"inLanguage\":\"es\"},{\"@type\":\"Person\",\"@id\":\"https:\/\/www.noticiasradioreflejos.com.ar\/2021\/#\/schema\/person\/ad82545263dcc5ec0996818884fd5fb1\",\"name\":\"Arnaldo Botto\",\"image\":{\"@type\":\"ImageObject\",\"inLanguage\":\"es\",\"@id\":\"https:\/\/www.noticiasradioreflejos.com.ar\/2021\/#\/schema\/person\/image\/\",\"url\":\"https:\/\/secure.gravatar.com\/avatar\/55cb5e37c1efa326397366e6974cb338056df65cb50e7d64d1cf314e87504837?s=96&d=mm&r=g\",\"contentUrl\":\"https:\/\/secure.gravatar.com\/avatar\/55cb5e37c1efa326397366e6974cb338056df65cb50e7d64d1cf314e87504837?s=96&d=mm&r=g\",\"caption\":\"Arnaldo Botto\"},\"url\":\"https:\/\/www.noticiasradioreflejos.com.ar\/2021\/author\/arnaldo\/\"}]}<\/script>\n<!-- \/ Yoast SEO plugin. -->","yoast_head_json":{"title":"Semana Santa: Ampliar Destinos difundi\u00f3 las propuestas tur\u00edsticas de todas las regiones - Noticias Radio Reflejos","robots":{"index":"index","follow":"follow","max-snippet":"max-snippet:-1","max-image-preview":"max-image-preview:large","max-video-preview":"max-video-preview:-1"},"canonical":"https:\/\/www.noticiasradioreflejos.com.ar\/2021\/semana-santa-ampliar-destinos-difundio-las-propuestas-turisticas-de-todas-las-regiones\/","og_locale":"es_ES","og_type":"article","og_title":"Semana Santa: Ampliar Destinos difundi\u00f3 las propuestas tur\u00edsticas de todas las regiones - Noticias Radio Reflejos","og_description":"La iniciativa re\u00fane a funcionarios de todas las regiones tur\u00edsticas del pa\u00eds para, de esta forma, promocionar las visitas de los viajeros en la temporada de Semana Santa.","og_url":"https:\/\/www.noticiasradioreflejos.com.ar\/2021\/semana-santa-ampliar-destinos-difundio-las-propuestas-turisticas-de-todas-las-regiones\/","og_site_name":"Noticias Radio Reflejos","article_published_time":"2021-03-09T20:26:36+00:00","og_image":[{"url":"https:\/\/www.telam.com.ar\/advf\/imagenes\/2013\/03\/515895ffa6e87_1004x669.jpg","type":"","width":"","height":""}],"author":"Arnaldo Botto","twitter_card":"summary_large_image","schema":{"@context":"https:\/\/schema.org","@graph":[{"@type":"WebPage","@id":"https:\/\/www.noticiasradioreflejos.com.ar\/2021\/semana-santa-ampliar-destinos-difundio-las-propuestas-turisticas-de-todas-las-regiones\/","url":"https:\/\/www.noticiasradioreflejos.com.ar\/2021\/semana-santa-ampliar-destinos-difundio-las-propuestas-turisticas-de-todas-las-regiones\/","name":"Semana Santa: Ampliar Destinos difundi\u00f3 las propuestas tur\u00edsticas de todas las regiones - Noticias Radio Reflejos","isPartOf":{"@id":"https:\/\/www.noticiasradioreflejos.com.ar\/2021\/#website"},"primaryImageOfPage":{"@id":"https:\/\/www.noticiasradioreflejos.com.ar\/2021\/semana-santa-ampliar-destinos-difundio-las-propuestas-turisticas-de-todas-las-regiones\/#primaryimage"},"image":{"@id":"https:\/\/www.noticiasradioreflejos.com.ar\/2021\/semana-santa-ampliar-destinos-difundio-las-propuestas-turisticas-de-todas-las-regiones\/#primaryimage"},"thumbnailUrl":"https:\/\/www.telam.com.ar\/advf\/imagenes\/2013\/03\/515895ffa6e87_1004x669.jpg","datePublished":"2021-03-09T20:26:36+00:00","author":{"@id":"https:\/\/www.noticiasradioreflejos.com.ar\/2021\/#\/schema\/person\/ad82545263dcc5ec0996818884fd5fb1"},"breadcrumb":{"@id":"https:\/\/www.noticiasradioreflejos.com.ar\/2021\/semana-santa-ampliar-destinos-difundio-las-propuestas-turisticas-de-todas-las-regiones\/#breadcrumb"},"inLanguage":"es","potentialAction":[{"@type":"ReadAction","target":["https:\/\/www.noticiasradioreflejos.com.ar\/2021\/semana-santa-ampliar-destinos-difundio-las-propuestas-turisticas-de-todas-las-regiones\/"]}]},{"@type":"ImageObject","inLanguage":"es","@id":"https:\/\/www.noticiasradioreflejos.com.ar\/2021\/semana-santa-ampliar-destinos-difundio-las-propuestas-turisticas-de-todas-las-regiones\/#primaryimage","url":"https:\/\/www.telam.com.ar\/advf\/imagenes\/2013\/03\/515895ffa6e87_1004x669.jpg","contentUrl":"https:\/\/www.telam.com.ar\/advf\/imagenes\/2013\/03\/515895ffa6e87_1004x669.jpg"},{"@type":"BreadcrumbList","@id":"https:\/\/www.noticiasradioreflejos.com.ar\/2021\/semana-santa-ampliar-destinos-difundio-las-propuestas-turisticas-de-todas-las-regiones\/#breadcrumb","itemListElement":[{"@type":"ListItem","position":1,"name":"Portada","item":"https:\/\/www.noticiasradioreflejos.com.ar\/2021\/"},{"@type":"ListItem","position":2,"name":"Semana Santa: Ampliar Destinos difundi\u00f3 las propuestas tur\u00edsticas de todas las regiones"}]},{"@type":"WebSite","@id":"https:\/\/www.noticiasradioreflejos.com.ar\/2021\/#website","url":"https:\/\/www.noticiasradioreflejos.com.ar\/2021\/","name":"Noticias Radio Reflejos","description":"Las noticias de mi comarca","potentialAction":[{"@type":"SearchAction","target":{"@type":"EntryPoint","urlTemplate":"https:\/\/www.noticiasradioreflejos.com.ar\/2021\/?s={search_term_string}"},"query-input":{"@type":"PropertyValueSpecification","valueRequired":true,"valueName":"search_term_string"}}],"inLanguage":"es"},{"@type":"Person","@id":"https:\/\/www.noticiasradioreflejos.com.ar\/2021\/#\/schema\/person\/ad82545263dcc5ec0996818884fd5fb1","name":"Arnaldo Botto","image":{"@type":"ImageObject","inLanguage":"es","@id":"https:\/\/www.noticiasradioreflejos.com.ar\/2021\/#\/schema\/person\/image\/","url":"https:\/\/secure.gravatar.com\/avatar\/55cb5e37c1efa326397366e6974cb338056df65cb50e7d64d1cf314e87504837?s=96&d=mm&r=g","contentUrl":"https:\/\/secure.gravatar.com\/avatar\/55cb5e37c1efa326397366e6974cb338056df65cb50e7d64d1cf314e87504837?s=96&d=mm&r=g","caption":"Arnaldo Botto"},"url":"https:\/\/www.noticiasradioreflejos.com.ar\/2021\/author\/arnaldo\/"}]}},"_links":{"self":[{"href":"https:\/\/www.noticiasradioreflejos.com.ar\/2021\/wp-json\/wp\/v2\/posts\/53606","targetHints":{"allow":["GET"]}}],"collection":[{"href":"https:\/\/www.noticiasradioreflejos.com.ar\/2021\/wp-json\/wp\/v2\/posts"}],"about":[{"href":"https:\/\/www.noticiasradioreflejos.com.ar\/2021\/wp-json\/wp\/v2\/types\/post"}],"author":[{"embeddable":true,"href":"https:\/\/www.noticiasradioreflejos.com.ar\/2021\/wp-json\/wp\/v2\/users\/3"}],"replies":[{"embeddable":true,"href":"https:\/\/www.noticiasradioreflejos.com.ar\/2021\/wp-json\/wp\/v2\/comments?post=53606"}],"version-history":[{"count":0,"href":"https:\/\/www.noticiasradioreflejos.com.ar\/2021\/wp-json\/wp\/v2\/posts\/53606\/revisions"}],"wp:attachment":[{"href":"https:\/\/www.noticiasradioreflejos.com.ar\/2021\/wp-json\/wp\/v2\/media?parent=53606"}],"wp:term":[{"taxonomy":"category","embeddable":true,"href":"https:\/\/www.noticiasradioreflejos.com.ar\/2021\/wp-json\/wp\/v2\/categories?post=53606"},{"taxonomy":"post_tag","embeddable":true,"href":"https:\/\/www.noticiasradioreflejos.com.ar\/2021\/wp-json\/wp\/v2\/tags?post=53606"}],"curies":[{"name":"wp","href":"https:\/\/api.w.org\/{rel}","templated":true}]}}