{"id":53601,"date":"2021-03-09T17:18:29","date_gmt":"2021-03-09T20:18:29","guid":{"rendered":"http:\/\/www.noticiasradioreflejos.com.ar\/noticias\/?p=53601"},"modified":"2021-03-09T17:18:29","modified_gmt":"2021-03-09T20:18:29","slug":"ciudad-de-buenos-aires-largas-filas-bajo-el-sol-demoras-y-sin-distanciamiento-en-la-vacunacion-a-adultos-mayores","status":"publish","type":"post","link":"https:\/\/www.noticiasradioreflejos.com.ar\/2021\/ciudad-de-buenos-aires-largas-filas-bajo-el-sol-demoras-y-sin-distanciamiento-en-la-vacunacion-a-adultos-mayores\/","title":{"rendered":"Ciudad de Buenos Aires: Largas filas bajo el sol, demoras y sin distanciamiento en la vacunaci\u00f3n a adultos mayores."},"content":{"rendered":"<p>La organizaci\u00f3n administrativa y sanitaria se vio desbordada con filas de m\u00e1s de una cuadra en los alrededores del Luna Park, entre ellos adultos mayores esperando parados.\u00a0Denuncias de la CTA y de legisladores del Frente de Todos.<!--more--><\/p>\n<div id=\"image\" class=\"image\">\n<p><img decoding=\"async\" title=\"En el Luna Park se espera aplicar 2.100 dosis diarias de la vacuna Sputnik V a los mayores de 80 a\u00f1os.\" src=\"https:\/\/www.telam.com.ar\/advf\/imagenes\/2021\/03\/6047859191c35_1004x565.jpg\" alt=\"En el Luna Park se espera aplicar 2.100 dosis diarias de la vacuna Sputnik V a los mayores de 80 a\u00f1os.\" \/><\/p>\n<div class=\"epigrafe\">En el Luna Park se espera aplicar 2.100 dosis diarias de la vacuna Sputnik V a los mayores de 80 a\u00f1os.<\/div>\n<\/div>\n<p>Con largas\u00a0<strong>filas bajo el sol, sin distanciamiento social, demoras y con adultos mayores que debieron esperar parados\u00a0<\/strong>por m\u00e1s de una hora, comenz\u00f3 a las 8 la vacunaci\u00f3n contra el coronavirus en el Estadio Luna Park, uno de los centros de vacunaci\u00f3n elegidos por el gobierno de la Ciudad Aut\u00f3noma de Buenos de la campa\u00f1a para adultos mayores de 80 a\u00f1os y residentes de geri\u00e1tricos.<\/p>\n<p>Desde este martes, el emblem\u00e1tico edificio, ubicado en la manzana delimitada por las calles Bouchard, Lavalle y las avenidas Eduardo Madero y Corrientes, en el barrio porte\u00f1o de San Nicol\u00e1s se convirti\u00f3 en vacunatorio y se espera aplicar 2.100 dosis diarias de la vacuna Sputnik V a los adultos mayores de 80 a\u00f1os.<\/p>\n<p>En tanto, durante el comienzo de la primera jornada de vacunaci\u00f3n, en las afueras del estadio,\u00a0<strong>la organizaci\u00f3n administrativa y sanitaria se vio desbordada con filas de m\u00e1s de una cuadra, gente amontonada, entre ellos adultos mayores esperando parados\u00a0<\/strong>sin sillas en las cuales poder descansar.<\/p>\n<div id=\"image\" class=\"image\">\n<p><img decoding=\"async\" title=\"Las quejas m\u00e1s recurrentes: &quot;La organizaci\u00f3n no est\u00e1 bien y estamos un poco juntos&quot;, &quot;se superpusieron los turnos&quot;, &quot;las filas son muy largas&quot;.\" src=\"https:\/\/www.telam.com.ar\/advf\/imagenes\/2021\/03\/6047859199b71_1004x565.jpg\" alt=\"Las quejas m\u00e1s recurrentes: &quot;La organizaci\u00f3n no est\u00e1 bien y estamos un poco juntos&quot;, &quot;se superpusieron los turnos&quot;, &quot;las filas son muy largas&quot;.\" \/><\/p>\n<div class=\"epigrafe\">Las quejas m\u00e1s recurrentes: \u00abLa organizaci\u00f3n no est\u00e1 bien y estamos un poco juntos\u00bb, \u00abse superpusieron los turnos\u00bb, \u00ablas filas son muy largas\u00bb.<\/div>\n<\/div>\n<p>\u00abEstamos esperando hace 45 minutos. Yo puedo aguantar pero ahora mucha gente que no, ni sillas pusieron. Con todas las butacas que hay en el Luna Park, no puede ser\u00bb, se quej\u00f3 una se\u00f1ora.<\/p>\n<p>\u00abEstamos desde las 11.20 con el turno para las 12. Nadie nos ofreci\u00f3 nada para esperar\u00bb, agreg\u00f3 otra mujer que fue a vacunarse.<\/p>\n<p>Un se\u00f1or coment\u00f3 que \u00abes un desorden incre\u00edble esto, es una mala organizaci\u00f3n, pero bueno no podemos pedir otra cosa\u00bb.<\/p>\n<blockquote class=\"small-left\"><p>\u00abEs un desastre, es una verg\u00fcenza lo que pasa con los abuelos, hacerlos esperar as\u00ed\u00bb<\/p><\/blockquote>\n<p>\u00abYo traje dos t\u00edas y a mi mam\u00e1. A mi mam\u00e1 no la vacunaron porque tuvo un edema de glotis, est\u00e1 desilusionada. Estamos tratando de calmarla para que en alg\u00fan momento se pueda vacunar, la vacuna es nueva entonces posiblemente si hay casos como el de ella no la van a vacunar. Ya le pidieron los datos y la van a llamar\u00bb, cont\u00f3 una mujer que llev\u00f3 a sus familiares al centro de vacunaci\u00f3n.<\/p>\n<p>Un taxista que dej\u00f3 en el lugar a una mujer de 80 a\u00f1os asegur\u00f3 que \u00abes un desastre, es una verg\u00fcenza lo que pasa con los abuelos, hacerlos esperar as\u00ed. Es un insensible Larreta y todo su equipo al hacer esto. Esto es pol\u00edtica, nada m\u00e1s. Espero que a mis 80 no me agarre as\u00ed\u00bb.<\/p>\n<p>Im\u00e1genes de largas colas y falta de distanciamiento social\u00a0<strong>tambi\u00e9n pudieron verse en las instalaciones del Club San Lorenzo, ubicado en Avenida La Plata 1770<\/strong>, las cuales fueron difundidas por distintos usuarios de Twitter.<\/p>\n<div id=\"image\" class=\"image\"><img decoding=\"async\" title=\"\" src=\"https:\/\/www.telam.com.ar\/advf\/imagenes\/2021\/03\/6047ac55b6857_1004x565.jpg\" alt=\"\" \/><\/div>\n<p>A la tarde, cerca de las 15.30, Mar\u00eda esperaba el turno para que vacunen a su padre, mientras un orientador identificado con chaleco verde le acercaba sillas a los mayores, que se sentaban a menos de un metro de distancia con sus acompa\u00f1antes parados.<\/p>\n<p>\u00abHay un retraso de una hora, m\u00e1s o menos. Y van llamando por horario. Yo ten\u00eda el ingreso por puerta 2, pero no est\u00e1 funcionando el ingreso diferenciado\u00bb, cont\u00f3 la joven.<\/p>\n<div id=\"image\" class=\"image\"><img decoding=\"async\" title=\"\" src=\"https:\/\/www.telam.com.ar\/advf\/imagenes\/2021\/03\/60478591a9b4b_1004x565.jpg\" alt=\"\" \/><\/div>\n<div class=\"auth\">Legisladores del FdT exigen respuestas al Ejecutivo porte\u00f1o<\/div>\n<p>Legisladores del Frente de Todos (FdT) cuestionaron la falta de organizaci\u00f3n de la campa\u00f1a de vacunaci\u00f3n en la ciudad de Buenos Aires.<\/p>\n<p>\u00abLa improvisaci\u00f3n de (Horacio Rodr\u00edguez) Larreta y el desprecio por lo p\u00fablico es un acto criminal y convertir un vacunatorio en un foco infeccioso de contagios, un absurdo surrealista\u00bb, escribi\u00f3 en Twitter el legislador porte\u00f1o Leandro Santoro.<\/p>\n<p>De igual forma, el senador nacional Mariano Recalde advirti\u00f3 que el PAMI hab\u00eda ofrecido tiempo atr\u00e1s \u00ab10 centros de vacunaci\u00f3n\u00bb a la ciudad, pero el jefe de Gobierno porte\u00f1o\u00bb y (el ministro de Salud porte\u00f1o, Fern\u00e1n) Quir\u00f3s no respondieron\u00bb.<\/p>\n<div class=\"js-code\">\n<div class=\"twitter-tweet twitter-tweet-rendered\"><iframe loading=\"lazy\" id=\"twitter-widget-0\" class=\"\" title=\"Twitter Tweet\" src=\"https:\/\/platform.twitter.com\/embed\/Tweet.html?creatorScreenName=agenciatelam&amp;dnt=false&amp;embedId=twitter-widget-0&amp;frame=false&amp;hideCard=false&amp;hideThread=false&amp;id=1369315849128001543&amp;lang=en&amp;origin=https%3A%2F%2Fwww.telam.com.ar%2Fnotas%2F202103%2F546829-vacuna-luna-park-colas-mayores.html&amp;siteScreenName=agenciatelam&amp;theme=light&amp;widgetsVersion=e1ffbdb%3A1614796141937&amp;width=550px\" width=\"300\" height=\"150\" frameborder=\"0\" scrolling=\"no\" allowfullscreen=\"allowfullscreen\" data-tweet-id=\"1369315849128001543\"><\/iframe><\/div>\n<\/div>\n<p>Los representantes parlamentarios del FdT coincidieron en se\u00f1alar que se trat\u00f3 de una \u00abfalta de respeto a la salud\u00bb por parte del Gobierno porte\u00f1o y exigieron respuestas a los responsables.<\/p>\n<p>\u00abMandaron a los adultos mayores que no tienen prepaga a hacer filas eternas a centros saturados\u00bb, denunci\u00f3 Recalde y defini\u00f3 como \u00abun desastre\u00bb el operativo desplegado por las autoridades de la ciudad.<\/p>\n<p>La vacunaci\u00f3n contra el coronavirus en el Estadio Luna Park, uno de los centros elegidos por el Gobierno porte\u00f1o para adultos mayores de 80 a\u00f1os y residentes de geri\u00e1tricos, comenz\u00f3 hoy a las 8.<\/p>\n<p>En videos que circularon en las redes sociales y que r\u00e1pidamente se viralizaron, se observaron largas filas de adultos mayores que esperaban m\u00e1s de una hora para ingresar al estadio, ubicado entre las calles Bouchard, Lavalle y las avenidas Eduardo Madero y Corrientes, en el centro porte\u00f1o.<\/p>\n<div id=\"image\" class=\"image\"><img decoding=\"async\" title=\"\" src=\"https:\/\/www.telam.com.ar\/advf\/imagenes\/2021\/03\/6047a6f28caa1_1004x565.jpg\" alt=\"\" \/><\/div>\n<p>En tanto, en im\u00e1genes registradas adentro del estadio de San Lorenzo, un gran n\u00famero de personas aguardaba sin la distancia social necesaria para prevenir el contagio.<\/p>\n<p>La diputada nacional Paula Penacca tambi\u00e9n se pronunci\u00f3 v\u00eda Twitter: \u00abLo que le hicieron hoy a las personas mayores es inhumano. Llevan un a\u00f1o cuid\u00e1ndose, sin poder abrazar a sus familias, se van a vacunar con esperanza y Larreta los pone en riesgo a todos juntos. \u00bfNadie del GCBA se va a hacer cargo?\u00bb.<\/p>\n<p>Penacca punte\u00f3 su an\u00e1lisis: \u00ab1: Generar desconfianza en la vacuna. 2: No abrir la inscripci\u00f3n anticipada. 3: Desviar vacunas a los privados amigos. 4: Cerrar todos los vacunatorios de los barrios y amontonar a los mayores de 80 en solo tres centros. 5: Blindaje medi\u00e1tico. Ante cualquier conflicto, la culpa SIEMPRE es de otro. RESULTADO: nada puede salir bien\u00bb.<\/p>\n<p>\u00abCuando decimos que Larreta gobierna para los ricos es porque le da las vacunas a las prepagas para sus afiliados y manda al resto a amontonarse como ganado en clubes y estadios sin la menor prevenci\u00f3n ni cuidado\u00bb, plante\u00f3 tambi\u00e9n la legisladora porte\u00f1a Gabriela Cerruti.<\/p>\n<div id=\"image\" class=\"image\"><img decoding=\"async\" title=\"\" src=\"https:\/\/www.telam.com.ar\/advf\/imagenes\/2021\/03\/6047a6f27a105_1004x565.jpg\" alt=\"\" \/><\/div>\n<p>En tanto, su par Victoria Montenegro poste\u00f3 filmaciones de los ancianos en las filas y advirti\u00f3: \u00abEsta es la vacunaci\u00f3n que te ofrece el Gobierno de la Ciudad si no ten\u00e9s prepaga\u00bb.<\/p>\n<p>Otro miembro del bloque del FdT porte\u00f1o, Javier Andrade, escribi\u00f3 en Twitter: \u00abNuestrxs mayores esperaron mucho tiempo y con mucha ilusi\u00f3n para poder vacunarse, llegar al Luna Park y recibir tanto destrato es una provocaci\u00f3n\u00bb.<\/p>\n<p>\u00abLa vacunaci\u00f3n deber\u00eda traer certezas y esperanza, no m\u00e1s angustias. Al desastre que fue el sistema (de inscripci\u00f3n) por internet y la l\u00ednea telef\u00f3nica siempre colapsada se le suma esta falta de previsi\u00f3n y respeto por la Salud. Sobran recursos en la Ciudad, esto no puede pasar\u00bb, a\u00f1adi\u00f3.<\/p>\n<div class=\"js-code\">\n<div class=\"twitter-tweet twitter-tweet-rendered\"><iframe loading=\"lazy\" id=\"twitter-widget-1\" class=\"\" title=\"Twitter Tweet\" src=\"https:\/\/platform.twitter.com\/embed\/Tweet.html?creatorScreenName=agenciatelam&amp;dnt=false&amp;embedId=twitter-widget-1&amp;frame=false&amp;hideCard=false&amp;hideThread=false&amp;id=1369321294748127234&amp;lang=en&amp;origin=https%3A%2F%2Fwww.telam.com.ar%2Fnotas%2F202103%2F546829-vacuna-luna-park-colas-mayores.html&amp;siteScreenName=agenciatelam&amp;theme=light&amp;widgetsVersion=e1ffbdb%3A1614796141937&amp;width=550px\" width=\"300\" height=\"150\" frameborder=\"0\" scrolling=\"no\" allowfullscreen=\"allowfullscreen\" data-tweet-id=\"1369321294748127234\"><\/iframe><\/div>\n<\/div>\n<p>Se refiri\u00f3 adem\u00e1s a las im\u00e1genes registradas en el centro de vacunaci\u00f3n de la sede Boedo, donde una mujer que esperaba en la fila, bajo el sol, se descompens\u00f3 y fue asistida por un polic\u00eda porque en un principio no hab\u00edan sido dispuestas ambulancias, preventivamente.<\/p>\n<p>\u00abAc\u00e1 no hay improvisaci\u00f3n; es una definici\u00f3n pol\u00edtica\u00bb, remarc\u00f3 Andrade.<\/p>\n<p>La legisladora porte\u00f1a Claudia Neira pregunt\u00f3 en la misma red social: \u00ab\u00bfCuesta tanto organizar una vacunaci\u00f3n digna para los porte\u00f1os y las porte\u00f1as? No dejan siquiera que se inscriban los menores de 80\u00bb.<\/p>\n<p>En ese marco, denunci\u00f3 que \u00ablos de 80 lidian para inscribirse, los confunden y dividen entre sistema p\u00fablico y privado. \u00a1Y a los que no tienen prepaga, los atienden as\u00ed!\u00bb, y difundi\u00f3 las im\u00e1genes en las que los adultos mayores afirmaban haber esperado una hora afuera del estadio, de pie y sin distancia social, para poder ingresar.<\/p>\n<div id=\"image\" class=\"image\"><img decoding=\"async\" title=\"\" src=\"https:\/\/www.telam.com.ar\/advf\/imagenes\/2021\/03\/6047a6f252b07_1004x565.jpg\" alt=\"\" \/><\/div>\n<div class=\"auth\">La CTA pidi\u00f3 la renuncia de Quir\u00f3s<\/div>\n<p>La Central de Trabajadores de la Argentina pidi\u00f3 la renuncia del ministro de Salud porte\u00f1o por su \u00abfracaso en la vacunaci\u00f3n de adultos mayores\u00bb y manifest\u00f3 que se trata de un \u00aboperativo desastroso\u00bb en el que se \u00abexpone a personas mayores de 80 a\u00f1os a realizar largas colas y permanecer de pie\u00bb en las afueras de los vacunatorios.<\/p>\n<p>\u00abEl sistema de vacunaci\u00f3n para adultos mayores implementado por el gobierno de (Horacio) Rodr\u00edguez Larreta y su ministro de Salud, Fern\u00e1n Quir\u00f3s, demuestra el fracaso total de su gesti\u00f3n sanitaria\u00bb, sostuvo la central obrera en un comunicado.<\/p>\n<p>En ese sentido, advirti\u00f3 sobre el \u00abdesv\u00edo de dosis al sistema de medicina prepaga\u00bb en la ciudad y mencion\u00f3 a \u00ab&#8216;Italiano Salud&#8217;, a la que pertenece el mismo Quir\u00f3s, y a la demora en la aplicaci\u00f3n de la vacuna a mayores\u00bb.<\/p>\n<blockquote><p>\u00abEl desprecio de Larreta y Quir\u00f3s por el derecho a la salud se agrava en el caso de los adultos mayores\u00bb<\/p><\/blockquote>\n<p>\u00abSe suma un operativo desastroso en que se expone a personas mayores de 80 a\u00f1os a realizar largas colas y permanecer de pie en las afueras del Luna Park, La Rural de Palermo y otros vacunatorios\u00bb, destac\u00f3 la organizaci\u00f3n gremial.<\/p>\n<p>Asimismo, expres\u00f3 que \u00abel desprecio de Larreta y Quir\u00f3s por el derecho a la salud se agrava en el caso de los adultos mayores\u00bb.<\/p>\n<p>\u00abEl Ministerio de Salud porte\u00f1o ya hab\u00eda intentado negarse a vacunar docentes con las dosis de Sinopharm que estaba aprobada solo para menores de 60 a\u00f1os\u00bb, afirm\u00f3 la CTA en el comunicado y sostuvo que \u00ablo tuvo que hacer obligado por el Consejo Federal de Educaci\u00f3n y el reclamo de los docentes\u00bb.<\/p>\n<div id=\"image\" class=\"image\"><img decoding=\"async\" title=\"\" src=\"https:\/\/www.telam.com.ar\/advf\/imagenes\/2021\/03\/6047a6f218e9a_1004x565.jpg\" alt=\"\" \/><\/div>\n<div id=\"image\" class=\"image\"><img decoding=\"async\" title=\"\" src=\"https:\/\/www.telam.com.ar\/advf\/imagenes\/2021\/03\/6047a6f2058a6_1004x565.jpg\" alt=\"\" \/><\/div>\n<p>En ese contexto, se\u00f1al\u00f3 que \u00abahora, mientras otras jurisdicciones avanzan con rapidez en la inmunizaci\u00f3n de personas de riesgo, Fern\u00e1n Quir\u00f3s vuelve a demostrar su incompetencia como funcionario p\u00fablico exponiendo la vida de miles de ciudadanos de edad avanzada\u00bb.<\/p>\n<p>\u00abPor un hecho similar, a nivel nacional, renunci\u00f3 el titular de la Anses, Alejandro Vanoli\u00bb, destac\u00f3 la central obrera.<\/p>\n<p>As\u00ed, expres\u00f3: \u00abDesde la CTA exigimos la renuncia de Fern\u00e1n Quir\u00f3s, quien parece ocupar su cargo solo para beneficiar a intereses privados y no para cumplir su funci\u00f3n de garantizar el acceso a la salud p\u00fablica\u00bb.<\/p>\n<div id=\"image\" class=\"image\"><img decoding=\"async\" title=\"\" src=\"https:\/\/www.telam.com.ar\/advf\/imagenes\/2021\/03\/60478591a1bdb_1004x565.jpg\" alt=\"\" \/><\/div>\n<div id=\"image\" class=\"image\"><img decoding=\"async\" title=\"\" src=\"https:\/\/www.telam.com.ar\/advf\/imagenes\/2021\/03\/6047a6f1d0d7d_1004x565.jpg\" alt=\"\" \/><\/div>\n","protected":false},"excerpt":{"rendered":"<p>La organizaci\u00f3n administrativa y sanitaria se vio desbordada con filas de m\u00e1s de una cuadra en los alrededores del Luna Park, entre ellos adultos mayores esperando parados.\u00a0Denuncias de la CTA y de legisladores del Frente de Todos.<\/p>\n","protected":false},"author":3,"featured_media":0,"comment_status":"closed","ping_status":"open","sticky":false,"template":"","format":"standard","meta":{"footnotes":""},"categories":[24,30],"tags":[],"class_list":["post-53601","post","type-post","status-publish","format-standard","hentry","category-politica","category-salud"],"yoast_head":"<!-- This site is optimized with the Yoast SEO plugin v25.9 - https:\/\/yoast.com\/wordpress\/plugins\/seo\/ -->\n<title>Ciudad de Buenos Aires: Largas filas bajo el sol, demoras y sin distanciamiento en la vacunaci\u00f3n a adultos mayores. - Noticias Radio Reflejos<\/title>\n<meta name=\"robots\" content=\"index, follow, max-snippet:-1, max-image-preview:large, max-video-preview:-1\" \/>\n<link rel=\"canonical\" href=\"https:\/\/www.noticiasradioreflejos.com.ar\/2021\/ciudad-de-buenos-aires-largas-filas-bajo-el-sol-demoras-y-sin-distanciamiento-en-la-vacunacion-a-adultos-mayores\/\" \/>\n<meta property=\"og:locale\" content=\"es_ES\" \/>\n<meta property=\"og:type\" content=\"article\" \/>\n<meta property=\"og:title\" content=\"Ciudad de Buenos Aires: Largas filas bajo el sol, demoras y sin distanciamiento en la vacunaci\u00f3n a adultos mayores. - Noticias Radio Reflejos\" \/>\n<meta property=\"og:description\" content=\"La organizaci\u00f3n administrativa y sanitaria se vio desbordada con filas de m\u00e1s de una cuadra en los alrededores del Luna Park, entre ellos adultos mayores esperando parados.\u00a0Denuncias de la CTA y de legisladores del Frente de Todos.\" \/>\n<meta property=\"og:url\" content=\"https:\/\/www.noticiasradioreflejos.com.ar\/2021\/ciudad-de-buenos-aires-largas-filas-bajo-el-sol-demoras-y-sin-distanciamiento-en-la-vacunacion-a-adultos-mayores\/\" \/>\n<meta property=\"og:site_name\" content=\"Noticias Radio Reflejos\" \/>\n<meta property=\"article:published_time\" content=\"2021-03-09T20:18:29+00:00\" \/>\n<meta property=\"og:image\" content=\"https:\/\/www.telam.com.ar\/advf\/imagenes\/2021\/03\/6047859191c35_1004x565.jpg\" \/>\n<meta name=\"author\" content=\"Arnaldo Botto\" \/>\n<meta name=\"twitter:card\" content=\"summary_large_image\" \/>\n<script type=\"application\/ld+json\" class=\"yoast-schema-graph\">{\"@context\":\"https:\/\/schema.org\",\"@graph\":[{\"@type\":\"WebPage\",\"@id\":\"https:\/\/www.noticiasradioreflejos.com.ar\/2021\/ciudad-de-buenos-aires-largas-filas-bajo-el-sol-demoras-y-sin-distanciamiento-en-la-vacunacion-a-adultos-mayores\/\",\"url\":\"https:\/\/www.noticiasradioreflejos.com.ar\/2021\/ciudad-de-buenos-aires-largas-filas-bajo-el-sol-demoras-y-sin-distanciamiento-en-la-vacunacion-a-adultos-mayores\/\",\"name\":\"Ciudad de Buenos Aires: Largas filas bajo el sol, demoras y sin distanciamiento en la vacunaci\u00f3n a adultos mayores. - Noticias Radio Reflejos\",\"isPartOf\":{\"@id\":\"https:\/\/www.noticiasradioreflejos.com.ar\/2021\/#website\"},\"primaryImageOfPage\":{\"@id\":\"https:\/\/www.noticiasradioreflejos.com.ar\/2021\/ciudad-de-buenos-aires-largas-filas-bajo-el-sol-demoras-y-sin-distanciamiento-en-la-vacunacion-a-adultos-mayores\/#primaryimage\"},\"image\":{\"@id\":\"https:\/\/www.noticiasradioreflejos.com.ar\/2021\/ciudad-de-buenos-aires-largas-filas-bajo-el-sol-demoras-y-sin-distanciamiento-en-la-vacunacion-a-adultos-mayores\/#primaryimage\"},\"thumbnailUrl\":\"https:\/\/www.telam.com.ar\/advf\/imagenes\/2021\/03\/6047859191c35_1004x565.jpg\",\"datePublished\":\"2021-03-09T20:18:29+00:00\",\"author\":{\"@id\":\"https:\/\/www.noticiasradioreflejos.com.ar\/2021\/#\/schema\/person\/ad82545263dcc5ec0996818884fd5fb1\"},\"breadcrumb\":{\"@id\":\"https:\/\/www.noticiasradioreflejos.com.ar\/2021\/ciudad-de-buenos-aires-largas-filas-bajo-el-sol-demoras-y-sin-distanciamiento-en-la-vacunacion-a-adultos-mayores\/#breadcrumb\"},\"inLanguage\":\"es\",\"potentialAction\":[{\"@type\":\"ReadAction\",\"target\":[\"https:\/\/www.noticiasradioreflejos.com.ar\/2021\/ciudad-de-buenos-aires-largas-filas-bajo-el-sol-demoras-y-sin-distanciamiento-en-la-vacunacion-a-adultos-mayores\/\"]}]},{\"@type\":\"ImageObject\",\"inLanguage\":\"es\",\"@id\":\"https:\/\/www.noticiasradioreflejos.com.ar\/2021\/ciudad-de-buenos-aires-largas-filas-bajo-el-sol-demoras-y-sin-distanciamiento-en-la-vacunacion-a-adultos-mayores\/#primaryimage\",\"url\":\"https:\/\/www.telam.com.ar\/advf\/imagenes\/2021\/03\/6047859191c35_1004x565.jpg\",\"contentUrl\":\"https:\/\/www.telam.com.ar\/advf\/imagenes\/2021\/03\/6047859191c35_1004x565.jpg\"},{\"@type\":\"BreadcrumbList\",\"@id\":\"https:\/\/www.noticiasradioreflejos.com.ar\/2021\/ciudad-de-buenos-aires-largas-filas-bajo-el-sol-demoras-y-sin-distanciamiento-en-la-vacunacion-a-adultos-mayores\/#breadcrumb\",\"itemListElement\":[{\"@type\":\"ListItem\",\"position\":1,\"name\":\"Portada\",\"item\":\"https:\/\/www.noticiasradioreflejos.com.ar\/2021\/\"},{\"@type\":\"ListItem\",\"position\":2,\"name\":\"Ciudad de Buenos Aires: Largas filas bajo el sol, demoras y sin distanciamiento en la vacunaci\u00f3n a adultos mayores.\"}]},{\"@type\":\"WebSite\",\"@id\":\"https:\/\/www.noticiasradioreflejos.com.ar\/2021\/#website\",\"url\":\"https:\/\/www.noticiasradioreflejos.com.ar\/2021\/\",\"name\":\"Noticias Radio Reflejos\",\"description\":\"Las noticias de mi comarca\",\"potentialAction\":[{\"@type\":\"SearchAction\",\"target\":{\"@type\":\"EntryPoint\",\"urlTemplate\":\"https:\/\/www.noticiasradioreflejos.com.ar\/2021\/?s={search_term_string}\"},\"query-input\":{\"@type\":\"PropertyValueSpecification\",\"valueRequired\":true,\"valueName\":\"search_term_string\"}}],\"inLanguage\":\"es\"},{\"@type\":\"Person\",\"@id\":\"https:\/\/www.noticiasradioreflejos.com.ar\/2021\/#\/schema\/person\/ad82545263dcc5ec0996818884fd5fb1\",\"name\":\"Arnaldo Botto\",\"image\":{\"@type\":\"ImageObject\",\"inLanguage\":\"es\",\"@id\":\"https:\/\/www.noticiasradioreflejos.com.ar\/2021\/#\/schema\/person\/image\/\",\"url\":\"https:\/\/secure.gravatar.com\/avatar\/55cb5e37c1efa326397366e6974cb338056df65cb50e7d64d1cf314e87504837?s=96&d=mm&r=g\",\"contentUrl\":\"https:\/\/secure.gravatar.com\/avatar\/55cb5e37c1efa326397366e6974cb338056df65cb50e7d64d1cf314e87504837?s=96&d=mm&r=g\",\"caption\":\"Arnaldo Botto\"},\"url\":\"https:\/\/www.noticiasradioreflejos.com.ar\/2021\/author\/arnaldo\/\"}]}<\/script>\n<!-- \/ Yoast SEO plugin. -->","yoast_head_json":{"title":"Ciudad de Buenos Aires: Largas filas bajo el sol, demoras y sin distanciamiento en la vacunaci\u00f3n a adultos mayores. - Noticias Radio Reflejos","robots":{"index":"index","follow":"follow","max-snippet":"max-snippet:-1","max-image-preview":"max-image-preview:large","max-video-preview":"max-video-preview:-1"},"canonical":"https:\/\/www.noticiasradioreflejos.com.ar\/2021\/ciudad-de-buenos-aires-largas-filas-bajo-el-sol-demoras-y-sin-distanciamiento-en-la-vacunacion-a-adultos-mayores\/","og_locale":"es_ES","og_type":"article","og_title":"Ciudad de Buenos Aires: Largas filas bajo el sol, demoras y sin distanciamiento en la vacunaci\u00f3n a adultos mayores. - Noticias Radio Reflejos","og_description":"La organizaci\u00f3n administrativa y sanitaria se vio desbordada con filas de m\u00e1s de una cuadra en los alrededores del Luna Park, entre ellos adultos mayores esperando parados.\u00a0Denuncias de la CTA y de legisladores del Frente de Todos.","og_url":"https:\/\/www.noticiasradioreflejos.com.ar\/2021\/ciudad-de-buenos-aires-largas-filas-bajo-el-sol-demoras-y-sin-distanciamiento-en-la-vacunacion-a-adultos-mayores\/","og_site_name":"Noticias Radio Reflejos","article_published_time":"2021-03-09T20:18:29+00:00","og_image":[{"url":"https:\/\/www.telam.com.ar\/advf\/imagenes\/2021\/03\/6047859191c35_1004x565.jpg","type":"","width":"","height":""}],"author":"Arnaldo Botto","twitter_card":"summary_large_image","schema":{"@context":"https:\/\/schema.org","@graph":[{"@type":"WebPage","@id":"https:\/\/www.noticiasradioreflejos.com.ar\/2021\/ciudad-de-buenos-aires-largas-filas-bajo-el-sol-demoras-y-sin-distanciamiento-en-la-vacunacion-a-adultos-mayores\/","url":"https:\/\/www.noticiasradioreflejos.com.ar\/2021\/ciudad-de-buenos-aires-largas-filas-bajo-el-sol-demoras-y-sin-distanciamiento-en-la-vacunacion-a-adultos-mayores\/","name":"Ciudad de Buenos Aires: Largas filas bajo el sol, demoras y sin distanciamiento en la vacunaci\u00f3n a adultos mayores. - Noticias Radio Reflejos","isPartOf":{"@id":"https:\/\/www.noticiasradioreflejos.com.ar\/2021\/#website"},"primaryImageOfPage":{"@id":"https:\/\/www.noticiasradioreflejos.com.ar\/2021\/ciudad-de-buenos-aires-largas-filas-bajo-el-sol-demoras-y-sin-distanciamiento-en-la-vacunacion-a-adultos-mayores\/#primaryimage"},"image":{"@id":"https:\/\/www.noticiasradioreflejos.com.ar\/2021\/ciudad-de-buenos-aires-largas-filas-bajo-el-sol-demoras-y-sin-distanciamiento-en-la-vacunacion-a-adultos-mayores\/#primaryimage"},"thumbnailUrl":"https:\/\/www.telam.com.ar\/advf\/imagenes\/2021\/03\/6047859191c35_1004x565.jpg","datePublished":"2021-03-09T20:18:29+00:00","author":{"@id":"https:\/\/www.noticiasradioreflejos.com.ar\/2021\/#\/schema\/person\/ad82545263dcc5ec0996818884fd5fb1"},"breadcrumb":{"@id":"https:\/\/www.noticiasradioreflejos.com.ar\/2021\/ciudad-de-buenos-aires-largas-filas-bajo-el-sol-demoras-y-sin-distanciamiento-en-la-vacunacion-a-adultos-mayores\/#breadcrumb"},"inLanguage":"es","potentialAction":[{"@type":"ReadAction","target":["https:\/\/www.noticiasradioreflejos.com.ar\/2021\/ciudad-de-buenos-aires-largas-filas-bajo-el-sol-demoras-y-sin-distanciamiento-en-la-vacunacion-a-adultos-mayores\/"]}]},{"@type":"ImageObject","inLanguage":"es","@id":"https:\/\/www.noticiasradioreflejos.com.ar\/2021\/ciudad-de-buenos-aires-largas-filas-bajo-el-sol-demoras-y-sin-distanciamiento-en-la-vacunacion-a-adultos-mayores\/#primaryimage","url":"https:\/\/www.telam.com.ar\/advf\/imagenes\/2021\/03\/6047859191c35_1004x565.jpg","contentUrl":"https:\/\/www.telam.com.ar\/advf\/imagenes\/2021\/03\/6047859191c35_1004x565.jpg"},{"@type":"BreadcrumbList","@id":"https:\/\/www.noticiasradioreflejos.com.ar\/2021\/ciudad-de-buenos-aires-largas-filas-bajo-el-sol-demoras-y-sin-distanciamiento-en-la-vacunacion-a-adultos-mayores\/#breadcrumb","itemListElement":[{"@type":"ListItem","position":1,"name":"Portada","item":"https:\/\/www.noticiasradioreflejos.com.ar\/2021\/"},{"@type":"ListItem","position":2,"name":"Ciudad de Buenos Aires: Largas filas bajo el sol, demoras y sin distanciamiento en la vacunaci\u00f3n a adultos mayores."}]},{"@type":"WebSite","@id":"https:\/\/www.noticiasradioreflejos.com.ar\/2021\/#website","url":"https:\/\/www.noticiasradioreflejos.com.ar\/2021\/","name":"Noticias Radio Reflejos","description":"Las noticias de mi comarca","potentialAction":[{"@type":"SearchAction","target":{"@type":"EntryPoint","urlTemplate":"https:\/\/www.noticiasradioreflejos.com.ar\/2021\/?s={search_term_string}"},"query-input":{"@type":"PropertyValueSpecification","valueRequired":true,"valueName":"search_term_string"}}],"inLanguage":"es"},{"@type":"Person","@id":"https:\/\/www.noticiasradioreflejos.com.ar\/2021\/#\/schema\/person\/ad82545263dcc5ec0996818884fd5fb1","name":"Arnaldo Botto","image":{"@type":"ImageObject","inLanguage":"es","@id":"https:\/\/www.noticiasradioreflejos.com.ar\/2021\/#\/schema\/person\/image\/","url":"https:\/\/secure.gravatar.com\/avatar\/55cb5e37c1efa326397366e6974cb338056df65cb50e7d64d1cf314e87504837?s=96&d=mm&r=g","contentUrl":"https:\/\/secure.gravatar.com\/avatar\/55cb5e37c1efa326397366e6974cb338056df65cb50e7d64d1cf314e87504837?s=96&d=mm&r=g","caption":"Arnaldo Botto"},"url":"https:\/\/www.noticiasradioreflejos.com.ar\/2021\/author\/arnaldo\/"}]}},"_links":{"self":[{"href":"https:\/\/www.noticiasradioreflejos.com.ar\/2021\/wp-json\/wp\/v2\/posts\/53601","targetHints":{"allow":["GET"]}}],"collection":[{"href":"https:\/\/www.noticiasradioreflejos.com.ar\/2021\/wp-json\/wp\/v2\/posts"}],"about":[{"href":"https:\/\/www.noticiasradioreflejos.com.ar\/2021\/wp-json\/wp\/v2\/types\/post"}],"author":[{"embeddable":true,"href":"https:\/\/www.noticiasradioreflejos.com.ar\/2021\/wp-json\/wp\/v2\/users\/3"}],"replies":[{"embeddable":true,"href":"https:\/\/www.noticiasradioreflejos.com.ar\/2021\/wp-json\/wp\/v2\/comments?post=53601"}],"version-history":[{"count":0,"href":"https:\/\/www.noticiasradioreflejos.com.ar\/2021\/wp-json\/wp\/v2\/posts\/53601\/revisions"}],"wp:attachment":[{"href":"https:\/\/www.noticiasradioreflejos.com.ar\/2021\/wp-json\/wp\/v2\/media?parent=53601"}],"wp:term":[{"taxonomy":"category","embeddable":true,"href":"https:\/\/www.noticiasradioreflejos.com.ar\/2021\/wp-json\/wp\/v2\/categories?post=53601"},{"taxonomy":"post_tag","embeddable":true,"href":"https:\/\/www.noticiasradioreflejos.com.ar\/2021\/wp-json\/wp\/v2\/tags?post=53601"}],"curies":[{"name":"wp","href":"https:\/\/api.w.org\/{rel}","templated":true}]}}