{"id":53595,"date":"2021-03-09T16:59:09","date_gmt":"2021-03-09T19:59:09","guid":{"rendered":"http:\/\/www.noticiasradioreflejos.com.ar\/noticias\/?p=53595"},"modified":"2021-03-09T16:59:09","modified_gmt":"2021-03-09T19:59:09","slug":"israel-piensa-en-producir-su-vacuna-contra-el-coronavirus-en-la-argentina","status":"publish","type":"post","link":"https:\/\/www.noticiasradioreflejos.com.ar\/2021\/israel-piensa-en-producir-su-vacuna-contra-el-coronavirus-en-la-argentina\/","title":{"rendered":"Israel piensa en producir su vacuna contra el coronavirus en la Argentina"},"content":{"rendered":"<p>Seg\u00fan detall\u00f3 el canciller argentino en ese pa\u00eds el ofrecimiento es \u00abla posibilidad de realizar la fase 3 en Argentina, para lo que se requerir\u00edan entre 24 mil y 30 mil voluntarios\u00bb, adem\u00e1s del\u00a0 \u00abinter\u00e9s en montar una l\u00ednea de producci\u00f3n en Argentina, que ser\u00eda la primera del mundo\u00bb.<\/p>\n<p><!--more--><\/p>\n<div id=\"image\" class=\"image\">\n<p><img decoding=\"async\" title=\"El anuncio fue formulado tras un encuentro que mantuvo el diplom\u00e1tico en Jerusal\u00e9n con autoridades del Hospital Hadassah y del Instituto Israel\u00ed para la Investigaci\u00f3n Biol\u00f3gica.\" src=\"https:\/\/www.telam.com.ar\/advf\/imagenes\/2021\/01\/5ffb43885bf4b_1004x565.jpg\" alt=\"El anuncio fue formulado tras un encuentro que mantuvo el diplom\u00e1tico en Jerusal\u00e9n con autoridades del Hospital Hadassah y del Instituto Israel\u00ed para la Investigaci\u00f3n Biol\u00f3gica.\" \/><\/p>\n<div class=\"epigrafe\">El anuncio fue formulado tras un encuentro que mantuvo el diplom\u00e1tico en Jerusal\u00e9n con autoridades del Hospital Hadassah y del Instituto Israel\u00ed para la Investigaci\u00f3n Biol\u00f3gica.<\/div>\n<\/div>\n<p>La tercera fase de la vacuna contra el coronavirus que Israel est\u00e1 desarrollando podr\u00eda distribuirse en Argentina y hasta ser producida en nuestro pa\u00eds, seg\u00fan inform\u00f3 el embajador argentino en ese pa\u00eds, Sergio Urribarri.<\/p>\n<p>El anuncio fue formulado tras un encuentro que mantuvo el diplom\u00e1tico en Jerusal\u00e9n con autoridades del Hospital Hadassah y del Instituto Israel\u00ed para la Investigaci\u00f3n Biol\u00f3gica, inform\u00f3 la Canciller\u00eda argentina en un comunicado.<\/p>\n<p>\u201cEl v\u00ednculo entre Argentina y el Hadassah fue una de las primeras tareas a las que me dediqu\u00e9 cuando llegu\u00e9 a Israel. Por iniciativa de nuestra embajada, se realizaron varias acciones en conjunto, entre ellas el intercambio entre profesionales del Hadassah y de nuestro Hospital Garrahan, que est\u00e1 en pleno desarrollo\u00bb, destac\u00f3 Urribarri.<\/p>\n<p>En esa l\u00ednea, remarc\u00f3 que \u00abdesde entonces, se forj\u00f3 un v\u00ednculo con este nosocomio que est\u00e1 entre los m\u00e1s importantes de Israel y del mundo que ahora convoca a nuestro pa\u00eds para ser un actor central en el desarrollo de esta vacuna\u201d.<\/p>\n<p>Seg\u00fan inform\u00f3 el Palacio San Mart\u00edn, por instrucciones del canciller Felipe Sol\u00e1, el embajador argentino se reuni\u00f3 con Zeev Rothstein, director general del Hospital Hadassah, y con Eran Zahavi, director del Instituto Israel\u00ed para la Investigaci\u00f3n Biol\u00f3gica, organismo que depende del Ministerio de Defensa israel\u00ed y lleva adelante el desarrollo y los ensayos cl\u00ednicos de la vacuna en varios hospitales liderados por Hadassah.<\/p>\n<p>\u00abSe estima que en dos meses terminar\u00e1 la fase 2\u00bb, complet\u00f3 el parte oficial.<\/p>\n<p><strong>Urribarri explic\u00f3 que \u00abel ofrecimiento que nos hacen, que ya le transmit\u00ed a nuestro presidente, Alberto Fern\u00e1ndez y a nuestro canciller, es por un lado la posibilidad de realizar la fase 3 en Argentina, para lo que se requerir\u00edan entre 24 mil y 30 mil voluntarios\u00bb.<\/strong><\/p>\n<p>\u00abTambi\u00e9n tienen inter\u00e9s en montar una l\u00ednea de producci\u00f3n en Argentina, que ser\u00eda la primera del mundo, para lo cual ser\u00eda necesario encontrar una farmac\u00e9utica argentina que act\u00fae como socia local\u201d, detall\u00f3 Urribarri.<\/p>\n<p>Asimismo, a\u00f1adi\u00f3 que \u00abtanto el director del Hospital Hadassah como el director del Instituto Israel\u00ed para la Investigaci\u00f3n Biol\u00f3gica, que desarrollan la vacuna, nos manifestaron que consideran que el nivel m\u00e9dico y de infraestructura farmac\u00e9utica en nuestro pa\u00eds es excelente y permite que se desarrolle la producci\u00f3n en la Argentina\u201d.<\/p>\n<p><strong>El embajador agreg\u00f3 que \u00abtambi\u00e9n subrayaron su profundo inter\u00e9s en que nuestro pa\u00eds sea socio en este proyecto\u201d.<\/strong><\/p>\n<p>Seg\u00fan se acord\u00f3 en el encuentro<strong>, el Hospital Hadassah ser\u00e1 la instituci\u00f3n encargada de organizar y coordinar las tareas por delante, en coordinaci\u00f3n con el Instituto Israel\u00ed para la Investigaci\u00f3n Biol\u00f3gica.<\/strong><\/p>\n<p>El pr\u00f3ximo paso ser\u00e1 que ambas partes trabajen sobre el an\u00e1lisis de las reglamentaciones argentinas para seguir analizando la posibilidad de aprobar esta operaci\u00f3n.<\/p>\n","protected":false},"excerpt":{"rendered":"<p>Seg\u00fan detall\u00f3 el canciller argentino en ese pa\u00eds el ofrecimiento es \u00abla posibilidad de realizar la fase 3 en Argentina, para lo que se requerir\u00edan entre 24 mil y 30 mil voluntarios\u00bb, adem\u00e1s del\u00a0 \u00abinter\u00e9s en montar una l\u00ednea de producci\u00f3n en Argentina, que ser\u00eda la primera del mundo\u00bb.<\/p>\n","protected":false},"author":3,"featured_media":0,"comment_status":"closed","ping_status":"open","sticky":false,"template":"","format":"standard","meta":{"footnotes":""},"categories":[46],"tags":[],"class_list":["post-53595","post","type-post","status-publish","format-standard","hentry","category-ciencia-y-tecnologia"],"yoast_head":"<!-- This site is optimized with the Yoast SEO plugin v25.9 - https:\/\/yoast.com\/wordpress\/plugins\/seo\/ -->\n<title>Israel piensa en producir su vacuna contra el coronavirus en la Argentina - Noticias Radio Reflejos<\/title>\n<meta name=\"robots\" content=\"index, follow, max-snippet:-1, max-image-preview:large, max-video-preview:-1\" \/>\n<link rel=\"canonical\" href=\"https:\/\/www.noticiasradioreflejos.com.ar\/2021\/israel-piensa-en-producir-su-vacuna-contra-el-coronavirus-en-la-argentina\/\" \/>\n<meta property=\"og:locale\" content=\"es_ES\" \/>\n<meta property=\"og:type\" content=\"article\" \/>\n<meta property=\"og:title\" content=\"Israel piensa en producir su vacuna contra el coronavirus en la Argentina - Noticias Radio Reflejos\" \/>\n<meta property=\"og:description\" content=\"Seg\u00fan detall\u00f3 el canciller argentino en ese pa\u00eds el ofrecimiento es \u00abla posibilidad de realizar la fase 3 en Argentina, para lo que se requerir\u00edan entre 24 mil y 30 mil voluntarios\u00bb, adem\u00e1s del\u00a0 \u00abinter\u00e9s en montar una l\u00ednea de producci\u00f3n en Argentina, que ser\u00eda la primera del mundo\u00bb.\" \/>\n<meta property=\"og:url\" content=\"https:\/\/www.noticiasradioreflejos.com.ar\/2021\/israel-piensa-en-producir-su-vacuna-contra-el-coronavirus-en-la-argentina\/\" \/>\n<meta property=\"og:site_name\" content=\"Noticias Radio Reflejos\" \/>\n<meta property=\"article:published_time\" content=\"2021-03-09T19:59:09+00:00\" \/>\n<meta property=\"og:image\" content=\"https:\/\/www.telam.com.ar\/advf\/imagenes\/2021\/01\/5ffb43885bf4b_1004x565.jpg\" \/>\n<meta name=\"author\" content=\"Arnaldo Botto\" \/>\n<meta name=\"twitter:card\" content=\"summary_large_image\" \/>\n<script type=\"application\/ld+json\" class=\"yoast-schema-graph\">{\"@context\":\"https:\/\/schema.org\",\"@graph\":[{\"@type\":\"WebPage\",\"@id\":\"https:\/\/www.noticiasradioreflejos.com.ar\/2021\/israel-piensa-en-producir-su-vacuna-contra-el-coronavirus-en-la-argentina\/\",\"url\":\"https:\/\/www.noticiasradioreflejos.com.ar\/2021\/israel-piensa-en-producir-su-vacuna-contra-el-coronavirus-en-la-argentina\/\",\"name\":\"Israel piensa en producir su vacuna contra el coronavirus en la Argentina - Noticias Radio Reflejos\",\"isPartOf\":{\"@id\":\"https:\/\/www.noticiasradioreflejos.com.ar\/2021\/#website\"},\"primaryImageOfPage\":{\"@id\":\"https:\/\/www.noticiasradioreflejos.com.ar\/2021\/israel-piensa-en-producir-su-vacuna-contra-el-coronavirus-en-la-argentina\/#primaryimage\"},\"image\":{\"@id\":\"https:\/\/www.noticiasradioreflejos.com.ar\/2021\/israel-piensa-en-producir-su-vacuna-contra-el-coronavirus-en-la-argentina\/#primaryimage\"},\"thumbnailUrl\":\"https:\/\/www.telam.com.ar\/advf\/imagenes\/2021\/01\/5ffb43885bf4b_1004x565.jpg\",\"datePublished\":\"2021-03-09T19:59:09+00:00\",\"author\":{\"@id\":\"https:\/\/www.noticiasradioreflejos.com.ar\/2021\/#\/schema\/person\/ad82545263dcc5ec0996818884fd5fb1\"},\"breadcrumb\":{\"@id\":\"https:\/\/www.noticiasradioreflejos.com.ar\/2021\/israel-piensa-en-producir-su-vacuna-contra-el-coronavirus-en-la-argentina\/#breadcrumb\"},\"inLanguage\":\"es\",\"potentialAction\":[{\"@type\":\"ReadAction\",\"target\":[\"https:\/\/www.noticiasradioreflejos.com.ar\/2021\/israel-piensa-en-producir-su-vacuna-contra-el-coronavirus-en-la-argentina\/\"]}]},{\"@type\":\"ImageObject\",\"inLanguage\":\"es\",\"@id\":\"https:\/\/www.noticiasradioreflejos.com.ar\/2021\/israel-piensa-en-producir-su-vacuna-contra-el-coronavirus-en-la-argentina\/#primaryimage\",\"url\":\"https:\/\/www.telam.com.ar\/advf\/imagenes\/2021\/01\/5ffb43885bf4b_1004x565.jpg\",\"contentUrl\":\"https:\/\/www.telam.com.ar\/advf\/imagenes\/2021\/01\/5ffb43885bf4b_1004x565.jpg\"},{\"@type\":\"BreadcrumbList\",\"@id\":\"https:\/\/www.noticiasradioreflejos.com.ar\/2021\/israel-piensa-en-producir-su-vacuna-contra-el-coronavirus-en-la-argentina\/#breadcrumb\",\"itemListElement\":[{\"@type\":\"ListItem\",\"position\":1,\"name\":\"Portada\",\"item\":\"https:\/\/www.noticiasradioreflejos.com.ar\/2021\/\"},{\"@type\":\"ListItem\",\"position\":2,\"name\":\"Israel piensa en producir su vacuna contra el coronavirus en la Argentina\"}]},{\"@type\":\"WebSite\",\"@id\":\"https:\/\/www.noticiasradioreflejos.com.ar\/2021\/#website\",\"url\":\"https:\/\/www.noticiasradioreflejos.com.ar\/2021\/\",\"name\":\"Noticias Radio Reflejos\",\"description\":\"Las noticias de mi comarca\",\"potentialAction\":[{\"@type\":\"SearchAction\",\"target\":{\"@type\":\"EntryPoint\",\"urlTemplate\":\"https:\/\/www.noticiasradioreflejos.com.ar\/2021\/?s={search_term_string}\"},\"query-input\":{\"@type\":\"PropertyValueSpecification\",\"valueRequired\":true,\"valueName\":\"search_term_string\"}}],\"inLanguage\":\"es\"},{\"@type\":\"Person\",\"@id\":\"https:\/\/www.noticiasradioreflejos.com.ar\/2021\/#\/schema\/person\/ad82545263dcc5ec0996818884fd5fb1\",\"name\":\"Arnaldo Botto\",\"image\":{\"@type\":\"ImageObject\",\"inLanguage\":\"es\",\"@id\":\"https:\/\/www.noticiasradioreflejos.com.ar\/2021\/#\/schema\/person\/image\/\",\"url\":\"https:\/\/secure.gravatar.com\/avatar\/55cb5e37c1efa326397366e6974cb338056df65cb50e7d64d1cf314e87504837?s=96&d=mm&r=g\",\"contentUrl\":\"https:\/\/secure.gravatar.com\/avatar\/55cb5e37c1efa326397366e6974cb338056df65cb50e7d64d1cf314e87504837?s=96&d=mm&r=g\",\"caption\":\"Arnaldo Botto\"},\"url\":\"https:\/\/www.noticiasradioreflejos.com.ar\/2021\/author\/arnaldo\/\"}]}<\/script>\n<!-- \/ Yoast SEO plugin. -->","yoast_head_json":{"title":"Israel piensa en producir su vacuna contra el coronavirus en la Argentina - Noticias Radio Reflejos","robots":{"index":"index","follow":"follow","max-snippet":"max-snippet:-1","max-image-preview":"max-image-preview:large","max-video-preview":"max-video-preview:-1"},"canonical":"https:\/\/www.noticiasradioreflejos.com.ar\/2021\/israel-piensa-en-producir-su-vacuna-contra-el-coronavirus-en-la-argentina\/","og_locale":"es_ES","og_type":"article","og_title":"Israel piensa en producir su vacuna contra el coronavirus en la Argentina - Noticias Radio Reflejos","og_description":"Seg\u00fan detall\u00f3 el canciller argentino en ese pa\u00eds el ofrecimiento es \u00abla posibilidad de realizar la fase 3 en Argentina, para lo que se requerir\u00edan entre 24 mil y 30 mil voluntarios\u00bb, adem\u00e1s del\u00a0 \u00abinter\u00e9s en montar una l\u00ednea de producci\u00f3n en Argentina, que ser\u00eda la primera del mundo\u00bb.","og_url":"https:\/\/www.noticiasradioreflejos.com.ar\/2021\/israel-piensa-en-producir-su-vacuna-contra-el-coronavirus-en-la-argentina\/","og_site_name":"Noticias Radio Reflejos","article_published_time":"2021-03-09T19:59:09+00:00","og_image":[{"url":"https:\/\/www.telam.com.ar\/advf\/imagenes\/2021\/01\/5ffb43885bf4b_1004x565.jpg","type":"","width":"","height":""}],"author":"Arnaldo Botto","twitter_card":"summary_large_image","schema":{"@context":"https:\/\/schema.org","@graph":[{"@type":"WebPage","@id":"https:\/\/www.noticiasradioreflejos.com.ar\/2021\/israel-piensa-en-producir-su-vacuna-contra-el-coronavirus-en-la-argentina\/","url":"https:\/\/www.noticiasradioreflejos.com.ar\/2021\/israel-piensa-en-producir-su-vacuna-contra-el-coronavirus-en-la-argentina\/","name":"Israel piensa en producir su vacuna contra el coronavirus en la Argentina - Noticias Radio Reflejos","isPartOf":{"@id":"https:\/\/www.noticiasradioreflejos.com.ar\/2021\/#website"},"primaryImageOfPage":{"@id":"https:\/\/www.noticiasradioreflejos.com.ar\/2021\/israel-piensa-en-producir-su-vacuna-contra-el-coronavirus-en-la-argentina\/#primaryimage"},"image":{"@id":"https:\/\/www.noticiasradioreflejos.com.ar\/2021\/israel-piensa-en-producir-su-vacuna-contra-el-coronavirus-en-la-argentina\/#primaryimage"},"thumbnailUrl":"https:\/\/www.telam.com.ar\/advf\/imagenes\/2021\/01\/5ffb43885bf4b_1004x565.jpg","datePublished":"2021-03-09T19:59:09+00:00","author":{"@id":"https:\/\/www.noticiasradioreflejos.com.ar\/2021\/#\/schema\/person\/ad82545263dcc5ec0996818884fd5fb1"},"breadcrumb":{"@id":"https:\/\/www.noticiasradioreflejos.com.ar\/2021\/israel-piensa-en-producir-su-vacuna-contra-el-coronavirus-en-la-argentina\/#breadcrumb"},"inLanguage":"es","potentialAction":[{"@type":"ReadAction","target":["https:\/\/www.noticiasradioreflejos.com.ar\/2021\/israel-piensa-en-producir-su-vacuna-contra-el-coronavirus-en-la-argentina\/"]}]},{"@type":"ImageObject","inLanguage":"es","@id":"https:\/\/www.noticiasradioreflejos.com.ar\/2021\/israel-piensa-en-producir-su-vacuna-contra-el-coronavirus-en-la-argentina\/#primaryimage","url":"https:\/\/www.telam.com.ar\/advf\/imagenes\/2021\/01\/5ffb43885bf4b_1004x565.jpg","contentUrl":"https:\/\/www.telam.com.ar\/advf\/imagenes\/2021\/01\/5ffb43885bf4b_1004x565.jpg"},{"@type":"BreadcrumbList","@id":"https:\/\/www.noticiasradioreflejos.com.ar\/2021\/israel-piensa-en-producir-su-vacuna-contra-el-coronavirus-en-la-argentina\/#breadcrumb","itemListElement":[{"@type":"ListItem","position":1,"name":"Portada","item":"https:\/\/www.noticiasradioreflejos.com.ar\/2021\/"},{"@type":"ListItem","position":2,"name":"Israel piensa en producir su vacuna contra el coronavirus en la Argentina"}]},{"@type":"WebSite","@id":"https:\/\/www.noticiasradioreflejos.com.ar\/2021\/#website","url":"https:\/\/www.noticiasradioreflejos.com.ar\/2021\/","name":"Noticias Radio Reflejos","description":"Las noticias de mi comarca","potentialAction":[{"@type":"SearchAction","target":{"@type":"EntryPoint","urlTemplate":"https:\/\/www.noticiasradioreflejos.com.ar\/2021\/?s={search_term_string}"},"query-input":{"@type":"PropertyValueSpecification","valueRequired":true,"valueName":"search_term_string"}}],"inLanguage":"es"},{"@type":"Person","@id":"https:\/\/www.noticiasradioreflejos.com.ar\/2021\/#\/schema\/person\/ad82545263dcc5ec0996818884fd5fb1","name":"Arnaldo Botto","image":{"@type":"ImageObject","inLanguage":"es","@id":"https:\/\/www.noticiasradioreflejos.com.ar\/2021\/#\/schema\/person\/image\/","url":"https:\/\/secure.gravatar.com\/avatar\/55cb5e37c1efa326397366e6974cb338056df65cb50e7d64d1cf314e87504837?s=96&d=mm&r=g","contentUrl":"https:\/\/secure.gravatar.com\/avatar\/55cb5e37c1efa326397366e6974cb338056df65cb50e7d64d1cf314e87504837?s=96&d=mm&r=g","caption":"Arnaldo Botto"},"url":"https:\/\/www.noticiasradioreflejos.com.ar\/2021\/author\/arnaldo\/"}]}},"_links":{"self":[{"href":"https:\/\/www.noticiasradioreflejos.com.ar\/2021\/wp-json\/wp\/v2\/posts\/53595","targetHints":{"allow":["GET"]}}],"collection":[{"href":"https:\/\/www.noticiasradioreflejos.com.ar\/2021\/wp-json\/wp\/v2\/posts"}],"about":[{"href":"https:\/\/www.noticiasradioreflejos.com.ar\/2021\/wp-json\/wp\/v2\/types\/post"}],"author":[{"embeddable":true,"href":"https:\/\/www.noticiasradioreflejos.com.ar\/2021\/wp-json\/wp\/v2\/users\/3"}],"replies":[{"embeddable":true,"href":"https:\/\/www.noticiasradioreflejos.com.ar\/2021\/wp-json\/wp\/v2\/comments?post=53595"}],"version-history":[{"count":0,"href":"https:\/\/www.noticiasradioreflejos.com.ar\/2021\/wp-json\/wp\/v2\/posts\/53595\/revisions"}],"wp:attachment":[{"href":"https:\/\/www.noticiasradioreflejos.com.ar\/2021\/wp-json\/wp\/v2\/media?parent=53595"}],"wp:term":[{"taxonomy":"category","embeddable":true,"href":"https:\/\/www.noticiasradioreflejos.com.ar\/2021\/wp-json\/wp\/v2\/categories?post=53595"},{"taxonomy":"post_tag","embeddable":true,"href":"https:\/\/www.noticiasradioreflejos.com.ar\/2021\/wp-json\/wp\/v2\/tags?post=53595"}],"curies":[{"name":"wp","href":"https:\/\/api.w.org\/{rel}","templated":true}]}}