{"id":53592,"date":"2021-03-09T16:57:26","date_gmt":"2021-03-09T19:57:26","guid":{"rendered":"http:\/\/www.noticiasradioreflejos.com.ar\/noticias\/?p=53592"},"modified":"2021-03-09T16:57:26","modified_gmt":"2021-03-09T19:57:26","slug":"rusia-y-china-acordaron-la-creacion-de-una-estacion-lunar-cientifica-internacional","status":"publish","type":"post","link":"https:\/\/www.noticiasradioreflejos.com.ar\/2021\/rusia-y-china-acordaron-la-creacion-de-una-estacion-lunar-cientifica-internacional\/","title":{"rendered":"Rusia y China acordaron la creaci\u00f3n de una Estaci\u00f3n Lunar Cient\u00edfica Internacional"},"content":{"rendered":"<p>Los jefes de la agencia espacial rusa Roscosmos y de la Administraci\u00f3n Nacional del Espacio de China suscribieron el documento que busca promover la creaci\u00f3n de la estaci\u00f3n \u00abcon acceso abierto para todos los pa\u00edses interesados y socios internacionales\u00bb.<!--more--><\/p>\n<div id=\"image\" class=\"image\">\n<p><img decoding=\"async\" title=\"La estaci\u00f3n &quot;es un complejo de instalaciones de investigaci\u00f3n experimental en la superficie y\/o en la \u00f3rbita de la luna&quot;.\" src=\"https:\/\/www.telam.com.ar\/advf\/imagenes\/2019\/07\/5d2ce24b912b8_1004x565.jpg\" alt=\"La estaci\u00f3n &quot;es un complejo de instalaciones de investigaci\u00f3n experimental en la superficie y\/o en la \u00f3rbita de la luna&quot;.\" \/><\/p>\n<div class=\"epigrafe\">La estaci\u00f3n \u00abes un complejo de instalaciones de investigaci\u00f3n experimental en la superficie y\/o en la \u00f3rbita de la luna\u00bb.<\/div>\n<\/div>\n<p>Los Gobiernos de Rusia y China firmaron este martes un memorando de cooperaci\u00f3n para la creaci\u00f3n de una Estaci\u00f3n Cient\u00edfica Internacional (MNLS) en la Luna.<\/p>\n<p>Los jefes de la agencia espacial rusa Roscosmos y de la Administraci\u00f3n Nacional del Espacio de China, Dmitri Rogozin y Zhang Kejian, respectivamente, suscribieron el documento que busca \u00abpromover la cooperaci\u00f3n en la creaci\u00f3n de la Estaci\u00f3n Lunar Cient\u00edfica Internacional con acceso abierto para todos los pa\u00edses interesados y socios internacionales\u00bb, dice el comunicado del ente ruso, recogido por la agencia de noticias Sputnik.<\/p>\n<p>El texto, que no detalla ning\u00fan calendario, se\u00f1ala que este proyecto tiene por objetivo\u00a0<strong>\u00abfortalecer la cooperaci\u00f3n en investigaci\u00f3n cient\u00edfica y promover la exploraci\u00f3n y el uso del espacio ultraterrestre con fines pac\u00edficos en inter\u00e9s de toda la humanidad\u00bb<\/strong>.<\/p>\n<p>\u00abLa Estaci\u00f3n Cient\u00edfica Lunar Internacional es un complejo de instalaciones de investigaci\u00f3n experimental creadas en la superficie y \/ o en la \u00f3rbita de la luna, dise\u00f1adas para llevar a cabo trabajos de investigaci\u00f3n multidisciplinarios y polivalentes\u00bb, se\u00f1al\u00f3 el ente ruso.<\/p>\n<p><strong>Estos trabajos incluyen la exploraci\u00f3n y uso del sat\u00e9lite natural de la Tierra<\/strong>, \u00abobservaciones lunares, investigaci\u00f3n fundamental, experimentos y verificaci\u00f3n de tecnolog\u00eda con la posibilidad de una operaci\u00f3n no tripulada a largo plazo con la perspectiva de una presencia humana en la luna\u00bb, a\u00f1ade el reporte.<\/p>\n<p>En el marco del proyecto, Rusia y China, \u00abutilizando su experiencia en el campo de la ciencia espacial, la creaci\u00f3n y el uso de tecnolog\u00eda espacial y tecnolog\u00edas espaciales, desarrollar\u00e1n conjuntamente una hoja de ruta para la creaci\u00f3n del MNLS\u00bb, explica el comunicado.<\/p>\n<p><strong>El anuncio se produce en momentos en que Mosc\u00fa parece estar a la zaga de los numerosos proyectos espaciales de otros Estados o empresas privadas, muchos de los cuales son considerados adem\u00e1s como bancos de prueba hacia Marte, del mismo modo que el estadounidense Artemisa.<\/strong><\/p>\n<p>El a\u00f1o pasado, Rusia perdi\u00f3 su monopolio de los vuelos tripulados hacia la Estaci\u00f3n Espacial Internacional tras la primera misi\u00f3n e este tipo realizada con \u00e9xito por la empresa estadounidense Space X.<\/p>\n<p>Respecto al proyecto chino-ruso, la agencia rusa se\u00f1ala que tambi\u00e9n debe permitir evaluar tecnolog\u00edas que den cabida a operaciones \u00abno tripuladas\u00bb, con miras a la presencia humana en la Luna.<\/p>\n<p>Por su parte, la CNSA subray\u00f3 que su objetivo ser\u00e1 \u00abfomentar la exploraci\u00f3n pac\u00edfica y la utilizaci\u00f3n del espacio por toda la humanidad\u00bb.<\/p>\n<p>Aunque se beneficia de una muy amplia experiencia que data de la era sovi\u00e9tica, el sector espacial ruso enfrenta dificultades para innovar, as\u00ed como problemas de financiaci\u00f3n y otros vinculados a la corrupci\u00f3n.<\/p>\n<p><strong>De concretarse, este nuevo proyecto lunar podr\u00eda reimpulsar a Mosc\u00fa en la carrera espacial con el apoyo de un socio que no oculta sus ambiciones enormes en este \u00e1mbito.<\/strong><\/p>\n<div id=\"image\" class=\"image\">\n<p><img decoding=\"async\" title=\"En diciembre China inform\u00f3 que recogi\u00f3 muestras del suelo lunar.\" src=\"https:\/\/www.telam.com.ar\/advf\/imagenes\/2020\/12\/5fdbbb22c8ca8_1004x564.jpg\" alt=\"En diciembre China inform\u00f3 que recogi\u00f3 muestras del suelo lunar.\" \/><\/p>\n<div class=\"epigrafe\">En diciembre China inform\u00f3 que recogi\u00f3 muestras del suelo lunar.<\/div>\n<\/div>\n<p>A mediados de febrero, China puso su sonda \u00abTianwen-1\u00bb en \u00f3rbita alrededor de Marte, una novedad para este pa\u00eds, concretada casi siete meses despu\u00e9s del lanzamiento realizado en julio.<\/p>\n<p>En diciembre, tambi\u00e9n inform\u00f3 que recogi\u00f3 muestras del suelo lunar, en una primera misi\u00f3n de esta caracter\u00edsticas en m\u00e1s de 40 a\u00f1os.<\/p>\n<p>Por su parte, Estados Unidos, pa\u00eds con el que Rusia mantiene una buena colaboraci\u00f3n en el sector espacial, logr\u00f3 con \u00e9xito a fines de febrero posar un quinto &#8216;rover&#8217; en la superficie de Marte.<\/p>\n<p>Bajo la administraci\u00f3n del expresidente Donald Trump, Washington hab\u00eda anunciado el regreso estadounidense a la Luna para 2024, en el marco del programa Artemisa, pero su sucesor, Joe Biden, a\u00fan no ha anunciado sus prioridades en lo que concierne a la exploraci\u00f3n espacial.<\/p>\n","protected":false},"excerpt":{"rendered":"<p>Los jefes de la agencia espacial rusa Roscosmos y de la Administraci\u00f3n Nacional del Espacio de China suscribieron el documento que busca promover la creaci\u00f3n de la estaci\u00f3n \u00abcon acceso abierto para todos los pa\u00edses interesados y socios internacionales\u00bb.<\/p>\n","protected":false},"author":3,"featured_media":0,"comment_status":"closed","ping_status":"open","sticky":false,"template":"","format":"standard","meta":{"footnotes":""},"categories":[46],"tags":[],"class_list":["post-53592","post","type-post","status-publish","format-standard","hentry","category-ciencia-y-tecnologia"],"yoast_head":"<!-- This site is optimized with the Yoast SEO plugin v25.9 - https:\/\/yoast.com\/wordpress\/plugins\/seo\/ -->\n<title>Rusia y China acordaron la creaci\u00f3n de una Estaci\u00f3n Lunar Cient\u00edfica Internacional - Noticias Radio Reflejos<\/title>\n<meta name=\"robots\" content=\"index, follow, max-snippet:-1, max-image-preview:large, max-video-preview:-1\" \/>\n<link rel=\"canonical\" href=\"https:\/\/www.noticiasradioreflejos.com.ar\/2021\/rusia-y-china-acordaron-la-creacion-de-una-estacion-lunar-cientifica-internacional\/\" \/>\n<meta property=\"og:locale\" content=\"es_ES\" \/>\n<meta property=\"og:type\" content=\"article\" \/>\n<meta property=\"og:title\" content=\"Rusia y China acordaron la creaci\u00f3n de una Estaci\u00f3n Lunar Cient\u00edfica Internacional - Noticias Radio Reflejos\" \/>\n<meta property=\"og:description\" content=\"Los jefes de la agencia espacial rusa Roscosmos y de la Administraci\u00f3n Nacional del Espacio de China suscribieron el documento que busca promover la creaci\u00f3n de la estaci\u00f3n \u00abcon acceso abierto para todos los pa\u00edses interesados y socios internacionales\u00bb.\" \/>\n<meta property=\"og:url\" content=\"https:\/\/www.noticiasradioreflejos.com.ar\/2021\/rusia-y-china-acordaron-la-creacion-de-una-estacion-lunar-cientifica-internacional\/\" \/>\n<meta property=\"og:site_name\" content=\"Noticias Radio Reflejos\" \/>\n<meta property=\"article:published_time\" content=\"2021-03-09T19:57:26+00:00\" \/>\n<meta property=\"og:image\" content=\"https:\/\/www.telam.com.ar\/advf\/imagenes\/2019\/07\/5d2ce24b912b8_1004x565.jpg\" \/>\n<meta name=\"author\" content=\"Arnaldo Botto\" \/>\n<meta name=\"twitter:card\" content=\"summary_large_image\" \/>\n<script type=\"application\/ld+json\" class=\"yoast-schema-graph\">{\"@context\":\"https:\/\/schema.org\",\"@graph\":[{\"@type\":\"WebPage\",\"@id\":\"https:\/\/www.noticiasradioreflejos.com.ar\/2021\/rusia-y-china-acordaron-la-creacion-de-una-estacion-lunar-cientifica-internacional\/\",\"url\":\"https:\/\/www.noticiasradioreflejos.com.ar\/2021\/rusia-y-china-acordaron-la-creacion-de-una-estacion-lunar-cientifica-internacional\/\",\"name\":\"Rusia y China acordaron la creaci\u00f3n de una Estaci\u00f3n Lunar Cient\u00edfica Internacional - Noticias Radio Reflejos\",\"isPartOf\":{\"@id\":\"https:\/\/www.noticiasradioreflejos.com.ar\/2021\/#website\"},\"primaryImageOfPage\":{\"@id\":\"https:\/\/www.noticiasradioreflejos.com.ar\/2021\/rusia-y-china-acordaron-la-creacion-de-una-estacion-lunar-cientifica-internacional\/#primaryimage\"},\"image\":{\"@id\":\"https:\/\/www.noticiasradioreflejos.com.ar\/2021\/rusia-y-china-acordaron-la-creacion-de-una-estacion-lunar-cientifica-internacional\/#primaryimage\"},\"thumbnailUrl\":\"https:\/\/www.telam.com.ar\/advf\/imagenes\/2019\/07\/5d2ce24b912b8_1004x565.jpg\",\"datePublished\":\"2021-03-09T19:57:26+00:00\",\"author\":{\"@id\":\"https:\/\/www.noticiasradioreflejos.com.ar\/2021\/#\/schema\/person\/ad82545263dcc5ec0996818884fd5fb1\"},\"breadcrumb\":{\"@id\":\"https:\/\/www.noticiasradioreflejos.com.ar\/2021\/rusia-y-china-acordaron-la-creacion-de-una-estacion-lunar-cientifica-internacional\/#breadcrumb\"},\"inLanguage\":\"es\",\"potentialAction\":[{\"@type\":\"ReadAction\",\"target\":[\"https:\/\/www.noticiasradioreflejos.com.ar\/2021\/rusia-y-china-acordaron-la-creacion-de-una-estacion-lunar-cientifica-internacional\/\"]}]},{\"@type\":\"ImageObject\",\"inLanguage\":\"es\",\"@id\":\"https:\/\/www.noticiasradioreflejos.com.ar\/2021\/rusia-y-china-acordaron-la-creacion-de-una-estacion-lunar-cientifica-internacional\/#primaryimage\",\"url\":\"https:\/\/www.telam.com.ar\/advf\/imagenes\/2019\/07\/5d2ce24b912b8_1004x565.jpg\",\"contentUrl\":\"https:\/\/www.telam.com.ar\/advf\/imagenes\/2019\/07\/5d2ce24b912b8_1004x565.jpg\"},{\"@type\":\"BreadcrumbList\",\"@id\":\"https:\/\/www.noticiasradioreflejos.com.ar\/2021\/rusia-y-china-acordaron-la-creacion-de-una-estacion-lunar-cientifica-internacional\/#breadcrumb\",\"itemListElement\":[{\"@type\":\"ListItem\",\"position\":1,\"name\":\"Portada\",\"item\":\"https:\/\/www.noticiasradioreflejos.com.ar\/2021\/\"},{\"@type\":\"ListItem\",\"position\":2,\"name\":\"Rusia y China acordaron la creaci\u00f3n de una Estaci\u00f3n Lunar Cient\u00edfica Internacional\"}]},{\"@type\":\"WebSite\",\"@id\":\"https:\/\/www.noticiasradioreflejos.com.ar\/2021\/#website\",\"url\":\"https:\/\/www.noticiasradioreflejos.com.ar\/2021\/\",\"name\":\"Noticias Radio Reflejos\",\"description\":\"Las noticias de mi comarca\",\"potentialAction\":[{\"@type\":\"SearchAction\",\"target\":{\"@type\":\"EntryPoint\",\"urlTemplate\":\"https:\/\/www.noticiasradioreflejos.com.ar\/2021\/?s={search_term_string}\"},\"query-input\":{\"@type\":\"PropertyValueSpecification\",\"valueRequired\":true,\"valueName\":\"search_term_string\"}}],\"inLanguage\":\"es\"},{\"@type\":\"Person\",\"@id\":\"https:\/\/www.noticiasradioreflejos.com.ar\/2021\/#\/schema\/person\/ad82545263dcc5ec0996818884fd5fb1\",\"name\":\"Arnaldo Botto\",\"image\":{\"@type\":\"ImageObject\",\"inLanguage\":\"es\",\"@id\":\"https:\/\/www.noticiasradioreflejos.com.ar\/2021\/#\/schema\/person\/image\/\",\"url\":\"https:\/\/secure.gravatar.com\/avatar\/55cb5e37c1efa326397366e6974cb338056df65cb50e7d64d1cf314e87504837?s=96&d=mm&r=g\",\"contentUrl\":\"https:\/\/secure.gravatar.com\/avatar\/55cb5e37c1efa326397366e6974cb338056df65cb50e7d64d1cf314e87504837?s=96&d=mm&r=g\",\"caption\":\"Arnaldo Botto\"},\"url\":\"https:\/\/www.noticiasradioreflejos.com.ar\/2021\/author\/arnaldo\/\"}]}<\/script>\n<!-- \/ Yoast SEO plugin. -->","yoast_head_json":{"title":"Rusia y China acordaron la creaci\u00f3n de una Estaci\u00f3n Lunar Cient\u00edfica Internacional - Noticias Radio Reflejos","robots":{"index":"index","follow":"follow","max-snippet":"max-snippet:-1","max-image-preview":"max-image-preview:large","max-video-preview":"max-video-preview:-1"},"canonical":"https:\/\/www.noticiasradioreflejos.com.ar\/2021\/rusia-y-china-acordaron-la-creacion-de-una-estacion-lunar-cientifica-internacional\/","og_locale":"es_ES","og_type":"article","og_title":"Rusia y China acordaron la creaci\u00f3n de una Estaci\u00f3n Lunar Cient\u00edfica Internacional - Noticias Radio Reflejos","og_description":"Los jefes de la agencia espacial rusa Roscosmos y de la Administraci\u00f3n Nacional del Espacio de China suscribieron el documento que busca promover la creaci\u00f3n de la estaci\u00f3n \u00abcon acceso abierto para todos los pa\u00edses interesados y socios internacionales\u00bb.","og_url":"https:\/\/www.noticiasradioreflejos.com.ar\/2021\/rusia-y-china-acordaron-la-creacion-de-una-estacion-lunar-cientifica-internacional\/","og_site_name":"Noticias Radio Reflejos","article_published_time":"2021-03-09T19:57:26+00:00","og_image":[{"url":"https:\/\/www.telam.com.ar\/advf\/imagenes\/2019\/07\/5d2ce24b912b8_1004x565.jpg","type":"","width":"","height":""}],"author":"Arnaldo Botto","twitter_card":"summary_large_image","schema":{"@context":"https:\/\/schema.org","@graph":[{"@type":"WebPage","@id":"https:\/\/www.noticiasradioreflejos.com.ar\/2021\/rusia-y-china-acordaron-la-creacion-de-una-estacion-lunar-cientifica-internacional\/","url":"https:\/\/www.noticiasradioreflejos.com.ar\/2021\/rusia-y-china-acordaron-la-creacion-de-una-estacion-lunar-cientifica-internacional\/","name":"Rusia y China acordaron la creaci\u00f3n de una Estaci\u00f3n Lunar Cient\u00edfica Internacional - Noticias Radio Reflejos","isPartOf":{"@id":"https:\/\/www.noticiasradioreflejos.com.ar\/2021\/#website"},"primaryImageOfPage":{"@id":"https:\/\/www.noticiasradioreflejos.com.ar\/2021\/rusia-y-china-acordaron-la-creacion-de-una-estacion-lunar-cientifica-internacional\/#primaryimage"},"image":{"@id":"https:\/\/www.noticiasradioreflejos.com.ar\/2021\/rusia-y-china-acordaron-la-creacion-de-una-estacion-lunar-cientifica-internacional\/#primaryimage"},"thumbnailUrl":"https:\/\/www.telam.com.ar\/advf\/imagenes\/2019\/07\/5d2ce24b912b8_1004x565.jpg","datePublished":"2021-03-09T19:57:26+00:00","author":{"@id":"https:\/\/www.noticiasradioreflejos.com.ar\/2021\/#\/schema\/person\/ad82545263dcc5ec0996818884fd5fb1"},"breadcrumb":{"@id":"https:\/\/www.noticiasradioreflejos.com.ar\/2021\/rusia-y-china-acordaron-la-creacion-de-una-estacion-lunar-cientifica-internacional\/#breadcrumb"},"inLanguage":"es","potentialAction":[{"@type":"ReadAction","target":["https:\/\/www.noticiasradioreflejos.com.ar\/2021\/rusia-y-china-acordaron-la-creacion-de-una-estacion-lunar-cientifica-internacional\/"]}]},{"@type":"ImageObject","inLanguage":"es","@id":"https:\/\/www.noticiasradioreflejos.com.ar\/2021\/rusia-y-china-acordaron-la-creacion-de-una-estacion-lunar-cientifica-internacional\/#primaryimage","url":"https:\/\/www.telam.com.ar\/advf\/imagenes\/2019\/07\/5d2ce24b912b8_1004x565.jpg","contentUrl":"https:\/\/www.telam.com.ar\/advf\/imagenes\/2019\/07\/5d2ce24b912b8_1004x565.jpg"},{"@type":"BreadcrumbList","@id":"https:\/\/www.noticiasradioreflejos.com.ar\/2021\/rusia-y-china-acordaron-la-creacion-de-una-estacion-lunar-cientifica-internacional\/#breadcrumb","itemListElement":[{"@type":"ListItem","position":1,"name":"Portada","item":"https:\/\/www.noticiasradioreflejos.com.ar\/2021\/"},{"@type":"ListItem","position":2,"name":"Rusia y China acordaron la creaci\u00f3n de una Estaci\u00f3n Lunar Cient\u00edfica Internacional"}]},{"@type":"WebSite","@id":"https:\/\/www.noticiasradioreflejos.com.ar\/2021\/#website","url":"https:\/\/www.noticiasradioreflejos.com.ar\/2021\/","name":"Noticias Radio Reflejos","description":"Las noticias de mi comarca","potentialAction":[{"@type":"SearchAction","target":{"@type":"EntryPoint","urlTemplate":"https:\/\/www.noticiasradioreflejos.com.ar\/2021\/?s={search_term_string}"},"query-input":{"@type":"PropertyValueSpecification","valueRequired":true,"valueName":"search_term_string"}}],"inLanguage":"es"},{"@type":"Person","@id":"https:\/\/www.noticiasradioreflejos.com.ar\/2021\/#\/schema\/person\/ad82545263dcc5ec0996818884fd5fb1","name":"Arnaldo Botto","image":{"@type":"ImageObject","inLanguage":"es","@id":"https:\/\/www.noticiasradioreflejos.com.ar\/2021\/#\/schema\/person\/image\/","url":"https:\/\/secure.gravatar.com\/avatar\/55cb5e37c1efa326397366e6974cb338056df65cb50e7d64d1cf314e87504837?s=96&d=mm&r=g","contentUrl":"https:\/\/secure.gravatar.com\/avatar\/55cb5e37c1efa326397366e6974cb338056df65cb50e7d64d1cf314e87504837?s=96&d=mm&r=g","caption":"Arnaldo Botto"},"url":"https:\/\/www.noticiasradioreflejos.com.ar\/2021\/author\/arnaldo\/"}]}},"_links":{"self":[{"href":"https:\/\/www.noticiasradioreflejos.com.ar\/2021\/wp-json\/wp\/v2\/posts\/53592","targetHints":{"allow":["GET"]}}],"collection":[{"href":"https:\/\/www.noticiasradioreflejos.com.ar\/2021\/wp-json\/wp\/v2\/posts"}],"about":[{"href":"https:\/\/www.noticiasradioreflejos.com.ar\/2021\/wp-json\/wp\/v2\/types\/post"}],"author":[{"embeddable":true,"href":"https:\/\/www.noticiasradioreflejos.com.ar\/2021\/wp-json\/wp\/v2\/users\/3"}],"replies":[{"embeddable":true,"href":"https:\/\/www.noticiasradioreflejos.com.ar\/2021\/wp-json\/wp\/v2\/comments?post=53592"}],"version-history":[{"count":0,"href":"https:\/\/www.noticiasradioreflejos.com.ar\/2021\/wp-json\/wp\/v2\/posts\/53592\/revisions"}],"wp:attachment":[{"href":"https:\/\/www.noticiasradioreflejos.com.ar\/2021\/wp-json\/wp\/v2\/media?parent=53592"}],"wp:term":[{"taxonomy":"category","embeddable":true,"href":"https:\/\/www.noticiasradioreflejos.com.ar\/2021\/wp-json\/wp\/v2\/categories?post=53592"},{"taxonomy":"post_tag","embeddable":true,"href":"https:\/\/www.noticiasradioreflejos.com.ar\/2021\/wp-json\/wp\/v2\/tags?post=53592"}],"curies":[{"name":"wp","href":"https:\/\/api.w.org\/{rel}","templated":true}]}}