{"id":53588,"date":"2021-03-09T15:37:49","date_gmt":"2021-03-09T18:37:49","guid":{"rendered":"http:\/\/www.noticiasradioreflejos.com.ar\/noticias\/?p=53588"},"modified":"2021-03-09T15:37:49","modified_gmt":"2021-03-09T18:37:49","slug":"el-feminismo-llego-para-quedarse-ana-milski-en-el-dia-de-la-mujer","status":"publish","type":"post","link":"https:\/\/www.noticiasradioreflejos.com.ar\/2021\/el-feminismo-llego-para-quedarse-ana-milski-en-el-dia-de-la-mujer\/","title":{"rendered":"\u00abEl feminismo lleg\u00f3 para quedarse\u00bb &#8211; Ana Milski en el D\u00eda de la Mujer"},"content":{"rendered":"<p>El pasado Lunes 8 de Marzo se rememor\u00f3 el D\u00eda Internacional de la Mujer y el D\u00eda de la Mujer Trabajadora. En Sierra de la Ventana se organiz\u00f3 una feria feminista con el fin de que las mujeres tomen el protagonismo de la jornada, presentando sus talentos y sus productos. Ana Milski, participante del Concejo Municipal de las Mujeres de Tornquist y una de las organizadoras del evento, nos comparte detalles de la feria, habla sobre c\u00f3mo se est\u00e1 abordando la tem\u00e1tica de g\u00e9nero en el distrito y nos explica por qu\u00e9 el #8M no es un d\u00eda para celebrar, sino un d\u00eda de lucha.<!--more--><\/p>\n<p>\u00abDesde el Concejo Municipal de las Mujeres convocamos a una reuni\u00f3n abierta hace un tiempo atr\u00e1s y participaron la Red de Vecinas, FUSA, las chicas de la biblio de Villa y mujeres particulares que no pertenecen a ninguna organizaci\u00f3n pero que tambi\u00e9n se coparon con la idea de organizar entre todas este #8M\u00bb mencion\u00f3 Ana al comenzar la nota, explicando c\u00f3mo fue que se organizaron las mujeres del distrito para planear este evento que tom\u00f3 lugar ayer Lunes 8 de Marzo en la famosa \u00abPlazita del Reloj\u00bb de Sierra de la Ventana.<\/p>\n<p>Ana explica que \u00abtodo esto surge a partir de que se quema una f\u00e1brica donde trabajaban mujeres y estaban protestando por sus derechos. Nos pareci\u00f3 importante que estemos mujeres representando este d\u00eda. Mujeres que trabajamos, que llevamos la casa, la crianza de nuestros hijos\u00bb.<\/p>\n<p>\u00abTambi\u00e9n que sea el comienzo de algo que se siga con el tiempo\u00bb continu\u00f3, respondiendo a la pregunta de cu\u00e1les eran las expectativas y qu\u00e9 se esperaba en el distrito realizando la Feria Feminista.<\/p>\n<p>Ana coment\u00f3 que, hace 3 a\u00f1os atr\u00e1s, cuando el Concejo Municipal de las Mujeres hab\u00eda iniciado sus funciones, \u00ab\u00e9ramos muy poquitas ac\u00e1\u00bb. Aunque mencion\u00f3 que ya desde el a\u00f1o pasado les sorprendi\u00f3 lo que era la foto final del d\u00eda de las mujeres en Sierra de la Ventana. \u00abEste a\u00f1o ya desde la convocatoria para la primer reuni\u00f3n abierta hubieron un mont\u00f3n de ideas. Ver tantas mujeres que llevan su emprendimiento adelante, que cantan, que son artistas, est\u00e1 buen\u00edsimo. Nos emociona todo el tiempo ver las redes que vamos tejiendo entre nosotras y que nos hacemos m\u00e1s fuerte\u00bb expres\u00f3.<\/p>\n<p>Aunque Ana menciona todos estos aspectos positivos que favorecen a las mujeres de Tornquist, tambi\u00e9n admite que hay vac\u00edos en el distrito en un mont\u00f3n de aspectos, como lo que pas\u00f3 con la guardia obst\u00e9trica. \u00abSaber que nos tenemos entre nosotras y empezar a ver el modo entre todas de reclamar por esto hasta conseguirlo\u00bb.<\/p>\n<p>Finalmente, le preguntamos a Ana si cree que el feminismo est\u00e1 ganando espacios en el distrito, a lo que respondi\u00f3: \u00abAbsolutamente. Ya se cre\u00f3 la secretar\u00eda, creo que estamos ganando y que vamos a ganar. Esto no hay vuelta atr\u00e1s, el feminismo lleg\u00f3 para quedarse. Saber que tenemos Ministerio y que de arriba se apoya esto, es muy importante\u00bb.<\/p>\n<p>Nota completa a continuaci\u00f3n:<br \/>\n<iframe loading=\"lazy\" src=\"https:\/\/w.soundcloud.com\/player\/?url=https%3A\/\/api.soundcloud.com\/tracks\/1002944149&amp;color=%23ff5500&amp;auto_play=false&amp;hide_related=false&amp;show_comments=true&amp;show_user=true&amp;show_reposts=false&amp;show_teaser=true\" width=\"100%\" height=\"166\" frameborder=\"no\" scrolling=\"no\"><\/iframe><\/p>\n<div style=\"font-size: 10px; color: #cccccc; line-break: anywhere; word-break: normal; overflow: hidden; white-space: nowrap; text-overflow: ellipsis; font-family: Interstate,Lucida Grande,Lucida Sans Unicode,Lucida Sans,Garuda,Verdana,Tahoma,sans-serif; font-weight: 100;\"><a style=\"color: #cccccc; text-decoration: none;\" title=\"fmreflejos 103.7\" href=\"https:\/\/soundcloud.com\/fmreflejos-103-7\" target=\"_blank\" rel=\"noopener\">fmreflejos 103.7<\/a> \u00b7 <a style=\"color: #cccccc; text-decoration: none;\" title=\"Nota Ana Milski\" href=\"https:\/\/soundcloud.com\/fmreflejos-103-7\/ana-milski\" target=\"_blank\" rel=\"noopener\">Nota Ana Milski<\/a><\/div>\n<p><a title=\"WhatsApp Image 2021-03-09 at 14.47.34 (2)\" href=\"https:\/\/www.flickr.com\/photos\/182279889@N02\/51020126946\/in\/dateposted-public\/\" data-flickr-embed=\"true\"><img loading=\"lazy\" decoding=\"async\" src=\"https:\/\/live.staticflickr.com\/65535\/51020126946_4580a3189b_c.jpg\" alt=\"WhatsApp Image 2021-03-09 at 14.47.34 (2)\" width=\"800\" height=\"600\" \/><\/a><script src=\"\/\/embedr.flickr.com\/assets\/client-code.js\" async=\"\" charset=\"utf-8\"><\/script><\/p>\n<p><a title=\"WhatsApp Image 2021-03-09 at 14.47.34 (3)\" href=\"https:\/\/www.flickr.com\/photos\/182279889@N02\/51020127001\/in\/dateposted-public\/\" data-flickr-embed=\"true\"><img loading=\"lazy\" decoding=\"async\" src=\"https:\/\/live.staticflickr.com\/65535\/51020127001_59a95d1396_c.jpg\" alt=\"WhatsApp Image 2021-03-09 at 14.47.34 (3)\" width=\"800\" height=\"600\" \/><\/a><script src=\"\/\/embedr.flickr.com\/assets\/client-code.js\" async=\"\" charset=\"utf-8\"><\/script><br \/>\nTanto emprendedoras, artesanas y artistas que participaron de la feria y del evento son vecinas del distrito. Convocaron a mujeres de Sierra de la Ventana, Villa Ventana y Saldungaray.<\/p>\n<p><a title=\"WhatsApp Image 2021-03-09 at 12.18.37\" href=\"https:\/\/www.flickr.com\/photos\/182279889@N02\/51020144991\/in\/dateposted-public\/\" data-flickr-embed=\"true\"><img loading=\"lazy\" decoding=\"async\" src=\"https:\/\/live.staticflickr.com\/65535\/51020144991_267d187632_c.jpg\" alt=\"WhatsApp Image 2021-03-09 at 12.18.37\" width=\"800\" height=\"419\" \/><\/a><script src=\"\/\/embedr.flickr.com\/assets\/client-code.js\" async=\"\" charset=\"utf-8\"><\/script><br \/>\n Hubo clase de biodanza y micr\u00f3fono abierto por la tarde para todxs lxs que quisieron participar.<\/p>\n<p><a title=\"WhatsApp Image 2021-03-09 at 15.24.31\" href=\"https:\/\/www.flickr.com\/photos\/182279889@N02\/51019417993\/in\/dateposted-public\/\" data-flickr-embed=\"true\"><img loading=\"lazy\" decoding=\"async\" src=\"https:\/\/live.staticflickr.com\/65535\/51019417993_9e3028b432_c.jpg\" alt=\"WhatsApp Image 2021-03-09 at 15.24.31\" width=\"800\" height=\"600\" \/><\/a><script src=\"\/\/embedr.flickr.com\/assets\/client-code.js\" async=\"\" charset=\"utf-8\"><\/script><\/p>\n<p><a title=\"WhatsApp Image 2021-03-09 at 09.34.39\" href=\"https:\/\/www.flickr.com\/photos\/182279889@N02\/51020145006\/in\/dateposted-public\/\" data-flickr-embed=\"true\"><img loading=\"lazy\" decoding=\"async\" src=\"https:\/\/live.staticflickr.com\/65535\/51020145006_53b6afcacb_c.jpg\" alt=\"WhatsApp Image 2021-03-09 at 09.34.39\" width=\"800\" height=\"607\" \/><\/a><script src=\"\/\/embedr.flickr.com\/assets\/client-code.js\" async=\"\" charset=\"utf-8\"><\/script><br \/>\n Adem\u00e1s de escuchar las canciones de Roberta Iannamico.<\/p>\n<p><a title=\"WhatsApp Image 2021-03-09 at 12.18.41\" href=\"https:\/\/www.flickr.com\/photos\/182279889@N02\/51019417833\/in\/dateposted-public\/\" data-flickr-embed=\"true\"><img loading=\"lazy\" decoding=\"async\" src=\"https:\/\/live.staticflickr.com\/65535\/51019417833_683408a88a_c.jpg\" alt=\"WhatsApp Image 2021-03-09 at 12.18.41\" width=\"800\" height=\"533\" \/><\/a><script src=\"\/\/embedr.flickr.com\/assets\/client-code.js\" async=\"\" charset=\"utf-8\"><\/script><br \/>\nAl rededor de las 17:30hs se convoc\u00f3 a la marcha \u00abNi una Menos\u00bb, donde las mujeres se manifestaron a lo largo del centro de Sierra de la Ventana.<\/p>\n<p>Para cerrar el evento, muchas mujeres artistas se presentaron haciendo disfrutar a toda la audiencia.<br \/>\n<a title=\"WhatsApp Image 2021-03-09 at 12.18.38 (1)\" href=\"https:\/\/www.flickr.com\/photos\/182279889@N02\/51019417903\/in\/dateposted-public\/\" data-flickr-embed=\"true\"><img loading=\"lazy\" decoding=\"async\" src=\"https:\/\/live.staticflickr.com\/65535\/51019417903_9549404202_c.jpg\" alt=\"WhatsApp Image 2021-03-09 at 12.18.38 (1)\" width=\"800\" height=\"560\" \/><\/a><script src=\"\/\/embedr.flickr.com\/assets\/client-code.js\" async=\"\" charset=\"utf-8\"><\/script><br \/>\n <a title=\"WhatsApp Image 2021-03-09 at 12.18.38\" href=\"https:\/\/www.flickr.com\/photos\/182279889@N02\/51020245132\/in\/dateposted-public\/\" data-flickr-embed=\"true\"><img loading=\"lazy\" decoding=\"async\" src=\"https:\/\/live.staticflickr.com\/65535\/51020245132_85584a3a19_c.jpg\" alt=\"WhatsApp Image 2021-03-09 at 12.18.38\" width=\"800\" height=\"650\" \/><\/a><script src=\"\/\/embedr.flickr.com\/assets\/client-code.js\" async=\"\" charset=\"utf-8\"><\/script><br \/>\n<a title=\"WhatsApp Image 2021-03-09 at 12.18.39\" href=\"https:\/\/www.flickr.com\/photos\/182279889@N02\/51020245087\/in\/dateposted-public\/\" data-flickr-embed=\"true\"><img loading=\"lazy\" decoding=\"async\" src=\"https:\/\/live.staticflickr.com\/65535\/51020245087_0d5aab145c_c.jpg\" alt=\"WhatsApp Image 2021-03-09 at 12.18.39\" width=\"800\" height=\"533\" \/><\/a><script src=\"\/\/embedr.flickr.com\/assets\/client-code.js\" async=\"\" charset=\"utf-8\"><\/script><\/p>\n<p><a title=\"WhatsApp Image 2021-03-09 at 12.18.33\" href=\"https:\/\/www.flickr.com\/photos\/182279889@N02\/51020144981\/in\/dateposted-public\/\" data-flickr-embed=\"true\"><img loading=\"lazy\" decoding=\"async\" src=\"https:\/\/live.staticflickr.com\/65535\/51020144981_61ae107936_c.jpg\" alt=\"WhatsApp Image 2021-03-09 at 12.18.33\" width=\"800\" height=\"444\" \/><\/a><script src=\"\/\/embedr.flickr.com\/assets\/client-code.js\" async=\"\" charset=\"utf-8\"><\/script><\/p>\n","protected":false},"excerpt":{"rendered":"<p>El pasado Lunes 8 de Marzo se rememor\u00f3 el D\u00eda Internacional de la Mujer y el D\u00eda de la Mujer Trabajadora. En Sierra de la Ventana se organiz\u00f3 una feria feminista con el fin de que las mujeres tomen el protagonismo de la jornada, presentando sus talentos y sus productos. Ana Milski, participante del Concejo [&hellip;]<\/p>\n","protected":false},"author":3,"featured_media":0,"comment_status":"closed","ping_status":"open","sticky":false,"template":"","format":"standard","meta":{"footnotes":""},"categories":[26],"tags":[],"class_list":["post-53588","post","type-post","status-publish","format-standard","hentry","category-sociedad"],"yoast_head":"<!-- This site is optimized with the Yoast SEO plugin v25.9 - https:\/\/yoast.com\/wordpress\/plugins\/seo\/ -->\n<title>&quot;El feminismo lleg\u00f3 para quedarse&quot; - Ana Milski en el D\u00eda de la Mujer - Noticias Radio Reflejos<\/title>\n<meta name=\"robots\" content=\"index, follow, max-snippet:-1, max-image-preview:large, max-video-preview:-1\" \/>\n<link rel=\"canonical\" href=\"https:\/\/www.noticiasradioreflejos.com.ar\/2021\/el-feminismo-llego-para-quedarse-ana-milski-en-el-dia-de-la-mujer\/\" \/>\n<meta property=\"og:locale\" content=\"es_ES\" \/>\n<meta property=\"og:type\" content=\"article\" \/>\n<meta property=\"og:title\" content=\"&quot;El feminismo lleg\u00f3 para quedarse&quot; - Ana Milski en el D\u00eda de la Mujer - Noticias Radio Reflejos\" \/>\n<meta property=\"og:description\" content=\"El pasado Lunes 8 de Marzo se rememor\u00f3 el D\u00eda Internacional de la Mujer y el D\u00eda de la Mujer Trabajadora. En Sierra de la Ventana se organiz\u00f3 una feria feminista con el fin de que las mujeres tomen el protagonismo de la jornada, presentando sus talentos y sus productos. Ana Milski, participante del Concejo [&hellip;]\" \/>\n<meta property=\"og:url\" content=\"https:\/\/www.noticiasradioreflejos.com.ar\/2021\/el-feminismo-llego-para-quedarse-ana-milski-en-el-dia-de-la-mujer\/\" \/>\n<meta property=\"og:site_name\" content=\"Noticias Radio Reflejos\" \/>\n<meta property=\"article:published_time\" content=\"2021-03-09T18:37:49+00:00\" \/>\n<meta property=\"og:image\" content=\"https:\/\/live.staticflickr.com\/65535\/51020126946_4580a3189b_c.jpg\" \/>\n<meta name=\"author\" content=\"Arnaldo Botto\" \/>\n<meta name=\"twitter:card\" content=\"summary_large_image\" \/>\n<script type=\"application\/ld+json\" class=\"yoast-schema-graph\">{\"@context\":\"https:\/\/schema.org\",\"@graph\":[{\"@type\":\"WebPage\",\"@id\":\"https:\/\/www.noticiasradioreflejos.com.ar\/2021\/el-feminismo-llego-para-quedarse-ana-milski-en-el-dia-de-la-mujer\/\",\"url\":\"https:\/\/www.noticiasradioreflejos.com.ar\/2021\/el-feminismo-llego-para-quedarse-ana-milski-en-el-dia-de-la-mujer\/\",\"name\":\"\\\"El feminismo lleg\u00f3 para quedarse\\\" - Ana Milski en el D\u00eda de la Mujer - Noticias Radio Reflejos\",\"isPartOf\":{\"@id\":\"https:\/\/www.noticiasradioreflejos.com.ar\/2021\/#website\"},\"primaryImageOfPage\":{\"@id\":\"https:\/\/www.noticiasradioreflejos.com.ar\/2021\/el-feminismo-llego-para-quedarse-ana-milski-en-el-dia-de-la-mujer\/#primaryimage\"},\"image\":{\"@id\":\"https:\/\/www.noticiasradioreflejos.com.ar\/2021\/el-feminismo-llego-para-quedarse-ana-milski-en-el-dia-de-la-mujer\/#primaryimage\"},\"thumbnailUrl\":\"https:\/\/live.staticflickr.com\/65535\/51020126946_4580a3189b_c.jpg\",\"datePublished\":\"2021-03-09T18:37:49+00:00\",\"author\":{\"@id\":\"https:\/\/www.noticiasradioreflejos.com.ar\/2021\/#\/schema\/person\/ad82545263dcc5ec0996818884fd5fb1\"},\"breadcrumb\":{\"@id\":\"https:\/\/www.noticiasradioreflejos.com.ar\/2021\/el-feminismo-llego-para-quedarse-ana-milski-en-el-dia-de-la-mujer\/#breadcrumb\"},\"inLanguage\":\"es\",\"potentialAction\":[{\"@type\":\"ReadAction\",\"target\":[\"https:\/\/www.noticiasradioreflejos.com.ar\/2021\/el-feminismo-llego-para-quedarse-ana-milski-en-el-dia-de-la-mujer\/\"]}]},{\"@type\":\"ImageObject\",\"inLanguage\":\"es\",\"@id\":\"https:\/\/www.noticiasradioreflejos.com.ar\/2021\/el-feminismo-llego-para-quedarse-ana-milski-en-el-dia-de-la-mujer\/#primaryimage\",\"url\":\"https:\/\/live.staticflickr.com\/65535\/51020126946_4580a3189b_c.jpg\",\"contentUrl\":\"https:\/\/live.staticflickr.com\/65535\/51020126946_4580a3189b_c.jpg\"},{\"@type\":\"BreadcrumbList\",\"@id\":\"https:\/\/www.noticiasradioreflejos.com.ar\/2021\/el-feminismo-llego-para-quedarse-ana-milski-en-el-dia-de-la-mujer\/#breadcrumb\",\"itemListElement\":[{\"@type\":\"ListItem\",\"position\":1,\"name\":\"Portada\",\"item\":\"https:\/\/www.noticiasradioreflejos.com.ar\/2021\/\"},{\"@type\":\"ListItem\",\"position\":2,\"name\":\"\u00abEl feminismo lleg\u00f3 para quedarse\u00bb &#8211; Ana Milski en el D\u00eda de la Mujer\"}]},{\"@type\":\"WebSite\",\"@id\":\"https:\/\/www.noticiasradioreflejos.com.ar\/2021\/#website\",\"url\":\"https:\/\/www.noticiasradioreflejos.com.ar\/2021\/\",\"name\":\"Noticias Radio Reflejos\",\"description\":\"Las noticias de mi comarca\",\"potentialAction\":[{\"@type\":\"SearchAction\",\"target\":{\"@type\":\"EntryPoint\",\"urlTemplate\":\"https:\/\/www.noticiasradioreflejos.com.ar\/2021\/?s={search_term_string}\"},\"query-input\":{\"@type\":\"PropertyValueSpecification\",\"valueRequired\":true,\"valueName\":\"search_term_string\"}}],\"inLanguage\":\"es\"},{\"@type\":\"Person\",\"@id\":\"https:\/\/www.noticiasradioreflejos.com.ar\/2021\/#\/schema\/person\/ad82545263dcc5ec0996818884fd5fb1\",\"name\":\"Arnaldo Botto\",\"image\":{\"@type\":\"ImageObject\",\"inLanguage\":\"es\",\"@id\":\"https:\/\/www.noticiasradioreflejos.com.ar\/2021\/#\/schema\/person\/image\/\",\"url\":\"https:\/\/secure.gravatar.com\/avatar\/55cb5e37c1efa326397366e6974cb338056df65cb50e7d64d1cf314e87504837?s=96&d=mm&r=g\",\"contentUrl\":\"https:\/\/secure.gravatar.com\/avatar\/55cb5e37c1efa326397366e6974cb338056df65cb50e7d64d1cf314e87504837?s=96&d=mm&r=g\",\"caption\":\"Arnaldo Botto\"},\"url\":\"https:\/\/www.noticiasradioreflejos.com.ar\/2021\/author\/arnaldo\/\"}]}<\/script>\n<!-- \/ Yoast SEO plugin. -->","yoast_head_json":{"title":"\"El feminismo lleg\u00f3 para quedarse\" - Ana Milski en el D\u00eda de la Mujer - Noticias Radio Reflejos","robots":{"index":"index","follow":"follow","max-snippet":"max-snippet:-1","max-image-preview":"max-image-preview:large","max-video-preview":"max-video-preview:-1"},"canonical":"https:\/\/www.noticiasradioreflejos.com.ar\/2021\/el-feminismo-llego-para-quedarse-ana-milski-en-el-dia-de-la-mujer\/","og_locale":"es_ES","og_type":"article","og_title":"\"El feminismo lleg\u00f3 para quedarse\" - Ana Milski en el D\u00eda de la Mujer - Noticias Radio Reflejos","og_description":"El pasado Lunes 8 de Marzo se rememor\u00f3 el D\u00eda Internacional de la Mujer y el D\u00eda de la Mujer Trabajadora. En Sierra de la Ventana se organiz\u00f3 una feria feminista con el fin de que las mujeres tomen el protagonismo de la jornada, presentando sus talentos y sus productos. Ana Milski, participante del Concejo [&hellip;]","og_url":"https:\/\/www.noticiasradioreflejos.com.ar\/2021\/el-feminismo-llego-para-quedarse-ana-milski-en-el-dia-de-la-mujer\/","og_site_name":"Noticias Radio Reflejos","article_published_time":"2021-03-09T18:37:49+00:00","og_image":[{"url":"https:\/\/live.staticflickr.com\/65535\/51020126946_4580a3189b_c.jpg","type":"","width":"","height":""}],"author":"Arnaldo Botto","twitter_card":"summary_large_image","schema":{"@context":"https:\/\/schema.org","@graph":[{"@type":"WebPage","@id":"https:\/\/www.noticiasradioreflejos.com.ar\/2021\/el-feminismo-llego-para-quedarse-ana-milski-en-el-dia-de-la-mujer\/","url":"https:\/\/www.noticiasradioreflejos.com.ar\/2021\/el-feminismo-llego-para-quedarse-ana-milski-en-el-dia-de-la-mujer\/","name":"\"El feminismo lleg\u00f3 para quedarse\" - Ana Milski en el D\u00eda de la Mujer - Noticias Radio Reflejos","isPartOf":{"@id":"https:\/\/www.noticiasradioreflejos.com.ar\/2021\/#website"},"primaryImageOfPage":{"@id":"https:\/\/www.noticiasradioreflejos.com.ar\/2021\/el-feminismo-llego-para-quedarse-ana-milski-en-el-dia-de-la-mujer\/#primaryimage"},"image":{"@id":"https:\/\/www.noticiasradioreflejos.com.ar\/2021\/el-feminismo-llego-para-quedarse-ana-milski-en-el-dia-de-la-mujer\/#primaryimage"},"thumbnailUrl":"https:\/\/live.staticflickr.com\/65535\/51020126946_4580a3189b_c.jpg","datePublished":"2021-03-09T18:37:49+00:00","author":{"@id":"https:\/\/www.noticiasradioreflejos.com.ar\/2021\/#\/schema\/person\/ad82545263dcc5ec0996818884fd5fb1"},"breadcrumb":{"@id":"https:\/\/www.noticiasradioreflejos.com.ar\/2021\/el-feminismo-llego-para-quedarse-ana-milski-en-el-dia-de-la-mujer\/#breadcrumb"},"inLanguage":"es","potentialAction":[{"@type":"ReadAction","target":["https:\/\/www.noticiasradioreflejos.com.ar\/2021\/el-feminismo-llego-para-quedarse-ana-milski-en-el-dia-de-la-mujer\/"]}]},{"@type":"ImageObject","inLanguage":"es","@id":"https:\/\/www.noticiasradioreflejos.com.ar\/2021\/el-feminismo-llego-para-quedarse-ana-milski-en-el-dia-de-la-mujer\/#primaryimage","url":"https:\/\/live.staticflickr.com\/65535\/51020126946_4580a3189b_c.jpg","contentUrl":"https:\/\/live.staticflickr.com\/65535\/51020126946_4580a3189b_c.jpg"},{"@type":"BreadcrumbList","@id":"https:\/\/www.noticiasradioreflejos.com.ar\/2021\/el-feminismo-llego-para-quedarse-ana-milski-en-el-dia-de-la-mujer\/#breadcrumb","itemListElement":[{"@type":"ListItem","position":1,"name":"Portada","item":"https:\/\/www.noticiasradioreflejos.com.ar\/2021\/"},{"@type":"ListItem","position":2,"name":"\u00abEl feminismo lleg\u00f3 para quedarse\u00bb &#8211; Ana Milski en el D\u00eda de la Mujer"}]},{"@type":"WebSite","@id":"https:\/\/www.noticiasradioreflejos.com.ar\/2021\/#website","url":"https:\/\/www.noticiasradioreflejos.com.ar\/2021\/","name":"Noticias Radio Reflejos","description":"Las noticias de mi comarca","potentialAction":[{"@type":"SearchAction","target":{"@type":"EntryPoint","urlTemplate":"https:\/\/www.noticiasradioreflejos.com.ar\/2021\/?s={search_term_string}"},"query-input":{"@type":"PropertyValueSpecification","valueRequired":true,"valueName":"search_term_string"}}],"inLanguage":"es"},{"@type":"Person","@id":"https:\/\/www.noticiasradioreflejos.com.ar\/2021\/#\/schema\/person\/ad82545263dcc5ec0996818884fd5fb1","name":"Arnaldo Botto","image":{"@type":"ImageObject","inLanguage":"es","@id":"https:\/\/www.noticiasradioreflejos.com.ar\/2021\/#\/schema\/person\/image\/","url":"https:\/\/secure.gravatar.com\/avatar\/55cb5e37c1efa326397366e6974cb338056df65cb50e7d64d1cf314e87504837?s=96&d=mm&r=g","contentUrl":"https:\/\/secure.gravatar.com\/avatar\/55cb5e37c1efa326397366e6974cb338056df65cb50e7d64d1cf314e87504837?s=96&d=mm&r=g","caption":"Arnaldo Botto"},"url":"https:\/\/www.noticiasradioreflejos.com.ar\/2021\/author\/arnaldo\/"}]}},"_links":{"self":[{"href":"https:\/\/www.noticiasradioreflejos.com.ar\/2021\/wp-json\/wp\/v2\/posts\/53588","targetHints":{"allow":["GET"]}}],"collection":[{"href":"https:\/\/www.noticiasradioreflejos.com.ar\/2021\/wp-json\/wp\/v2\/posts"}],"about":[{"href":"https:\/\/www.noticiasradioreflejos.com.ar\/2021\/wp-json\/wp\/v2\/types\/post"}],"author":[{"embeddable":true,"href":"https:\/\/www.noticiasradioreflejos.com.ar\/2021\/wp-json\/wp\/v2\/users\/3"}],"replies":[{"embeddable":true,"href":"https:\/\/www.noticiasradioreflejos.com.ar\/2021\/wp-json\/wp\/v2\/comments?post=53588"}],"version-history":[{"count":0,"href":"https:\/\/www.noticiasradioreflejos.com.ar\/2021\/wp-json\/wp\/v2\/posts\/53588\/revisions"}],"wp:attachment":[{"href":"https:\/\/www.noticiasradioreflejos.com.ar\/2021\/wp-json\/wp\/v2\/media?parent=53588"}],"wp:term":[{"taxonomy":"category","embeddable":true,"href":"https:\/\/www.noticiasradioreflejos.com.ar\/2021\/wp-json\/wp\/v2\/categories?post=53588"},{"taxonomy":"post_tag","embeddable":true,"href":"https:\/\/www.noticiasradioreflejos.com.ar\/2021\/wp-json\/wp\/v2\/tags?post=53588"}],"curies":[{"name":"wp","href":"https:\/\/api.w.org\/{rel}","templated":true}]}}