{"id":53575,"date":"2021-03-09T12:16:03","date_gmt":"2021-03-09T15:16:03","guid":{"rendered":"http:\/\/www.noticiasradioreflejos.com.ar\/noticias\/?p=53575"},"modified":"2021-03-09T12:16:03","modified_gmt":"2021-03-09T15:16:03","slug":"hicieron-allanamientos-en-olavarria-por-hechos-delictivos-de-tornquist-con-resultados-positivos","status":"publish","type":"post","link":"https:\/\/www.noticiasradioreflejos.com.ar\/2021\/hicieron-allanamientos-en-olavarria-por-hechos-delictivos-de-tornquist-con-resultados-positivos\/","title":{"rendered":"Hicieron allanamientos en Olavarr\u00eda por hechos delictivos de Tornquist con resultados positivos."},"content":{"rendered":"<p><strong>Parte de prensa de la Secretar\u00eda de Seguridad.<\/strong><!--more--><\/p>\n<p>La Secretar\u00eda de Seguridad del Distrito de Tornquist; lleva a conocimiento de la Poblaci\u00f3n que: con fecha 08 de Marzo del corriente a\u00f1o, personal Policial de la Estaci\u00f3n de Polic\u00eda Comunal Tornquist, llevo a cabo un Allanamiento en un domicilio de la localidad de Olavarr\u00eda, ello en el marco de la causa caratulada \u201cHURTO AGRAVADO POR ESCALAMIENTO \u201cART. 163 INC. 4 IPP 4321-20\/00\u201d, con intervenci\u00f3n de la Ayudant\u00eda Fiscal Tornquist; orden esta emanada por el Juzgado de Paz Letrado de Tornquist, lugar este donde reside CARINA PEREZ, diligencia que arrojo resultados positivos, ya que se incautaron elementos de inter\u00e9s para la investigaci\u00f3n. El delito en cuesti\u00f3n, tuvo lugar en nuestra ciudad el d\u00eda domingo 28 de Febrero del corriente a\u00f1o, resultando damnificada la familia Dorasio.<\/p>\n<p>Tambi\u00e9n, con fecha 04 de Febrero del corriente a\u00f1o, en el mismo domicilio de la localidad de Olavarr\u00eda, residencia de Carina P\u00e9rez, nuestra Polic\u00eda realizo otro Allanamiento en el marco de la I.P.P. N\u00ba 2807\/20, caratulada HURTO, del que resultara victima Eduardo Roque Rivarola, con intervenci\u00f3n Ayudant\u00eda Fiscal de Tornquist, diligencia que tambi\u00e9n resulto positiva, secuestr\u00e1ndose d\u00f3lares, armas y municiones entre otros efectos.<\/p>\n<p>Si bien es materia de investigaci\u00f3n, se sospecha que la mentada P\u00e9rez tendr\u00eda vinculaci\u00f3n con otros hechos delictivos recientes y que podr\u00eda estar operando con ayuda de otra persona, circunstancias que ser\u00e1n dadas a conocer m\u00e1s avanzadas las investigaciones al respecto.<\/p>\n","protected":false},"excerpt":{"rendered":"<p>Parte de prensa de la Secretar\u00eda de Seguridad.<\/p>\n","protected":false},"author":3,"featured_media":53578,"comment_status":"closed","ping_status":"open","sticky":false,"template":"","format":"standard","meta":{"footnotes":""},"categories":[29],"tags":[],"class_list":["post-53575","post","type-post","status-publish","format-standard","has-post-thumbnail","hentry","category-policiales"],"yoast_head":"<!-- This site is optimized with the Yoast SEO plugin v25.9 - https:\/\/yoast.com\/wordpress\/plugins\/seo\/ -->\n<title>Hicieron allanamientos en Olavarr\u00eda por hechos delictivos de Tornquist con resultados positivos. - Noticias Radio Reflejos<\/title>\n<meta name=\"robots\" content=\"index, follow, max-snippet:-1, max-image-preview:large, max-video-preview:-1\" \/>\n<link rel=\"canonical\" href=\"https:\/\/www.noticiasradioreflejos.com.ar\/2021\/hicieron-allanamientos-en-olavarria-por-hechos-delictivos-de-tornquist-con-resultados-positivos\/\" \/>\n<meta property=\"og:locale\" content=\"es_ES\" \/>\n<meta property=\"og:type\" content=\"article\" \/>\n<meta property=\"og:title\" content=\"Hicieron allanamientos en Olavarr\u00eda por hechos delictivos de Tornquist con resultados positivos. - Noticias Radio Reflejos\" \/>\n<meta property=\"og:description\" content=\"Parte de prensa de la Secretar\u00eda de Seguridad.\" \/>\n<meta property=\"og:url\" content=\"https:\/\/www.noticiasradioreflejos.com.ar\/2021\/hicieron-allanamientos-en-olavarria-por-hechos-delictivos-de-tornquist-con-resultados-positivos\/\" \/>\n<meta property=\"og:site_name\" content=\"Noticias Radio Reflejos\" \/>\n<meta property=\"article:published_time\" content=\"2021-03-09T15:16:03+00:00\" \/>\n<meta property=\"og:image\" content=\"https:\/\/www.noticiasradioreflejos.com.ar\/2021\/wp-content\/uploads\/2021\/03\/Comisaria-ra-Tornquist.jpeg\" \/>\n\t<meta property=\"og:image:width\" content=\"752\" \/>\n\t<meta property=\"og:image:height\" content=\"771\" \/>\n\t<meta property=\"og:image:type\" content=\"image\/jpeg\" \/>\n<meta name=\"author\" content=\"Arnaldo Botto\" \/>\n<meta name=\"twitter:card\" content=\"summary_large_image\" \/>\n<script type=\"application\/ld+json\" class=\"yoast-schema-graph\">{\"@context\":\"https:\/\/schema.org\",\"@graph\":[{\"@type\":\"WebPage\",\"@id\":\"https:\/\/www.noticiasradioreflejos.com.ar\/2021\/hicieron-allanamientos-en-olavarria-por-hechos-delictivos-de-tornquist-con-resultados-positivos\/\",\"url\":\"https:\/\/www.noticiasradioreflejos.com.ar\/2021\/hicieron-allanamientos-en-olavarria-por-hechos-delictivos-de-tornquist-con-resultados-positivos\/\",\"name\":\"Hicieron allanamientos en Olavarr\u00eda por hechos delictivos de Tornquist con resultados positivos. - Noticias Radio Reflejos\",\"isPartOf\":{\"@id\":\"https:\/\/www.noticiasradioreflejos.com.ar\/2021\/#website\"},\"primaryImageOfPage\":{\"@id\":\"https:\/\/www.noticiasradioreflejos.com.ar\/2021\/hicieron-allanamientos-en-olavarria-por-hechos-delictivos-de-tornquist-con-resultados-positivos\/#primaryimage\"},\"image\":{\"@id\":\"https:\/\/www.noticiasradioreflejos.com.ar\/2021\/hicieron-allanamientos-en-olavarria-por-hechos-delictivos-de-tornquist-con-resultados-positivos\/#primaryimage\"},\"thumbnailUrl\":\"https:\/\/www.noticiasradioreflejos.com.ar\/2021\/wp-content\/uploads\/2021\/03\/Comisaria-ra-Tornquist.jpeg\",\"datePublished\":\"2021-03-09T15:16:03+00:00\",\"author\":{\"@id\":\"https:\/\/www.noticiasradioreflejos.com.ar\/2021\/#\/schema\/person\/ad82545263dcc5ec0996818884fd5fb1\"},\"breadcrumb\":{\"@id\":\"https:\/\/www.noticiasradioreflejos.com.ar\/2021\/hicieron-allanamientos-en-olavarria-por-hechos-delictivos-de-tornquist-con-resultados-positivos\/#breadcrumb\"},\"inLanguage\":\"es\",\"potentialAction\":[{\"@type\":\"ReadAction\",\"target\":[\"https:\/\/www.noticiasradioreflejos.com.ar\/2021\/hicieron-allanamientos-en-olavarria-por-hechos-delictivos-de-tornquist-con-resultados-positivos\/\"]}]},{\"@type\":\"ImageObject\",\"inLanguage\":\"es\",\"@id\":\"https:\/\/www.noticiasradioreflejos.com.ar\/2021\/hicieron-allanamientos-en-olavarria-por-hechos-delictivos-de-tornquist-con-resultados-positivos\/#primaryimage\",\"url\":\"https:\/\/www.noticiasradioreflejos.com.ar\/2021\/wp-content\/uploads\/2021\/03\/Comisaria-ra-Tornquist.jpeg\",\"contentUrl\":\"https:\/\/www.noticiasradioreflejos.com.ar\/2021\/wp-content\/uploads\/2021\/03\/Comisaria-ra-Tornquist.jpeg\",\"width\":752,\"height\":771},{\"@type\":\"BreadcrumbList\",\"@id\":\"https:\/\/www.noticiasradioreflejos.com.ar\/2021\/hicieron-allanamientos-en-olavarria-por-hechos-delictivos-de-tornquist-con-resultados-positivos\/#breadcrumb\",\"itemListElement\":[{\"@type\":\"ListItem\",\"position\":1,\"name\":\"Portada\",\"item\":\"https:\/\/www.noticiasradioreflejos.com.ar\/2021\/\"},{\"@type\":\"ListItem\",\"position\":2,\"name\":\"Hicieron allanamientos en Olavarr\u00eda por hechos delictivos de Tornquist con resultados positivos.\"}]},{\"@type\":\"WebSite\",\"@id\":\"https:\/\/www.noticiasradioreflejos.com.ar\/2021\/#website\",\"url\":\"https:\/\/www.noticiasradioreflejos.com.ar\/2021\/\",\"name\":\"Noticias Radio Reflejos\",\"description\":\"Las noticias de mi comarca\",\"potentialAction\":[{\"@type\":\"SearchAction\",\"target\":{\"@type\":\"EntryPoint\",\"urlTemplate\":\"https:\/\/www.noticiasradioreflejos.com.ar\/2021\/?s={search_term_string}\"},\"query-input\":{\"@type\":\"PropertyValueSpecification\",\"valueRequired\":true,\"valueName\":\"search_term_string\"}}],\"inLanguage\":\"es\"},{\"@type\":\"Person\",\"@id\":\"https:\/\/www.noticiasradioreflejos.com.ar\/2021\/#\/schema\/person\/ad82545263dcc5ec0996818884fd5fb1\",\"name\":\"Arnaldo Botto\",\"image\":{\"@type\":\"ImageObject\",\"inLanguage\":\"es\",\"@id\":\"https:\/\/www.noticiasradioreflejos.com.ar\/2021\/#\/schema\/person\/image\/\",\"url\":\"https:\/\/secure.gravatar.com\/avatar\/55cb5e37c1efa326397366e6974cb338056df65cb50e7d64d1cf314e87504837?s=96&d=mm&r=g\",\"contentUrl\":\"https:\/\/secure.gravatar.com\/avatar\/55cb5e37c1efa326397366e6974cb338056df65cb50e7d64d1cf314e87504837?s=96&d=mm&r=g\",\"caption\":\"Arnaldo Botto\"},\"url\":\"https:\/\/www.noticiasradioreflejos.com.ar\/2021\/author\/arnaldo\/\"}]}<\/script>\n<!-- \/ Yoast SEO plugin. -->","yoast_head_json":{"title":"Hicieron allanamientos en Olavarr\u00eda por hechos delictivos de Tornquist con resultados positivos. - Noticias Radio Reflejos","robots":{"index":"index","follow":"follow","max-snippet":"max-snippet:-1","max-image-preview":"max-image-preview:large","max-video-preview":"max-video-preview:-1"},"canonical":"https:\/\/www.noticiasradioreflejos.com.ar\/2021\/hicieron-allanamientos-en-olavarria-por-hechos-delictivos-de-tornquist-con-resultados-positivos\/","og_locale":"es_ES","og_type":"article","og_title":"Hicieron allanamientos en Olavarr\u00eda por hechos delictivos de Tornquist con resultados positivos. - Noticias Radio Reflejos","og_description":"Parte de prensa de la Secretar\u00eda de Seguridad.","og_url":"https:\/\/www.noticiasradioreflejos.com.ar\/2021\/hicieron-allanamientos-en-olavarria-por-hechos-delictivos-de-tornquist-con-resultados-positivos\/","og_site_name":"Noticias Radio Reflejos","article_published_time":"2021-03-09T15:16:03+00:00","og_image":[{"width":752,"height":771,"url":"https:\/\/www.noticiasradioreflejos.com.ar\/2021\/wp-content\/uploads\/2021\/03\/Comisaria-ra-Tornquist.jpeg","type":"image\/jpeg"}],"author":"Arnaldo Botto","twitter_card":"summary_large_image","schema":{"@context":"https:\/\/schema.org","@graph":[{"@type":"WebPage","@id":"https:\/\/www.noticiasradioreflejos.com.ar\/2021\/hicieron-allanamientos-en-olavarria-por-hechos-delictivos-de-tornquist-con-resultados-positivos\/","url":"https:\/\/www.noticiasradioreflejos.com.ar\/2021\/hicieron-allanamientos-en-olavarria-por-hechos-delictivos-de-tornquist-con-resultados-positivos\/","name":"Hicieron allanamientos en Olavarr\u00eda por hechos delictivos de Tornquist con resultados positivos. - Noticias Radio Reflejos","isPartOf":{"@id":"https:\/\/www.noticiasradioreflejos.com.ar\/2021\/#website"},"primaryImageOfPage":{"@id":"https:\/\/www.noticiasradioreflejos.com.ar\/2021\/hicieron-allanamientos-en-olavarria-por-hechos-delictivos-de-tornquist-con-resultados-positivos\/#primaryimage"},"image":{"@id":"https:\/\/www.noticiasradioreflejos.com.ar\/2021\/hicieron-allanamientos-en-olavarria-por-hechos-delictivos-de-tornquist-con-resultados-positivos\/#primaryimage"},"thumbnailUrl":"https:\/\/www.noticiasradioreflejos.com.ar\/2021\/wp-content\/uploads\/2021\/03\/Comisaria-ra-Tornquist.jpeg","datePublished":"2021-03-09T15:16:03+00:00","author":{"@id":"https:\/\/www.noticiasradioreflejos.com.ar\/2021\/#\/schema\/person\/ad82545263dcc5ec0996818884fd5fb1"},"breadcrumb":{"@id":"https:\/\/www.noticiasradioreflejos.com.ar\/2021\/hicieron-allanamientos-en-olavarria-por-hechos-delictivos-de-tornquist-con-resultados-positivos\/#breadcrumb"},"inLanguage":"es","potentialAction":[{"@type":"ReadAction","target":["https:\/\/www.noticiasradioreflejos.com.ar\/2021\/hicieron-allanamientos-en-olavarria-por-hechos-delictivos-de-tornquist-con-resultados-positivos\/"]}]},{"@type":"ImageObject","inLanguage":"es","@id":"https:\/\/www.noticiasradioreflejos.com.ar\/2021\/hicieron-allanamientos-en-olavarria-por-hechos-delictivos-de-tornquist-con-resultados-positivos\/#primaryimage","url":"https:\/\/www.noticiasradioreflejos.com.ar\/2021\/wp-content\/uploads\/2021\/03\/Comisaria-ra-Tornquist.jpeg","contentUrl":"https:\/\/www.noticiasradioreflejos.com.ar\/2021\/wp-content\/uploads\/2021\/03\/Comisaria-ra-Tornquist.jpeg","width":752,"height":771},{"@type":"BreadcrumbList","@id":"https:\/\/www.noticiasradioreflejos.com.ar\/2021\/hicieron-allanamientos-en-olavarria-por-hechos-delictivos-de-tornquist-con-resultados-positivos\/#breadcrumb","itemListElement":[{"@type":"ListItem","position":1,"name":"Portada","item":"https:\/\/www.noticiasradioreflejos.com.ar\/2021\/"},{"@type":"ListItem","position":2,"name":"Hicieron allanamientos en Olavarr\u00eda por hechos delictivos de Tornquist con resultados positivos."}]},{"@type":"WebSite","@id":"https:\/\/www.noticiasradioreflejos.com.ar\/2021\/#website","url":"https:\/\/www.noticiasradioreflejos.com.ar\/2021\/","name":"Noticias Radio Reflejos","description":"Las noticias de mi comarca","potentialAction":[{"@type":"SearchAction","target":{"@type":"EntryPoint","urlTemplate":"https:\/\/www.noticiasradioreflejos.com.ar\/2021\/?s={search_term_string}"},"query-input":{"@type":"PropertyValueSpecification","valueRequired":true,"valueName":"search_term_string"}}],"inLanguage":"es"},{"@type":"Person","@id":"https:\/\/www.noticiasradioreflejos.com.ar\/2021\/#\/schema\/person\/ad82545263dcc5ec0996818884fd5fb1","name":"Arnaldo Botto","image":{"@type":"ImageObject","inLanguage":"es","@id":"https:\/\/www.noticiasradioreflejos.com.ar\/2021\/#\/schema\/person\/image\/","url":"https:\/\/secure.gravatar.com\/avatar\/55cb5e37c1efa326397366e6974cb338056df65cb50e7d64d1cf314e87504837?s=96&d=mm&r=g","contentUrl":"https:\/\/secure.gravatar.com\/avatar\/55cb5e37c1efa326397366e6974cb338056df65cb50e7d64d1cf314e87504837?s=96&d=mm&r=g","caption":"Arnaldo Botto"},"url":"https:\/\/www.noticiasradioreflejos.com.ar\/2021\/author\/arnaldo\/"}]}},"_links":{"self":[{"href":"https:\/\/www.noticiasradioreflejos.com.ar\/2021\/wp-json\/wp\/v2\/posts\/53575","targetHints":{"allow":["GET"]}}],"collection":[{"href":"https:\/\/www.noticiasradioreflejos.com.ar\/2021\/wp-json\/wp\/v2\/posts"}],"about":[{"href":"https:\/\/www.noticiasradioreflejos.com.ar\/2021\/wp-json\/wp\/v2\/types\/post"}],"author":[{"embeddable":true,"href":"https:\/\/www.noticiasradioreflejos.com.ar\/2021\/wp-json\/wp\/v2\/users\/3"}],"replies":[{"embeddable":true,"href":"https:\/\/www.noticiasradioreflejos.com.ar\/2021\/wp-json\/wp\/v2\/comments?post=53575"}],"version-history":[{"count":0,"href":"https:\/\/www.noticiasradioreflejos.com.ar\/2021\/wp-json\/wp\/v2\/posts\/53575\/revisions"}],"wp:featuredmedia":[{"embeddable":true,"href":"https:\/\/www.noticiasradioreflejos.com.ar\/2021\/wp-json\/wp\/v2\/media\/53578"}],"wp:attachment":[{"href":"https:\/\/www.noticiasradioreflejos.com.ar\/2021\/wp-json\/wp\/v2\/media?parent=53575"}],"wp:term":[{"taxonomy":"category","embeddable":true,"href":"https:\/\/www.noticiasradioreflejos.com.ar\/2021\/wp-json\/wp\/v2\/categories?post=53575"},{"taxonomy":"post_tag","embeddable":true,"href":"https:\/\/www.noticiasradioreflejos.com.ar\/2021\/wp-json\/wp\/v2\/tags?post=53575"}],"curies":[{"name":"wp","href":"https:\/\/api.w.org\/{rel}","templated":true}]}}