{"id":53526,"date":"2021-03-08T14:27:33","date_gmt":"2021-03-08T17:27:33","guid":{"rendered":"http:\/\/www.noticiasradioreflejos.com.ar\/noticias\/?p=53526"},"modified":"2021-03-08T14:27:33","modified_gmt":"2021-03-08T17:27:33","slug":"las-mujeres-lentamente-nos-estamos-dando-cuenta-que-el-feminismo-no-es-ir-en-contra-de-los-hombres-el-feminismo-es-ir-en-el-camino-deconstruir-la-desigualdad-silvia-zabala","status":"publish","type":"post","link":"https:\/\/www.noticiasradioreflejos.com.ar\/2021\/las-mujeres-lentamente-nos-estamos-dando-cuenta-que-el-feminismo-no-es-ir-en-contra-de-los-hombres-el-feminismo-es-ir-en-el-camino-deconstruir-la-desigualdad-silvia-zabala\/","title":{"rendered":"\u00abLas mujeres lentamente nos estamos dando cuenta que el feminismo no es ir en contra de los hombres, el feminismo es ir en el camino de construir la igualdad\u00bb &#8211; Silvia Zabala"},"content":{"rendered":"<p>En el D\u00eda Internacional de la Mujer, conversamos con\u00a0la coordinadora de la Sexta Regi\u00f3n del Ministerio de las Mujeres, Pol\u00edticas de G\u00e9nero y Diversidad Sexual de la provincia de Buenos Aires. En esta nota, Silvia nos comunica c\u00f3mo se est\u00e1 trabajando en el \u00e1rea de G\u00e9nero en nuestra regi\u00f3n y nos explica lo que representa el feminismo.<!--more--><\/p>\n<p><a title=\"158136469_5812650808748923_3743945887158731141_n\" href=\"https:\/\/www.flickr.com\/photos\/182279889@N02\/51016736787\/in\/dateposted-public\/\" data-flickr-embed=\"true\"><img loading=\"lazy\" decoding=\"async\" src=\"https:\/\/live.staticflickr.com\/65535\/51016736787_3bdd6e062c_c.jpg\" alt=\"158136469_5812650808748923_3743945887158731141_n\" width=\"800\" height=\"533\" \/><\/a><script src=\"\/\/embedr.flickr.com\/assets\/client-code.js\" async=\"\" charset=\"utf-8\"><\/script><\/p>\n<p>\u00abEl d\u00eda Viernes nuestra ministra decidi\u00f3 llevar adelante los #8M regionales. Es decir, que se puso a recorrer todas las regiones con una jornada de trabajo en cada una. En la regi\u00f3n Sexta se realiz\u00f3 en el distrito de Daireaux, donde participaron 15 distritos, organizaciones de Deraux y organizaciones de mujeres de la comunidad. Fue un encuentro muy lindo\u00bb resumi\u00f3 Silvia al comenzar la nota el trabajo que hizo la Ministra de las Mujeres, Pol\u00edticas de G\u00e9nero y Diversidad Sexual de la provincia de Buenos Aires, Estela D\u00edaz.<\/p>\n<p>Silvia coment\u00f3 que en este momento se encuentra en Coronel Rosales, desarrollando actividades durante el d\u00eda debido al Aniversario de la ONG \u00abManos Entrelazadas\u00bb. La Organizaci\u00f3n se encarga de dar respuesta a mujeres v\u00edctima de violencia. \u00abEsta es un poco nuestra tarea ahora, y ahora lo podemos llevar adelante. Esa es la caracter\u00edstica que le quiere dar nuestra Ministra, que estemos presentes en el territorio creando articulaciones\u00bb explic\u00f3 con gratitud.<\/p>\n<p>Con respecto a lo que es el #8M, Silvia comunic\u00f3 que las movilizaciones que se est\u00e1n organizando en muchos distritos y localidades son \u00abincre\u00edbles\u00bb. \u00abLa verdad es que hasta en los distritos m\u00e1s peque\u00f1os las compa\u00f1eras est\u00e1n visibilizando nuestra lucha, hoy es un d\u00eda de lucha. Los varones tienen que empezar a visibilizar que en todos los espacios que estamos, todav\u00eda las mujeres no tenemos logrado un proceso de igualdad. Para eso estamos trabajando\u00bb expres\u00f3.<\/p>\n<p><a title=\"8 M 1\" href=\"https:\/\/www.flickr.com\/photos\/182279889@N02\/51016736877\/in\/dateposted-public\/\" data-flickr-embed=\"true\"><img loading=\"lazy\" decoding=\"async\" src=\"https:\/\/live.staticflickr.com\/65535\/51016736877_3e9cee1edc_c.jpg\" alt=\"8 M 1\" width=\"800\" height=\"533\" \/><\/a><script src=\"\/\/embedr.flickr.com\/assets\/client-code.js\" async=\"\" charset=\"utf-8\"><\/script><\/p>\n<p>\u00abHoy ya entienden que el feminismo es el que nos ha abierto de poder trabajar y que el salario sea para nuestro bolsillo, de poder tener la ILE, de poder divorciarnos y que nos corresponda una parte, el voto. Creo que las mujeres lentamente nos estamos dando cuenta que el feminismo no es ir en contra de los hombres, el feminismo es ir en el camino deconstruir la desigualdad\u00bb comparti\u00f3 Silvia para cerrar.<\/p>\n<p><strong>Nota completa a continuaci\u00f3n:<\/strong><br \/>\n<iframe loading=\"lazy\" src=\"https:\/\/w.soundcloud.com\/player\/?url=https%3A\/\/api.soundcloud.com\/tracks\/1001347198&amp;color=%23ff5500&amp;auto_play=false&amp;hide_related=false&amp;show_comments=true&amp;show_user=true&amp;show_reposts=false&amp;show_teaser=true\" width=\"100%\" height=\"166\" frameborder=\"no\" scrolling=\"no\"><\/iframe><\/p>\n<div style=\"font-size: 10px; color: #cccccc; line-break: anywhere; word-break: normal; overflow: hidden; white-space: nowrap; text-overflow: ellipsis; font-family: Interstate,Lucida Grande,Lucida Sans Unicode,Lucida Sans,Garuda,Verdana,Tahoma,sans-serif; font-weight: 100;\"><a style=\"color: #cccccc; text-decoration: none;\" title=\"fmreflejos 103.7\" href=\"https:\/\/soundcloud.com\/fmreflejos-103-7\" target=\"_blank\" rel=\"noopener\">fmreflejos 103.7<\/a> \u00b7 <a style=\"color: #cccccc; text-decoration: none;\" title=\"Nota Silvia Zabala\" href=\"https:\/\/soundcloud.com\/fmreflejos-103-7\/nota-silvia-zabala\" target=\"_blank\" rel=\"noopener\">Nota Silvia Zabala<\/a><\/div>\n<p><a title=\"8 M 2\" href=\"https:\/\/www.flickr.com\/photos\/182279889@N02\/51016736932\/in\/dateposted-public\/\" data-flickr-embed=\"true\"><img loading=\"lazy\" decoding=\"async\" src=\"https:\/\/live.staticflickr.com\/65535\/51016736932_f3830d5096_c.jpg\" alt=\"8 M 2\" width=\"800\" height=\"533\" \/><\/a><script src=\"\/\/embedr.flickr.com\/assets\/client-code.js\" async=\"\" charset=\"utf-8\"><\/script><\/p>\n","protected":false},"excerpt":{"rendered":"<p>En el D\u00eda Internacional de la Mujer, conversamos con\u00a0la coordinadora de la Sexta Regi\u00f3n del Ministerio de las Mujeres, Pol\u00edticas de G\u00e9nero y Diversidad Sexual de la provincia de Buenos Aires. En esta nota, Silvia nos comunica c\u00f3mo se est\u00e1 trabajando en el \u00e1rea de G\u00e9nero en nuestra regi\u00f3n y nos explica lo que representa [&hellip;]<\/p>\n","protected":false},"author":3,"featured_media":0,"comment_status":"closed","ping_status":"open","sticky":false,"template":"","format":"standard","meta":{"footnotes":""},"categories":[26],"tags":[],"class_list":["post-53526","post","type-post","status-publish","format-standard","hentry","category-sociedad"],"yoast_head":"<!-- This site is optimized with the Yoast SEO plugin v25.9 - https:\/\/yoast.com\/wordpress\/plugins\/seo\/ -->\n<title>&quot;Las mujeres lentamente nos estamos dando cuenta que el feminismo no es ir en contra de los hombres, el feminismo es ir en el camino de construir la igualdad&quot; - Silvia Zabala - Noticias Radio Reflejos<\/title>\n<meta name=\"robots\" content=\"index, follow, max-snippet:-1, max-image-preview:large, max-video-preview:-1\" \/>\n<link rel=\"canonical\" href=\"https:\/\/www.noticiasradioreflejos.com.ar\/2021\/las-mujeres-lentamente-nos-estamos-dando-cuenta-que-el-feminismo-no-es-ir-en-contra-de-los-hombres-el-feminismo-es-ir-en-el-camino-deconstruir-la-desigualdad-silvia-zabala\/\" \/>\n<meta property=\"og:locale\" content=\"es_ES\" \/>\n<meta property=\"og:type\" content=\"article\" \/>\n<meta property=\"og:title\" content=\"&quot;Las mujeres lentamente nos estamos dando cuenta que el feminismo no es ir en contra de los hombres, el feminismo es ir en el camino de construir la igualdad&quot; - Silvia Zabala - Noticias Radio Reflejos\" \/>\n<meta property=\"og:description\" content=\"En el D\u00eda Internacional de la Mujer, conversamos con\u00a0la coordinadora de la Sexta Regi\u00f3n del Ministerio de las Mujeres, Pol\u00edticas de G\u00e9nero y Diversidad Sexual de la provincia de Buenos Aires. En esta nota, Silvia nos comunica c\u00f3mo se est\u00e1 trabajando en el \u00e1rea de G\u00e9nero en nuestra regi\u00f3n y nos explica lo que representa [&hellip;]\" \/>\n<meta property=\"og:url\" content=\"https:\/\/www.noticiasradioreflejos.com.ar\/2021\/las-mujeres-lentamente-nos-estamos-dando-cuenta-que-el-feminismo-no-es-ir-en-contra-de-los-hombres-el-feminismo-es-ir-en-el-camino-deconstruir-la-desigualdad-silvia-zabala\/\" \/>\n<meta property=\"og:site_name\" content=\"Noticias Radio Reflejos\" \/>\n<meta property=\"article:published_time\" content=\"2021-03-08T17:27:33+00:00\" \/>\n<meta property=\"og:image\" content=\"https:\/\/live.staticflickr.com\/65535\/51016736787_3bdd6e062c_c.jpg\" \/>\n<meta name=\"author\" content=\"Arnaldo Botto\" \/>\n<meta name=\"twitter:card\" content=\"summary_large_image\" \/>\n<script type=\"application\/ld+json\" class=\"yoast-schema-graph\">{\"@context\":\"https:\/\/schema.org\",\"@graph\":[{\"@type\":\"WebPage\",\"@id\":\"https:\/\/www.noticiasradioreflejos.com.ar\/2021\/las-mujeres-lentamente-nos-estamos-dando-cuenta-que-el-feminismo-no-es-ir-en-contra-de-los-hombres-el-feminismo-es-ir-en-el-camino-deconstruir-la-desigualdad-silvia-zabala\/\",\"url\":\"https:\/\/www.noticiasradioreflejos.com.ar\/2021\/las-mujeres-lentamente-nos-estamos-dando-cuenta-que-el-feminismo-no-es-ir-en-contra-de-los-hombres-el-feminismo-es-ir-en-el-camino-deconstruir-la-desigualdad-silvia-zabala\/\",\"name\":\"\\\"Las mujeres lentamente nos estamos dando cuenta que el feminismo no es ir en contra de los hombres, el feminismo es ir en el camino de construir la igualdad\\\" - Silvia Zabala - Noticias Radio Reflejos\",\"isPartOf\":{\"@id\":\"https:\/\/www.noticiasradioreflejos.com.ar\/2021\/#website\"},\"primaryImageOfPage\":{\"@id\":\"https:\/\/www.noticiasradioreflejos.com.ar\/2021\/las-mujeres-lentamente-nos-estamos-dando-cuenta-que-el-feminismo-no-es-ir-en-contra-de-los-hombres-el-feminismo-es-ir-en-el-camino-deconstruir-la-desigualdad-silvia-zabala\/#primaryimage\"},\"image\":{\"@id\":\"https:\/\/www.noticiasradioreflejos.com.ar\/2021\/las-mujeres-lentamente-nos-estamos-dando-cuenta-que-el-feminismo-no-es-ir-en-contra-de-los-hombres-el-feminismo-es-ir-en-el-camino-deconstruir-la-desigualdad-silvia-zabala\/#primaryimage\"},\"thumbnailUrl\":\"https:\/\/live.staticflickr.com\/65535\/51016736787_3bdd6e062c_c.jpg\",\"datePublished\":\"2021-03-08T17:27:33+00:00\",\"author\":{\"@id\":\"https:\/\/www.noticiasradioreflejos.com.ar\/2021\/#\/schema\/person\/ad82545263dcc5ec0996818884fd5fb1\"},\"breadcrumb\":{\"@id\":\"https:\/\/www.noticiasradioreflejos.com.ar\/2021\/las-mujeres-lentamente-nos-estamos-dando-cuenta-que-el-feminismo-no-es-ir-en-contra-de-los-hombres-el-feminismo-es-ir-en-el-camino-deconstruir-la-desigualdad-silvia-zabala\/#breadcrumb\"},\"inLanguage\":\"es\",\"potentialAction\":[{\"@type\":\"ReadAction\",\"target\":[\"https:\/\/www.noticiasradioreflejos.com.ar\/2021\/las-mujeres-lentamente-nos-estamos-dando-cuenta-que-el-feminismo-no-es-ir-en-contra-de-los-hombres-el-feminismo-es-ir-en-el-camino-deconstruir-la-desigualdad-silvia-zabala\/\"]}]},{\"@type\":\"ImageObject\",\"inLanguage\":\"es\",\"@id\":\"https:\/\/www.noticiasradioreflejos.com.ar\/2021\/las-mujeres-lentamente-nos-estamos-dando-cuenta-que-el-feminismo-no-es-ir-en-contra-de-los-hombres-el-feminismo-es-ir-en-el-camino-deconstruir-la-desigualdad-silvia-zabala\/#primaryimage\",\"url\":\"https:\/\/live.staticflickr.com\/65535\/51016736787_3bdd6e062c_c.jpg\",\"contentUrl\":\"https:\/\/live.staticflickr.com\/65535\/51016736787_3bdd6e062c_c.jpg\"},{\"@type\":\"BreadcrumbList\",\"@id\":\"https:\/\/www.noticiasradioreflejos.com.ar\/2021\/las-mujeres-lentamente-nos-estamos-dando-cuenta-que-el-feminismo-no-es-ir-en-contra-de-los-hombres-el-feminismo-es-ir-en-el-camino-deconstruir-la-desigualdad-silvia-zabala\/#breadcrumb\",\"itemListElement\":[{\"@type\":\"ListItem\",\"position\":1,\"name\":\"Portada\",\"item\":\"https:\/\/www.noticiasradioreflejos.com.ar\/2021\/\"},{\"@type\":\"ListItem\",\"position\":2,\"name\":\"\u00abLas mujeres lentamente nos estamos dando cuenta que el feminismo no es ir en contra de los hombres, el feminismo es ir en el camino de construir la igualdad\u00bb &#8211; Silvia Zabala\"}]},{\"@type\":\"WebSite\",\"@id\":\"https:\/\/www.noticiasradioreflejos.com.ar\/2021\/#website\",\"url\":\"https:\/\/www.noticiasradioreflejos.com.ar\/2021\/\",\"name\":\"Noticias Radio Reflejos\",\"description\":\"Las noticias de mi comarca\",\"potentialAction\":[{\"@type\":\"SearchAction\",\"target\":{\"@type\":\"EntryPoint\",\"urlTemplate\":\"https:\/\/www.noticiasradioreflejos.com.ar\/2021\/?s={search_term_string}\"},\"query-input\":{\"@type\":\"PropertyValueSpecification\",\"valueRequired\":true,\"valueName\":\"search_term_string\"}}],\"inLanguage\":\"es\"},{\"@type\":\"Person\",\"@id\":\"https:\/\/www.noticiasradioreflejos.com.ar\/2021\/#\/schema\/person\/ad82545263dcc5ec0996818884fd5fb1\",\"name\":\"Arnaldo Botto\",\"image\":{\"@type\":\"ImageObject\",\"inLanguage\":\"es\",\"@id\":\"https:\/\/www.noticiasradioreflejos.com.ar\/2021\/#\/schema\/person\/image\/\",\"url\":\"https:\/\/secure.gravatar.com\/avatar\/55cb5e37c1efa326397366e6974cb338056df65cb50e7d64d1cf314e87504837?s=96&d=mm&r=g\",\"contentUrl\":\"https:\/\/secure.gravatar.com\/avatar\/55cb5e37c1efa326397366e6974cb338056df65cb50e7d64d1cf314e87504837?s=96&d=mm&r=g\",\"caption\":\"Arnaldo Botto\"},\"url\":\"https:\/\/www.noticiasradioreflejos.com.ar\/2021\/author\/arnaldo\/\"}]}<\/script>\n<!-- \/ Yoast SEO plugin. -->","yoast_head_json":{"title":"\"Las mujeres lentamente nos estamos dando cuenta que el feminismo no es ir en contra de los hombres, el feminismo es ir en el camino de construir la igualdad\" - Silvia Zabala - Noticias Radio Reflejos","robots":{"index":"index","follow":"follow","max-snippet":"max-snippet:-1","max-image-preview":"max-image-preview:large","max-video-preview":"max-video-preview:-1"},"canonical":"https:\/\/www.noticiasradioreflejos.com.ar\/2021\/las-mujeres-lentamente-nos-estamos-dando-cuenta-que-el-feminismo-no-es-ir-en-contra-de-los-hombres-el-feminismo-es-ir-en-el-camino-deconstruir-la-desigualdad-silvia-zabala\/","og_locale":"es_ES","og_type":"article","og_title":"\"Las mujeres lentamente nos estamos dando cuenta que el feminismo no es ir en contra de los hombres, el feminismo es ir en el camino de construir la igualdad\" - Silvia Zabala - Noticias Radio Reflejos","og_description":"En el D\u00eda Internacional de la Mujer, conversamos con\u00a0la coordinadora de la Sexta Regi\u00f3n del Ministerio de las Mujeres, Pol\u00edticas de G\u00e9nero y Diversidad Sexual de la provincia de Buenos Aires. En esta nota, Silvia nos comunica c\u00f3mo se est\u00e1 trabajando en el \u00e1rea de G\u00e9nero en nuestra regi\u00f3n y nos explica lo que representa [&hellip;]","og_url":"https:\/\/www.noticiasradioreflejos.com.ar\/2021\/las-mujeres-lentamente-nos-estamos-dando-cuenta-que-el-feminismo-no-es-ir-en-contra-de-los-hombres-el-feminismo-es-ir-en-el-camino-deconstruir-la-desigualdad-silvia-zabala\/","og_site_name":"Noticias Radio Reflejos","article_published_time":"2021-03-08T17:27:33+00:00","og_image":[{"url":"https:\/\/live.staticflickr.com\/65535\/51016736787_3bdd6e062c_c.jpg","type":"","width":"","height":""}],"author":"Arnaldo Botto","twitter_card":"summary_large_image","schema":{"@context":"https:\/\/schema.org","@graph":[{"@type":"WebPage","@id":"https:\/\/www.noticiasradioreflejos.com.ar\/2021\/las-mujeres-lentamente-nos-estamos-dando-cuenta-que-el-feminismo-no-es-ir-en-contra-de-los-hombres-el-feminismo-es-ir-en-el-camino-deconstruir-la-desigualdad-silvia-zabala\/","url":"https:\/\/www.noticiasradioreflejos.com.ar\/2021\/las-mujeres-lentamente-nos-estamos-dando-cuenta-que-el-feminismo-no-es-ir-en-contra-de-los-hombres-el-feminismo-es-ir-en-el-camino-deconstruir-la-desigualdad-silvia-zabala\/","name":"\"Las mujeres lentamente nos estamos dando cuenta que el feminismo no es ir en contra de los hombres, el feminismo es ir en el camino de construir la igualdad\" - Silvia Zabala - Noticias Radio Reflejos","isPartOf":{"@id":"https:\/\/www.noticiasradioreflejos.com.ar\/2021\/#website"},"primaryImageOfPage":{"@id":"https:\/\/www.noticiasradioreflejos.com.ar\/2021\/las-mujeres-lentamente-nos-estamos-dando-cuenta-que-el-feminismo-no-es-ir-en-contra-de-los-hombres-el-feminismo-es-ir-en-el-camino-deconstruir-la-desigualdad-silvia-zabala\/#primaryimage"},"image":{"@id":"https:\/\/www.noticiasradioreflejos.com.ar\/2021\/las-mujeres-lentamente-nos-estamos-dando-cuenta-que-el-feminismo-no-es-ir-en-contra-de-los-hombres-el-feminismo-es-ir-en-el-camino-deconstruir-la-desigualdad-silvia-zabala\/#primaryimage"},"thumbnailUrl":"https:\/\/live.staticflickr.com\/65535\/51016736787_3bdd6e062c_c.jpg","datePublished":"2021-03-08T17:27:33+00:00","author":{"@id":"https:\/\/www.noticiasradioreflejos.com.ar\/2021\/#\/schema\/person\/ad82545263dcc5ec0996818884fd5fb1"},"breadcrumb":{"@id":"https:\/\/www.noticiasradioreflejos.com.ar\/2021\/las-mujeres-lentamente-nos-estamos-dando-cuenta-que-el-feminismo-no-es-ir-en-contra-de-los-hombres-el-feminismo-es-ir-en-el-camino-deconstruir-la-desigualdad-silvia-zabala\/#breadcrumb"},"inLanguage":"es","potentialAction":[{"@type":"ReadAction","target":["https:\/\/www.noticiasradioreflejos.com.ar\/2021\/las-mujeres-lentamente-nos-estamos-dando-cuenta-que-el-feminismo-no-es-ir-en-contra-de-los-hombres-el-feminismo-es-ir-en-el-camino-deconstruir-la-desigualdad-silvia-zabala\/"]}]},{"@type":"ImageObject","inLanguage":"es","@id":"https:\/\/www.noticiasradioreflejos.com.ar\/2021\/las-mujeres-lentamente-nos-estamos-dando-cuenta-que-el-feminismo-no-es-ir-en-contra-de-los-hombres-el-feminismo-es-ir-en-el-camino-deconstruir-la-desigualdad-silvia-zabala\/#primaryimage","url":"https:\/\/live.staticflickr.com\/65535\/51016736787_3bdd6e062c_c.jpg","contentUrl":"https:\/\/live.staticflickr.com\/65535\/51016736787_3bdd6e062c_c.jpg"},{"@type":"BreadcrumbList","@id":"https:\/\/www.noticiasradioreflejos.com.ar\/2021\/las-mujeres-lentamente-nos-estamos-dando-cuenta-que-el-feminismo-no-es-ir-en-contra-de-los-hombres-el-feminismo-es-ir-en-el-camino-deconstruir-la-desigualdad-silvia-zabala\/#breadcrumb","itemListElement":[{"@type":"ListItem","position":1,"name":"Portada","item":"https:\/\/www.noticiasradioreflejos.com.ar\/2021\/"},{"@type":"ListItem","position":2,"name":"\u00abLas mujeres lentamente nos estamos dando cuenta que el feminismo no es ir en contra de los hombres, el feminismo es ir en el camino de construir la igualdad\u00bb &#8211; Silvia Zabala"}]},{"@type":"WebSite","@id":"https:\/\/www.noticiasradioreflejos.com.ar\/2021\/#website","url":"https:\/\/www.noticiasradioreflejos.com.ar\/2021\/","name":"Noticias Radio Reflejos","description":"Las noticias de mi comarca","potentialAction":[{"@type":"SearchAction","target":{"@type":"EntryPoint","urlTemplate":"https:\/\/www.noticiasradioreflejos.com.ar\/2021\/?s={search_term_string}"},"query-input":{"@type":"PropertyValueSpecification","valueRequired":true,"valueName":"search_term_string"}}],"inLanguage":"es"},{"@type":"Person","@id":"https:\/\/www.noticiasradioreflejos.com.ar\/2021\/#\/schema\/person\/ad82545263dcc5ec0996818884fd5fb1","name":"Arnaldo Botto","image":{"@type":"ImageObject","inLanguage":"es","@id":"https:\/\/www.noticiasradioreflejos.com.ar\/2021\/#\/schema\/person\/image\/","url":"https:\/\/secure.gravatar.com\/avatar\/55cb5e37c1efa326397366e6974cb338056df65cb50e7d64d1cf314e87504837?s=96&d=mm&r=g","contentUrl":"https:\/\/secure.gravatar.com\/avatar\/55cb5e37c1efa326397366e6974cb338056df65cb50e7d64d1cf314e87504837?s=96&d=mm&r=g","caption":"Arnaldo Botto"},"url":"https:\/\/www.noticiasradioreflejos.com.ar\/2021\/author\/arnaldo\/"}]}},"_links":{"self":[{"href":"https:\/\/www.noticiasradioreflejos.com.ar\/2021\/wp-json\/wp\/v2\/posts\/53526","targetHints":{"allow":["GET"]}}],"collection":[{"href":"https:\/\/www.noticiasradioreflejos.com.ar\/2021\/wp-json\/wp\/v2\/posts"}],"about":[{"href":"https:\/\/www.noticiasradioreflejos.com.ar\/2021\/wp-json\/wp\/v2\/types\/post"}],"author":[{"embeddable":true,"href":"https:\/\/www.noticiasradioreflejos.com.ar\/2021\/wp-json\/wp\/v2\/users\/3"}],"replies":[{"embeddable":true,"href":"https:\/\/www.noticiasradioreflejos.com.ar\/2021\/wp-json\/wp\/v2\/comments?post=53526"}],"version-history":[{"count":0,"href":"https:\/\/www.noticiasradioreflejos.com.ar\/2021\/wp-json\/wp\/v2\/posts\/53526\/revisions"}],"wp:attachment":[{"href":"https:\/\/www.noticiasradioreflejos.com.ar\/2021\/wp-json\/wp\/v2\/media?parent=53526"}],"wp:term":[{"taxonomy":"category","embeddable":true,"href":"https:\/\/www.noticiasradioreflejos.com.ar\/2021\/wp-json\/wp\/v2\/categories?post=53526"},{"taxonomy":"post_tag","embeddable":true,"href":"https:\/\/www.noticiasradioreflejos.com.ar\/2021\/wp-json\/wp\/v2\/tags?post=53526"}],"curies":[{"name":"wp","href":"https:\/\/api.w.org\/{rel}","templated":true}]}}