{"id":53491,"date":"2021-03-08T07:48:41","date_gmt":"2021-03-08T10:48:41","guid":{"rendered":"http:\/\/www.noticiasradioreflejos.com.ar\/noticias\/?p=53491"},"modified":"2021-03-08T07:48:41","modified_gmt":"2021-03-08T10:48:41","slug":"dia-internacional-de-la-mujer-2021","status":"publish","type":"post","link":"https:\/\/www.noticiasradioreflejos.com.ar\/2021\/dia-internacional-de-la-mujer-2021\/","title":{"rendered":"D\u00eda Internacional de la Mujer 2021"},"content":{"rendered":"<p>Las mujeres del mundo desean y merecen un futuro igualitario sin estigma, estereotipos ni violencia; un futuro que sea sostenible, pac\u00edfico, con igualdad de derechos y oportunidades para todas las personas. A fin de lograr este objetivo, el mundo necesita mujeres en todas las mesas en las que se tomen decisiones.<!--more--><\/p>\n<div>\n<p>ONU Mujeres trabaja para prestar apoyo a todas las mujeres que est\u00e1n en la primera l\u00ednea de la lucha contra esta pandemia; promueve soluciones laborales flexibles; y prioriza servicios para prevenir la violencia de g\u00e9nero contra mujeres y ni\u00f1as en el \u00e1mbito privado.<\/p>\n<p>Este a\u00f1o, el tema del D\u00eda Internacional de la Mujer (8 de marzo),\u00a0<em>\u201cMujeres l\u00edderes: Por un futuro igualitario en el mundo de la Covid-19\u201d<\/em>, celebra los enormes esfuerzos realizados por mujeres y ni\u00f1as de todo el mundo a la hora de definir un futuro m\u00e1s igualitario y la recuperaci\u00f3n ante la pandemia de Covid-19, y resalta las deficiencias que persisten.<\/p>\n<p>Con la participaci\u00f3n y el liderazgo plenos y efectivos de las mujeres en todos los \u00e1mbitos de la vida se consigue el progreso para todo el mundo. Sin embargo, las mujeres siguen sin tener suficiente representaci\u00f3n en la vida p\u00fablica y la toma de decisiones, tal y como refleja el reciente\u00a0<a href=\"https:\/\/undocs.org\/es\/E\/CN.6\/2021\/3\">informe del Secretario General de las Naciones Unidas<\/a>. Las mujeres son jefas de Estado o de gobierno en 22 pa\u00edses, y \u00fanicamente el 24,9 por ciento de los parlamentarios nacionales son mujeres. Al ritmo de progreso actual, la igualdad de g\u00e9nero entre jefas y jefes de gobierno tardar\u00e1 otros 130 a\u00f1os.<\/p>\n<p>Asimismo, las mujeres se encuentran al frente de la batalla contra la Covid-19, como trabajadoras del sector de la salud y en primera l\u00ednea, y como cient\u00edficas, m\u00e9dicas y cuidadoras; no obstante, ganan un 11 por ciento menos globalmente en comparaci\u00f3n con sus hom\u00f3logos masculinos. Como se\u00f1ala un an\u00e1lisis de equipos de trabajo sobre la Covid-19 de 87 pa\u00edses, solamente el 3,5 por ciento de estos ten\u00edan paridad de g\u00e9nero.<\/p>\n<p>Cuando las mujeres est\u00e1n al cargo, se observan resultados positivos. Varias de las respuestas m\u00e1s eficientes y ejemplares ante la pandemia de la Covid-19 han sido dirigidas por mujeres. Y las mujeres, especialmente las j\u00f3venes, son quienes organizan movimientos diversos e inclusivos en l\u00ednea y en la calle a favor de la justicia social y la igualdad o la lucha contra el cambio clim\u00e1tico en todas partes del mundo. Sin embargo, las mujeres de menos de 30 a\u00f1os de edad representan menos del 1 por ciento de los parlamentarios a escala mundial.<\/p>\n<p>Por todo ello, el D\u00eda Internacional de la Mujer de este a\u00f1o es un clamor a favor de la Generaci\u00f3n Igualdad, a fin de actuar para conseguir un futuro igualitario para todas y todos. El Foro Generaci\u00f3n Igualdad, la reuni\u00f3n m\u00e1s importante para la inversi\u00f3n y la adopci\u00f3n de medidas por la igualdad de g\u00e9nero, dar\u00e1 comienzo en Ciudad de M\u00e9xico entre el 29 y el 31 de marzo, y se clausurar\u00e1 en Par\u00eds en junio de 2021. Este evento congregar\u00e1 a personas l\u00edderes, visionarias y activistas de todo el mundo, de manera segura en una plataforma virtual, a fin de impulsar un cambio transformador y duradero para las generaciones venideras.<\/p>\n<p>Te animamos a obtener m\u00e1s informaci\u00f3n sobre el Foro Generaci\u00f3n Igualdad, a conocer al grupo de activistas y a inspirarte con las historias de mujeres l\u00edderes a las que admiramos.<br \/>\n<em><br \/>\n<span style=\"color: #ff9900;\">Credit: ONU Mujeres\/Yihui Yuan.<\/span><\/em><\/p>\n<\/div>\n","protected":false},"excerpt":{"rendered":"<p>Las mujeres del mundo desean y merecen un futuro igualitario sin estigma, estereotipos ni violencia; un futuro que sea sostenible, pac\u00edfico, con igualdad de derechos y oportunidades para todas las personas. A fin de lograr este objetivo, el mundo necesita mujeres en todas las mesas en las que se tomen decisiones.<\/p>\n","protected":false},"author":3,"featured_media":0,"comment_status":"closed","ping_status":"open","sticky":false,"template":"","format":"standard","meta":{"footnotes":""},"categories":[25],"tags":[],"class_list":["post-53491","post","type-post","status-publish","format-standard","hentry","category-uncategorized"],"yoast_head":"<!-- This site is optimized with the Yoast SEO plugin v25.9 - https:\/\/yoast.com\/wordpress\/plugins\/seo\/ -->\n<title>D\u00eda Internacional de la Mujer 2021 - Noticias Radio Reflejos<\/title>\n<meta name=\"robots\" content=\"index, follow, max-snippet:-1, max-image-preview:large, max-video-preview:-1\" \/>\n<link rel=\"canonical\" href=\"https:\/\/www.noticiasradioreflejos.com.ar\/2021\/dia-internacional-de-la-mujer-2021\/\" \/>\n<meta property=\"og:locale\" content=\"es_ES\" \/>\n<meta property=\"og:type\" content=\"article\" \/>\n<meta property=\"og:title\" content=\"D\u00eda Internacional de la Mujer 2021 - Noticias Radio Reflejos\" \/>\n<meta property=\"og:description\" content=\"Las mujeres del mundo desean y merecen un futuro igualitario sin estigma, estereotipos ni violencia; un futuro que sea sostenible, pac\u00edfico, con igualdad de derechos y oportunidades para todas las personas. A fin de lograr este objetivo, el mundo necesita mujeres en todas las mesas en las que se tomen decisiones.\" \/>\n<meta property=\"og:url\" content=\"https:\/\/www.noticiasradioreflejos.com.ar\/2021\/dia-internacional-de-la-mujer-2021\/\" \/>\n<meta property=\"og:site_name\" content=\"Noticias Radio Reflejos\" \/>\n<meta property=\"article:published_time\" content=\"2021-03-08T10:48:41+00:00\" \/>\n<meta property=\"og:image\" content=\"https:\/\/www.noticiasradioreflejos.com.ar\/2021\/wp-content\/uploads\/2021\/07\/logosol300x200.png\" \/>\n\t<meta property=\"og:image:width\" content=\"300\" \/>\n\t<meta property=\"og:image:height\" content=\"200\" \/>\n\t<meta property=\"og:image:type\" content=\"image\/png\" \/>\n<meta name=\"author\" content=\"Arnaldo Botto\" \/>\n<meta name=\"twitter:card\" content=\"summary_large_image\" \/>\n<script type=\"application\/ld+json\" class=\"yoast-schema-graph\">{\"@context\":\"https:\/\/schema.org\",\"@graph\":[{\"@type\":\"WebPage\",\"@id\":\"https:\/\/www.noticiasradioreflejos.com.ar\/2021\/dia-internacional-de-la-mujer-2021\/\",\"url\":\"https:\/\/www.noticiasradioreflejos.com.ar\/2021\/dia-internacional-de-la-mujer-2021\/\",\"name\":\"D\u00eda Internacional de la Mujer 2021 - Noticias Radio Reflejos\",\"isPartOf\":{\"@id\":\"https:\/\/www.noticiasradioreflejos.com.ar\/2021\/#website\"},\"datePublished\":\"2021-03-08T10:48:41+00:00\",\"author\":{\"@id\":\"https:\/\/www.noticiasradioreflejos.com.ar\/2021\/#\/schema\/person\/ad82545263dcc5ec0996818884fd5fb1\"},\"breadcrumb\":{\"@id\":\"https:\/\/www.noticiasradioreflejos.com.ar\/2021\/dia-internacional-de-la-mujer-2021\/#breadcrumb\"},\"inLanguage\":\"es\",\"potentialAction\":[{\"@type\":\"ReadAction\",\"target\":[\"https:\/\/www.noticiasradioreflejos.com.ar\/2021\/dia-internacional-de-la-mujer-2021\/\"]}]},{\"@type\":\"BreadcrumbList\",\"@id\":\"https:\/\/www.noticiasradioreflejos.com.ar\/2021\/dia-internacional-de-la-mujer-2021\/#breadcrumb\",\"itemListElement\":[{\"@type\":\"ListItem\",\"position\":1,\"name\":\"Portada\",\"item\":\"https:\/\/www.noticiasradioreflejos.com.ar\/2021\/\"},{\"@type\":\"ListItem\",\"position\":2,\"name\":\"D\u00eda Internacional de la Mujer 2021\"}]},{\"@type\":\"WebSite\",\"@id\":\"https:\/\/www.noticiasradioreflejos.com.ar\/2021\/#website\",\"url\":\"https:\/\/www.noticiasradioreflejos.com.ar\/2021\/\",\"name\":\"Noticias Radio Reflejos\",\"description\":\"Las noticias de mi comarca\",\"potentialAction\":[{\"@type\":\"SearchAction\",\"target\":{\"@type\":\"EntryPoint\",\"urlTemplate\":\"https:\/\/www.noticiasradioreflejos.com.ar\/2021\/?s={search_term_string}\"},\"query-input\":{\"@type\":\"PropertyValueSpecification\",\"valueRequired\":true,\"valueName\":\"search_term_string\"}}],\"inLanguage\":\"es\"},{\"@type\":\"Person\",\"@id\":\"https:\/\/www.noticiasradioreflejos.com.ar\/2021\/#\/schema\/person\/ad82545263dcc5ec0996818884fd5fb1\",\"name\":\"Arnaldo Botto\",\"image\":{\"@type\":\"ImageObject\",\"inLanguage\":\"es\",\"@id\":\"https:\/\/www.noticiasradioreflejos.com.ar\/2021\/#\/schema\/person\/image\/\",\"url\":\"https:\/\/secure.gravatar.com\/avatar\/55cb5e37c1efa326397366e6974cb338056df65cb50e7d64d1cf314e87504837?s=96&d=mm&r=g\",\"contentUrl\":\"https:\/\/secure.gravatar.com\/avatar\/55cb5e37c1efa326397366e6974cb338056df65cb50e7d64d1cf314e87504837?s=96&d=mm&r=g\",\"caption\":\"Arnaldo Botto\"},\"url\":\"https:\/\/www.noticiasradioreflejos.com.ar\/2021\/author\/arnaldo\/\"}]}<\/script>\n<!-- \/ Yoast SEO plugin. -->","yoast_head_json":{"title":"D\u00eda Internacional de la Mujer 2021 - Noticias Radio Reflejos","robots":{"index":"index","follow":"follow","max-snippet":"max-snippet:-1","max-image-preview":"max-image-preview:large","max-video-preview":"max-video-preview:-1"},"canonical":"https:\/\/www.noticiasradioreflejos.com.ar\/2021\/dia-internacional-de-la-mujer-2021\/","og_locale":"es_ES","og_type":"article","og_title":"D\u00eda Internacional de la Mujer 2021 - Noticias Radio Reflejos","og_description":"Las mujeres del mundo desean y merecen un futuro igualitario sin estigma, estereotipos ni violencia; un futuro que sea sostenible, pac\u00edfico, con igualdad de derechos y oportunidades para todas las personas. A fin de lograr este objetivo, el mundo necesita mujeres en todas las mesas en las que se tomen decisiones.","og_url":"https:\/\/www.noticiasradioreflejos.com.ar\/2021\/dia-internacional-de-la-mujer-2021\/","og_site_name":"Noticias Radio Reflejos","article_published_time":"2021-03-08T10:48:41+00:00","og_image":[{"width":300,"height":200,"url":"https:\/\/www.noticiasradioreflejos.com.ar\/2021\/wp-content\/uploads\/2021\/07\/logosol300x200.png","type":"image\/png"}],"author":"Arnaldo Botto","twitter_card":"summary_large_image","schema":{"@context":"https:\/\/schema.org","@graph":[{"@type":"WebPage","@id":"https:\/\/www.noticiasradioreflejos.com.ar\/2021\/dia-internacional-de-la-mujer-2021\/","url":"https:\/\/www.noticiasradioreflejos.com.ar\/2021\/dia-internacional-de-la-mujer-2021\/","name":"D\u00eda Internacional de la Mujer 2021 - Noticias Radio Reflejos","isPartOf":{"@id":"https:\/\/www.noticiasradioreflejos.com.ar\/2021\/#website"},"datePublished":"2021-03-08T10:48:41+00:00","author":{"@id":"https:\/\/www.noticiasradioreflejos.com.ar\/2021\/#\/schema\/person\/ad82545263dcc5ec0996818884fd5fb1"},"breadcrumb":{"@id":"https:\/\/www.noticiasradioreflejos.com.ar\/2021\/dia-internacional-de-la-mujer-2021\/#breadcrumb"},"inLanguage":"es","potentialAction":[{"@type":"ReadAction","target":["https:\/\/www.noticiasradioreflejos.com.ar\/2021\/dia-internacional-de-la-mujer-2021\/"]}]},{"@type":"BreadcrumbList","@id":"https:\/\/www.noticiasradioreflejos.com.ar\/2021\/dia-internacional-de-la-mujer-2021\/#breadcrumb","itemListElement":[{"@type":"ListItem","position":1,"name":"Portada","item":"https:\/\/www.noticiasradioreflejos.com.ar\/2021\/"},{"@type":"ListItem","position":2,"name":"D\u00eda Internacional de la Mujer 2021"}]},{"@type":"WebSite","@id":"https:\/\/www.noticiasradioreflejos.com.ar\/2021\/#website","url":"https:\/\/www.noticiasradioreflejos.com.ar\/2021\/","name":"Noticias Radio Reflejos","description":"Las noticias de mi comarca","potentialAction":[{"@type":"SearchAction","target":{"@type":"EntryPoint","urlTemplate":"https:\/\/www.noticiasradioreflejos.com.ar\/2021\/?s={search_term_string}"},"query-input":{"@type":"PropertyValueSpecification","valueRequired":true,"valueName":"search_term_string"}}],"inLanguage":"es"},{"@type":"Person","@id":"https:\/\/www.noticiasradioreflejos.com.ar\/2021\/#\/schema\/person\/ad82545263dcc5ec0996818884fd5fb1","name":"Arnaldo Botto","image":{"@type":"ImageObject","inLanguage":"es","@id":"https:\/\/www.noticiasradioreflejos.com.ar\/2021\/#\/schema\/person\/image\/","url":"https:\/\/secure.gravatar.com\/avatar\/55cb5e37c1efa326397366e6974cb338056df65cb50e7d64d1cf314e87504837?s=96&d=mm&r=g","contentUrl":"https:\/\/secure.gravatar.com\/avatar\/55cb5e37c1efa326397366e6974cb338056df65cb50e7d64d1cf314e87504837?s=96&d=mm&r=g","caption":"Arnaldo Botto"},"url":"https:\/\/www.noticiasradioreflejos.com.ar\/2021\/author\/arnaldo\/"}]}},"_links":{"self":[{"href":"https:\/\/www.noticiasradioreflejos.com.ar\/2021\/wp-json\/wp\/v2\/posts\/53491","targetHints":{"allow":["GET"]}}],"collection":[{"href":"https:\/\/www.noticiasradioreflejos.com.ar\/2021\/wp-json\/wp\/v2\/posts"}],"about":[{"href":"https:\/\/www.noticiasradioreflejos.com.ar\/2021\/wp-json\/wp\/v2\/types\/post"}],"author":[{"embeddable":true,"href":"https:\/\/www.noticiasradioreflejos.com.ar\/2021\/wp-json\/wp\/v2\/users\/3"}],"replies":[{"embeddable":true,"href":"https:\/\/www.noticiasradioreflejos.com.ar\/2021\/wp-json\/wp\/v2\/comments?post=53491"}],"version-history":[{"count":0,"href":"https:\/\/www.noticiasradioreflejos.com.ar\/2021\/wp-json\/wp\/v2\/posts\/53491\/revisions"}],"wp:attachment":[{"href":"https:\/\/www.noticiasradioreflejos.com.ar\/2021\/wp-json\/wp\/v2\/media?parent=53491"}],"wp:term":[{"taxonomy":"category","embeddable":true,"href":"https:\/\/www.noticiasradioreflejos.com.ar\/2021\/wp-json\/wp\/v2\/categories?post=53491"},{"taxonomy":"post_tag","embeddable":true,"href":"https:\/\/www.noticiasradioreflejos.com.ar\/2021\/wp-json\/wp\/v2\/tags?post=53491"}],"curies":[{"name":"wp","href":"https:\/\/api.w.org\/{rel}","templated":true}]}}