{"id":53485,"date":"2021-03-08T07:28:12","date_gmt":"2021-03-08T10:28:12","guid":{"rendered":"http:\/\/www.noticiasradioreflejos.com.ar\/noticias\/?p=53485"},"modified":"2021-03-08T07:28:12","modified_gmt":"2021-03-08T10:28:12","slug":"otras-cuatro-provincias-iniciaran-las-clases","status":"publish","type":"post","link":"https:\/\/www.noticiasradioreflejos.com.ar\/2021\/otras-cuatro-provincias-iniciaran-las-clases\/","title":{"rendered":"Otras cuatro provincias iniciar\u00e1n las clases"},"content":{"rendered":"<p>Este lunes comenzar\u00e1n las clases en La Rioja, Catamarca y La Pampa, mientras que Misiones lo har\u00e1 el martes.<!--more--><\/p>\n<p><strong>El ministro de Educaci\u00f3n, Nicol\u00e1s Trotta, inaugurar\u00e1 el lunes los ciclos lectivos de La Rioja y Catamarca con actos en escuelas de esos distritos, mientras La Pampa tambi\u00e9n iniciar\u00e1 las clases este lunes y Misiones, lo har\u00e1 el martes 9.<\/strong><\/p>\n<p>\u00abEl lunes inauguraremos los ciclos lectivos de las provincias de Catamarca y La Rioja. Por la ma\u00f1ana, en Antofagasta de la Sierra junto al gobernador Ra\u00fal Jalil y por la tarde en Sa\u00f1ogasta con el gobernador Ricardo Quintela\u00bb, escribi\u00f3 Trotta en su cuenta de Twitter.<\/p>\n<p><strong>En La Rioja s\u00f3lo volver\u00e1n a las clases presenciales las escuelas rurales y periurbanas y el 15 de marzo se ir\u00e1n incorporando las dem\u00e1s escuelas, principalmente de las zonas c\u00e9ntricas.<\/strong><\/p>\n<p>El ministro de Educaci\u00f3n riojano, Nicol\u00e1s Mart\u00ednez, destac\u00f3 que en la provincia \u00abtendremos un retorno cuidado, con una fuerte estrategia de prevenci\u00f3n y promoci\u00f3n de la salud\u00bb.<\/p>\n<p>As\u00ed desde este lunes comenzar\u00e1n sus clases las salas de 5 a\u00f1os de jardines de infantes, 1\u00b0 y 7\u00b0 grado de primaria y 1\u00b0 y 5\u00b0 a\u00f1o en la secundaria y 6\u00ba a\u00f1o de escuelas t\u00e9cnicas, y todos los dem\u00e1s grados tendr\u00e1n clases virtuales.<\/p>\n<p>El regreso a las aulas no ser\u00e1 de cursos completos, sino que habr\u00e1 burbujas de 10 o 15 alumnos, aunque esa cantidad lo decidir\u00e1 cada escuela teniendo en cuenta el edificio, el tama\u00f1o de las aulas y la realidad de la estructura de la instituci\u00f3n.<\/p>\n<p>La jornada escolar presencial se dispuso que ser\u00e1 de 4 horas y con recreos que tambi\u00e9n se har\u00e1n en burbujas.<\/p>\n<div class=\"js-code\">\n<div class=\"twitter-tweet twitter-tweet-rendered\"><iframe loading=\"lazy\" id=\"twitter-widget-0\" class=\"\" title=\"Twitter Tweet\" src=\"https:\/\/platform.twitter.com\/embed\/Tweet.html?creatorScreenName=agenciatelam&amp;dnt=false&amp;embedId=twitter-widget-0&amp;frame=false&amp;hideCard=false&amp;hideThread=false&amp;id=1368645957768933379&amp;lang=en&amp;origin=https%3A%2F%2Fwww.telam.com.ar%2Fnotas%2F202103%2F546680-otras-cuatro-provincias-iniciaran-las-clases-en-el-noa.html&amp;siteScreenName=agenciatelam&amp;theme=light&amp;widgetsVersion=e1ffbdb%3A1614796141937&amp;width=550px\" width=\"300\" height=\"150\" frameborder=\"0\" scrolling=\"no\" allowfullscreen=\"allowfullscreen\" data-tweet-id=\"1368645957768933379\"><\/iframe><\/div>\n<\/div>\n<p>En La Pampa tambi\u00e9n este lunes comenzar\u00e1 el ciclo lectivo bajo la modalidad dual, virtual y presencial, con las condiciones protocolares que definir\u00e1 cada instituci\u00f3n escolar, en contexto de pandemia, y entre otros aspectos, el cupo de alumnos que asistir\u00e1 a cada una de las clases.<\/p>\n<p>El gobernador pampeano, Sergio Ziliotto, se\u00f1al\u00f3 desde las redes sociales que \u00ablas y los alumnos vuelven a las aulas, pero no todos juntos. Presencialidad y virtualidad se complementar\u00e1n para estudiar de modo seguro. Sigamos sumando responsabilidad y compromiso social\u00bb.<\/p>\n<p><strong>El Ministerio de Educaci\u00f3n de La Pampa inform\u00f3 que con los gremios docentes aprobaron un protocolo para que se establezcan cuidados y protecci\u00f3n a todo el personal dedicado a la tareas de higiene y desinfecci\u00f3n de instalaciones y elementos, y a quienes tengan a cargo la elaboraci\u00f3n del almuerzo y la colaci\u00f3n saludable para los y las alumnas.<\/strong><\/p>\n<p>Lilia L\u00f3pez, secretaria General de la Uni\u00f3n de Trabajadores de la Educaci\u00f3n de La Pampa (UTELPA), dijo a T\u00e9lam que \u00abes verdad que comenzamos las clases sin que todos estemos vacunados como esper\u00e1bamos, pero la realidad es que la mejor vacuna es el protocolo, el que hemos acordado para cuidarnos entre todos como la higiene, el distanciamiento, las burbujas de alumnos y los espacios en los recreos. Si respetamos el protocolo acordado, todos vamos a cuidarnos\u00bb.<\/p>\n<p><strong>En Catamarca, la Direcci\u00f3n de Inspecci\u00f3n Laboral dispuso la Conciliaci\u00f3n Obligatoria entre el Ministerio de Educaci\u00f3n y la Intersindical docente ante la falta de acuerdo en la discusi\u00f3n paritaria 2021 para garantizar el inicio de clases.<\/strong><\/p>\n<p>Los gremios rechazaban la oferta de aumento salarial del 34,6% en tres partes.<\/p>\n<p>Entre tanto, el gobierno inici\u00f3 el viernes la vacunaci\u00f3n contra coronavirus 19 a personal docente de la provincia en el Nodo del Predio Ferial y, seg\u00fan el gobernador Jalil, se comenz\u00f3 con los de primaria de 1er., 2do. y 3er. grado.<\/p>\n<p><strong>Misiones, por su parte, pondr\u00e1 en marcha su calendario escolar con la presentaci\u00f3n del personal docente y administrativo en las escuelas, de cara al inicio de las clases previsto para el martes 9 de marzo.<\/strong><\/p>\n<p>\u00abMa\u00f1ana es un d\u00eda muy importante para nosotros\u00bb, destac\u00f3 el jefe del Consejo General de Educaci\u00f3n (CGE), Juan Alberto Galarza. y resalt\u00f3 que las clases comenzar\u00e1n con barbijo, ventilaci\u00f3n y distanciamiento social obligatorios con presencialidad de alumnos, no presencialidad y sistemas que combinen ambas.<\/p>\n<p>El primero de marzo comenzaron en 13 provincias las clases con modalidades mixtas, presenciales y virtuales en la provincia de Buenos Aires, C\u00f3rdoba, Chubut, San Luis, Corrientes, Santa Cruz, Salta, Tierra del Fuego, Mendoza, Chaco, Tucum\u00e1n, San Juan y Entre R\u00edos.<\/p>\n<p>Formosa comenz\u00f3 las clases presenciales el 2 de marzo, en tanto que R\u00edo Negro y Neuqu\u00e9n lo hicieron el 3.<\/p>\n<p><strong>El 15 de marzo se incorporar\u00e1n Santa Fe y Santiago del Estero.<\/strong><\/div>\n<\/div>\n<\/div>\n<\/div>\n<\/div>\n","protected":false},"excerpt":{"rendered":"<p>Este lunes comenzar\u00e1n las clases en La Rioja, Catamarca y La Pampa, mientras que Misiones lo har\u00e1 el martes.<\/p>\n","protected":false},"author":3,"featured_media":0,"comment_status":"closed","ping_status":"open","sticky":false,"template":"","format":"standard","meta":{"footnotes":""},"categories":[34],"tags":[],"class_list":["post-53485","post","type-post","status-publish","format-standard","hentry","category-educacion"],"yoast_head":"<!-- This site is optimized with the Yoast SEO plugin v25.9 - https:\/\/yoast.com\/wordpress\/plugins\/seo\/ -->\n<title>Otras cuatro provincias iniciar\u00e1n las clases - Noticias Radio Reflejos<\/title>\n<meta name=\"robots\" content=\"index, follow, max-snippet:-1, max-image-preview:large, max-video-preview:-1\" \/>\n<link rel=\"canonical\" href=\"https:\/\/www.noticiasradioreflejos.com.ar\/2021\/otras-cuatro-provincias-iniciaran-las-clases\/\" \/>\n<meta property=\"og:locale\" content=\"es_ES\" \/>\n<meta property=\"og:type\" content=\"article\" \/>\n<meta property=\"og:title\" content=\"Otras cuatro provincias iniciar\u00e1n las clases - Noticias Radio Reflejos\" \/>\n<meta property=\"og:description\" content=\"Este lunes comenzar\u00e1n las clases en La Rioja, Catamarca y La Pampa, mientras que Misiones lo har\u00e1 el martes.\" \/>\n<meta property=\"og:url\" content=\"https:\/\/www.noticiasradioreflejos.com.ar\/2021\/otras-cuatro-provincias-iniciaran-las-clases\/\" \/>\n<meta property=\"og:site_name\" content=\"Noticias Radio Reflejos\" \/>\n<meta property=\"article:published_time\" content=\"2021-03-08T10:28:12+00:00\" \/>\n<meta property=\"og:image\" content=\"https:\/\/www.noticiasradioreflejos.com.ar\/2021\/wp-content\/uploads\/2021\/07\/logosol300x200.png\" \/>\n\t<meta property=\"og:image:width\" content=\"300\" \/>\n\t<meta property=\"og:image:height\" content=\"200\" \/>\n\t<meta property=\"og:image:type\" content=\"image\/png\" \/>\n<meta name=\"author\" content=\"Arnaldo Botto\" \/>\n<meta name=\"twitter:card\" content=\"summary_large_image\" \/>\n<script type=\"application\/ld+json\" class=\"yoast-schema-graph\">{\"@context\":\"https:\/\/schema.org\",\"@graph\":[{\"@type\":\"WebPage\",\"@id\":\"https:\/\/www.noticiasradioreflejos.com.ar\/2021\/otras-cuatro-provincias-iniciaran-las-clases\/\",\"url\":\"https:\/\/www.noticiasradioreflejos.com.ar\/2021\/otras-cuatro-provincias-iniciaran-las-clases\/\",\"name\":\"Otras cuatro provincias iniciar\u00e1n las clases - Noticias Radio Reflejos\",\"isPartOf\":{\"@id\":\"https:\/\/www.noticiasradioreflejos.com.ar\/2021\/#website\"},\"datePublished\":\"2021-03-08T10:28:12+00:00\",\"author\":{\"@id\":\"https:\/\/www.noticiasradioreflejos.com.ar\/2021\/#\/schema\/person\/ad82545263dcc5ec0996818884fd5fb1\"},\"breadcrumb\":{\"@id\":\"https:\/\/www.noticiasradioreflejos.com.ar\/2021\/otras-cuatro-provincias-iniciaran-las-clases\/#breadcrumb\"},\"inLanguage\":\"es\",\"potentialAction\":[{\"@type\":\"ReadAction\",\"target\":[\"https:\/\/www.noticiasradioreflejos.com.ar\/2021\/otras-cuatro-provincias-iniciaran-las-clases\/\"]}]},{\"@type\":\"BreadcrumbList\",\"@id\":\"https:\/\/www.noticiasradioreflejos.com.ar\/2021\/otras-cuatro-provincias-iniciaran-las-clases\/#breadcrumb\",\"itemListElement\":[{\"@type\":\"ListItem\",\"position\":1,\"name\":\"Portada\",\"item\":\"https:\/\/www.noticiasradioreflejos.com.ar\/2021\/\"},{\"@type\":\"ListItem\",\"position\":2,\"name\":\"Otras cuatro provincias iniciar\u00e1n las clases\"}]},{\"@type\":\"WebSite\",\"@id\":\"https:\/\/www.noticiasradioreflejos.com.ar\/2021\/#website\",\"url\":\"https:\/\/www.noticiasradioreflejos.com.ar\/2021\/\",\"name\":\"Noticias Radio Reflejos\",\"description\":\"Las noticias de mi comarca\",\"potentialAction\":[{\"@type\":\"SearchAction\",\"target\":{\"@type\":\"EntryPoint\",\"urlTemplate\":\"https:\/\/www.noticiasradioreflejos.com.ar\/2021\/?s={search_term_string}\"},\"query-input\":{\"@type\":\"PropertyValueSpecification\",\"valueRequired\":true,\"valueName\":\"search_term_string\"}}],\"inLanguage\":\"es\"},{\"@type\":\"Person\",\"@id\":\"https:\/\/www.noticiasradioreflejos.com.ar\/2021\/#\/schema\/person\/ad82545263dcc5ec0996818884fd5fb1\",\"name\":\"Arnaldo Botto\",\"image\":{\"@type\":\"ImageObject\",\"inLanguage\":\"es\",\"@id\":\"https:\/\/www.noticiasradioreflejos.com.ar\/2021\/#\/schema\/person\/image\/\",\"url\":\"https:\/\/secure.gravatar.com\/avatar\/55cb5e37c1efa326397366e6974cb338056df65cb50e7d64d1cf314e87504837?s=96&d=mm&r=g\",\"contentUrl\":\"https:\/\/secure.gravatar.com\/avatar\/55cb5e37c1efa326397366e6974cb338056df65cb50e7d64d1cf314e87504837?s=96&d=mm&r=g\",\"caption\":\"Arnaldo Botto\"},\"url\":\"https:\/\/www.noticiasradioreflejos.com.ar\/2021\/author\/arnaldo\/\"}]}<\/script>\n<!-- \/ Yoast SEO plugin. -->","yoast_head_json":{"title":"Otras cuatro provincias iniciar\u00e1n las clases - Noticias Radio Reflejos","robots":{"index":"index","follow":"follow","max-snippet":"max-snippet:-1","max-image-preview":"max-image-preview:large","max-video-preview":"max-video-preview:-1"},"canonical":"https:\/\/www.noticiasradioreflejos.com.ar\/2021\/otras-cuatro-provincias-iniciaran-las-clases\/","og_locale":"es_ES","og_type":"article","og_title":"Otras cuatro provincias iniciar\u00e1n las clases - Noticias Radio Reflejos","og_description":"Este lunes comenzar\u00e1n las clases en La Rioja, Catamarca y La Pampa, mientras que Misiones lo har\u00e1 el martes.","og_url":"https:\/\/www.noticiasradioreflejos.com.ar\/2021\/otras-cuatro-provincias-iniciaran-las-clases\/","og_site_name":"Noticias Radio Reflejos","article_published_time":"2021-03-08T10:28:12+00:00","og_image":[{"width":300,"height":200,"url":"https:\/\/www.noticiasradioreflejos.com.ar\/2021\/wp-content\/uploads\/2021\/07\/logosol300x200.png","type":"image\/png"}],"author":"Arnaldo Botto","twitter_card":"summary_large_image","schema":{"@context":"https:\/\/schema.org","@graph":[{"@type":"WebPage","@id":"https:\/\/www.noticiasradioreflejos.com.ar\/2021\/otras-cuatro-provincias-iniciaran-las-clases\/","url":"https:\/\/www.noticiasradioreflejos.com.ar\/2021\/otras-cuatro-provincias-iniciaran-las-clases\/","name":"Otras cuatro provincias iniciar\u00e1n las clases - Noticias Radio Reflejos","isPartOf":{"@id":"https:\/\/www.noticiasradioreflejos.com.ar\/2021\/#website"},"datePublished":"2021-03-08T10:28:12+00:00","author":{"@id":"https:\/\/www.noticiasradioreflejos.com.ar\/2021\/#\/schema\/person\/ad82545263dcc5ec0996818884fd5fb1"},"breadcrumb":{"@id":"https:\/\/www.noticiasradioreflejos.com.ar\/2021\/otras-cuatro-provincias-iniciaran-las-clases\/#breadcrumb"},"inLanguage":"es","potentialAction":[{"@type":"ReadAction","target":["https:\/\/www.noticiasradioreflejos.com.ar\/2021\/otras-cuatro-provincias-iniciaran-las-clases\/"]}]},{"@type":"BreadcrumbList","@id":"https:\/\/www.noticiasradioreflejos.com.ar\/2021\/otras-cuatro-provincias-iniciaran-las-clases\/#breadcrumb","itemListElement":[{"@type":"ListItem","position":1,"name":"Portada","item":"https:\/\/www.noticiasradioreflejos.com.ar\/2021\/"},{"@type":"ListItem","position":2,"name":"Otras cuatro provincias iniciar\u00e1n las clases"}]},{"@type":"WebSite","@id":"https:\/\/www.noticiasradioreflejos.com.ar\/2021\/#website","url":"https:\/\/www.noticiasradioreflejos.com.ar\/2021\/","name":"Noticias Radio Reflejos","description":"Las noticias de mi comarca","potentialAction":[{"@type":"SearchAction","target":{"@type":"EntryPoint","urlTemplate":"https:\/\/www.noticiasradioreflejos.com.ar\/2021\/?s={search_term_string}"},"query-input":{"@type":"PropertyValueSpecification","valueRequired":true,"valueName":"search_term_string"}}],"inLanguage":"es"},{"@type":"Person","@id":"https:\/\/www.noticiasradioreflejos.com.ar\/2021\/#\/schema\/person\/ad82545263dcc5ec0996818884fd5fb1","name":"Arnaldo Botto","image":{"@type":"ImageObject","inLanguage":"es","@id":"https:\/\/www.noticiasradioreflejos.com.ar\/2021\/#\/schema\/person\/image\/","url":"https:\/\/secure.gravatar.com\/avatar\/55cb5e37c1efa326397366e6974cb338056df65cb50e7d64d1cf314e87504837?s=96&d=mm&r=g","contentUrl":"https:\/\/secure.gravatar.com\/avatar\/55cb5e37c1efa326397366e6974cb338056df65cb50e7d64d1cf314e87504837?s=96&d=mm&r=g","caption":"Arnaldo Botto"},"url":"https:\/\/www.noticiasradioreflejos.com.ar\/2021\/author\/arnaldo\/"}]}},"_links":{"self":[{"href":"https:\/\/www.noticiasradioreflejos.com.ar\/2021\/wp-json\/wp\/v2\/posts\/53485","targetHints":{"allow":["GET"]}}],"collection":[{"href":"https:\/\/www.noticiasradioreflejos.com.ar\/2021\/wp-json\/wp\/v2\/posts"}],"about":[{"href":"https:\/\/www.noticiasradioreflejos.com.ar\/2021\/wp-json\/wp\/v2\/types\/post"}],"author":[{"embeddable":true,"href":"https:\/\/www.noticiasradioreflejos.com.ar\/2021\/wp-json\/wp\/v2\/users\/3"}],"replies":[{"embeddable":true,"href":"https:\/\/www.noticiasradioreflejos.com.ar\/2021\/wp-json\/wp\/v2\/comments?post=53485"}],"version-history":[{"count":0,"href":"https:\/\/www.noticiasradioreflejos.com.ar\/2021\/wp-json\/wp\/v2\/posts\/53485\/revisions"}],"wp:attachment":[{"href":"https:\/\/www.noticiasradioreflejos.com.ar\/2021\/wp-json\/wp\/v2\/media?parent=53485"}],"wp:term":[{"taxonomy":"category","embeddable":true,"href":"https:\/\/www.noticiasradioreflejos.com.ar\/2021\/wp-json\/wp\/v2\/categories?post=53485"},{"taxonomy":"post_tag","embeddable":true,"href":"https:\/\/www.noticiasradioreflejos.com.ar\/2021\/wp-json\/wp\/v2\/tags?post=53485"}],"curies":[{"name":"wp","href":"https:\/\/api.w.org\/{rel}","templated":true}]}}