{"id":53477,"date":"2021-03-08T07:16:49","date_gmt":"2021-03-08T10:16:49","guid":{"rendered":"http:\/\/www.noticiasradioreflejos.com.ar\/noticias\/?p=53477"},"modified":"2021-03-08T07:16:49","modified_gmt":"2021-03-08T10:16:49","slug":"tornquist-car-show-fue-un-exito-total-con-mas-de-mil-personas-en-la-ciudad","status":"publish","type":"post","link":"https:\/\/www.noticiasradioreflejos.com.ar\/2021\/tornquist-car-show-fue-un-exito-total-con-mas-de-mil-personas-en-la-ciudad\/","title":{"rendered":"Tornquist Car Show fue un \u00e9xito total con m\u00e1s de mil personas en la ciudad"},"content":{"rendered":"<p>Tomaron parte 200 veh\u00edculos y durante toda la jornada la gente disfrut\u00f3 de su pasi\u00f3n fierrera. M\u00e1quinas de todo tipo y para todos los gustos. Con mucho sonido y la presentaci\u00f3n de Grupo Universitario.<\/p>\n<p><!--more--><\/p>\n<div class=\"text\">\n<p>La lluvia en el comienzo del d\u00eda hizo dudar del evento aunque solo fueron siete mil\u00edmetros pero se hicieron escuchar los truenos acompa\u00f1ado de una tormenta que descargo agua y sirvi\u00f3 para regar el predio desde muy temprano.<\/p>\n<p>El Trabajo realizado por los integrantes de la Marengo Fest en el Tornquist Car Show, deriv\u00f3 en un \u00e9xito sin lugar a dudas con m\u00e1s de mil personas y 200 veh\u00edculos que le dieron vida a esta primera edici\u00f3n que convoc\u00f3 a gran parte de la regi\u00f3n.<\/p>\n<p>Autos multimarcas, muy bien cuidados, Audio Car, de competici\u00f3n y colecci\u00f3n se pudieron observar en el recorrido del Parque lineal que estuvo colmado en un d\u00eda de mucho calor.<\/p>\n<p>No qued\u00f3 nada en la cantina y comercios de Tornquist en distintos rubros trabajaron muy bien. Durante la tarde continuaron los desfiles y se escucharon fuertes rugidos de motores.<\/p>\n<p>Juli\u00e1n el paisano Heim mostr\u00f3 una m\u00e1quina para picadas de otro planeta, Nicol\u00e1s Kloster su ford del TC del Sudoeste y Juanchi Torres hizo saltar a la platea cuando piso el acelerador de su corsa protagonista d\u00edas pasados en el Turismo Nacional de Bah\u00eda Blanca.<\/p>\n<p>Muchos destacaron la organizaci\u00f3n y varias personas en las redes sociales reclamaron que en muchos casos no se usaba el barbijo, aclarando los integrantes de la comisi\u00f3n que la responsabilidad es individual y est\u00e1 en cada uno de nosotros. En el ingreso se les colocaba alcohol en gel a modo de protocolo.<\/p>\n<p>A media tarde la tormenta que complic\u00f3 a lugares de la comarca y la regi\u00f3n solo pas\u00f3 una regada de agua y eso dio paso a la presentaci\u00f3n de Grupo Universitario que con sus covers muy bien logrados hicieron del p\u00fablico un deleite especial.<\/p>\n<p>Los 10 mil pesos del bono tuvo como ganador a Marcos Toy de Tornquist.<\/p>\n<p>Fue una verdadera fiesta que dej\u00f3 bien sentada la pasi\u00f3n fierrera que hay en el pa\u00eds y el objetivo cumplido para que en el mes de Diciembre los ni\u00f1os de la ciudad tengan su juguete junto a Papa Noel.<\/p>\n<p><strong><a href=\"https:\/\/www.facebook.com\/noticastornquist\/posts\/5126021410803068\">FOTOS INGRESO<\/a><\/strong><\/p>\n<p><strong><a href=\"https:\/\/www.facebook.com\/noticastornquist\/posts\/5126294460775763\">FOTOS PARTICIPANTES<\/a><\/strong><\/p>\n<p><strong><a href=\"https:\/\/www.facebook.com\/noticastornquist\/posts\/5127656540639555\">MAS FOTOS DE LA TARDE<\/a><\/strong><\/p>\n<p><strong><iframe loading=\"lazy\" src=\"https:\/\/www.youtube.com\/embed\/zRequlCpWGc\" width=\"560\" height=\"314\" allowfullscreen=\"allowfullscreen\"><\/iframe><\/strong><\/p>\n<p><strong><iframe loading=\"lazy\" src=\"https:\/\/www.youtube.com\/embed\/tnPxNGumTE8\" width=\"560\" height=\"314\" allowfullscreen=\"allowfullscreen\"><\/iframe><\/strong><\/p>\n<p><strong><iframe loading=\"lazy\" src=\"https:\/\/www.youtube.com\/embed\/_-E7lfcZV8k\" width=\"560\" height=\"314\" allowfullscreen=\"allowfullscreen\"><\/iframe><\/strong><\/p>\n<p><strong><iframe loading=\"lazy\" src=\"https:\/\/www.youtube.com\/embed\/6k8oCfXaU6U\" width=\"560\" height=\"314\" allowfullscreen=\"allowfullscreen\"><\/iframe><\/strong><\/p>\n<p><strong><iframe loading=\"lazy\" src=\"https:\/\/www.youtube.com\/embed\/aqKwQPA0uI8\" width=\"560\" height=\"314\" allowfullscreen=\"allowfullscreen\"><\/iframe><\/strong><\/p>\n<p><strong><iframe loading=\"lazy\" src=\"https:\/\/www.youtube.com\/embed\/ewa6sH4tZ2c\" width=\"560\" height=\"314\" allowfullscreen=\"allowfullscreen\"><\/iframe><\/strong><\/p>\n<p><strong><iframe loading=\"lazy\" src=\"https:\/\/www.youtube.com\/embed\/oBwZk4Hc9C8\" width=\"560\" height=\"314\" allowfullscreen=\"allowfullscreen\"><\/iframe><\/strong><\/p>\n<p><strong><iframe loading=\"lazy\" src=\"https:\/\/www.youtube.com\/embed\/JtykDBuR514\" width=\"560\" height=\"314\" allowfullscreen=\"allowfullscreen\"><\/iframe><\/strong><\/p>\n<p><strong><iframe loading=\"lazy\" src=\"https:\/\/www.youtube.com\/embed\/XKAgMnz-4bs\" width=\"560\" height=\"314\" allowfullscreen=\"allowfullscreen\"><\/iframe><\/strong><\/p>\n<p><strong><iframe loading=\"lazy\" src=\"https:\/\/www.youtube.com\/embed\/H-tObNqaHeQ\" width=\"560\" height=\"314\" allowfullscreen=\"allowfullscreen\"><\/iframe><\/strong><\/p>\n<p>&nbsp;<\/p>\n<\/div>\n<div>\n<p><img decoding=\"async\" src=\"https:\/\/www.noticiastornquist.com.ar\/imagen.php?imagen=\/0d586b8a344f4da784c9d10afa85c100.jpg\" \/><\/p>\n<div><\/div>\n<hr \/>\n<p><img decoding=\"async\" src=\"https:\/\/www.noticiastornquist.com.ar\/imagen.php?imagen=\/20210307095704.jpg\" \/><\/p>\n<div><\/div>\n<hr \/>\n<p><img decoding=\"async\" src=\"https:\/\/www.noticiastornquist.com.ar\/imagen.php?imagen=\/20210307100724.jpg\" \/><\/p>\n<div><\/div>\n<hr \/>\n<p><img decoding=\"async\" src=\"https:\/\/www.noticiastornquist.com.ar\/imagen.php?imagen=\/20210307100847.jpg\" \/><\/p>\n<div><\/div>\n<hr \/>\n<p><img decoding=\"async\" src=\"https:\/\/www.noticiastornquist.com.ar\/imagen.php?imagen=\/20210307113807.jpg\" \/><\/p>\n<div><\/div>\n<hr \/>\n<p><img decoding=\"async\" src=\"https:\/\/www.noticiastornquist.com.ar\/imagen.php?imagen=\/20210307114045.jpg\" \/><\/p>\n<div><\/div>\n<hr \/>\n<p><img decoding=\"async\" src=\"https:\/\/www.noticiastornquist.com.ar\/imagen.php?imagen=\/20210307115305.jpg\" \/><\/p>\n<div><\/div>\n<hr \/>\n<p><img decoding=\"async\" src=\"https:\/\/www.noticiastornquist.com.ar\/imagen.php?imagen=\/20210307120551.jpg\" \/><\/p>\n<div><\/div>\n<hr \/>\n<p><img decoding=\"async\" src=\"https:\/\/www.noticiastornquist.com.ar\/imagen.php?imagen=\/d27ea59716b44a4bbc372652efbc3bdf.jpg\" \/><\/p>\n<\/div>\n","protected":false},"excerpt":{"rendered":"<p>Tomaron parte 200 veh\u00edculos y durante toda la jornada la gente disfrut\u00f3 de su pasi\u00f3n fierrera. M\u00e1quinas de todo tipo y para todos los gustos. Con mucho sonido y la presentaci\u00f3n de Grupo Universitario.<\/p>\n","protected":false},"author":3,"featured_media":0,"comment_status":"closed","ping_status":"open","sticky":false,"template":"","format":"standard","meta":{"footnotes":""},"categories":[26],"tags":[],"class_list":["post-53477","post","type-post","status-publish","format-standard","hentry","category-sociedad"],"yoast_head":"<!-- This site is optimized with the Yoast SEO plugin v25.9 - https:\/\/yoast.com\/wordpress\/plugins\/seo\/ -->\n<title>Tornquist Car Show fue un \u00e9xito total con m\u00e1s de mil personas en la ciudad - Noticias Radio Reflejos<\/title>\n<meta name=\"robots\" content=\"index, follow, max-snippet:-1, max-image-preview:large, max-video-preview:-1\" \/>\n<link rel=\"canonical\" href=\"https:\/\/www.noticiasradioreflejos.com.ar\/2021\/tornquist-car-show-fue-un-exito-total-con-mas-de-mil-personas-en-la-ciudad\/\" \/>\n<meta property=\"og:locale\" content=\"es_ES\" \/>\n<meta property=\"og:type\" content=\"article\" \/>\n<meta property=\"og:title\" content=\"Tornquist Car Show fue un \u00e9xito total con m\u00e1s de mil personas en la ciudad - Noticias Radio Reflejos\" \/>\n<meta property=\"og:description\" content=\"Tomaron parte 200 veh\u00edculos y durante toda la jornada la gente disfrut\u00f3 de su pasi\u00f3n fierrera. M\u00e1quinas de todo tipo y para todos los gustos. Con mucho sonido y la presentaci\u00f3n de Grupo Universitario.\" \/>\n<meta property=\"og:url\" content=\"https:\/\/www.noticiasradioreflejos.com.ar\/2021\/tornquist-car-show-fue-un-exito-total-con-mas-de-mil-personas-en-la-ciudad\/\" \/>\n<meta property=\"og:site_name\" content=\"Noticias Radio Reflejos\" \/>\n<meta property=\"article:published_time\" content=\"2021-03-08T10:16:49+00:00\" \/>\n<meta property=\"og:image\" content=\"https:\/\/www.noticiastornquist.com.ar\/imagen.php?imagen=\/0d586b8a344f4da784c9d10afa85c100.jpg\" \/>\n<meta name=\"author\" content=\"Arnaldo Botto\" \/>\n<meta name=\"twitter:card\" content=\"summary_large_image\" \/>\n<script type=\"application\/ld+json\" class=\"yoast-schema-graph\">{\"@context\":\"https:\/\/schema.org\",\"@graph\":[{\"@type\":\"WebPage\",\"@id\":\"https:\/\/www.noticiasradioreflejos.com.ar\/2021\/tornquist-car-show-fue-un-exito-total-con-mas-de-mil-personas-en-la-ciudad\/\",\"url\":\"https:\/\/www.noticiasradioreflejos.com.ar\/2021\/tornquist-car-show-fue-un-exito-total-con-mas-de-mil-personas-en-la-ciudad\/\",\"name\":\"Tornquist Car Show fue un \u00e9xito total con m\u00e1s de mil personas en la ciudad - Noticias Radio Reflejos\",\"isPartOf\":{\"@id\":\"https:\/\/www.noticiasradioreflejos.com.ar\/2021\/#website\"},\"primaryImageOfPage\":{\"@id\":\"https:\/\/www.noticiasradioreflejos.com.ar\/2021\/tornquist-car-show-fue-un-exito-total-con-mas-de-mil-personas-en-la-ciudad\/#primaryimage\"},\"image\":{\"@id\":\"https:\/\/www.noticiasradioreflejos.com.ar\/2021\/tornquist-car-show-fue-un-exito-total-con-mas-de-mil-personas-en-la-ciudad\/#primaryimage\"},\"thumbnailUrl\":\"https:\/\/www.noticiastornquist.com.ar\/imagen.php?imagen=\/0d586b8a344f4da784c9d10afa85c100.jpg\",\"datePublished\":\"2021-03-08T10:16:49+00:00\",\"author\":{\"@id\":\"https:\/\/www.noticiasradioreflejos.com.ar\/2021\/#\/schema\/person\/ad82545263dcc5ec0996818884fd5fb1\"},\"breadcrumb\":{\"@id\":\"https:\/\/www.noticiasradioreflejos.com.ar\/2021\/tornquist-car-show-fue-un-exito-total-con-mas-de-mil-personas-en-la-ciudad\/#breadcrumb\"},\"inLanguage\":\"es\",\"potentialAction\":[{\"@type\":\"ReadAction\",\"target\":[\"https:\/\/www.noticiasradioreflejos.com.ar\/2021\/tornquist-car-show-fue-un-exito-total-con-mas-de-mil-personas-en-la-ciudad\/\"]}]},{\"@type\":\"ImageObject\",\"inLanguage\":\"es\",\"@id\":\"https:\/\/www.noticiasradioreflejos.com.ar\/2021\/tornquist-car-show-fue-un-exito-total-con-mas-de-mil-personas-en-la-ciudad\/#primaryimage\",\"url\":\"https:\/\/www.noticiastornquist.com.ar\/imagen.php?imagen=\/0d586b8a344f4da784c9d10afa85c100.jpg\",\"contentUrl\":\"https:\/\/www.noticiastornquist.com.ar\/imagen.php?imagen=\/0d586b8a344f4da784c9d10afa85c100.jpg\"},{\"@type\":\"BreadcrumbList\",\"@id\":\"https:\/\/www.noticiasradioreflejos.com.ar\/2021\/tornquist-car-show-fue-un-exito-total-con-mas-de-mil-personas-en-la-ciudad\/#breadcrumb\",\"itemListElement\":[{\"@type\":\"ListItem\",\"position\":1,\"name\":\"Portada\",\"item\":\"https:\/\/www.noticiasradioreflejos.com.ar\/2021\/\"},{\"@type\":\"ListItem\",\"position\":2,\"name\":\"Tornquist Car Show fue un \u00e9xito total con m\u00e1s de mil personas en la ciudad\"}]},{\"@type\":\"WebSite\",\"@id\":\"https:\/\/www.noticiasradioreflejos.com.ar\/2021\/#website\",\"url\":\"https:\/\/www.noticiasradioreflejos.com.ar\/2021\/\",\"name\":\"Noticias Radio Reflejos\",\"description\":\"Las noticias de mi comarca\",\"potentialAction\":[{\"@type\":\"SearchAction\",\"target\":{\"@type\":\"EntryPoint\",\"urlTemplate\":\"https:\/\/www.noticiasradioreflejos.com.ar\/2021\/?s={search_term_string}\"},\"query-input\":{\"@type\":\"PropertyValueSpecification\",\"valueRequired\":true,\"valueName\":\"search_term_string\"}}],\"inLanguage\":\"es\"},{\"@type\":\"Person\",\"@id\":\"https:\/\/www.noticiasradioreflejos.com.ar\/2021\/#\/schema\/person\/ad82545263dcc5ec0996818884fd5fb1\",\"name\":\"Arnaldo Botto\",\"image\":{\"@type\":\"ImageObject\",\"inLanguage\":\"es\",\"@id\":\"https:\/\/www.noticiasradioreflejos.com.ar\/2021\/#\/schema\/person\/image\/\",\"url\":\"https:\/\/secure.gravatar.com\/avatar\/55cb5e37c1efa326397366e6974cb338056df65cb50e7d64d1cf314e87504837?s=96&d=mm&r=g\",\"contentUrl\":\"https:\/\/secure.gravatar.com\/avatar\/55cb5e37c1efa326397366e6974cb338056df65cb50e7d64d1cf314e87504837?s=96&d=mm&r=g\",\"caption\":\"Arnaldo Botto\"},\"url\":\"https:\/\/www.noticiasradioreflejos.com.ar\/2021\/author\/arnaldo\/\"}]}<\/script>\n<!-- \/ Yoast SEO plugin. -->","yoast_head_json":{"title":"Tornquist Car Show fue un \u00e9xito total con m\u00e1s de mil personas en la ciudad - Noticias Radio Reflejos","robots":{"index":"index","follow":"follow","max-snippet":"max-snippet:-1","max-image-preview":"max-image-preview:large","max-video-preview":"max-video-preview:-1"},"canonical":"https:\/\/www.noticiasradioreflejos.com.ar\/2021\/tornquist-car-show-fue-un-exito-total-con-mas-de-mil-personas-en-la-ciudad\/","og_locale":"es_ES","og_type":"article","og_title":"Tornquist Car Show fue un \u00e9xito total con m\u00e1s de mil personas en la ciudad - Noticias Radio Reflejos","og_description":"Tomaron parte 200 veh\u00edculos y durante toda la jornada la gente disfrut\u00f3 de su pasi\u00f3n fierrera. M\u00e1quinas de todo tipo y para todos los gustos. Con mucho sonido y la presentaci\u00f3n de Grupo Universitario.","og_url":"https:\/\/www.noticiasradioreflejos.com.ar\/2021\/tornquist-car-show-fue-un-exito-total-con-mas-de-mil-personas-en-la-ciudad\/","og_site_name":"Noticias Radio Reflejos","article_published_time":"2021-03-08T10:16:49+00:00","og_image":[{"url":"https:\/\/www.noticiastornquist.com.ar\/imagen.php?imagen=\/0d586b8a344f4da784c9d10afa85c100.jpg","type":"","width":"","height":""}],"author":"Arnaldo Botto","twitter_card":"summary_large_image","schema":{"@context":"https:\/\/schema.org","@graph":[{"@type":"WebPage","@id":"https:\/\/www.noticiasradioreflejos.com.ar\/2021\/tornquist-car-show-fue-un-exito-total-con-mas-de-mil-personas-en-la-ciudad\/","url":"https:\/\/www.noticiasradioreflejos.com.ar\/2021\/tornquist-car-show-fue-un-exito-total-con-mas-de-mil-personas-en-la-ciudad\/","name":"Tornquist Car Show fue un \u00e9xito total con m\u00e1s de mil personas en la ciudad - Noticias Radio Reflejos","isPartOf":{"@id":"https:\/\/www.noticiasradioreflejos.com.ar\/2021\/#website"},"primaryImageOfPage":{"@id":"https:\/\/www.noticiasradioreflejos.com.ar\/2021\/tornquist-car-show-fue-un-exito-total-con-mas-de-mil-personas-en-la-ciudad\/#primaryimage"},"image":{"@id":"https:\/\/www.noticiasradioreflejos.com.ar\/2021\/tornquist-car-show-fue-un-exito-total-con-mas-de-mil-personas-en-la-ciudad\/#primaryimage"},"thumbnailUrl":"https:\/\/www.noticiastornquist.com.ar\/imagen.php?imagen=\/0d586b8a344f4da784c9d10afa85c100.jpg","datePublished":"2021-03-08T10:16:49+00:00","author":{"@id":"https:\/\/www.noticiasradioreflejos.com.ar\/2021\/#\/schema\/person\/ad82545263dcc5ec0996818884fd5fb1"},"breadcrumb":{"@id":"https:\/\/www.noticiasradioreflejos.com.ar\/2021\/tornquist-car-show-fue-un-exito-total-con-mas-de-mil-personas-en-la-ciudad\/#breadcrumb"},"inLanguage":"es","potentialAction":[{"@type":"ReadAction","target":["https:\/\/www.noticiasradioreflejos.com.ar\/2021\/tornquist-car-show-fue-un-exito-total-con-mas-de-mil-personas-en-la-ciudad\/"]}]},{"@type":"ImageObject","inLanguage":"es","@id":"https:\/\/www.noticiasradioreflejos.com.ar\/2021\/tornquist-car-show-fue-un-exito-total-con-mas-de-mil-personas-en-la-ciudad\/#primaryimage","url":"https:\/\/www.noticiastornquist.com.ar\/imagen.php?imagen=\/0d586b8a344f4da784c9d10afa85c100.jpg","contentUrl":"https:\/\/www.noticiastornquist.com.ar\/imagen.php?imagen=\/0d586b8a344f4da784c9d10afa85c100.jpg"},{"@type":"BreadcrumbList","@id":"https:\/\/www.noticiasradioreflejos.com.ar\/2021\/tornquist-car-show-fue-un-exito-total-con-mas-de-mil-personas-en-la-ciudad\/#breadcrumb","itemListElement":[{"@type":"ListItem","position":1,"name":"Portada","item":"https:\/\/www.noticiasradioreflejos.com.ar\/2021\/"},{"@type":"ListItem","position":2,"name":"Tornquist Car Show fue un \u00e9xito total con m\u00e1s de mil personas en la ciudad"}]},{"@type":"WebSite","@id":"https:\/\/www.noticiasradioreflejos.com.ar\/2021\/#website","url":"https:\/\/www.noticiasradioreflejos.com.ar\/2021\/","name":"Noticias Radio Reflejos","description":"Las noticias de mi comarca","potentialAction":[{"@type":"SearchAction","target":{"@type":"EntryPoint","urlTemplate":"https:\/\/www.noticiasradioreflejos.com.ar\/2021\/?s={search_term_string}"},"query-input":{"@type":"PropertyValueSpecification","valueRequired":true,"valueName":"search_term_string"}}],"inLanguage":"es"},{"@type":"Person","@id":"https:\/\/www.noticiasradioreflejos.com.ar\/2021\/#\/schema\/person\/ad82545263dcc5ec0996818884fd5fb1","name":"Arnaldo Botto","image":{"@type":"ImageObject","inLanguage":"es","@id":"https:\/\/www.noticiasradioreflejos.com.ar\/2021\/#\/schema\/person\/image\/","url":"https:\/\/secure.gravatar.com\/avatar\/55cb5e37c1efa326397366e6974cb338056df65cb50e7d64d1cf314e87504837?s=96&d=mm&r=g","contentUrl":"https:\/\/secure.gravatar.com\/avatar\/55cb5e37c1efa326397366e6974cb338056df65cb50e7d64d1cf314e87504837?s=96&d=mm&r=g","caption":"Arnaldo Botto"},"url":"https:\/\/www.noticiasradioreflejos.com.ar\/2021\/author\/arnaldo\/"}]}},"_links":{"self":[{"href":"https:\/\/www.noticiasradioreflejos.com.ar\/2021\/wp-json\/wp\/v2\/posts\/53477","targetHints":{"allow":["GET"]}}],"collection":[{"href":"https:\/\/www.noticiasradioreflejos.com.ar\/2021\/wp-json\/wp\/v2\/posts"}],"about":[{"href":"https:\/\/www.noticiasradioreflejos.com.ar\/2021\/wp-json\/wp\/v2\/types\/post"}],"author":[{"embeddable":true,"href":"https:\/\/www.noticiasradioreflejos.com.ar\/2021\/wp-json\/wp\/v2\/users\/3"}],"replies":[{"embeddable":true,"href":"https:\/\/www.noticiasradioreflejos.com.ar\/2021\/wp-json\/wp\/v2\/comments?post=53477"}],"version-history":[{"count":0,"href":"https:\/\/www.noticiasradioreflejos.com.ar\/2021\/wp-json\/wp\/v2\/posts\/53477\/revisions"}],"wp:attachment":[{"href":"https:\/\/www.noticiasradioreflejos.com.ar\/2021\/wp-json\/wp\/v2\/media?parent=53477"}],"wp:term":[{"taxonomy":"category","embeddable":true,"href":"https:\/\/www.noticiasradioreflejos.com.ar\/2021\/wp-json\/wp\/v2\/categories?post=53477"},{"taxonomy":"post_tag","embeddable":true,"href":"https:\/\/www.noticiasradioreflejos.com.ar\/2021\/wp-json\/wp\/v2\/tags?post=53477"}],"curies":[{"name":"wp","href":"https:\/\/api.w.org\/{rel}","templated":true}]}}