{"id":53463,"date":"2021-03-07T19:08:12","date_gmt":"2021-03-07T22:08:12","guid":{"rendered":"http:\/\/www.noticiasradioreflejos.com.ar\/noticias\/?p=53463"},"modified":"2021-03-07T19:08:12","modified_gmt":"2021-03-07T22:08:12","slug":"el-gobierno-estima-que-en-invierno-sera-necesario-importar-el-26-de-la-demanda-de-gas","status":"publish","type":"post","link":"https:\/\/www.noticiasradioreflejos.com.ar\/2021\/el-gobierno-estima-que-en-invierno-sera-necesario-importar-el-26-de-la-demanda-de-gas\/","title":{"rendered":"El Gobierno estima que en invierno ser\u00e1 necesario importar el 26% de la demanda de gas"},"content":{"rendered":"<p>As\u00ed se desprende del informe t\u00e9cnico que el Gobierno nacional desarroll\u00f3 como paso previo obligatorio a la realizaci\u00f3n de la audiencia p\u00fablica, del pr\u00f3ximo lunes 15 de marzo.<!--more--><\/p>\n<div class=\"author clearfix\">\n<h4>Por Ignacio Ortiz<\/h4>\n<\/div>\n<div class=\"addthis_custom_sharing\"><\/div>\n<\/div>\n<div class=\"main-content-block\">\n<div class=\"main-box clearfix\">\n<div class=\"wrapper-main-section clearfix\">\n<div class=\"wrapper-editable-content\">\n<div class=\"editable-content clearfix\">\n<div id=\"image\" class=\"image\"><img decoding=\"async\" title=\"La demanda total de gas natural abastecida alcanzar\u00e1 en 2021 los 46.579 MMm3 \" src=\"https:\/\/www.telam.com.ar\/advf\/imagenes\/editadas\/5b055314e3cfe_1004x564.jpg\" alt=\"La demanda total de gas natural abastecida alcanzar\u00e1 en 2021 los 46.579 MMm3 \" \/><\/p>\n<div class=\"epigrafe\">La demanda total de gas natural abastecida alcanzar\u00e1 en 2021 los 46.579 MMm3<\/div>\n<\/div>\n<p>La Secretar\u00eda de Energ\u00eda estim\u00f3 que, para el per\u00edodo invernal de mayo a septiembre pr\u00f3ximo, la demanda de gas alcanzar\u00e1 los 22.466 millones de metros c\u00fabicos (MMm3), de los cuales ser\u00e1 necesario importar el 26% proveniente de la producci\u00f3n de Bolivia y de la provisi\u00f3n de Gas Natural Licuado (GNL).<\/p>\n<p><strong>As\u00ed se desprende del informe t\u00e9cnico que el Gobierno nacional desarroll\u00f3 como paso previo obligatorio a la realizaci\u00f3n de la audiencia p\u00fablica, del pr\u00f3ximo lunes 15 de marzo<\/strong>, para determinar el costo del gas natural a boca de pozo, y el porcentaje de cobertura que asumir\u00e1 el Estado nacional para aliviar el traslado a los usuarios.<\/p>\n<p>Esta instancia de discusi\u00f3n p\u00fablica se completar\u00e1 el martes 16 con el an\u00e1lisis de los costos de las dos transportistas y las nueve distribuidoras de gas natural que cubren todo el pa\u00eds, cuya convocatoria est\u00e1 a cargo del Ente Nacional Regulador del Gas (Enargas).<\/p>\n<p><strong>Las dos audiencias abarcan tres de los cuatro grandes componentes que integran la factura de gas que recibe el consumidor final<\/strong>\u00a0y que se compone de alrededor de un 36% del costo de producci\u00f3n, un 13% del transporte y un 27% de la distribuci\u00f3n, lo que se completa con un 24% de impuestos<\/p>\n<p>Para la determinaci\u00f3n de costos, tarifas y subsidios que requerir\u00e1 el segmento de producci\u00f3n de gas, la Secretar\u00eda de Energ\u00eda estim\u00f3 que<strong>\u00a0la demanda total de gas natural abastecida alcanzar\u00e1 en 2021 los 46.579 MMm3 llegando a los 24.114 MMm3 en el per\u00edodo estival y a los 22.466 MMm3 en el invernal,<\/strong>\u00a0en este \u00faltimo caso de mayo a septiembre.<\/p>\n<p>Del volumen total demandado,\u00a0<strong>la producci\u00f3n local de gas para abastecer la demanda interna aportar\u00e1 38.455 MMm3 lo que representa el 82% de la oferta total<\/strong>, de los cuales para los meses de la temporada estival el aporte nacional cubrir\u00e1 en promedio el 90%.<\/p>\n<p>En cambio, en la temporada invernal, el gas local representar\u00e1 74% con 16.768 MMm3, lo que requerir\u00e1 importar 2.050 MMm3 de Bolivia que cubrir\u00e1 el 9% de la demanda, y 3.674 MMm3 equivalentes de GNL para cubrir el 17% restante, mediante el buque regasificador ya instalado en la localidad bonaerense de Escobar y el que se sumar\u00e1 en la de Bah\u00eda Banca, por la licitaci\u00f3n en curso.<\/p>\n<blockquote><p>El Estado nacional asumir\u00eda este a\u00f1o un costo de $ 132.963 millones sobre un total de $ 221.605 millones<\/p><\/blockquote>\n<p>La demanda prioritaria toma el total de las asignaciones en el marco del Plan Gas Ar que supone 67,41 MM m3\/d\u00eda durante todo el a\u00f1o (hasta 2024) m\u00e1s 7,5 MM m3\/d\u00eda durante 153 d\u00edas en concepto de adicionales de invierno, incluida la reciente licitaci\u00f3n de la semana pasada, a lo que suma lo proveniente de Bolivia y los contratos de GNL.<\/p>\n<p>Al avanzar en el an\u00e1lisis de costos, el informe entendi\u00f3 que, con esa composici\u00f3n por origen del total de gas necesario para abastecer la demanda prioritaria estimada para 2021, es posible entonces calcular el costo total del mismo, que alcanza los U$S 2.059 millones equivalentes a $ 221.605 millones.<\/p>\n<p>Ante esa previsi\u00f3n, el costo promedio ponderado resultante para todo 2021 es de U$S 3,91 por mill\u00f3n de BTU (MMbtu \u2013 unidad de medida del gas) o $ 15,55 por metro c\u00fabico, con un pico debido a la alta estacionalidad invernal de US$ 4,85 y $19,32, respectivamente, para julio; y un valle de US$ 2,86 y $ 12,84 para octubre.<\/p>\n<p>El costo del gas importado de Bolivia deriva de la quinta adenda al contrato entre ambos pa\u00edses firmada en diciembre de 2020, cuya regla de precios se determina por una f\u00f3rmula donde los primeros 9 millones de m3\/d\u00eda dependen de un c\u00e1lculo proveniente de adendas contractuales anteriores y las cantidades superiores al precio de Henry Hub (de referencia para contratos de futuros) m\u00e1s US$ 2,25, es decir, US$ 5,14 por MMbtu.<\/p>\n<p>El precio del GNL importado, por su condici\u00f3n de commodity, es una variable determinada por el mercado internacional, que se estima para este invierno argentino en US$ 7,25 MMbtu, a lo que debe sumarse un costo fijo y variable de la regasificaci\u00f3n, que se estima entre US$ 1 y US$ 1,3 por MMbtu.<\/p>\n<p>En ese escenario presentado por la Secretar\u00eda de Energ\u00eda, de los U$S 3,91 MMbtu que representa el precio promedio ponderado del costo total del gas para la demanda prioritaria, el 60% (US$ 2,35) lo absorbe con costo fiscal el Estado y el 40% (US$ 1,57) lo pagan los usuarios.<\/p>\n<div id=\"image\" class=\"image\"><img decoding=\"async\" title=\"El Estado nacional asumir\u00eda este a\u00f1o un costo de $ 132.963 millones sobre un total de $ 221.605 millones.\" src=\"https:\/\/www.telam.com.ar\/advf\/imagenes\/2021\/01\/5ff2e3c41f045_1004x565.jpg\" alt=\"El Estado nacional asumir\u00eda este a\u00f1o un costo de $ 132.963 millones sobre un total de $ 221.605 millones.\" \/><\/p>\n<div class=\"epigrafe\">El Estado nacional asumir\u00eda este a\u00f1o un costo de $ 132.963 millones sobre un total de $ 221.605 millones.<\/div>\n<\/div>\n<p>Es decir que el Estado nacional asumir\u00eda este a\u00f1o un costo de $ 132.963 millones sobre un total de $ 221.605 millones, lo que deriva en una necesidad adicional de fondos de $ 56.087 millones a lo incluido en el Presupuesto 2021 aprobado por el Congreso nacional.<\/p>\n<p>El an\u00e1lisis oficial proyect\u00f3 que cuando el Estado asume a su cargo entre el 40% y el 30% del referido costo, comienzan a generarse subejecuciones o sobrantes respecto a la partida presupuestaria vigente, por lo que se estim\u00f3 que reci\u00e9n al alcanzar el orden del 35% no se requieren partidas adicionales.<\/p>\n<p>Tal situaci\u00f3n es compatible con un precio a pagar por los usuarios del orden de los $ 10,15 el m3, en el que el costo total de abastecimiento estimado en $ 221.605 millones se reparte entre $ 76.875 millones de acuerdo al Presupuesto y los restantes $ 144.729 millones por los usuarios, lo que implica un incremento en el costo del orden del 63%.<\/p><\/div>\n<\/div>\n<\/div>\n<\/div>\n<\/div>\n","protected":false},"excerpt":{"rendered":"<p>As\u00ed se desprende del informe t\u00e9cnico que el Gobierno nacional desarroll\u00f3 como paso previo obligatorio a la realizaci\u00f3n de la audiencia p\u00fablica, del pr\u00f3ximo lunes 15 de marzo.<\/p>\n","protected":false},"author":3,"featured_media":25614,"comment_status":"closed","ping_status":"open","sticky":false,"template":"","format":"standard","meta":{"footnotes":""},"categories":[24,26],"tags":[],"class_list":["post-53463","post","type-post","status-publish","format-standard","has-post-thumbnail","hentry","category-politica","category-sociedad"],"yoast_head":"<!-- This site is optimized with the Yoast SEO plugin v25.9 - https:\/\/yoast.com\/wordpress\/plugins\/seo\/ -->\n<title>El Gobierno estima que en invierno ser\u00e1 necesario importar el 26% de la demanda de gas - Noticias Radio Reflejos<\/title>\n<meta name=\"robots\" content=\"index, follow, max-snippet:-1, max-image-preview:large, max-video-preview:-1\" \/>\n<link rel=\"canonical\" href=\"https:\/\/www.noticiasradioreflejos.com.ar\/2021\/el-gobierno-estima-que-en-invierno-sera-necesario-importar-el-26-de-la-demanda-de-gas\/\" \/>\n<meta property=\"og:locale\" content=\"es_ES\" \/>\n<meta property=\"og:type\" content=\"article\" \/>\n<meta property=\"og:title\" content=\"El Gobierno estima que en invierno ser\u00e1 necesario importar el 26% de la demanda de gas - Noticias Radio Reflejos\" \/>\n<meta property=\"og:description\" content=\"As\u00ed se desprende del informe t\u00e9cnico que el Gobierno nacional desarroll\u00f3 como paso previo obligatorio a la realizaci\u00f3n de la audiencia p\u00fablica, del pr\u00f3ximo lunes 15 de marzo.\" \/>\n<meta property=\"og:url\" content=\"https:\/\/www.noticiasradioreflejos.com.ar\/2021\/el-gobierno-estima-que-en-invierno-sera-necesario-importar-el-26-de-la-demanda-de-gas\/\" \/>\n<meta property=\"og:site_name\" content=\"Noticias Radio Reflejos\" \/>\n<meta property=\"article:published_time\" content=\"2021-03-07T22:08:12+00:00\" \/>\n<meta property=\"og:image\" content=\"https:\/\/www.noticiasradioreflejos.com.ar\/2021\/wp-content\/uploads\/2018\/10\/gas.jpg\" \/>\n\t<meta property=\"og:image:width\" content=\"770\" \/>\n\t<meta property=\"og:image:height\" content=\"433\" \/>\n\t<meta property=\"og:image:type\" content=\"image\/jpeg\" \/>\n<meta name=\"author\" content=\"Arnaldo Botto\" \/>\n<meta name=\"twitter:card\" content=\"summary_large_image\" \/>\n<script type=\"application\/ld+json\" class=\"yoast-schema-graph\">{\"@context\":\"https:\/\/schema.org\",\"@graph\":[{\"@type\":\"WebPage\",\"@id\":\"https:\/\/www.noticiasradioreflejos.com.ar\/2021\/el-gobierno-estima-que-en-invierno-sera-necesario-importar-el-26-de-la-demanda-de-gas\/\",\"url\":\"https:\/\/www.noticiasradioreflejos.com.ar\/2021\/el-gobierno-estima-que-en-invierno-sera-necesario-importar-el-26-de-la-demanda-de-gas\/\",\"name\":\"El Gobierno estima que en invierno ser\u00e1 necesario importar el 26% de la demanda de gas - Noticias Radio Reflejos\",\"isPartOf\":{\"@id\":\"https:\/\/www.noticiasradioreflejos.com.ar\/2021\/#website\"},\"primaryImageOfPage\":{\"@id\":\"https:\/\/www.noticiasradioreflejos.com.ar\/2021\/el-gobierno-estima-que-en-invierno-sera-necesario-importar-el-26-de-la-demanda-de-gas\/#primaryimage\"},\"image\":{\"@id\":\"https:\/\/www.noticiasradioreflejos.com.ar\/2021\/el-gobierno-estima-que-en-invierno-sera-necesario-importar-el-26-de-la-demanda-de-gas\/#primaryimage\"},\"thumbnailUrl\":\"https:\/\/www.noticiasradioreflejos.com.ar\/2021\/wp-content\/uploads\/2018\/10\/gas.jpg\",\"datePublished\":\"2021-03-07T22:08:12+00:00\",\"author\":{\"@id\":\"https:\/\/www.noticiasradioreflejos.com.ar\/2021\/#\/schema\/person\/ad82545263dcc5ec0996818884fd5fb1\"},\"breadcrumb\":{\"@id\":\"https:\/\/www.noticiasradioreflejos.com.ar\/2021\/el-gobierno-estima-que-en-invierno-sera-necesario-importar-el-26-de-la-demanda-de-gas\/#breadcrumb\"},\"inLanguage\":\"es\",\"potentialAction\":[{\"@type\":\"ReadAction\",\"target\":[\"https:\/\/www.noticiasradioreflejos.com.ar\/2021\/el-gobierno-estima-que-en-invierno-sera-necesario-importar-el-26-de-la-demanda-de-gas\/\"]}]},{\"@type\":\"ImageObject\",\"inLanguage\":\"es\",\"@id\":\"https:\/\/www.noticiasradioreflejos.com.ar\/2021\/el-gobierno-estima-que-en-invierno-sera-necesario-importar-el-26-de-la-demanda-de-gas\/#primaryimage\",\"url\":\"https:\/\/www.noticiasradioreflejos.com.ar\/2021\/wp-content\/uploads\/2018\/10\/gas.jpg\",\"contentUrl\":\"https:\/\/www.noticiasradioreflejos.com.ar\/2021\/wp-content\/uploads\/2018\/10\/gas.jpg\",\"width\":770,\"height\":433},{\"@type\":\"BreadcrumbList\",\"@id\":\"https:\/\/www.noticiasradioreflejos.com.ar\/2021\/el-gobierno-estima-que-en-invierno-sera-necesario-importar-el-26-de-la-demanda-de-gas\/#breadcrumb\",\"itemListElement\":[{\"@type\":\"ListItem\",\"position\":1,\"name\":\"Portada\",\"item\":\"https:\/\/www.noticiasradioreflejos.com.ar\/2021\/\"},{\"@type\":\"ListItem\",\"position\":2,\"name\":\"El Gobierno estima que en invierno ser\u00e1 necesario importar el 26% de la demanda de gas\"}]},{\"@type\":\"WebSite\",\"@id\":\"https:\/\/www.noticiasradioreflejos.com.ar\/2021\/#website\",\"url\":\"https:\/\/www.noticiasradioreflejos.com.ar\/2021\/\",\"name\":\"Noticias Radio Reflejos\",\"description\":\"Las noticias de mi comarca\",\"potentialAction\":[{\"@type\":\"SearchAction\",\"target\":{\"@type\":\"EntryPoint\",\"urlTemplate\":\"https:\/\/www.noticiasradioreflejos.com.ar\/2021\/?s={search_term_string}\"},\"query-input\":{\"@type\":\"PropertyValueSpecification\",\"valueRequired\":true,\"valueName\":\"search_term_string\"}}],\"inLanguage\":\"es\"},{\"@type\":\"Person\",\"@id\":\"https:\/\/www.noticiasradioreflejos.com.ar\/2021\/#\/schema\/person\/ad82545263dcc5ec0996818884fd5fb1\",\"name\":\"Arnaldo Botto\",\"image\":{\"@type\":\"ImageObject\",\"inLanguage\":\"es\",\"@id\":\"https:\/\/www.noticiasradioreflejos.com.ar\/2021\/#\/schema\/person\/image\/\",\"url\":\"https:\/\/secure.gravatar.com\/avatar\/55cb5e37c1efa326397366e6974cb338056df65cb50e7d64d1cf314e87504837?s=96&d=mm&r=g\",\"contentUrl\":\"https:\/\/secure.gravatar.com\/avatar\/55cb5e37c1efa326397366e6974cb338056df65cb50e7d64d1cf314e87504837?s=96&d=mm&r=g\",\"caption\":\"Arnaldo Botto\"},\"url\":\"https:\/\/www.noticiasradioreflejos.com.ar\/2021\/author\/arnaldo\/\"}]}<\/script>\n<!-- \/ Yoast SEO plugin. -->","yoast_head_json":{"title":"El Gobierno estima que en invierno ser\u00e1 necesario importar el 26% de la demanda de gas - Noticias Radio Reflejos","robots":{"index":"index","follow":"follow","max-snippet":"max-snippet:-1","max-image-preview":"max-image-preview:large","max-video-preview":"max-video-preview:-1"},"canonical":"https:\/\/www.noticiasradioreflejos.com.ar\/2021\/el-gobierno-estima-que-en-invierno-sera-necesario-importar-el-26-de-la-demanda-de-gas\/","og_locale":"es_ES","og_type":"article","og_title":"El Gobierno estima que en invierno ser\u00e1 necesario importar el 26% de la demanda de gas - Noticias Radio Reflejos","og_description":"As\u00ed se desprende del informe t\u00e9cnico que el Gobierno nacional desarroll\u00f3 como paso previo obligatorio a la realizaci\u00f3n de la audiencia p\u00fablica, del pr\u00f3ximo lunes 15 de marzo.","og_url":"https:\/\/www.noticiasradioreflejos.com.ar\/2021\/el-gobierno-estima-que-en-invierno-sera-necesario-importar-el-26-de-la-demanda-de-gas\/","og_site_name":"Noticias Radio Reflejos","article_published_time":"2021-03-07T22:08:12+00:00","og_image":[{"width":770,"height":433,"url":"https:\/\/www.noticiasradioreflejos.com.ar\/2021\/wp-content\/uploads\/2018\/10\/gas.jpg","type":"image\/jpeg"}],"author":"Arnaldo Botto","twitter_card":"summary_large_image","schema":{"@context":"https:\/\/schema.org","@graph":[{"@type":"WebPage","@id":"https:\/\/www.noticiasradioreflejos.com.ar\/2021\/el-gobierno-estima-que-en-invierno-sera-necesario-importar-el-26-de-la-demanda-de-gas\/","url":"https:\/\/www.noticiasradioreflejos.com.ar\/2021\/el-gobierno-estima-que-en-invierno-sera-necesario-importar-el-26-de-la-demanda-de-gas\/","name":"El Gobierno estima que en invierno ser\u00e1 necesario importar el 26% de la demanda de gas - Noticias Radio Reflejos","isPartOf":{"@id":"https:\/\/www.noticiasradioreflejos.com.ar\/2021\/#website"},"primaryImageOfPage":{"@id":"https:\/\/www.noticiasradioreflejos.com.ar\/2021\/el-gobierno-estima-que-en-invierno-sera-necesario-importar-el-26-de-la-demanda-de-gas\/#primaryimage"},"image":{"@id":"https:\/\/www.noticiasradioreflejos.com.ar\/2021\/el-gobierno-estima-que-en-invierno-sera-necesario-importar-el-26-de-la-demanda-de-gas\/#primaryimage"},"thumbnailUrl":"https:\/\/www.noticiasradioreflejos.com.ar\/2021\/wp-content\/uploads\/2018\/10\/gas.jpg","datePublished":"2021-03-07T22:08:12+00:00","author":{"@id":"https:\/\/www.noticiasradioreflejos.com.ar\/2021\/#\/schema\/person\/ad82545263dcc5ec0996818884fd5fb1"},"breadcrumb":{"@id":"https:\/\/www.noticiasradioreflejos.com.ar\/2021\/el-gobierno-estima-que-en-invierno-sera-necesario-importar-el-26-de-la-demanda-de-gas\/#breadcrumb"},"inLanguage":"es","potentialAction":[{"@type":"ReadAction","target":["https:\/\/www.noticiasradioreflejos.com.ar\/2021\/el-gobierno-estima-que-en-invierno-sera-necesario-importar-el-26-de-la-demanda-de-gas\/"]}]},{"@type":"ImageObject","inLanguage":"es","@id":"https:\/\/www.noticiasradioreflejos.com.ar\/2021\/el-gobierno-estima-que-en-invierno-sera-necesario-importar-el-26-de-la-demanda-de-gas\/#primaryimage","url":"https:\/\/www.noticiasradioreflejos.com.ar\/2021\/wp-content\/uploads\/2018\/10\/gas.jpg","contentUrl":"https:\/\/www.noticiasradioreflejos.com.ar\/2021\/wp-content\/uploads\/2018\/10\/gas.jpg","width":770,"height":433},{"@type":"BreadcrumbList","@id":"https:\/\/www.noticiasradioreflejos.com.ar\/2021\/el-gobierno-estima-que-en-invierno-sera-necesario-importar-el-26-de-la-demanda-de-gas\/#breadcrumb","itemListElement":[{"@type":"ListItem","position":1,"name":"Portada","item":"https:\/\/www.noticiasradioreflejos.com.ar\/2021\/"},{"@type":"ListItem","position":2,"name":"El Gobierno estima que en invierno ser\u00e1 necesario importar el 26% de la demanda de gas"}]},{"@type":"WebSite","@id":"https:\/\/www.noticiasradioreflejos.com.ar\/2021\/#website","url":"https:\/\/www.noticiasradioreflejos.com.ar\/2021\/","name":"Noticias Radio Reflejos","description":"Las noticias de mi comarca","potentialAction":[{"@type":"SearchAction","target":{"@type":"EntryPoint","urlTemplate":"https:\/\/www.noticiasradioreflejos.com.ar\/2021\/?s={search_term_string}"},"query-input":{"@type":"PropertyValueSpecification","valueRequired":true,"valueName":"search_term_string"}}],"inLanguage":"es"},{"@type":"Person","@id":"https:\/\/www.noticiasradioreflejos.com.ar\/2021\/#\/schema\/person\/ad82545263dcc5ec0996818884fd5fb1","name":"Arnaldo Botto","image":{"@type":"ImageObject","inLanguage":"es","@id":"https:\/\/www.noticiasradioreflejos.com.ar\/2021\/#\/schema\/person\/image\/","url":"https:\/\/secure.gravatar.com\/avatar\/55cb5e37c1efa326397366e6974cb338056df65cb50e7d64d1cf314e87504837?s=96&d=mm&r=g","contentUrl":"https:\/\/secure.gravatar.com\/avatar\/55cb5e37c1efa326397366e6974cb338056df65cb50e7d64d1cf314e87504837?s=96&d=mm&r=g","caption":"Arnaldo Botto"},"url":"https:\/\/www.noticiasradioreflejos.com.ar\/2021\/author\/arnaldo\/"}]}},"_links":{"self":[{"href":"https:\/\/www.noticiasradioreflejos.com.ar\/2021\/wp-json\/wp\/v2\/posts\/53463","targetHints":{"allow":["GET"]}}],"collection":[{"href":"https:\/\/www.noticiasradioreflejos.com.ar\/2021\/wp-json\/wp\/v2\/posts"}],"about":[{"href":"https:\/\/www.noticiasradioreflejos.com.ar\/2021\/wp-json\/wp\/v2\/types\/post"}],"author":[{"embeddable":true,"href":"https:\/\/www.noticiasradioreflejos.com.ar\/2021\/wp-json\/wp\/v2\/users\/3"}],"replies":[{"embeddable":true,"href":"https:\/\/www.noticiasradioreflejos.com.ar\/2021\/wp-json\/wp\/v2\/comments?post=53463"}],"version-history":[{"count":0,"href":"https:\/\/www.noticiasradioreflejos.com.ar\/2021\/wp-json\/wp\/v2\/posts\/53463\/revisions"}],"wp:featuredmedia":[{"embeddable":true,"href":"https:\/\/www.noticiasradioreflejos.com.ar\/2021\/wp-json\/wp\/v2\/media\/25614"}],"wp:attachment":[{"href":"https:\/\/www.noticiasradioreflejos.com.ar\/2021\/wp-json\/wp\/v2\/media?parent=53463"}],"wp:term":[{"taxonomy":"category","embeddable":true,"href":"https:\/\/www.noticiasradioreflejos.com.ar\/2021\/wp-json\/wp\/v2\/categories?post=53463"},{"taxonomy":"post_tag","embeddable":true,"href":"https:\/\/www.noticiasradioreflejos.com.ar\/2021\/wp-json\/wp\/v2\/tags?post=53463"}],"curies":[{"name":"wp","href":"https:\/\/api.w.org\/{rel}","templated":true}]}}