{"id":53460,"date":"2021-03-07T19:05:44","date_gmt":"2021-03-07T22:05:44","guid":{"rendered":"http:\/\/www.noticiasradioreflejos.com.ar\/noticias\/?p=53460"},"modified":"2021-03-07T19:05:44","modified_gmt":"2021-03-07T22:05:44","slug":"docentes-y-adultos-mayores-protagonistas-de-la-campana-nacional-de-vacunacion","status":"publish","type":"post","link":"https:\/\/www.noticiasradioreflejos.com.ar\/2021\/docentes-y-adultos-mayores-protagonistas-de-la-campana-nacional-de-vacunacion\/","title":{"rendered":"Docentes y adultos mayores, protagonistas de la campa\u00f1a nacional de vacunaci\u00f3n"},"content":{"rendered":"<p>Es como parte de la campa\u00f1a de inmunizaci\u00f3n contra el coronavirus en la Argentina, que ya aplic\u00f3 casi 1,5 millones de dosis en poco m\u00e1s de dos meses, y aceler\u00f3 el ritmo con el reciente arribo de vacunas de Rusia, India y China.<!--more--><\/p>\n<p>Docentes y adultos mayores protagonizan por estos d\u00edas la campa\u00f1a de inmunizaci\u00f3n contra el coronavirus en la Argentina, que ya aplic\u00f3 casi 1,5 millones de dosis en poco m\u00e1s de dos meses, y aceler\u00f3 el ritmo con el reciente arribo de vacunas de Rusia, India y China.<\/p>\n<div class=\"auth\">Rosario<\/div>\n<p>Cristina Mart\u00ednez estaba al frente de su clase en la escuela 132 de Rosario cuando el pasado mi\u00e9rcoles recibi\u00f3 un llamado del Ministerio de Salud provincial que le indicaba que a las 14 de ese d\u00eda deb\u00eda vacunarse.<\/p>\n<p>\u00abEstoy muy conforme con el operativo; todos los maestros queremos volver a las aulas\u00bb, cont\u00f3 a T\u00e9lam Cristina, quien hace dos semanas retom\u00f3 sus tareas de revinculaci\u00f3n con 9 alumnos de s\u00e9ptimo grado, antes del inicio del ciclo lectivo previsto para el 15 de marzo.<\/p>\n<p>La primera docente vacunada en esa ciudad santafesina fue Adriana Flores, de la escuela 67, quien atraves\u00f3 la pandemia \u00abtrabajando much\u00edsimo en forma virtual\u00bb pero destac\u00f3 que \u00abla presencialidad es indispensable\u00bb.<\/p>\n<p>\u00abMe siento feliz de haberme vacunado, le tengo confianza a la vacuna\u00bb, dijo Adriana y agreg\u00f3 que \u00abhay que valorar a los alumnos\u00bb, quienes a pesar de las dificultades \u00able ponen onda\u00bb para estudiar.<\/p>\n<p><strong>El Gobierno nacional impuls\u00f3 la vacunaci\u00f3n a docentes de todo el pa\u00eds con la partida de un mill\u00f3n de dosis de Sinopharm &#8211;indicada para menores de 60 a\u00f1os&#8211; que llegaron desde China a finales de febrero. Inicialmente se distribuyeron 492.000 dosis y este s\u00e1bado se completa el env\u00edo de otras 406.800 que tambi\u00e9n podr\u00e1n utilizarse en trabajadores de salud y personas entre 18 y 59 a\u00f1os con condiciones de riesgo.<\/strong><\/p>\n<div class=\"auth\">Misiones<\/div>\n<p>En Misiones se inici\u00f3 la inmunizaci\u00f3n a docentes el pasado mi\u00e9rcoles con la llegada de 13.500 dosis de Sinopharm y el objetivo es vacunar lo m\u00e1ximo posible antes del inicio de clases el 9 de marzo.<\/p>\n<p>\u00abPienso que la vacuna es una prevenci\u00f3n m\u00e1s pero debemos seguir con todos los cuidados, ense\u00f1ando a los ni\u00f1os los nuevos h\u00e1bitos para combatir los contagios tambi\u00e9n en sus casas\u00bb, analiz\u00f3 con T\u00e9lam Gladys Sewaga, docente del colegio San Basilio Magno, de Posadas, quien ya se inmuniz\u00f3.<\/p>\n<p>Gladys plante\u00f3 el desaf\u00edo de hacer entender a los alumnos que \u00abtodo lo que les ense\u00f1amos sobre compartir y la generosidad, ahora lo tenemos que hacer de otra manera, sin tocarnos, sin acercarnos, abraz\u00e1ndonos solo con la mirada y sonriendo con los ojos\u00bb para incentivar esos cuidados frente a la pandemia que cambi\u00f3 el mundo.<\/p>\n<div id=\"image\" class=\"image\"><img decoding=\"async\" title=\"\" src=\"https:\/\/www.telam.com.ar\/advf\/imagenes\/2021\/03\/6043a7ed14164_1004x565.jpg\" alt=\"\" \/><\/div>\n<div class=\"auth\">Ciudad de Buenos Aires<\/div>\n<p>Carmen Picallo tiene 93 a\u00f1os y el 24 de febrero se vacun\u00f3 en la Fundaci\u00f3n Pard\u00e9s, en el barrio porte\u00f1o de Colegiales, a donde lleg\u00f3 junto a su hija Mar\u00eda desde Belgrano, donde vive.<\/p>\n<p>\u00abA la gente de m\u00e1s de 80 les dir\u00eda que es bueno vacunarse\u00bb, asegur\u00f3 a T\u00e9lam Carmen, una jubilada del rubro de comercio que vivi\u00f3 el aislamiento por la pandemia \u00abmuy amargada, con tristeza y sin poder salir de la casa\u00bb aunque a diario pasaba un rato en su balc\u00f3n para tomar aire.<\/p>\n<p>La mujer cont\u00f3 que \u00absufre mucho\u00bb por sus dos nietas m\u00e9dicas, a quienes no pudo ver el a\u00f1o pasado, pero se mostr\u00f3 esperanzada de que \u00abpodamos mejorar todos y salir adelante\u00bb.<\/p>\n<p>\u00abYo no tuve miedo de vacunarme y siento que me va a proteger\u00bb, sostuvo y pidi\u00f3 a la gente que \u00abse cuide y se vacune\u00bb.<\/p>\n<p>La Ciudad utiliz\u00f3 una partida de la vacuna Covishield, fabricada en el laboratorio indio Instituto Serum con la f\u00f3rmula de la farmac\u00e9utica AstraZeneca y la Universidad de Oxford, para iniciar la inmunizaci\u00f3n de las personas mayores de 80 a\u00f1os.<\/p>\n<p>El Gobierno nacional distribuy\u00f3 580.000 dosis de esas vacunas que llegaron al pa\u00eds a mediados de febrero, y se espera otro lote de la misma magnitud en las pr\u00f3ximas semanas.<\/p>\n<p>Seg\u00fan el monitor p\u00fablico de vacunaci\u00f3n del Ministerio de Salud, se distribuyeron un total de 2.237.310 dosis, de de las cuales fueron aplicadas 1.472.510 (1.133.362 con la primera dosis y 339.148 con las dos dosis).<\/p>\n<p>Los trabajadores de la Salud, el primer grupo inmunizado, recibi\u00f3 hasta ahora 974.520 vacunas, mientras 360.905 fueron aplicadas a personas de 60 o m\u00e1s a\u00f1os, entre otros sectores prioritarios del plan estrat\u00e9gico.<\/p>\n<div class=\"auth\">Santa Cruz<\/div>\n<p>Francisco Osses naci\u00f3 en Chile pero vive en Santa Cruz hace m\u00e1s de 70 a\u00f1os y junto a su esposa Cremilda fueron internados el a\u00f1o pasado con Covid-19 en el Hospital Regional de R\u00edo Gallegos. Ella falleci\u00f3 y el recibi\u00f3 la vacuna la semana pasada.<\/p>\n<div id=\"image\" class=\"image\"><img decoding=\"async\" title=\"Francisco Osses (foto) naci\u00f3 en Chile pero vive en Santa Cruz hace m\u00e1s de 70 a\u00f1os \" src=\"https:\/\/www.telam.com.ar\/advf\/imagenes\/2021\/03\/6043a7ed0aad8_1004x565.jpg\" alt=\"Francisco Osses (foto) naci\u00f3 en Chile pero vive en Santa Cruz hace m\u00e1s de 70 a\u00f1os \" \/><\/p>\n<div class=\"epigrafe\">Francisco Osses (foto) naci\u00f3 en Chile pero vive en Santa Cruz hace m\u00e1s de 70 a\u00f1os<\/div>\n<\/div>\n<p>\u00abMe trataron muy bien, s\u00f3lo tuve un poquito de dolor en el brazo, pero ya tengo ganas de trabajar y hacer cosas\u00bb, cont\u00f3 a T\u00e9lam este hombre de 87 a\u00f1os, quien a pesar de la p\u00e9rdida que le cre\u00f3 \u00abun vac\u00edo tremendo\u00bb, celebr\u00f3 estar vacunado y que los ex\u00e1menes m\u00e9dicos le indiquen que tiene buena salud. \u00abNo se c\u00f3mo estoy viviendo tanto\u00bb, brome\u00f3.<\/p>\n<p>Un vecino suyo, Leandro Belfore, un italiano de 87 a\u00f1os viudo que pas\u00f3 el 2020 sin salir de su casa por temor a contagiarse, coincidi\u00f3 en destacar el trabajo de los enfermeros y enfermeras del Centro Cultural de R\u00edo Gallegos, donde fue inmunizado.<\/p>\n<p>\u00abEstoy m\u00e1s tranquilo pero igual tengo que seguir cuid\u00e1ndome. Mi nieta y los que est\u00e1n por venir me dan fuerza para seguir peleando\u00bb, celebr\u00f3 Belforte, uno de los pioneros que lleg\u00f3 a R\u00edo Turbio en 1949, dejando atr\u00e1s los horrores de la Segunda Guerra Mundial.<\/p>\n<p>\u00abCon mis padres y mis siete hermanos tuvimos que estar encerrados durante cuatro a\u00f1os en Ripi, en la regi\u00f3n de Lacio. Argentina nos dio oportunidades y nos cuid\u00f3\u00bb, asegur\u00f3 y ya agend\u00f3 la fecha en que le aplicar\u00e1n la segunda dosis el pr\u00f3ximo 30 de marzo.<\/p>\n<div class=\"auth\">Mar del Plata<\/div>\n<p>La provincia de Buenos Aires comenz\u00f3 a vacunar a docentes y personal auxiliar con factores de riesgo a finales de enero y a partir del 1 de febrero extendi\u00f3 la inmunizaci\u00f3n al resto de los miembros de la comunidad educativa. Hasta el viernes 5 de marzo fueron vacunados 91.355 trabajadores de ese sector.<\/p>\n<p>\u00abSoy docente y esto de no estar vacunado me daba miedo. Me priv\u00e9 en muchas oportunidades de ver a mis padres y si los ve\u00eda era de lejos\u00bb, cont\u00f3 Juan Manuel Espina, de 36 a\u00f1os, quien tras ser inmunizado en un centro de vacunaci\u00f3n de Mar del Plata sue\u00f1a con \u00abdentro de poco poder darles un beso y abrazarlos\u00bb.<\/p>\n<p>Mar\u00eda Ang\u00e9lica Reinoso, profesora de historia en varias escuelas de la ciudad balnearia, dijo que fue una de las primeras en anotarse para recibir la vacuna \u00abcuando nadie confiaba en ninguna\u00bb, despu\u00e9s de un a\u00f1o de mantener comunicaci\u00f3n telef\u00f3nica con sus padres \u00absin poder abrazarlos\u00bb.<\/p>\n<p>\u00abEn el pasado tuve c\u00e1ncer y en mi familia hay varias personas de riesgo, entre ellas mi hermana, con quien vivo. Cuando surgi\u00f3 lo de la vacuna le pregunt\u00e9 a mi m\u00e9dico y me dijo que s\u00ed\u00bb, relat\u00f3 tras salir de un centro de vacunaci\u00f3n.<\/p>\n<div class=\"auth\">Salta<\/div>\n<p>Lejos de las playas bonaerenses, en la norte\u00f1a ciudad de Salta el plan de inmunizaci\u00f3n a docentes se inici\u00f3 el pasado jueves en la escuela 4642 Campa\u00f1a del Desierto.<\/p>\n<p>\u00abEst\u00e1bamos esperando la vacuna, con la expectativa de que llegara lo antes posible, m\u00e1s por el contacto con los ni\u00f1os\u00bb, dijo a T\u00e9lam Rosa Portal, a cargo de primer grado C del turno tarde.<\/p>\n<p>A su lado, Rub\u00e9n Cayo, de 51, consider\u00f3 que \u00abel a\u00f1o pasado cambi\u00f3 todo y tuvimos que adaptarnos a nuevas estructuras de ense\u00f1anza\u00bb tras ser inoculado, listo para el desaf\u00edo de volver a ense\u00f1ar dentro de un aula.<\/p><\/div>\n<\/div>\n<\/div>\n<\/div>\n<\/div>\n","protected":false},"excerpt":{"rendered":"<p>Es como parte de la campa\u00f1a de inmunizaci\u00f3n contra el coronavirus en la Argentina, que ya aplic\u00f3 casi 1,5 millones de dosis en poco m\u00e1s de dos meses, y aceler\u00f3 el ritmo con el reciente arribo de vacunas de Rusia, India y China.<\/p>\n","protected":false},"author":3,"featured_media":0,"comment_status":"closed","ping_status":"open","sticky":false,"template":"","format":"standard","meta":{"footnotes":""},"categories":[24,30],"tags":[],"class_list":["post-53460","post","type-post","status-publish","format-standard","hentry","category-politica","category-salud"],"yoast_head":"<!-- This site is optimized with the Yoast SEO plugin v25.9 - https:\/\/yoast.com\/wordpress\/plugins\/seo\/ -->\n<title>Docentes y adultos mayores, protagonistas de la campa\u00f1a nacional de vacunaci\u00f3n - Noticias Radio Reflejos<\/title>\n<meta name=\"robots\" content=\"index, follow, max-snippet:-1, max-image-preview:large, max-video-preview:-1\" \/>\n<link rel=\"canonical\" href=\"https:\/\/www.noticiasradioreflejos.com.ar\/2021\/docentes-y-adultos-mayores-protagonistas-de-la-campana-nacional-de-vacunacion\/\" \/>\n<meta property=\"og:locale\" content=\"es_ES\" \/>\n<meta property=\"og:type\" content=\"article\" \/>\n<meta property=\"og:title\" content=\"Docentes y adultos mayores, protagonistas de la campa\u00f1a nacional de vacunaci\u00f3n - Noticias Radio Reflejos\" \/>\n<meta property=\"og:description\" content=\"Es como parte de la campa\u00f1a de inmunizaci\u00f3n contra el coronavirus en la Argentina, que ya aplic\u00f3 casi 1,5 millones de dosis en poco m\u00e1s de dos meses, y aceler\u00f3 el ritmo con el reciente arribo de vacunas de Rusia, India y China.\" \/>\n<meta property=\"og:url\" content=\"https:\/\/www.noticiasradioreflejos.com.ar\/2021\/docentes-y-adultos-mayores-protagonistas-de-la-campana-nacional-de-vacunacion\/\" \/>\n<meta property=\"og:site_name\" content=\"Noticias Radio Reflejos\" \/>\n<meta property=\"article:published_time\" content=\"2021-03-07T22:05:44+00:00\" \/>\n<meta property=\"og:image\" content=\"https:\/\/www.telam.com.ar\/advf\/imagenes\/2021\/03\/6043a7ed14164_1004x565.jpg\" \/>\n<meta name=\"author\" content=\"Arnaldo Botto\" \/>\n<meta name=\"twitter:card\" content=\"summary_large_image\" \/>\n<script type=\"application\/ld+json\" class=\"yoast-schema-graph\">{\"@context\":\"https:\/\/schema.org\",\"@graph\":[{\"@type\":\"WebPage\",\"@id\":\"https:\/\/www.noticiasradioreflejos.com.ar\/2021\/docentes-y-adultos-mayores-protagonistas-de-la-campana-nacional-de-vacunacion\/\",\"url\":\"https:\/\/www.noticiasradioreflejos.com.ar\/2021\/docentes-y-adultos-mayores-protagonistas-de-la-campana-nacional-de-vacunacion\/\",\"name\":\"Docentes y adultos mayores, protagonistas de la campa\u00f1a nacional de vacunaci\u00f3n - Noticias Radio Reflejos\",\"isPartOf\":{\"@id\":\"https:\/\/www.noticiasradioreflejos.com.ar\/2021\/#website\"},\"primaryImageOfPage\":{\"@id\":\"https:\/\/www.noticiasradioreflejos.com.ar\/2021\/docentes-y-adultos-mayores-protagonistas-de-la-campana-nacional-de-vacunacion\/#primaryimage\"},\"image\":{\"@id\":\"https:\/\/www.noticiasradioreflejos.com.ar\/2021\/docentes-y-adultos-mayores-protagonistas-de-la-campana-nacional-de-vacunacion\/#primaryimage\"},\"thumbnailUrl\":\"https:\/\/www.telam.com.ar\/advf\/imagenes\/2021\/03\/6043a7ed14164_1004x565.jpg\",\"datePublished\":\"2021-03-07T22:05:44+00:00\",\"author\":{\"@id\":\"https:\/\/www.noticiasradioreflejos.com.ar\/2021\/#\/schema\/person\/ad82545263dcc5ec0996818884fd5fb1\"},\"breadcrumb\":{\"@id\":\"https:\/\/www.noticiasradioreflejos.com.ar\/2021\/docentes-y-adultos-mayores-protagonistas-de-la-campana-nacional-de-vacunacion\/#breadcrumb\"},\"inLanguage\":\"es\",\"potentialAction\":[{\"@type\":\"ReadAction\",\"target\":[\"https:\/\/www.noticiasradioreflejos.com.ar\/2021\/docentes-y-adultos-mayores-protagonistas-de-la-campana-nacional-de-vacunacion\/\"]}]},{\"@type\":\"ImageObject\",\"inLanguage\":\"es\",\"@id\":\"https:\/\/www.noticiasradioreflejos.com.ar\/2021\/docentes-y-adultos-mayores-protagonistas-de-la-campana-nacional-de-vacunacion\/#primaryimage\",\"url\":\"https:\/\/www.telam.com.ar\/advf\/imagenes\/2021\/03\/6043a7ed14164_1004x565.jpg\",\"contentUrl\":\"https:\/\/www.telam.com.ar\/advf\/imagenes\/2021\/03\/6043a7ed14164_1004x565.jpg\"},{\"@type\":\"BreadcrumbList\",\"@id\":\"https:\/\/www.noticiasradioreflejos.com.ar\/2021\/docentes-y-adultos-mayores-protagonistas-de-la-campana-nacional-de-vacunacion\/#breadcrumb\",\"itemListElement\":[{\"@type\":\"ListItem\",\"position\":1,\"name\":\"Portada\",\"item\":\"https:\/\/www.noticiasradioreflejos.com.ar\/2021\/\"},{\"@type\":\"ListItem\",\"position\":2,\"name\":\"Docentes y adultos mayores, protagonistas de la campa\u00f1a nacional de vacunaci\u00f3n\"}]},{\"@type\":\"WebSite\",\"@id\":\"https:\/\/www.noticiasradioreflejos.com.ar\/2021\/#website\",\"url\":\"https:\/\/www.noticiasradioreflejos.com.ar\/2021\/\",\"name\":\"Noticias Radio Reflejos\",\"description\":\"Las noticias de mi comarca\",\"potentialAction\":[{\"@type\":\"SearchAction\",\"target\":{\"@type\":\"EntryPoint\",\"urlTemplate\":\"https:\/\/www.noticiasradioreflejos.com.ar\/2021\/?s={search_term_string}\"},\"query-input\":{\"@type\":\"PropertyValueSpecification\",\"valueRequired\":true,\"valueName\":\"search_term_string\"}}],\"inLanguage\":\"es\"},{\"@type\":\"Person\",\"@id\":\"https:\/\/www.noticiasradioreflejos.com.ar\/2021\/#\/schema\/person\/ad82545263dcc5ec0996818884fd5fb1\",\"name\":\"Arnaldo Botto\",\"image\":{\"@type\":\"ImageObject\",\"inLanguage\":\"es\",\"@id\":\"https:\/\/www.noticiasradioreflejos.com.ar\/2021\/#\/schema\/person\/image\/\",\"url\":\"https:\/\/secure.gravatar.com\/avatar\/55cb5e37c1efa326397366e6974cb338056df65cb50e7d64d1cf314e87504837?s=96&d=mm&r=g\",\"contentUrl\":\"https:\/\/secure.gravatar.com\/avatar\/55cb5e37c1efa326397366e6974cb338056df65cb50e7d64d1cf314e87504837?s=96&d=mm&r=g\",\"caption\":\"Arnaldo Botto\"},\"url\":\"https:\/\/www.noticiasradioreflejos.com.ar\/2021\/author\/arnaldo\/\"}]}<\/script>\n<!-- \/ Yoast SEO plugin. -->","yoast_head_json":{"title":"Docentes y adultos mayores, protagonistas de la campa\u00f1a nacional de vacunaci\u00f3n - Noticias Radio Reflejos","robots":{"index":"index","follow":"follow","max-snippet":"max-snippet:-1","max-image-preview":"max-image-preview:large","max-video-preview":"max-video-preview:-1"},"canonical":"https:\/\/www.noticiasradioreflejos.com.ar\/2021\/docentes-y-adultos-mayores-protagonistas-de-la-campana-nacional-de-vacunacion\/","og_locale":"es_ES","og_type":"article","og_title":"Docentes y adultos mayores, protagonistas de la campa\u00f1a nacional de vacunaci\u00f3n - Noticias Radio Reflejos","og_description":"Es como parte de la campa\u00f1a de inmunizaci\u00f3n contra el coronavirus en la Argentina, que ya aplic\u00f3 casi 1,5 millones de dosis en poco m\u00e1s de dos meses, y aceler\u00f3 el ritmo con el reciente arribo de vacunas de Rusia, India y China.","og_url":"https:\/\/www.noticiasradioreflejos.com.ar\/2021\/docentes-y-adultos-mayores-protagonistas-de-la-campana-nacional-de-vacunacion\/","og_site_name":"Noticias Radio Reflejos","article_published_time":"2021-03-07T22:05:44+00:00","og_image":[{"url":"https:\/\/www.telam.com.ar\/advf\/imagenes\/2021\/03\/6043a7ed14164_1004x565.jpg","type":"","width":"","height":""}],"author":"Arnaldo Botto","twitter_card":"summary_large_image","schema":{"@context":"https:\/\/schema.org","@graph":[{"@type":"WebPage","@id":"https:\/\/www.noticiasradioreflejos.com.ar\/2021\/docentes-y-adultos-mayores-protagonistas-de-la-campana-nacional-de-vacunacion\/","url":"https:\/\/www.noticiasradioreflejos.com.ar\/2021\/docentes-y-adultos-mayores-protagonistas-de-la-campana-nacional-de-vacunacion\/","name":"Docentes y adultos mayores, protagonistas de la campa\u00f1a nacional de vacunaci\u00f3n - Noticias Radio Reflejos","isPartOf":{"@id":"https:\/\/www.noticiasradioreflejos.com.ar\/2021\/#website"},"primaryImageOfPage":{"@id":"https:\/\/www.noticiasradioreflejos.com.ar\/2021\/docentes-y-adultos-mayores-protagonistas-de-la-campana-nacional-de-vacunacion\/#primaryimage"},"image":{"@id":"https:\/\/www.noticiasradioreflejos.com.ar\/2021\/docentes-y-adultos-mayores-protagonistas-de-la-campana-nacional-de-vacunacion\/#primaryimage"},"thumbnailUrl":"https:\/\/www.telam.com.ar\/advf\/imagenes\/2021\/03\/6043a7ed14164_1004x565.jpg","datePublished":"2021-03-07T22:05:44+00:00","author":{"@id":"https:\/\/www.noticiasradioreflejos.com.ar\/2021\/#\/schema\/person\/ad82545263dcc5ec0996818884fd5fb1"},"breadcrumb":{"@id":"https:\/\/www.noticiasradioreflejos.com.ar\/2021\/docentes-y-adultos-mayores-protagonistas-de-la-campana-nacional-de-vacunacion\/#breadcrumb"},"inLanguage":"es","potentialAction":[{"@type":"ReadAction","target":["https:\/\/www.noticiasradioreflejos.com.ar\/2021\/docentes-y-adultos-mayores-protagonistas-de-la-campana-nacional-de-vacunacion\/"]}]},{"@type":"ImageObject","inLanguage":"es","@id":"https:\/\/www.noticiasradioreflejos.com.ar\/2021\/docentes-y-adultos-mayores-protagonistas-de-la-campana-nacional-de-vacunacion\/#primaryimage","url":"https:\/\/www.telam.com.ar\/advf\/imagenes\/2021\/03\/6043a7ed14164_1004x565.jpg","contentUrl":"https:\/\/www.telam.com.ar\/advf\/imagenes\/2021\/03\/6043a7ed14164_1004x565.jpg"},{"@type":"BreadcrumbList","@id":"https:\/\/www.noticiasradioreflejos.com.ar\/2021\/docentes-y-adultos-mayores-protagonistas-de-la-campana-nacional-de-vacunacion\/#breadcrumb","itemListElement":[{"@type":"ListItem","position":1,"name":"Portada","item":"https:\/\/www.noticiasradioreflejos.com.ar\/2021\/"},{"@type":"ListItem","position":2,"name":"Docentes y adultos mayores, protagonistas de la campa\u00f1a nacional de vacunaci\u00f3n"}]},{"@type":"WebSite","@id":"https:\/\/www.noticiasradioreflejos.com.ar\/2021\/#website","url":"https:\/\/www.noticiasradioreflejos.com.ar\/2021\/","name":"Noticias Radio Reflejos","description":"Las noticias de mi comarca","potentialAction":[{"@type":"SearchAction","target":{"@type":"EntryPoint","urlTemplate":"https:\/\/www.noticiasradioreflejos.com.ar\/2021\/?s={search_term_string}"},"query-input":{"@type":"PropertyValueSpecification","valueRequired":true,"valueName":"search_term_string"}}],"inLanguage":"es"},{"@type":"Person","@id":"https:\/\/www.noticiasradioreflejos.com.ar\/2021\/#\/schema\/person\/ad82545263dcc5ec0996818884fd5fb1","name":"Arnaldo Botto","image":{"@type":"ImageObject","inLanguage":"es","@id":"https:\/\/www.noticiasradioreflejos.com.ar\/2021\/#\/schema\/person\/image\/","url":"https:\/\/secure.gravatar.com\/avatar\/55cb5e37c1efa326397366e6974cb338056df65cb50e7d64d1cf314e87504837?s=96&d=mm&r=g","contentUrl":"https:\/\/secure.gravatar.com\/avatar\/55cb5e37c1efa326397366e6974cb338056df65cb50e7d64d1cf314e87504837?s=96&d=mm&r=g","caption":"Arnaldo Botto"},"url":"https:\/\/www.noticiasradioreflejos.com.ar\/2021\/author\/arnaldo\/"}]}},"_links":{"self":[{"href":"https:\/\/www.noticiasradioreflejos.com.ar\/2021\/wp-json\/wp\/v2\/posts\/53460","targetHints":{"allow":["GET"]}}],"collection":[{"href":"https:\/\/www.noticiasradioreflejos.com.ar\/2021\/wp-json\/wp\/v2\/posts"}],"about":[{"href":"https:\/\/www.noticiasradioreflejos.com.ar\/2021\/wp-json\/wp\/v2\/types\/post"}],"author":[{"embeddable":true,"href":"https:\/\/www.noticiasradioreflejos.com.ar\/2021\/wp-json\/wp\/v2\/users\/3"}],"replies":[{"embeddable":true,"href":"https:\/\/www.noticiasradioreflejos.com.ar\/2021\/wp-json\/wp\/v2\/comments?post=53460"}],"version-history":[{"count":0,"href":"https:\/\/www.noticiasradioreflejos.com.ar\/2021\/wp-json\/wp\/v2\/posts\/53460\/revisions"}],"wp:attachment":[{"href":"https:\/\/www.noticiasradioreflejos.com.ar\/2021\/wp-json\/wp\/v2\/media?parent=53460"}],"wp:term":[{"taxonomy":"category","embeddable":true,"href":"https:\/\/www.noticiasradioreflejos.com.ar\/2021\/wp-json\/wp\/v2\/categories?post=53460"},{"taxonomy":"post_tag","embeddable":true,"href":"https:\/\/www.noticiasradioreflejos.com.ar\/2021\/wp-json\/wp\/v2\/tags?post=53460"}],"curies":[{"name":"wp","href":"https:\/\/api.w.org\/{rel}","templated":true}]}}