{"id":53458,"date":"2021-03-07T19:01:55","date_gmt":"2021-03-07T22:01:55","guid":{"rendered":"http:\/\/www.noticiasradioreflejos.com.ar\/noticias\/?p=53458"},"modified":"2021-03-07T19:01:55","modified_gmt":"2021-03-07T22:01:55","slug":"espana-por-el-coronavirus-la-justicia-prohibio-las-manifestaciones-por-el-8m-en-madrid","status":"publish","type":"post","link":"https:\/\/www.noticiasradioreflejos.com.ar\/2021\/espana-por-el-coronavirus-la-justicia-prohibio-las-manifestaciones-por-el-8m-en-madrid\/","title":{"rendered":"Espa\u00f1a: por el coronavirus la Justicia prohibi\u00f3 las manifestaciones por el 8M en Madrid"},"content":{"rendered":"<p>Los magistrados rechazaron que su decisi\u00f3n implique \u201cdiscriminaci\u00f3n por raz\u00f3n de g\u00e9nero\u201d y subrayaron que \u201clos motivos b\u00e1sicos de denegaci\u00f3n de la concentraci\u00f3n se centran en razones de salud p\u00fablica\u201d.<!--more--><\/p>\n<div id=\"image\" class=\"image\"><img decoding=\"async\" title=\"El Tribunal Superior de Justicia de Madrid aleg\u00f3 alto riego de contagio\" src=\"https:\/\/www.telam.com.ar\/advf\/imagenes\/2021\/03\/60439fbc2bd96_1004x565.jpg\" alt=\"El Tribunal Superior de Justicia de Madrid aleg\u00f3 alto riego de contagio\" \/><\/p>\n<div class=\"epigrafe\">El Tribunal Superior de Justicia de Madrid aleg\u00f3 alto riego de contagio<\/div>\n<\/div>\n<p>El Tribunal Superior de Justicia de Madrid confirm\u00f3 la prohibici\u00f3n de todas las manifestaciones callejeras convocadas para este lunes para celebrar el D\u00eda de la Mujer, debido al \u201calto riesgo\u201d de contagio de coronavirus, inform\u00f3 la prensa local.<\/p>\n<p>El tribunal tom\u00f3 esa decisi\u00f3n en cinco resoluciones emitidas esta tarde que deniegan sendos recursos presentados por sindicatos y organizaciones feministas contra la prohibici\u00f3n dispuesta por la Delegaci\u00f3n de Gobierno en la capital de Espa\u00f1a, seg\u00fan el diario P\u00fablico.<\/p>\n<p>Los jueces entendieron que \u201cen las circunstancias actuales\u201d el ejercicio del derecho de reuni\u00f3n \u201centra en conflicto con bienes y valores constitucionales, como la salud p\u00fablica y, m\u00e1s concretamente, la salud, la integridad y la vida de las personas, que deben prevalecer frente a aquel\u201d.<\/p>\n<p>Los fallos respaldaron los argumentos de la Delegaci\u00f3n de Gobierno al entender que las marchas implican \u201cun grave riesgo para la salud p\u00fablica y para las personas, tanto para los propios manifestantes como para otras personas que pudieran tener accidentalmente contacto con ellos\u201d.<\/p>\n<p>Asimismo, el tribunal consider\u00f3 que en las convocatorias \u201cno se ofrecen medidas de seguridad concretas e id\u00f3neas para garantizar que durante la concentraci\u00f3n de los participantes se mantenga la distancia social m\u00ednimamente necesaria o para evitar que algunas personas lleguen a retirarse la mascarilla\u201d.<\/p>\n<p>Los magistrados rechazaron que su decisi\u00f3n implique \u201cdiscriminaci\u00f3n por raz\u00f3n de g\u00e9nero\u201d y subrayaron que \u201clos motivos b\u00e1sicos de denegaci\u00f3n de la concentraci\u00f3n se centran en razones de salud p\u00fablica\u201d.<\/p><\/div>\n<\/div>\n<\/div>\n<\/div>\n<\/div>\n","protected":false},"excerpt":{"rendered":"<p>Los magistrados rechazaron que su decisi\u00f3n implique \u201cdiscriminaci\u00f3n por raz\u00f3n de g\u00e9nero\u201d y subrayaron que \u201clos motivos b\u00e1sicos de denegaci\u00f3n de la concentraci\u00f3n se centran en razones de salud p\u00fablica\u201d.<\/p>\n","protected":false},"author":3,"featured_media":0,"comment_status":"closed","ping_status":"open","sticky":false,"template":"","format":"standard","meta":{"footnotes":""},"categories":[24,26],"tags":[],"class_list":["post-53458","post","type-post","status-publish","format-standard","hentry","category-politica","category-sociedad"],"yoast_head":"<!-- This site is optimized with the Yoast SEO plugin v25.9 - https:\/\/yoast.com\/wordpress\/plugins\/seo\/ -->\n<title>Espa\u00f1a: por el coronavirus la Justicia prohibi\u00f3 las manifestaciones por el 8M en Madrid - Noticias Radio Reflejos<\/title>\n<meta name=\"robots\" content=\"index, follow, max-snippet:-1, max-image-preview:large, max-video-preview:-1\" \/>\n<link rel=\"canonical\" href=\"https:\/\/www.noticiasradioreflejos.com.ar\/2021\/espana-por-el-coronavirus-la-justicia-prohibio-las-manifestaciones-por-el-8m-en-madrid\/\" \/>\n<meta property=\"og:locale\" content=\"es_ES\" \/>\n<meta property=\"og:type\" content=\"article\" \/>\n<meta property=\"og:title\" content=\"Espa\u00f1a: por el coronavirus la Justicia prohibi\u00f3 las manifestaciones por el 8M en Madrid - Noticias Radio Reflejos\" \/>\n<meta property=\"og:description\" content=\"Los magistrados rechazaron que su decisi\u00f3n implique \u201cdiscriminaci\u00f3n por raz\u00f3n de g\u00e9nero\u201d y subrayaron que \u201clos motivos b\u00e1sicos de denegaci\u00f3n de la concentraci\u00f3n se centran en razones de salud p\u00fablica\u201d.\" \/>\n<meta property=\"og:url\" content=\"https:\/\/www.noticiasradioreflejos.com.ar\/2021\/espana-por-el-coronavirus-la-justicia-prohibio-las-manifestaciones-por-el-8m-en-madrid\/\" \/>\n<meta property=\"og:site_name\" content=\"Noticias Radio Reflejos\" \/>\n<meta property=\"article:published_time\" content=\"2021-03-07T22:01:55+00:00\" \/>\n<meta property=\"og:image\" content=\"https:\/\/www.telam.com.ar\/advf\/imagenes\/2021\/03\/60439fbc2bd96_1004x565.jpg\" \/>\n<meta name=\"author\" content=\"Arnaldo Botto\" \/>\n<meta name=\"twitter:card\" content=\"summary_large_image\" \/>\n<script type=\"application\/ld+json\" class=\"yoast-schema-graph\">{\"@context\":\"https:\/\/schema.org\",\"@graph\":[{\"@type\":\"WebPage\",\"@id\":\"https:\/\/www.noticiasradioreflejos.com.ar\/2021\/espana-por-el-coronavirus-la-justicia-prohibio-las-manifestaciones-por-el-8m-en-madrid\/\",\"url\":\"https:\/\/www.noticiasradioreflejos.com.ar\/2021\/espana-por-el-coronavirus-la-justicia-prohibio-las-manifestaciones-por-el-8m-en-madrid\/\",\"name\":\"Espa\u00f1a: por el coronavirus la Justicia prohibi\u00f3 las manifestaciones por el 8M en Madrid - Noticias Radio Reflejos\",\"isPartOf\":{\"@id\":\"https:\/\/www.noticiasradioreflejos.com.ar\/2021\/#website\"},\"primaryImageOfPage\":{\"@id\":\"https:\/\/www.noticiasradioreflejos.com.ar\/2021\/espana-por-el-coronavirus-la-justicia-prohibio-las-manifestaciones-por-el-8m-en-madrid\/#primaryimage\"},\"image\":{\"@id\":\"https:\/\/www.noticiasradioreflejos.com.ar\/2021\/espana-por-el-coronavirus-la-justicia-prohibio-las-manifestaciones-por-el-8m-en-madrid\/#primaryimage\"},\"thumbnailUrl\":\"https:\/\/www.telam.com.ar\/advf\/imagenes\/2021\/03\/60439fbc2bd96_1004x565.jpg\",\"datePublished\":\"2021-03-07T22:01:55+00:00\",\"author\":{\"@id\":\"https:\/\/www.noticiasradioreflejos.com.ar\/2021\/#\/schema\/person\/ad82545263dcc5ec0996818884fd5fb1\"},\"breadcrumb\":{\"@id\":\"https:\/\/www.noticiasradioreflejos.com.ar\/2021\/espana-por-el-coronavirus-la-justicia-prohibio-las-manifestaciones-por-el-8m-en-madrid\/#breadcrumb\"},\"inLanguage\":\"es\",\"potentialAction\":[{\"@type\":\"ReadAction\",\"target\":[\"https:\/\/www.noticiasradioreflejos.com.ar\/2021\/espana-por-el-coronavirus-la-justicia-prohibio-las-manifestaciones-por-el-8m-en-madrid\/\"]}]},{\"@type\":\"ImageObject\",\"inLanguage\":\"es\",\"@id\":\"https:\/\/www.noticiasradioreflejos.com.ar\/2021\/espana-por-el-coronavirus-la-justicia-prohibio-las-manifestaciones-por-el-8m-en-madrid\/#primaryimage\",\"url\":\"https:\/\/www.telam.com.ar\/advf\/imagenes\/2021\/03\/60439fbc2bd96_1004x565.jpg\",\"contentUrl\":\"https:\/\/www.telam.com.ar\/advf\/imagenes\/2021\/03\/60439fbc2bd96_1004x565.jpg\"},{\"@type\":\"BreadcrumbList\",\"@id\":\"https:\/\/www.noticiasradioreflejos.com.ar\/2021\/espana-por-el-coronavirus-la-justicia-prohibio-las-manifestaciones-por-el-8m-en-madrid\/#breadcrumb\",\"itemListElement\":[{\"@type\":\"ListItem\",\"position\":1,\"name\":\"Portada\",\"item\":\"https:\/\/www.noticiasradioreflejos.com.ar\/2021\/\"},{\"@type\":\"ListItem\",\"position\":2,\"name\":\"Espa\u00f1a: por el coronavirus la Justicia prohibi\u00f3 las manifestaciones por el 8M en Madrid\"}]},{\"@type\":\"WebSite\",\"@id\":\"https:\/\/www.noticiasradioreflejos.com.ar\/2021\/#website\",\"url\":\"https:\/\/www.noticiasradioreflejos.com.ar\/2021\/\",\"name\":\"Noticias Radio Reflejos\",\"description\":\"Las noticias de mi comarca\",\"potentialAction\":[{\"@type\":\"SearchAction\",\"target\":{\"@type\":\"EntryPoint\",\"urlTemplate\":\"https:\/\/www.noticiasradioreflejos.com.ar\/2021\/?s={search_term_string}\"},\"query-input\":{\"@type\":\"PropertyValueSpecification\",\"valueRequired\":true,\"valueName\":\"search_term_string\"}}],\"inLanguage\":\"es\"},{\"@type\":\"Person\",\"@id\":\"https:\/\/www.noticiasradioreflejos.com.ar\/2021\/#\/schema\/person\/ad82545263dcc5ec0996818884fd5fb1\",\"name\":\"Arnaldo Botto\",\"image\":{\"@type\":\"ImageObject\",\"inLanguage\":\"es\",\"@id\":\"https:\/\/www.noticiasradioreflejos.com.ar\/2021\/#\/schema\/person\/image\/\",\"url\":\"https:\/\/secure.gravatar.com\/avatar\/55cb5e37c1efa326397366e6974cb338056df65cb50e7d64d1cf314e87504837?s=96&d=mm&r=g\",\"contentUrl\":\"https:\/\/secure.gravatar.com\/avatar\/55cb5e37c1efa326397366e6974cb338056df65cb50e7d64d1cf314e87504837?s=96&d=mm&r=g\",\"caption\":\"Arnaldo Botto\"},\"url\":\"https:\/\/www.noticiasradioreflejos.com.ar\/2021\/author\/arnaldo\/\"}]}<\/script>\n<!-- \/ Yoast SEO plugin. -->","yoast_head_json":{"title":"Espa\u00f1a: por el coronavirus la Justicia prohibi\u00f3 las manifestaciones por el 8M en Madrid - Noticias Radio Reflejos","robots":{"index":"index","follow":"follow","max-snippet":"max-snippet:-1","max-image-preview":"max-image-preview:large","max-video-preview":"max-video-preview:-1"},"canonical":"https:\/\/www.noticiasradioreflejos.com.ar\/2021\/espana-por-el-coronavirus-la-justicia-prohibio-las-manifestaciones-por-el-8m-en-madrid\/","og_locale":"es_ES","og_type":"article","og_title":"Espa\u00f1a: por el coronavirus la Justicia prohibi\u00f3 las manifestaciones por el 8M en Madrid - Noticias Radio Reflejos","og_description":"Los magistrados rechazaron que su decisi\u00f3n implique \u201cdiscriminaci\u00f3n por raz\u00f3n de g\u00e9nero\u201d y subrayaron que \u201clos motivos b\u00e1sicos de denegaci\u00f3n de la concentraci\u00f3n se centran en razones de salud p\u00fablica\u201d.","og_url":"https:\/\/www.noticiasradioreflejos.com.ar\/2021\/espana-por-el-coronavirus-la-justicia-prohibio-las-manifestaciones-por-el-8m-en-madrid\/","og_site_name":"Noticias Radio Reflejos","article_published_time":"2021-03-07T22:01:55+00:00","og_image":[{"url":"https:\/\/www.telam.com.ar\/advf\/imagenes\/2021\/03\/60439fbc2bd96_1004x565.jpg","type":"","width":"","height":""}],"author":"Arnaldo Botto","twitter_card":"summary_large_image","schema":{"@context":"https:\/\/schema.org","@graph":[{"@type":"WebPage","@id":"https:\/\/www.noticiasradioreflejos.com.ar\/2021\/espana-por-el-coronavirus-la-justicia-prohibio-las-manifestaciones-por-el-8m-en-madrid\/","url":"https:\/\/www.noticiasradioreflejos.com.ar\/2021\/espana-por-el-coronavirus-la-justicia-prohibio-las-manifestaciones-por-el-8m-en-madrid\/","name":"Espa\u00f1a: por el coronavirus la Justicia prohibi\u00f3 las manifestaciones por el 8M en Madrid - Noticias Radio Reflejos","isPartOf":{"@id":"https:\/\/www.noticiasradioreflejos.com.ar\/2021\/#website"},"primaryImageOfPage":{"@id":"https:\/\/www.noticiasradioreflejos.com.ar\/2021\/espana-por-el-coronavirus-la-justicia-prohibio-las-manifestaciones-por-el-8m-en-madrid\/#primaryimage"},"image":{"@id":"https:\/\/www.noticiasradioreflejos.com.ar\/2021\/espana-por-el-coronavirus-la-justicia-prohibio-las-manifestaciones-por-el-8m-en-madrid\/#primaryimage"},"thumbnailUrl":"https:\/\/www.telam.com.ar\/advf\/imagenes\/2021\/03\/60439fbc2bd96_1004x565.jpg","datePublished":"2021-03-07T22:01:55+00:00","author":{"@id":"https:\/\/www.noticiasradioreflejos.com.ar\/2021\/#\/schema\/person\/ad82545263dcc5ec0996818884fd5fb1"},"breadcrumb":{"@id":"https:\/\/www.noticiasradioreflejos.com.ar\/2021\/espana-por-el-coronavirus-la-justicia-prohibio-las-manifestaciones-por-el-8m-en-madrid\/#breadcrumb"},"inLanguage":"es","potentialAction":[{"@type":"ReadAction","target":["https:\/\/www.noticiasradioreflejos.com.ar\/2021\/espana-por-el-coronavirus-la-justicia-prohibio-las-manifestaciones-por-el-8m-en-madrid\/"]}]},{"@type":"ImageObject","inLanguage":"es","@id":"https:\/\/www.noticiasradioreflejos.com.ar\/2021\/espana-por-el-coronavirus-la-justicia-prohibio-las-manifestaciones-por-el-8m-en-madrid\/#primaryimage","url":"https:\/\/www.telam.com.ar\/advf\/imagenes\/2021\/03\/60439fbc2bd96_1004x565.jpg","contentUrl":"https:\/\/www.telam.com.ar\/advf\/imagenes\/2021\/03\/60439fbc2bd96_1004x565.jpg"},{"@type":"BreadcrumbList","@id":"https:\/\/www.noticiasradioreflejos.com.ar\/2021\/espana-por-el-coronavirus-la-justicia-prohibio-las-manifestaciones-por-el-8m-en-madrid\/#breadcrumb","itemListElement":[{"@type":"ListItem","position":1,"name":"Portada","item":"https:\/\/www.noticiasradioreflejos.com.ar\/2021\/"},{"@type":"ListItem","position":2,"name":"Espa\u00f1a: por el coronavirus la Justicia prohibi\u00f3 las manifestaciones por el 8M en Madrid"}]},{"@type":"WebSite","@id":"https:\/\/www.noticiasradioreflejos.com.ar\/2021\/#website","url":"https:\/\/www.noticiasradioreflejos.com.ar\/2021\/","name":"Noticias Radio Reflejos","description":"Las noticias de mi comarca","potentialAction":[{"@type":"SearchAction","target":{"@type":"EntryPoint","urlTemplate":"https:\/\/www.noticiasradioreflejos.com.ar\/2021\/?s={search_term_string}"},"query-input":{"@type":"PropertyValueSpecification","valueRequired":true,"valueName":"search_term_string"}}],"inLanguage":"es"},{"@type":"Person","@id":"https:\/\/www.noticiasradioreflejos.com.ar\/2021\/#\/schema\/person\/ad82545263dcc5ec0996818884fd5fb1","name":"Arnaldo Botto","image":{"@type":"ImageObject","inLanguage":"es","@id":"https:\/\/www.noticiasradioreflejos.com.ar\/2021\/#\/schema\/person\/image\/","url":"https:\/\/secure.gravatar.com\/avatar\/55cb5e37c1efa326397366e6974cb338056df65cb50e7d64d1cf314e87504837?s=96&d=mm&r=g","contentUrl":"https:\/\/secure.gravatar.com\/avatar\/55cb5e37c1efa326397366e6974cb338056df65cb50e7d64d1cf314e87504837?s=96&d=mm&r=g","caption":"Arnaldo Botto"},"url":"https:\/\/www.noticiasradioreflejos.com.ar\/2021\/author\/arnaldo\/"}]}},"_links":{"self":[{"href":"https:\/\/www.noticiasradioreflejos.com.ar\/2021\/wp-json\/wp\/v2\/posts\/53458","targetHints":{"allow":["GET"]}}],"collection":[{"href":"https:\/\/www.noticiasradioreflejos.com.ar\/2021\/wp-json\/wp\/v2\/posts"}],"about":[{"href":"https:\/\/www.noticiasradioreflejos.com.ar\/2021\/wp-json\/wp\/v2\/types\/post"}],"author":[{"embeddable":true,"href":"https:\/\/www.noticiasradioreflejos.com.ar\/2021\/wp-json\/wp\/v2\/users\/3"}],"replies":[{"embeddable":true,"href":"https:\/\/www.noticiasradioreflejos.com.ar\/2021\/wp-json\/wp\/v2\/comments?post=53458"}],"version-history":[{"count":0,"href":"https:\/\/www.noticiasradioreflejos.com.ar\/2021\/wp-json\/wp\/v2\/posts\/53458\/revisions"}],"wp:attachment":[{"href":"https:\/\/www.noticiasradioreflejos.com.ar\/2021\/wp-json\/wp\/v2\/media?parent=53458"}],"wp:term":[{"taxonomy":"category","embeddable":true,"href":"https:\/\/www.noticiasradioreflejos.com.ar\/2021\/wp-json\/wp\/v2\/categories?post=53458"},{"taxonomy":"post_tag","embeddable":true,"href":"https:\/\/www.noticiasradioreflejos.com.ar\/2021\/wp-json\/wp\/v2\/tags?post=53458"}],"curies":[{"name":"wp","href":"https:\/\/api.w.org\/{rel}","templated":true}]}}