{"id":53455,"date":"2021-03-07T19:00:15","date_gmt":"2021-03-07T22:00:15","guid":{"rendered":"http:\/\/www.noticiasradioreflejos.com.ar\/noticias\/?p=53455"},"modified":"2021-03-07T19:00:15","modified_gmt":"2021-03-07T22:00:15","slug":"el-papa-se-despidio-de-irak-con-mensajes-contra-el-terrorismo-y-por-una-reconstruccion-sin-venganza","status":"publish","type":"post","link":"https:\/\/www.noticiasradioreflejos.com.ar\/2021\/el-papa-se-despidio-de-irak-con-mensajes-contra-el-terrorismo-y-por-una-reconstruccion-sin-venganza\/","title":{"rendered":"El Papa se despidi\u00f3 de Irak con mensajes contra el terrorismo y por una reconstrucci\u00f3n sin venganza"},"content":{"rendered":"<p>\u00abResistir a la tentaci\u00f3n de la venganza\u00bb y decir \u00abno al terrorismo y a la instrumentalizaci\u00f3n de la religi\u00f3n\u00bb para hacer la guerra: los mensajes con los que Francisco culmin\u00f3 su gira por Irak.<!--more--><\/p>\n<div class=\"main-content-block\">\n<div class=\"main-box clearfix\">\n<div class=\"wrapper-main-section clearfix\">\n<div class=\"wrapper-editable-content\">\n<div class=\"editable-content clearfix\">\n<p>En el tercer y \u00faltimo d\u00eda de su hist\u00f3rico viaje a Irak, el papa Francisco envi\u00f3 dos mensajes centrales para la pacificaci\u00f3n y reconstrucci\u00f3n del convulsionado pa\u00eds de Medio Oriente: \u00abresistir a la tentaci\u00f3n de la venganza\u00bb y decir \u00abno al terrorismo y a la instrumentalizaci\u00f3n de la religi\u00f3n\u00bb para hacer la guerra.<\/p>\n<p>El Papa, quien ignor\u00f3 todas las advertencias por la suba de casos de coronavirus y la escalada de atentados en las \u00faltimas semanas, cerr\u00f3 la primera visita de un pont\u00edfice en la historia del pa\u00eds, con un llamado a una \u00abreconstrucci\u00f3n\u00bb que tenga en cuenta a las minor\u00edas, especialmente a la diezmada poblaci\u00f3n cristiana, y que evite la \u00abtentaci\u00f3n de responder\u00bb a los ataques sufridos por el pa\u00eds a manos de potencias extranjeras y conflictos internos.<\/p>\n<p>En una recorrida por dos de las ciudades m\u00e1s golpeadas por la milicia del Estado Isl\u00e1mico, Mosul y Qaraqosh, el pont\u00edfice mostr\u00f3 su m\u00e1s en\u00e9rgico rechazo al fundamentalismo y convoc\u00f3 a una uni\u00f3n nacional contra la violencia, adem\u00e1s de llevar consuelo a las comunidades cristianas que fueron expulsadas de sus territorios y lentamente reconstruyen sus casas y sus vidas en el norte y oeste del pa\u00eds.<\/p>\n<p><strong>\u00abJunto con todas las personas de buena voluntad, decimos no al terrorismo y a la instrumentalizaci\u00f3n de la religi\u00f3n\u00bb<\/strong>, inst\u00f3 el Papa al hablar desde una Iglesia de Qaraqosh quemada en 2014 por el grupo extremista y hoy colmada de fieles para expresar su gratitud a Francisco por una visita que, ans\u00edan, pueda ser un nuevo punto de partida la comunidad.<\/p>\n<p><strong>\u00abCon mucha tristeza, miramos a nuestro alrededor y percibimos otros signos, los signos del poder destructivo de la violencia, del odio y de la guerra. Cu\u00e1ntas cosas han sido destruidas. Y cu\u00e1nto debe ser reconstruido\u00bb<\/strong>, lament\u00f3 en la iglesia de la Inmaculada Concepci\u00f3n, la m\u00e1s grande del pa\u00eds, uno de los blancos del EI.<\/p>\n<div id=\"image\" class=\"image\">\n<p><img decoding=\"async\" title=\"Francisco hizo un llamado a resistir a la tentaci\u00f3n de la venganza&quot;.\" src=\"https:\/\/www.telam.com.ar\/advf\/imagenes\/2021\/03\/6043621b60476_1004x565.jpg\" alt=\"Francisco hizo un llamado a resistir a la tentaci\u00f3n de la venganza&quot;.\" \/><\/p>\n<div class=\"epigrafe\">Francisco hizo un llamado a resistir a la tentaci\u00f3n de la venganza\u00bb.<\/div>\n<\/div>\n<p>\u00abNuestro encuentro demuestra que el terrorismo y la muerte nunca tienen la \u00faltima palabra\u00bb, sostuvo el Papa de frente a la comunidad cristiana local, que representaba a cerca del 90% de la poblaci\u00f3n en esa ciudad, y que lentamente regresa tras el per\u00edodo de expulsi\u00f3n sufrido durante la ocupaci\u00f3n del EI.<\/p>\n<p>Entre quienes lo escuchaban estaba el profesor de matem\u00e1ticas Mounir Jibrahil, de 61 a\u00f1os, quien dej\u00f3 Qaraqosh para ir a Erbil durante el llamado califato isl\u00e1mico y luego regres\u00f3.<\/p>\n<p>\u00abAhora es m\u00e1s seguro aqu\u00ed\u00bb, plante\u00f3, tras contar con orgullo como pudo rehacer su casa el a\u00f1o pasado, tras la destrucci\u00f3n sufrida a manos de la milicia.\u00bbEs muy bueno ver al Papa, nunca pensamos que fuer a a venir aqu\u00ed. Quiz\u00e1s ayude a reconstruir el pa\u00eds, y finalmente traiga amor y paz\u00bb, dese\u00f3.<\/p>\n<p>En esa l\u00ednea habl\u00f3 tambi\u00e9n Francisco.<\/p>\n<p><strong>\u00abEl camino hacia una recuperaci\u00f3n total podr\u00eda ser todav\u00eda largo pero les pido, por favor, que no se desanimen. Se necesita capacidad de perdonar y, al mismo tiempo, valent\u00eda para luchar. S\u00e9 que esto es muy dif\u00edcil\u00bb<\/strong>, reconoci\u00f3.<\/p>\n<p>Desde Qaraqosh, pidi\u00f3 al pa\u00eds un esfuerzo para \u00abconstruir un futuro de unidad y colaboraci\u00f3n entre todas las personas de buena voluntad\u00bb.<\/p>\n<div id=\"image\" class=\"image\">\n<p><img decoding=\"async\" title=\"En su viaje, Francisco se reuni\u00f3 con el gran ayatollah Ali al-Sistani.\" src=\"https:\/\/www.telam.com.ar\/advf\/imagenes\/2021\/03\/604361a57c68f_1004x565.jpg\" alt=\"En su viaje, Francisco se reuni\u00f3 con el gran ayatollah Ali al-Sistani.\" \/><\/p>\n<div class=\"epigrafe\">En su viaje, Francisco se reuni\u00f3 con el gran ayatollah Ali al-Sistani.<\/div>\n<\/div>\n<p>Antes de visitar esa ciudad, Francisco fue a Mosul, en el norte del pa\u00eds.Esta ciudad es el s\u00edmbolo del avance del EI ya que desde all\u00ed la milicia anunci\u00f3 la creaci\u00f3n de su califato en 2014, en gran parte de Siria e Irak.<\/p>\n<p>Casi siete a\u00f1os despu\u00e9s, en ese mismo lugar, Francisco afirm\u00f3 que \u00abno es l\u00edcito\u00bb matar y hacer la guerra \u00aben nombre de Dios\u00bb.<\/p>\n<p>\u00abAqu\u00ed en Mosul las tr\u00e1gicas consecuencias de la guerra y de la hostilidad son demasiado evidentes\u00bb, denunci\u00f3 el Papa desde la denominada \u00abPlaza de las cuatro Iglesias\u00bb, que reun\u00eda a cuatro Iglesias de diversas ramas del cristianismo, una cat\u00f3lica sir\u00edaca, una ortodoxa sir\u00edaca, una ortodoxa armenia y una cat\u00f3lica caldea, atacadas por el Estado Isl\u00e1mico.<\/p>\n<p>Durante el denominado califato isl\u00e1mico, partes de las iglesias cristianas fueron usadas como edificios de administraci\u00f3n, c\u00e1rceles y tribunales.De acuerdo al Vaticano,<strong>\u00a0medio mill\u00f3n de personas, entre ellos m\u00e1s de 120.000 cristianos, escaparon de Mosul durante el califato del EI, reduciendo casi a la mitad la poblaci\u00f3n que en 2004 era de 1.846.500 habitantes.<\/strong><\/p>\n<p>En su mensaje, Francisco invit\u00f3 \u00aba la comunidad cristiana a regresar a Mosul y a asumir el papel vital que le es propio en el proceso de sanaci\u00f3n y renovaci\u00f3n\u00bb. En ese marco, Jorge Bergoglio, acompa\u00f1ado por un enviado de T\u00e9lam en su recorrida por Irak, lament\u00f3 que \u00abla tr\u00e1gica disminuci\u00f3n de los disc\u00edpulos de Cristo, aqu\u00ed y en todo Oriente Medio, es un da\u00f1o incalculable no s\u00f3lo para las personas y las comunidades afectadas, sino para la misma sociedad que dejan atr\u00e1s\u00bb.<\/p>\n<p>El tercer y \u00faltimo d\u00eda de su visita en Irak culmin\u00f3 con una misa al aire libre en Erbil, capital del Kurdist\u00e1n iraqu\u00ed, la \u00fanica masiva que ofici\u00f3 por la pandemia.<\/p>\n<div id=\"image\" class=\"image\">\n<p><img decoding=\"async\" title=\"A los fieles que lo acompa\u00f1aron les pidi\u00f3 que &quot;trabajen juntos en unidad por un futuro de paz y prosperidad que no discrimine ni deje atr\u00e1s a nadie\u201d.\" src=\"https:\/\/www.telam.com.ar\/advf\/imagenes\/2021\/03\/6044b6bf7c673_1004x565.jpg\" alt=\"A los fieles que lo acompa\u00f1aron les pidi\u00f3 que &quot;trabajen juntos en unidad por un futuro de paz y prosperidad que no discrimine ni deje atr\u00e1s a nadie\u201d.\" \/><\/p>\n<div class=\"epigrafe\">A los fieles que lo acompa\u00f1aron les pidi\u00f3 que \u00abtrabajen juntos en unidad por un futuro de paz y prosperidad que no discrimine ni deje atr\u00e1s a nadie\u201d.<\/div>\n<\/div>\n<p>Desde ese escenario, pidi\u00f3 \u00abresistir a la tentaci\u00f3n de la venganza\u00bb, un mensaje clave en un pa\u00eds que en las d\u00e9cadas vivi\u00f3 varias invasiones y guerras internacionales, vio nacer milicias extremistas que cometieron atrocidades y sigue preso de un clima de violencia con atentados y mucha tensi\u00f3n pol\u00edtico-religiosa.<\/p>\n<p>\u00abAqu\u00ed en Irak, cu\u00e1ntos de sus hermanos y hermanas, amigos y conciudadanos llevan las heridas de la guerra y de la violencia, heridas visibles e invisibles\u00bb, plante\u00f3 en la homil\u00eda.<\/p>\n<p>\u00abLa tentaci\u00f3n es responder a estos y a otros hechos dolorosos con una fuerza humana, con una sabidur\u00eda humana\u00bb, advirti\u00f3 el Papa, de 84 a\u00f1os, y que recorri\u00f3 el Norte, el Sur y la capital del pa\u00eds en apenas tres d\u00edas.<\/p>\n<p>Si bien el pont\u00edfice se refiri\u00f3 directamente a Irak, v\u00edctima de la invasi\u00f3n estadounidense de 2003 y la posterior ocupaci\u00f3n que a\u00fan hoy persiste en menor medida contin\u00faa con cerca de 2.500 soldados de la coalici\u00f3n de la OTAN, las palabras de Francisco tambi\u00e9n pudieron ser interpretadas como una se\u00f1al hacia el pueblo kurdo, la minor\u00eda sin Estado propio m\u00e1s numerosa de Medio Oriente.<\/p>\n<p>Tras a\u00f1os de buscar su independencia, los kurdos, la minor\u00eda \u00e9tnica m\u00e1s grande de Irak, vot\u00f3 en 2017 para hacer efectiva su independencia, pero la Corte Suprema iraqu\u00ed rechaz\u00f3 el resultado por considerarlo inconstitucional. Luego, los kurdos de Siria, uno de los pa\u00edses en los que est\u00e1n presentes adem\u00e1s de Irak, Ir\u00e1n y Turqu\u00eda, sufrieron un ataque de parte del Gobierno turco y los despoj\u00f3 de una franja del territorio que reivindicaban.<\/p>\n<p>En ese marco, el pont\u00edfice pidi\u00f3 a los fieles que lo acompa\u00f1aron que \u00abtrabajen juntos en unidad por un futuro de paz y prosperidad que no discrimine ni deje atr\u00e1s a nadie\u201d.<\/p>\n<p>\u00abSaludo de coraz\u00f3n en particular al querido pueblo kurdo\u00bb, plante\u00f3 al finalizar la misa y concluir un viaje que se convertir\u00e1 en uno de los emblemas de su pontificado con una promesa: \u00abIrak permanecer\u00e1 siempre conmigo, en mi coraz\u00f3n\u00bb.<\/p>\n<\/div>\n<h4>Por Hern\u00e1n Reyes Alcaide<\/h4>\n<div class=\"addthis_custom_sharing\">\u00a0<strong>Enviado especial de TELAM<\/strong><\/div>\n<\/div>\n<\/div>\n<\/div>\n<\/div>\n","protected":false},"excerpt":{"rendered":"<p>\u00abResistir a la tentaci\u00f3n de la venganza\u00bb y decir \u00abno al terrorismo y a la instrumentalizaci\u00f3n de la religi\u00f3n\u00bb para hacer la guerra: los mensajes con los que Francisco culmin\u00f3 su gira por Irak.<\/p>\n","protected":false},"author":3,"featured_media":0,"comment_status":"closed","ping_status":"open","sticky":false,"template":"","format":"standard","meta":{"footnotes":""},"categories":[24,26],"tags":[],"class_list":["post-53455","post","type-post","status-publish","format-standard","hentry","category-politica","category-sociedad"],"yoast_head":"<!-- This site is optimized with the Yoast SEO plugin v25.9 - https:\/\/yoast.com\/wordpress\/plugins\/seo\/ -->\n<title>El Papa se despidi\u00f3 de Irak con mensajes contra el terrorismo y por una reconstrucci\u00f3n sin venganza - Noticias Radio Reflejos<\/title>\n<meta name=\"robots\" content=\"index, follow, max-snippet:-1, max-image-preview:large, max-video-preview:-1\" \/>\n<link rel=\"canonical\" href=\"https:\/\/www.noticiasradioreflejos.com.ar\/2021\/el-papa-se-despidio-de-irak-con-mensajes-contra-el-terrorismo-y-por-una-reconstruccion-sin-venganza\/\" \/>\n<meta property=\"og:locale\" content=\"es_ES\" \/>\n<meta property=\"og:type\" content=\"article\" \/>\n<meta property=\"og:title\" content=\"El Papa se despidi\u00f3 de Irak con mensajes contra el terrorismo y por una reconstrucci\u00f3n sin venganza - Noticias Radio Reflejos\" \/>\n<meta property=\"og:description\" content=\"\u00abResistir a la tentaci\u00f3n de la venganza\u00bb y decir \u00abno al terrorismo y a la instrumentalizaci\u00f3n de la religi\u00f3n\u00bb para hacer la guerra: los mensajes con los que Francisco culmin\u00f3 su gira por Irak.\" \/>\n<meta property=\"og:url\" content=\"https:\/\/www.noticiasradioreflejos.com.ar\/2021\/el-papa-se-despidio-de-irak-con-mensajes-contra-el-terrorismo-y-por-una-reconstruccion-sin-venganza\/\" \/>\n<meta property=\"og:site_name\" content=\"Noticias Radio Reflejos\" \/>\n<meta property=\"article:published_time\" content=\"2021-03-07T22:00:15+00:00\" \/>\n<meta property=\"og:image\" content=\"https:\/\/www.telam.com.ar\/advf\/imagenes\/2021\/03\/6043621b60476_1004x565.jpg\" \/>\n<meta name=\"author\" content=\"Arnaldo Botto\" \/>\n<meta name=\"twitter:card\" content=\"summary_large_image\" \/>\n<script type=\"application\/ld+json\" class=\"yoast-schema-graph\">{\"@context\":\"https:\/\/schema.org\",\"@graph\":[{\"@type\":\"WebPage\",\"@id\":\"https:\/\/www.noticiasradioreflejos.com.ar\/2021\/el-papa-se-despidio-de-irak-con-mensajes-contra-el-terrorismo-y-por-una-reconstruccion-sin-venganza\/\",\"url\":\"https:\/\/www.noticiasradioreflejos.com.ar\/2021\/el-papa-se-despidio-de-irak-con-mensajes-contra-el-terrorismo-y-por-una-reconstruccion-sin-venganza\/\",\"name\":\"El Papa se despidi\u00f3 de Irak con mensajes contra el terrorismo y por una reconstrucci\u00f3n sin venganza - Noticias Radio Reflejos\",\"isPartOf\":{\"@id\":\"https:\/\/www.noticiasradioreflejos.com.ar\/2021\/#website\"},\"primaryImageOfPage\":{\"@id\":\"https:\/\/www.noticiasradioreflejos.com.ar\/2021\/el-papa-se-despidio-de-irak-con-mensajes-contra-el-terrorismo-y-por-una-reconstruccion-sin-venganza\/#primaryimage\"},\"image\":{\"@id\":\"https:\/\/www.noticiasradioreflejos.com.ar\/2021\/el-papa-se-despidio-de-irak-con-mensajes-contra-el-terrorismo-y-por-una-reconstruccion-sin-venganza\/#primaryimage\"},\"thumbnailUrl\":\"https:\/\/www.telam.com.ar\/advf\/imagenes\/2021\/03\/6043621b60476_1004x565.jpg\",\"datePublished\":\"2021-03-07T22:00:15+00:00\",\"author\":{\"@id\":\"https:\/\/www.noticiasradioreflejos.com.ar\/2021\/#\/schema\/person\/ad82545263dcc5ec0996818884fd5fb1\"},\"breadcrumb\":{\"@id\":\"https:\/\/www.noticiasradioreflejos.com.ar\/2021\/el-papa-se-despidio-de-irak-con-mensajes-contra-el-terrorismo-y-por-una-reconstruccion-sin-venganza\/#breadcrumb\"},\"inLanguage\":\"es\",\"potentialAction\":[{\"@type\":\"ReadAction\",\"target\":[\"https:\/\/www.noticiasradioreflejos.com.ar\/2021\/el-papa-se-despidio-de-irak-con-mensajes-contra-el-terrorismo-y-por-una-reconstruccion-sin-venganza\/\"]}]},{\"@type\":\"ImageObject\",\"inLanguage\":\"es\",\"@id\":\"https:\/\/www.noticiasradioreflejos.com.ar\/2021\/el-papa-se-despidio-de-irak-con-mensajes-contra-el-terrorismo-y-por-una-reconstruccion-sin-venganza\/#primaryimage\",\"url\":\"https:\/\/www.telam.com.ar\/advf\/imagenes\/2021\/03\/6043621b60476_1004x565.jpg\",\"contentUrl\":\"https:\/\/www.telam.com.ar\/advf\/imagenes\/2021\/03\/6043621b60476_1004x565.jpg\"},{\"@type\":\"BreadcrumbList\",\"@id\":\"https:\/\/www.noticiasradioreflejos.com.ar\/2021\/el-papa-se-despidio-de-irak-con-mensajes-contra-el-terrorismo-y-por-una-reconstruccion-sin-venganza\/#breadcrumb\",\"itemListElement\":[{\"@type\":\"ListItem\",\"position\":1,\"name\":\"Portada\",\"item\":\"https:\/\/www.noticiasradioreflejos.com.ar\/2021\/\"},{\"@type\":\"ListItem\",\"position\":2,\"name\":\"El Papa se despidi\u00f3 de Irak con mensajes contra el terrorismo y por una reconstrucci\u00f3n sin venganza\"}]},{\"@type\":\"WebSite\",\"@id\":\"https:\/\/www.noticiasradioreflejos.com.ar\/2021\/#website\",\"url\":\"https:\/\/www.noticiasradioreflejos.com.ar\/2021\/\",\"name\":\"Noticias Radio Reflejos\",\"description\":\"Las noticias de mi comarca\",\"potentialAction\":[{\"@type\":\"SearchAction\",\"target\":{\"@type\":\"EntryPoint\",\"urlTemplate\":\"https:\/\/www.noticiasradioreflejos.com.ar\/2021\/?s={search_term_string}\"},\"query-input\":{\"@type\":\"PropertyValueSpecification\",\"valueRequired\":true,\"valueName\":\"search_term_string\"}}],\"inLanguage\":\"es\"},{\"@type\":\"Person\",\"@id\":\"https:\/\/www.noticiasradioreflejos.com.ar\/2021\/#\/schema\/person\/ad82545263dcc5ec0996818884fd5fb1\",\"name\":\"Arnaldo Botto\",\"image\":{\"@type\":\"ImageObject\",\"inLanguage\":\"es\",\"@id\":\"https:\/\/www.noticiasradioreflejos.com.ar\/2021\/#\/schema\/person\/image\/\",\"url\":\"https:\/\/secure.gravatar.com\/avatar\/55cb5e37c1efa326397366e6974cb338056df65cb50e7d64d1cf314e87504837?s=96&d=mm&r=g\",\"contentUrl\":\"https:\/\/secure.gravatar.com\/avatar\/55cb5e37c1efa326397366e6974cb338056df65cb50e7d64d1cf314e87504837?s=96&d=mm&r=g\",\"caption\":\"Arnaldo Botto\"},\"url\":\"https:\/\/www.noticiasradioreflejos.com.ar\/2021\/author\/arnaldo\/\"}]}<\/script>\n<!-- \/ Yoast SEO plugin. -->","yoast_head_json":{"title":"El Papa se despidi\u00f3 de Irak con mensajes contra el terrorismo y por una reconstrucci\u00f3n sin venganza - Noticias Radio Reflejos","robots":{"index":"index","follow":"follow","max-snippet":"max-snippet:-1","max-image-preview":"max-image-preview:large","max-video-preview":"max-video-preview:-1"},"canonical":"https:\/\/www.noticiasradioreflejos.com.ar\/2021\/el-papa-se-despidio-de-irak-con-mensajes-contra-el-terrorismo-y-por-una-reconstruccion-sin-venganza\/","og_locale":"es_ES","og_type":"article","og_title":"El Papa se despidi\u00f3 de Irak con mensajes contra el terrorismo y por una reconstrucci\u00f3n sin venganza - Noticias Radio Reflejos","og_description":"\u00abResistir a la tentaci\u00f3n de la venganza\u00bb y decir \u00abno al terrorismo y a la instrumentalizaci\u00f3n de la religi\u00f3n\u00bb para hacer la guerra: los mensajes con los que Francisco culmin\u00f3 su gira por Irak.","og_url":"https:\/\/www.noticiasradioreflejos.com.ar\/2021\/el-papa-se-despidio-de-irak-con-mensajes-contra-el-terrorismo-y-por-una-reconstruccion-sin-venganza\/","og_site_name":"Noticias Radio Reflejos","article_published_time":"2021-03-07T22:00:15+00:00","og_image":[{"url":"https:\/\/www.telam.com.ar\/advf\/imagenes\/2021\/03\/6043621b60476_1004x565.jpg","type":"","width":"","height":""}],"author":"Arnaldo Botto","twitter_card":"summary_large_image","schema":{"@context":"https:\/\/schema.org","@graph":[{"@type":"WebPage","@id":"https:\/\/www.noticiasradioreflejos.com.ar\/2021\/el-papa-se-despidio-de-irak-con-mensajes-contra-el-terrorismo-y-por-una-reconstruccion-sin-venganza\/","url":"https:\/\/www.noticiasradioreflejos.com.ar\/2021\/el-papa-se-despidio-de-irak-con-mensajes-contra-el-terrorismo-y-por-una-reconstruccion-sin-venganza\/","name":"El Papa se despidi\u00f3 de Irak con mensajes contra el terrorismo y por una reconstrucci\u00f3n sin venganza - Noticias Radio Reflejos","isPartOf":{"@id":"https:\/\/www.noticiasradioreflejos.com.ar\/2021\/#website"},"primaryImageOfPage":{"@id":"https:\/\/www.noticiasradioreflejos.com.ar\/2021\/el-papa-se-despidio-de-irak-con-mensajes-contra-el-terrorismo-y-por-una-reconstruccion-sin-venganza\/#primaryimage"},"image":{"@id":"https:\/\/www.noticiasradioreflejos.com.ar\/2021\/el-papa-se-despidio-de-irak-con-mensajes-contra-el-terrorismo-y-por-una-reconstruccion-sin-venganza\/#primaryimage"},"thumbnailUrl":"https:\/\/www.telam.com.ar\/advf\/imagenes\/2021\/03\/6043621b60476_1004x565.jpg","datePublished":"2021-03-07T22:00:15+00:00","author":{"@id":"https:\/\/www.noticiasradioreflejos.com.ar\/2021\/#\/schema\/person\/ad82545263dcc5ec0996818884fd5fb1"},"breadcrumb":{"@id":"https:\/\/www.noticiasradioreflejos.com.ar\/2021\/el-papa-se-despidio-de-irak-con-mensajes-contra-el-terrorismo-y-por-una-reconstruccion-sin-venganza\/#breadcrumb"},"inLanguage":"es","potentialAction":[{"@type":"ReadAction","target":["https:\/\/www.noticiasradioreflejos.com.ar\/2021\/el-papa-se-despidio-de-irak-con-mensajes-contra-el-terrorismo-y-por-una-reconstruccion-sin-venganza\/"]}]},{"@type":"ImageObject","inLanguage":"es","@id":"https:\/\/www.noticiasradioreflejos.com.ar\/2021\/el-papa-se-despidio-de-irak-con-mensajes-contra-el-terrorismo-y-por-una-reconstruccion-sin-venganza\/#primaryimage","url":"https:\/\/www.telam.com.ar\/advf\/imagenes\/2021\/03\/6043621b60476_1004x565.jpg","contentUrl":"https:\/\/www.telam.com.ar\/advf\/imagenes\/2021\/03\/6043621b60476_1004x565.jpg"},{"@type":"BreadcrumbList","@id":"https:\/\/www.noticiasradioreflejos.com.ar\/2021\/el-papa-se-despidio-de-irak-con-mensajes-contra-el-terrorismo-y-por-una-reconstruccion-sin-venganza\/#breadcrumb","itemListElement":[{"@type":"ListItem","position":1,"name":"Portada","item":"https:\/\/www.noticiasradioreflejos.com.ar\/2021\/"},{"@type":"ListItem","position":2,"name":"El Papa se despidi\u00f3 de Irak con mensajes contra el terrorismo y por una reconstrucci\u00f3n sin venganza"}]},{"@type":"WebSite","@id":"https:\/\/www.noticiasradioreflejos.com.ar\/2021\/#website","url":"https:\/\/www.noticiasradioreflejos.com.ar\/2021\/","name":"Noticias Radio Reflejos","description":"Las noticias de mi comarca","potentialAction":[{"@type":"SearchAction","target":{"@type":"EntryPoint","urlTemplate":"https:\/\/www.noticiasradioreflejos.com.ar\/2021\/?s={search_term_string}"},"query-input":{"@type":"PropertyValueSpecification","valueRequired":true,"valueName":"search_term_string"}}],"inLanguage":"es"},{"@type":"Person","@id":"https:\/\/www.noticiasradioreflejos.com.ar\/2021\/#\/schema\/person\/ad82545263dcc5ec0996818884fd5fb1","name":"Arnaldo Botto","image":{"@type":"ImageObject","inLanguage":"es","@id":"https:\/\/www.noticiasradioreflejos.com.ar\/2021\/#\/schema\/person\/image\/","url":"https:\/\/secure.gravatar.com\/avatar\/55cb5e37c1efa326397366e6974cb338056df65cb50e7d64d1cf314e87504837?s=96&d=mm&r=g","contentUrl":"https:\/\/secure.gravatar.com\/avatar\/55cb5e37c1efa326397366e6974cb338056df65cb50e7d64d1cf314e87504837?s=96&d=mm&r=g","caption":"Arnaldo Botto"},"url":"https:\/\/www.noticiasradioreflejos.com.ar\/2021\/author\/arnaldo\/"}]}},"_links":{"self":[{"href":"https:\/\/www.noticiasradioreflejos.com.ar\/2021\/wp-json\/wp\/v2\/posts\/53455","targetHints":{"allow":["GET"]}}],"collection":[{"href":"https:\/\/www.noticiasradioreflejos.com.ar\/2021\/wp-json\/wp\/v2\/posts"}],"about":[{"href":"https:\/\/www.noticiasradioreflejos.com.ar\/2021\/wp-json\/wp\/v2\/types\/post"}],"author":[{"embeddable":true,"href":"https:\/\/www.noticiasradioreflejos.com.ar\/2021\/wp-json\/wp\/v2\/users\/3"}],"replies":[{"embeddable":true,"href":"https:\/\/www.noticiasradioreflejos.com.ar\/2021\/wp-json\/wp\/v2\/comments?post=53455"}],"version-history":[{"count":0,"href":"https:\/\/www.noticiasradioreflejos.com.ar\/2021\/wp-json\/wp\/v2\/posts\/53455\/revisions"}],"wp:attachment":[{"href":"https:\/\/www.noticiasradioreflejos.com.ar\/2021\/wp-json\/wp\/v2\/media?parent=53455"}],"wp:term":[{"taxonomy":"category","embeddable":true,"href":"https:\/\/www.noticiasradioreflejos.com.ar\/2021\/wp-json\/wp\/v2\/categories?post=53455"},{"taxonomy":"post_tag","embeddable":true,"href":"https:\/\/www.noticiasradioreflejos.com.ar\/2021\/wp-json\/wp\/v2\/tags?post=53455"}],"curies":[{"name":"wp","href":"https:\/\/api.w.org\/{rel}","templated":true}]}}