{"id":53452,"date":"2021-03-07T18:58:00","date_gmt":"2021-03-07T21:58:00","guid":{"rendered":"http:\/\/www.noticiasradioreflejos.com.ar\/noticias\/?p=53452"},"modified":"2021-03-07T18:58:00","modified_gmt":"2021-03-07T21:58:00","slug":"veinte-minutos-de-furia-viento-lluvia-granizo-y-descargas-electricas-en-la-comarca","status":"publish","type":"post","link":"https:\/\/www.noticiasradioreflejos.com.ar\/2021\/veinte-minutos-de-furia-viento-lluvia-granizo-y-descargas-electricas-en-la-comarca\/","title":{"rendered":"Veinte minutos de furia: Viento, lluvia, granizo y descargas el\u00e9ctricas en la comarca."},"content":{"rendered":"<p>Un domingo muy variable en cuanto a las condiciones del tiempo se vivi\u00f3 hoy en la zona serrana. Arranc\u00f3 con chaparrones a la madrugada y descarg\u00f3 toda su furia en menos de 20 minutos durante la tarde.<!--more--><br \/>\nEl pron\u00f3stico anticipaba para este domingo 7 de marzo inestabilidad y variables temporales. De madrugada, lleg\u00f3 un fuerte chaparr\u00f3n con menos de 1 mm y amaneci\u00f3 con la presencia de fuertes vientos del nordeste que se mantuvieron a lo largo de toda la jornada. Pasadas las 10, el cielo se despej\u00f3 totalmente y la temperatura m\u00e1xima alcanz\u00f3 los 32,1\u00b0 a las 15,36 hs.<br \/>\nPara las 17 hs, un frente con nubarrones muy oscuros se fue acercando desde el sudoeste y parte del oeste al sector serrano y a las 17:20 hs. los vientos comenzaron a arreciar, alcanzando algunas r\u00e1fagas de 58 km\/h que acompa\u00f1aron descargas el\u00e9ctricas y sus correspondientes truenos. De repente, la tarde se hizo casi noche; unas pocas gotas anticiparon a un vendaval de agua y granizo de varios tama\u00f1os. En la zona urbana de Sierra de la Ventana en 10 minutos llovieron 17 mil\u00edmetros. Todo esto trajo aparejado cortes en los servicios de electricidad, internet y telefon\u00eda que duraron por espacio de unos minutos.<br \/>\nNo pasaron m\u00e1s de 20 minutos y volvi\u00f3 la calma con la aparici\u00f3n del sol en un cielo cargado de nubes; mientras al este, se ve\u00edan los rayos en un horizonte gris azulado y la tormenta alej\u00e1ndose.<br \/>\nEl pron\u00f3stico anticipa que continuar\u00edan las lluvias durante la noche de hoy y parte de la madrugada.<br \/>\nPara ma\u00f1ana lunes 8, tendremos cielos despejados, m\u00ednima de 20\u00b0 y m\u00e1xima de 26\u00b0 con vientos moderados del sector sudeste.<\/p>\n<p><span style=\"color: #0000ff;\"><strong>Totales de lluvias en la zona:<\/strong><\/span><\/p>\n<p>17 mm en Sierra de la Ventana<br \/>\n11 mm en Calqu\u00edn<br \/>\n15 mm en Villa Ventana<br \/>\n7\u00a0mm en Tornquist<br \/>\n4 mm en Dufaur<br \/>\n3 mm en Frapal<br \/>\n4.5 mm en Cabildo<br \/>\n10 mm. en Pig\u00fc\u00e9<br \/>\n0.5 mm. en Arroyo Corto<br \/>\n12.5 mm en Cnel Suarez<br \/>\n12.8 mm en Cura Malal<br \/>\n2 mm en San Eloy<br \/>\n5.6 mm en Arroyo El Pantanoso<br \/>\n22.8 mm en Cnel. Pringles<br \/>\n31. 9 mm en El Zorro<br \/>\n17 mm. en Bonifacio<br \/>\n15 mm. en Darregueira<br \/>\n12 mm. en Casbas<br \/>\n6 mm. en Azopardo<br \/>\n20 mm. en Chasic\u00f3<\/p>\n<p>&nbsp;<\/p>\n<p>&nbsp;<\/p>\n<p><strong><span style=\"color: #808080;\"><em>Foto de Archivo de Franco Scialpi.<\/em><\/span><\/strong><\/p>\n","protected":false},"excerpt":{"rendered":"<p>Un domingo muy variable en cuanto a las condiciones del tiempo se vivi\u00f3 hoy en la zona serrana. Arranc\u00f3 con chaparrones a la madrugada y descarg\u00f3 toda su furia en menos de 20 minutos durante la tarde.<\/p>\n","protected":false},"author":3,"featured_media":0,"comment_status":"closed","ping_status":"open","sticky":false,"template":"","format":"standard","meta":{"footnotes":""},"categories":[46,26],"tags":[],"class_list":["post-53452","post","type-post","status-publish","format-standard","hentry","category-ciencia-y-tecnologia","category-sociedad"],"yoast_head":"<!-- This site is optimized with the Yoast SEO plugin v25.9 - https:\/\/yoast.com\/wordpress\/plugins\/seo\/ -->\n<title>Veinte minutos de furia: Viento, lluvia, granizo y descargas el\u00e9ctricas en la comarca. - Noticias Radio Reflejos<\/title>\n<meta name=\"robots\" content=\"index, follow, max-snippet:-1, max-image-preview:large, max-video-preview:-1\" \/>\n<link rel=\"canonical\" href=\"https:\/\/www.noticiasradioreflejos.com.ar\/2021\/veinte-minutos-de-furia-viento-lluvia-granizo-y-descargas-electricas-en-la-comarca\/\" \/>\n<meta property=\"og:locale\" content=\"es_ES\" \/>\n<meta property=\"og:type\" content=\"article\" \/>\n<meta property=\"og:title\" content=\"Veinte minutos de furia: Viento, lluvia, granizo y descargas el\u00e9ctricas en la comarca. - Noticias Radio Reflejos\" \/>\n<meta property=\"og:description\" content=\"Un domingo muy variable en cuanto a las condiciones del tiempo se vivi\u00f3 hoy en la zona serrana. Arranc\u00f3 con chaparrones a la madrugada y descarg\u00f3 toda su furia en menos de 20 minutos durante la tarde.\" \/>\n<meta property=\"og:url\" content=\"https:\/\/www.noticiasradioreflejos.com.ar\/2021\/veinte-minutos-de-furia-viento-lluvia-granizo-y-descargas-electricas-en-la-comarca\/\" \/>\n<meta property=\"og:site_name\" content=\"Noticias Radio Reflejos\" \/>\n<meta property=\"article:published_time\" content=\"2021-03-07T21:58:00+00:00\" \/>\n<meta property=\"og:image\" content=\"https:\/\/www.noticiasradioreflejos.com.ar\/2021\/wp-content\/uploads\/2021\/07\/logosol300x200.png\" \/>\n\t<meta property=\"og:image:width\" content=\"300\" \/>\n\t<meta property=\"og:image:height\" content=\"200\" \/>\n\t<meta property=\"og:image:type\" content=\"image\/png\" \/>\n<meta name=\"author\" content=\"Arnaldo Botto\" \/>\n<meta name=\"twitter:card\" content=\"summary_large_image\" \/>\n<script type=\"application\/ld+json\" class=\"yoast-schema-graph\">{\"@context\":\"https:\/\/schema.org\",\"@graph\":[{\"@type\":\"WebPage\",\"@id\":\"https:\/\/www.noticiasradioreflejos.com.ar\/2021\/veinte-minutos-de-furia-viento-lluvia-granizo-y-descargas-electricas-en-la-comarca\/\",\"url\":\"https:\/\/www.noticiasradioreflejos.com.ar\/2021\/veinte-minutos-de-furia-viento-lluvia-granizo-y-descargas-electricas-en-la-comarca\/\",\"name\":\"Veinte minutos de furia: Viento, lluvia, granizo y descargas el\u00e9ctricas en la comarca. - Noticias Radio Reflejos\",\"isPartOf\":{\"@id\":\"https:\/\/www.noticiasradioreflejos.com.ar\/2021\/#website\"},\"datePublished\":\"2021-03-07T21:58:00+00:00\",\"author\":{\"@id\":\"https:\/\/www.noticiasradioreflejos.com.ar\/2021\/#\/schema\/person\/ad82545263dcc5ec0996818884fd5fb1\"},\"breadcrumb\":{\"@id\":\"https:\/\/www.noticiasradioreflejos.com.ar\/2021\/veinte-minutos-de-furia-viento-lluvia-granizo-y-descargas-electricas-en-la-comarca\/#breadcrumb\"},\"inLanguage\":\"es\",\"potentialAction\":[{\"@type\":\"ReadAction\",\"target\":[\"https:\/\/www.noticiasradioreflejos.com.ar\/2021\/veinte-minutos-de-furia-viento-lluvia-granizo-y-descargas-electricas-en-la-comarca\/\"]}]},{\"@type\":\"BreadcrumbList\",\"@id\":\"https:\/\/www.noticiasradioreflejos.com.ar\/2021\/veinte-minutos-de-furia-viento-lluvia-granizo-y-descargas-electricas-en-la-comarca\/#breadcrumb\",\"itemListElement\":[{\"@type\":\"ListItem\",\"position\":1,\"name\":\"Portada\",\"item\":\"https:\/\/www.noticiasradioreflejos.com.ar\/2021\/\"},{\"@type\":\"ListItem\",\"position\":2,\"name\":\"Veinte minutos de furia: Viento, lluvia, granizo y descargas el\u00e9ctricas en la comarca.\"}]},{\"@type\":\"WebSite\",\"@id\":\"https:\/\/www.noticiasradioreflejos.com.ar\/2021\/#website\",\"url\":\"https:\/\/www.noticiasradioreflejos.com.ar\/2021\/\",\"name\":\"Noticias Radio Reflejos\",\"description\":\"Las noticias de mi comarca\",\"potentialAction\":[{\"@type\":\"SearchAction\",\"target\":{\"@type\":\"EntryPoint\",\"urlTemplate\":\"https:\/\/www.noticiasradioreflejos.com.ar\/2021\/?s={search_term_string}\"},\"query-input\":{\"@type\":\"PropertyValueSpecification\",\"valueRequired\":true,\"valueName\":\"search_term_string\"}}],\"inLanguage\":\"es\"},{\"@type\":\"Person\",\"@id\":\"https:\/\/www.noticiasradioreflejos.com.ar\/2021\/#\/schema\/person\/ad82545263dcc5ec0996818884fd5fb1\",\"name\":\"Arnaldo Botto\",\"image\":{\"@type\":\"ImageObject\",\"inLanguage\":\"es\",\"@id\":\"https:\/\/www.noticiasradioreflejos.com.ar\/2021\/#\/schema\/person\/image\/\",\"url\":\"https:\/\/secure.gravatar.com\/avatar\/55cb5e37c1efa326397366e6974cb338056df65cb50e7d64d1cf314e87504837?s=96&d=mm&r=g\",\"contentUrl\":\"https:\/\/secure.gravatar.com\/avatar\/55cb5e37c1efa326397366e6974cb338056df65cb50e7d64d1cf314e87504837?s=96&d=mm&r=g\",\"caption\":\"Arnaldo Botto\"},\"url\":\"https:\/\/www.noticiasradioreflejos.com.ar\/2021\/author\/arnaldo\/\"}]}<\/script>\n<!-- \/ Yoast SEO plugin. -->","yoast_head_json":{"title":"Veinte minutos de furia: Viento, lluvia, granizo y descargas el\u00e9ctricas en la comarca. - Noticias Radio Reflejos","robots":{"index":"index","follow":"follow","max-snippet":"max-snippet:-1","max-image-preview":"max-image-preview:large","max-video-preview":"max-video-preview:-1"},"canonical":"https:\/\/www.noticiasradioreflejos.com.ar\/2021\/veinte-minutos-de-furia-viento-lluvia-granizo-y-descargas-electricas-en-la-comarca\/","og_locale":"es_ES","og_type":"article","og_title":"Veinte minutos de furia: Viento, lluvia, granizo y descargas el\u00e9ctricas en la comarca. - Noticias Radio Reflejos","og_description":"Un domingo muy variable en cuanto a las condiciones del tiempo se vivi\u00f3 hoy en la zona serrana. Arranc\u00f3 con chaparrones a la madrugada y descarg\u00f3 toda su furia en menos de 20 minutos durante la tarde.","og_url":"https:\/\/www.noticiasradioreflejos.com.ar\/2021\/veinte-minutos-de-furia-viento-lluvia-granizo-y-descargas-electricas-en-la-comarca\/","og_site_name":"Noticias Radio Reflejos","article_published_time":"2021-03-07T21:58:00+00:00","og_image":[{"width":300,"height":200,"url":"https:\/\/www.noticiasradioreflejos.com.ar\/2021\/wp-content\/uploads\/2021\/07\/logosol300x200.png","type":"image\/png"}],"author":"Arnaldo Botto","twitter_card":"summary_large_image","schema":{"@context":"https:\/\/schema.org","@graph":[{"@type":"WebPage","@id":"https:\/\/www.noticiasradioreflejos.com.ar\/2021\/veinte-minutos-de-furia-viento-lluvia-granizo-y-descargas-electricas-en-la-comarca\/","url":"https:\/\/www.noticiasradioreflejos.com.ar\/2021\/veinte-minutos-de-furia-viento-lluvia-granizo-y-descargas-electricas-en-la-comarca\/","name":"Veinte minutos de furia: Viento, lluvia, granizo y descargas el\u00e9ctricas en la comarca. - Noticias Radio Reflejos","isPartOf":{"@id":"https:\/\/www.noticiasradioreflejos.com.ar\/2021\/#website"},"datePublished":"2021-03-07T21:58:00+00:00","author":{"@id":"https:\/\/www.noticiasradioreflejos.com.ar\/2021\/#\/schema\/person\/ad82545263dcc5ec0996818884fd5fb1"},"breadcrumb":{"@id":"https:\/\/www.noticiasradioreflejos.com.ar\/2021\/veinte-minutos-de-furia-viento-lluvia-granizo-y-descargas-electricas-en-la-comarca\/#breadcrumb"},"inLanguage":"es","potentialAction":[{"@type":"ReadAction","target":["https:\/\/www.noticiasradioreflejos.com.ar\/2021\/veinte-minutos-de-furia-viento-lluvia-granizo-y-descargas-electricas-en-la-comarca\/"]}]},{"@type":"BreadcrumbList","@id":"https:\/\/www.noticiasradioreflejos.com.ar\/2021\/veinte-minutos-de-furia-viento-lluvia-granizo-y-descargas-electricas-en-la-comarca\/#breadcrumb","itemListElement":[{"@type":"ListItem","position":1,"name":"Portada","item":"https:\/\/www.noticiasradioreflejos.com.ar\/2021\/"},{"@type":"ListItem","position":2,"name":"Veinte minutos de furia: Viento, lluvia, granizo y descargas el\u00e9ctricas en la comarca."}]},{"@type":"WebSite","@id":"https:\/\/www.noticiasradioreflejos.com.ar\/2021\/#website","url":"https:\/\/www.noticiasradioreflejos.com.ar\/2021\/","name":"Noticias Radio Reflejos","description":"Las noticias de mi comarca","potentialAction":[{"@type":"SearchAction","target":{"@type":"EntryPoint","urlTemplate":"https:\/\/www.noticiasradioreflejos.com.ar\/2021\/?s={search_term_string}"},"query-input":{"@type":"PropertyValueSpecification","valueRequired":true,"valueName":"search_term_string"}}],"inLanguage":"es"},{"@type":"Person","@id":"https:\/\/www.noticiasradioreflejos.com.ar\/2021\/#\/schema\/person\/ad82545263dcc5ec0996818884fd5fb1","name":"Arnaldo Botto","image":{"@type":"ImageObject","inLanguage":"es","@id":"https:\/\/www.noticiasradioreflejos.com.ar\/2021\/#\/schema\/person\/image\/","url":"https:\/\/secure.gravatar.com\/avatar\/55cb5e37c1efa326397366e6974cb338056df65cb50e7d64d1cf314e87504837?s=96&d=mm&r=g","contentUrl":"https:\/\/secure.gravatar.com\/avatar\/55cb5e37c1efa326397366e6974cb338056df65cb50e7d64d1cf314e87504837?s=96&d=mm&r=g","caption":"Arnaldo Botto"},"url":"https:\/\/www.noticiasradioreflejos.com.ar\/2021\/author\/arnaldo\/"}]}},"_links":{"self":[{"href":"https:\/\/www.noticiasradioreflejos.com.ar\/2021\/wp-json\/wp\/v2\/posts\/53452","targetHints":{"allow":["GET"]}}],"collection":[{"href":"https:\/\/www.noticiasradioreflejos.com.ar\/2021\/wp-json\/wp\/v2\/posts"}],"about":[{"href":"https:\/\/www.noticiasradioreflejos.com.ar\/2021\/wp-json\/wp\/v2\/types\/post"}],"author":[{"embeddable":true,"href":"https:\/\/www.noticiasradioreflejos.com.ar\/2021\/wp-json\/wp\/v2\/users\/3"}],"replies":[{"embeddable":true,"href":"https:\/\/www.noticiasradioreflejos.com.ar\/2021\/wp-json\/wp\/v2\/comments?post=53452"}],"version-history":[{"count":0,"href":"https:\/\/www.noticiasradioreflejos.com.ar\/2021\/wp-json\/wp\/v2\/posts\/53452\/revisions"}],"wp:attachment":[{"href":"https:\/\/www.noticiasradioreflejos.com.ar\/2021\/wp-json\/wp\/v2\/media?parent=53452"}],"wp:term":[{"taxonomy":"category","embeddable":true,"href":"https:\/\/www.noticiasradioreflejos.com.ar\/2021\/wp-json\/wp\/v2\/categories?post=53452"},{"taxonomy":"post_tag","embeddable":true,"href":"https:\/\/www.noticiasradioreflejos.com.ar\/2021\/wp-json\/wp\/v2\/tags?post=53452"}],"curies":[{"name":"wp","href":"https:\/\/api.w.org\/{rel}","templated":true}]}}