{"id":53437,"date":"2021-03-05T19:58:28","date_gmt":"2021-03-05T22:58:28","guid":{"rendered":"http:\/\/www.noticiasradioreflejos.com.ar\/noticias\/?p=53437"},"modified":"2021-03-05T19:58:28","modified_gmt":"2021-03-05T22:58:28","slug":"carta-de-lectores-de-comodoro-py-a-tornquist","status":"publish","type":"post","link":"https:\/\/www.noticiasradioreflejos.com.ar\/2021\/carta-de-lectores-de-comodoro-py-a-tornquist\/","title":{"rendered":"Carta de lectores: \u00abDE COMODORO PY A TORNQUIST\u00bb"},"content":{"rendered":"<p>Hace unas horas atr\u00e1s, la Vicepresidenta Cristina Fern\u00e1ndez de Kirchner, realizo una clase magistral sobre el \u00abLAWFARE\u00bb, y como durante cuatro a\u00f1os CAMBIEMOS, lo us\u00f3 para influir en las Elecciones del 2015, con algunos integrantes del Poder Judicial y los Medios de Comunicaci\u00f3n, algunos se preguntar\u00e1n \u00bfQu\u00e9 tiene que ver esto por estos lados?.<!--more--><br \/>\nS\u00ed tiene que ver, durante las Elecciones del 2019, tambi\u00e9n se us\u00f3 el \u00abLAWFARE\u00bb por estos lados, el fallecido Juez Bonad\u00edo y el Fiscal Carlos Rivolo inventaron una causa, \u00abPlan Girsu\u00bb donde involucraba a varios Exintendentes e Intendentes de la Pc\u00eda de Bs.As , gran parte de la Sexta Secci\u00f3n Electoral, entre ellos estaba, el Compa\u00f1ero Gustavo Trankels ,TODO ESTE ARMADO DE MENTIRAS, fue, sino me equivoco, a mediados del 2019, ese a\u00f1o hab\u00eda Elecciones en agosto, las PASO y en octubre las Generales, se acuerdan no? He aqu\u00ed la cuesti\u00f3n, el actual Intendente Sergio BORDONI, sus CONCEJALES y TODO EL GABINETE, se subieron a ese \u00abLAWFARE\u00bb y se cansaron de acusar, calumniar e injuriar, a nuestro Candidato y UNICO REFERENTE de nuestro espacio Gustavo Trankels ,esta todo documentado, en reportajes, en radios, televisi\u00f3n, medios escritos, ni hablar en las redes, hasta filmaciones en el COMITE RADICAL, no voy a repetir los ep\u00edtetos ,por qu\u00e9 seria descender al mismo nivel de quienes lo dijeron, es cuesti\u00f3n de buscarlo y listo. &#8211;<br \/>\nVivian acusando de, esto y lo otro, en lugar de ocuparse de gobernar, y no llegar al d\u00eda de hoy con un Municipio venido a menos cada d\u00eda, basurero a cielo abierto, el de Tornquist, el de Sierra (Seg\u00fan el Intendente en seis meses de asumir lo solucionaba, como dec\u00eda su jefe Mauricio \u00abLluvias de inversiones, en el segundo semestre\u00bb, no lleg\u00f3 NUNCA), ni una calle asfaltada en Tornquist, ni en ninguna localidad, ni una sola vivienda en todo el Distrito, ni hablar de la seguridad, cada vez peor, ni hablar del flagelo de las adicciones de nuestros j\u00f3venes, mientras la c\u00fapula policial, sigue mirando para otro lado, bajo el amparo del poder pol\u00edtico municipal, preocupante SE\u00d1ORES, no es joda .-<br \/>\nHoy en d\u00eda, el otrora JUNTOS POR EL CAMBIO Sergio Bordoni, y sus allegados, se sorprenden de lo bien que los tratan en la Gobernaci\u00f3n y que no tienen que mendigar recursos, como lo hac\u00edan con el Gobierno de Maru Vidal, que b\u00e1rbaro che, hace un a\u00f1o y medio, se subieron a cuanto \u00abLAWFARE\u00bb andaba dando vuelta, \u00abQue \u00e9ramos unos chorros, delincuentes, etc, etc.\u00bb<br \/>\nSaben qu\u00e9, nosotros LOS PERONISTAS, hacemos, no discriminamos, si es amarillo o azul, no somos RELATO, no andamos inventando causas al adversario para ganar una Elecci\u00f3n, tampoco cambiamos de caballo a mitad del r\u00edo, para conseguir fondos de la Provincia o la Naci\u00f3n, siempre ESTAMOS y ESTAREMOS en la misma vereda, bueno no todos, algunos por unos mangos venden hasta la madre, pero bueno como dijo Evita \u00abCon la ceniza de los traidores\u2026\u00bb. &#8211;<br \/>\n\u00bfVieron c\u00f3mo COMODORO PRO tambi\u00e9n anduvo por estos lados? Las cosas claras, as\u00ed NO HAY DUDAS, que NO SOMOS LO MISMO y NUNCA LO SEREMOS.-<\/p>\n<p><strong>MEDINA JOSE LUIS<br \/>\nVILLA VENTANA<br \/>\nmedinajoseluis256@gmail.com<\/strong><\/p>\n","protected":false},"excerpt":{"rendered":"<p>Hace unas horas atr\u00e1s, la Vicepresidenta Cristina Fern\u00e1ndez de Kirchner, realizo una clase magistral sobre el \u00abLAWFARE\u00bb, y como durante cuatro a\u00f1os CAMBIEMOS, lo us\u00f3 para influir en las Elecciones del 2015, con algunos integrantes del Poder Judicial y los Medios de Comunicaci\u00f3n, algunos se preguntar\u00e1n \u00bfQu\u00e9 tiene que ver esto por estos lados?.<\/p>\n","protected":false},"author":3,"featured_media":0,"comment_status":"closed","ping_status":"open","sticky":false,"template":"","format":"standard","meta":{"footnotes":""},"categories":[24,26],"tags":[],"class_list":["post-53437","post","type-post","status-publish","format-standard","hentry","category-politica","category-sociedad"],"yoast_head":"<!-- This site is optimized with the Yoast SEO plugin v25.9 - https:\/\/yoast.com\/wordpress\/plugins\/seo\/ -->\n<title>Carta de lectores: &quot;DE COMODORO PY A TORNQUIST&quot; - Noticias Radio Reflejos<\/title>\n<meta name=\"robots\" content=\"index, follow, max-snippet:-1, max-image-preview:large, max-video-preview:-1\" \/>\n<link rel=\"canonical\" href=\"https:\/\/www.noticiasradioreflejos.com.ar\/2021\/carta-de-lectores-de-comodoro-py-a-tornquist\/\" \/>\n<meta property=\"og:locale\" content=\"es_ES\" \/>\n<meta property=\"og:type\" content=\"article\" \/>\n<meta property=\"og:title\" content=\"Carta de lectores: &quot;DE COMODORO PY A TORNQUIST&quot; - Noticias Radio Reflejos\" \/>\n<meta property=\"og:description\" content=\"Hace unas horas atr\u00e1s, la Vicepresidenta Cristina Fern\u00e1ndez de Kirchner, realizo una clase magistral sobre el \u00abLAWFARE\u00bb, y como durante cuatro a\u00f1os CAMBIEMOS, lo us\u00f3 para influir en las Elecciones del 2015, con algunos integrantes del Poder Judicial y los Medios de Comunicaci\u00f3n, algunos se preguntar\u00e1n \u00bfQu\u00e9 tiene que ver esto por estos lados?.\" \/>\n<meta property=\"og:url\" content=\"https:\/\/www.noticiasradioreflejos.com.ar\/2021\/carta-de-lectores-de-comodoro-py-a-tornquist\/\" \/>\n<meta property=\"og:site_name\" content=\"Noticias Radio Reflejos\" \/>\n<meta property=\"article:published_time\" content=\"2021-03-05T22:58:28+00:00\" \/>\n<meta property=\"og:image\" content=\"https:\/\/www.noticiasradioreflejos.com.ar\/2021\/wp-content\/uploads\/2018\/04\/carta_lector_1.jpg\" \/>\n\t<meta property=\"og:image:width\" content=\"935\" \/>\n\t<meta property=\"og:image:height\" content=\"595\" \/>\n\t<meta property=\"og:image:type\" content=\"image\/jpeg\" \/>\n<meta name=\"author\" content=\"Arnaldo Botto\" \/>\n<meta name=\"twitter:card\" content=\"summary_large_image\" \/>\n<script type=\"application\/ld+json\" class=\"yoast-schema-graph\">{\"@context\":\"https:\/\/schema.org\",\"@graph\":[{\"@type\":\"WebPage\",\"@id\":\"https:\/\/www.noticiasradioreflejos.com.ar\/2021\/carta-de-lectores-de-comodoro-py-a-tornquist\/\",\"url\":\"https:\/\/www.noticiasradioreflejos.com.ar\/2021\/carta-de-lectores-de-comodoro-py-a-tornquist\/\",\"name\":\"Carta de lectores: \\\"DE COMODORO PY A TORNQUIST\\\" - Noticias Radio Reflejos\",\"isPartOf\":{\"@id\":\"https:\/\/www.noticiasradioreflejos.com.ar\/2021\/#website\"},\"datePublished\":\"2021-03-05T22:58:28+00:00\",\"author\":{\"@id\":\"https:\/\/www.noticiasradioreflejos.com.ar\/2021\/#\/schema\/person\/ad82545263dcc5ec0996818884fd5fb1\"},\"breadcrumb\":{\"@id\":\"https:\/\/www.noticiasradioreflejos.com.ar\/2021\/carta-de-lectores-de-comodoro-py-a-tornquist\/#breadcrumb\"},\"inLanguage\":\"es\",\"potentialAction\":[{\"@type\":\"ReadAction\",\"target\":[\"https:\/\/www.noticiasradioreflejos.com.ar\/2021\/carta-de-lectores-de-comodoro-py-a-tornquist\/\"]}]},{\"@type\":\"BreadcrumbList\",\"@id\":\"https:\/\/www.noticiasradioreflejos.com.ar\/2021\/carta-de-lectores-de-comodoro-py-a-tornquist\/#breadcrumb\",\"itemListElement\":[{\"@type\":\"ListItem\",\"position\":1,\"name\":\"Portada\",\"item\":\"https:\/\/www.noticiasradioreflejos.com.ar\/2021\/\"},{\"@type\":\"ListItem\",\"position\":2,\"name\":\"Carta de lectores: \u00abDE COMODORO PY A TORNQUIST\u00bb\"}]},{\"@type\":\"WebSite\",\"@id\":\"https:\/\/www.noticiasradioreflejos.com.ar\/2021\/#website\",\"url\":\"https:\/\/www.noticiasradioreflejos.com.ar\/2021\/\",\"name\":\"Noticias Radio Reflejos\",\"description\":\"Las noticias de mi comarca\",\"potentialAction\":[{\"@type\":\"SearchAction\",\"target\":{\"@type\":\"EntryPoint\",\"urlTemplate\":\"https:\/\/www.noticiasradioreflejos.com.ar\/2021\/?s={search_term_string}\"},\"query-input\":{\"@type\":\"PropertyValueSpecification\",\"valueRequired\":true,\"valueName\":\"search_term_string\"}}],\"inLanguage\":\"es\"},{\"@type\":\"Person\",\"@id\":\"https:\/\/www.noticiasradioreflejos.com.ar\/2021\/#\/schema\/person\/ad82545263dcc5ec0996818884fd5fb1\",\"name\":\"Arnaldo Botto\",\"image\":{\"@type\":\"ImageObject\",\"inLanguage\":\"es\",\"@id\":\"https:\/\/www.noticiasradioreflejos.com.ar\/2021\/#\/schema\/person\/image\/\",\"url\":\"https:\/\/secure.gravatar.com\/avatar\/55cb5e37c1efa326397366e6974cb338056df65cb50e7d64d1cf314e87504837?s=96&d=mm&r=g\",\"contentUrl\":\"https:\/\/secure.gravatar.com\/avatar\/55cb5e37c1efa326397366e6974cb338056df65cb50e7d64d1cf314e87504837?s=96&d=mm&r=g\",\"caption\":\"Arnaldo Botto\"},\"url\":\"https:\/\/www.noticiasradioreflejos.com.ar\/2021\/author\/arnaldo\/\"}]}<\/script>\n<!-- \/ Yoast SEO plugin. -->","yoast_head_json":{"title":"Carta de lectores: \"DE COMODORO PY A TORNQUIST\" - Noticias Radio Reflejos","robots":{"index":"index","follow":"follow","max-snippet":"max-snippet:-1","max-image-preview":"max-image-preview:large","max-video-preview":"max-video-preview:-1"},"canonical":"https:\/\/www.noticiasradioreflejos.com.ar\/2021\/carta-de-lectores-de-comodoro-py-a-tornquist\/","og_locale":"es_ES","og_type":"article","og_title":"Carta de lectores: \"DE COMODORO PY A TORNQUIST\" - Noticias Radio Reflejos","og_description":"Hace unas horas atr\u00e1s, la Vicepresidenta Cristina Fern\u00e1ndez de Kirchner, realizo una clase magistral sobre el \u00abLAWFARE\u00bb, y como durante cuatro a\u00f1os CAMBIEMOS, lo us\u00f3 para influir en las Elecciones del 2015, con algunos integrantes del Poder Judicial y los Medios de Comunicaci\u00f3n, algunos se preguntar\u00e1n \u00bfQu\u00e9 tiene que ver esto por estos lados?.","og_url":"https:\/\/www.noticiasradioreflejos.com.ar\/2021\/carta-de-lectores-de-comodoro-py-a-tornquist\/","og_site_name":"Noticias Radio Reflejos","article_published_time":"2021-03-05T22:58:28+00:00","og_image":[{"width":935,"height":595,"url":"https:\/\/www.noticiasradioreflejos.com.ar\/2021\/wp-content\/uploads\/2018\/04\/carta_lector_1.jpg","type":"image\/jpeg"}],"author":"Arnaldo Botto","twitter_card":"summary_large_image","schema":{"@context":"https:\/\/schema.org","@graph":[{"@type":"WebPage","@id":"https:\/\/www.noticiasradioreflejos.com.ar\/2021\/carta-de-lectores-de-comodoro-py-a-tornquist\/","url":"https:\/\/www.noticiasradioreflejos.com.ar\/2021\/carta-de-lectores-de-comodoro-py-a-tornquist\/","name":"Carta de lectores: \"DE COMODORO PY A TORNQUIST\" - Noticias Radio Reflejos","isPartOf":{"@id":"https:\/\/www.noticiasradioreflejos.com.ar\/2021\/#website"},"datePublished":"2021-03-05T22:58:28+00:00","author":{"@id":"https:\/\/www.noticiasradioreflejos.com.ar\/2021\/#\/schema\/person\/ad82545263dcc5ec0996818884fd5fb1"},"breadcrumb":{"@id":"https:\/\/www.noticiasradioreflejos.com.ar\/2021\/carta-de-lectores-de-comodoro-py-a-tornquist\/#breadcrumb"},"inLanguage":"es","potentialAction":[{"@type":"ReadAction","target":["https:\/\/www.noticiasradioreflejos.com.ar\/2021\/carta-de-lectores-de-comodoro-py-a-tornquist\/"]}]},{"@type":"BreadcrumbList","@id":"https:\/\/www.noticiasradioreflejos.com.ar\/2021\/carta-de-lectores-de-comodoro-py-a-tornquist\/#breadcrumb","itemListElement":[{"@type":"ListItem","position":1,"name":"Portada","item":"https:\/\/www.noticiasradioreflejos.com.ar\/2021\/"},{"@type":"ListItem","position":2,"name":"Carta de lectores: \u00abDE COMODORO PY A TORNQUIST\u00bb"}]},{"@type":"WebSite","@id":"https:\/\/www.noticiasradioreflejos.com.ar\/2021\/#website","url":"https:\/\/www.noticiasradioreflejos.com.ar\/2021\/","name":"Noticias Radio Reflejos","description":"Las noticias de mi comarca","potentialAction":[{"@type":"SearchAction","target":{"@type":"EntryPoint","urlTemplate":"https:\/\/www.noticiasradioreflejos.com.ar\/2021\/?s={search_term_string}"},"query-input":{"@type":"PropertyValueSpecification","valueRequired":true,"valueName":"search_term_string"}}],"inLanguage":"es"},{"@type":"Person","@id":"https:\/\/www.noticiasradioreflejos.com.ar\/2021\/#\/schema\/person\/ad82545263dcc5ec0996818884fd5fb1","name":"Arnaldo Botto","image":{"@type":"ImageObject","inLanguage":"es","@id":"https:\/\/www.noticiasradioreflejos.com.ar\/2021\/#\/schema\/person\/image\/","url":"https:\/\/secure.gravatar.com\/avatar\/55cb5e37c1efa326397366e6974cb338056df65cb50e7d64d1cf314e87504837?s=96&d=mm&r=g","contentUrl":"https:\/\/secure.gravatar.com\/avatar\/55cb5e37c1efa326397366e6974cb338056df65cb50e7d64d1cf314e87504837?s=96&d=mm&r=g","caption":"Arnaldo Botto"},"url":"https:\/\/www.noticiasradioreflejos.com.ar\/2021\/author\/arnaldo\/"}]}},"_links":{"self":[{"href":"https:\/\/www.noticiasradioreflejos.com.ar\/2021\/wp-json\/wp\/v2\/posts\/53437","targetHints":{"allow":["GET"]}}],"collection":[{"href":"https:\/\/www.noticiasradioreflejos.com.ar\/2021\/wp-json\/wp\/v2\/posts"}],"about":[{"href":"https:\/\/www.noticiasradioreflejos.com.ar\/2021\/wp-json\/wp\/v2\/types\/post"}],"author":[{"embeddable":true,"href":"https:\/\/www.noticiasradioreflejos.com.ar\/2021\/wp-json\/wp\/v2\/users\/3"}],"replies":[{"embeddable":true,"href":"https:\/\/www.noticiasradioreflejos.com.ar\/2021\/wp-json\/wp\/v2\/comments?post=53437"}],"version-history":[{"count":0,"href":"https:\/\/www.noticiasradioreflejos.com.ar\/2021\/wp-json\/wp\/v2\/posts\/53437\/revisions"}],"wp:attachment":[{"href":"https:\/\/www.noticiasradioreflejos.com.ar\/2021\/wp-json\/wp\/v2\/media?parent=53437"}],"wp:term":[{"taxonomy":"category","embeddable":true,"href":"https:\/\/www.noticiasradioreflejos.com.ar\/2021\/wp-json\/wp\/v2\/categories?post=53437"},{"taxonomy":"post_tag","embeddable":true,"href":"https:\/\/www.noticiasradioreflejos.com.ar\/2021\/wp-json\/wp\/v2\/tags?post=53437"}],"curies":[{"name":"wp","href":"https:\/\/api.w.org\/{rel}","templated":true}]}}