{"id":53434,"date":"2021-03-05T17:12:08","date_gmt":"2021-03-05T20:12:08","guid":{"rendered":"http:\/\/www.noticiasradioreflejos.com.ar\/noticias\/?p=53434"},"modified":"2021-03-05T17:12:08","modified_gmt":"2021-03-05T20:12:08","slug":"palazos-y-balas-de-goma-en-formosa-por-una-protesta-contra-la-vuelta-a-la-fase-1-de-la-cuarentena","status":"publish","type":"post","link":"https:\/\/www.noticiasradioreflejos.com.ar\/2021\/palazos-y-balas-de-goma-en-formosa-por-una-protesta-contra-la-vuelta-a-la-fase-1-de-la-cuarentena\/","title":{"rendered":"Palazos y balas de goma en Formosa por una protesta contra la vuelta a la Fase 1 de la cuarentena"},"content":{"rendered":"<p>La medida fue dispuesta ayer por el gobernador Gildo Insfr\u00e1n ante la aparici\u00f3n de 17 nuevos casos de COVID-19. La gente sali\u00f3 a las calles para mostrar su desacuerdo<!--more--><\/p>\n<p>Luego de que el gobierno de Formosa volviera a Fase 1 por la aparici\u00f3n de 17 nuevos casos de COVID-19,<b>\u00a0cientos de personas salieron a las calles a manifestarse<\/b>\u00a0en contra de la medida tomada por el gobernador Insfr\u00e1n<b>\u00a0y varios de ellos resultaron heridos por parte de la polic\u00eda.<\/b><\/p>\n<p class=\"paragraph\">Si bien las protestas comenzaron ayer por la noche en la puerta de la gobernaci\u00f3n, este mediod\u00eda la situaci\u00f3n se puso m\u00e1s tensa con la aparici\u00f3n de los efectivos de seguridad, que intentaron que los manifestantes depusieran su actitud con<b>\u00a0palazos, balas de goma y gases lacrim\u00f3genos.<\/b><\/p>\n<div class=\"article-video | visual__video height_auto width_full margin_vertical_10px\">\n<div id=\"powa-e96acbe2-407d-4330-9ed1-eab2ac0fe2bc-4\" class=\"powa powa-processed\" tabindex=\"0\" data-org=\"infobae\" data-uuid=\"e96acbe2-407d-4330-9ed1-eab2ac0fe2bc\" data-aspect-ratio=\"0.5620608899297423\" data-powa-index=\"4\" data-env=\"prod\">\n<div class=\"powa-shot\">\n<div class=\"powa-shot-image powa-click-promo-play\">\n<p class=\"paragraph\">En el enfrentamientos, varios j\u00f3venes y mujeres resultaron heridos y subieron sus fotos a las redes sociales para denunciar esa brutal represi\u00f3n. \u201cLos comerciantes queremos trabajar sin restricciones. Nos cortan el horario y tenemos que cerrar a las 21. No nos dejan trabajar tranquilos\u201d, dijo a<i>\u00a0TN<\/i>\u00a0una mujer. \u201cHacen lo que quieren. Los comerciantes no tenemos sueldo fijo.\u00a0<b>Si no vendemos, no tenemos plata. No vivimos del Estado ni de planes\u201d,\u00a0<\/b>se indign\u00f3 mientras detr\u00e1s de ella se observaba una batalla campal.<\/p>\n<p class=\"paragraph\">Sin hacer lugar al reclamo de los formose\u00f1os, el gobernador Insfr\u00e1n justific\u00f3 la medida y defendi\u00f3 las pol\u00edticas aplicadas en Formosa para enfrentar al coronavirus, a pesar de que muchos lo acusan de violar los derechos humanos con las restricciones impuestas. \u201cEs la que tiene la menor cantidad de casos y de fallecidos en todo el pa\u00eds\u201d, remarc\u00f3.<\/p>\n<p class=\"paragraph\"><b>\u201cEs una medida excesiva\u201d,<\/b>\u00a0se quejaron los manifestantes ante la prohibici\u00f3n de la circulaci\u00f3n de los medios de transporte p\u00fablicos y la paralizaci\u00f3n de la Justicia, quienes se agolparon frente al edificio provincial y se defendieron arrojando piedras y huevos.<\/p>\n<div class=\"article-video | visual__video height_auto width_full margin_vertical_10px\">\n<div id=\"powa-4557b139-e326-4a1b-bff9-95349404a7be-5\" class=\"powa powa-processed\" tabindex=\"0\" data-org=\"infobae\" data-uuid=\"4557b139-e326-4a1b-bff9-95349404a7be\" data-aspect-ratio=\"1\" data-powa-index=\"5\" data-env=\"prod\">\n<div class=\"powa-pane\"><\/div>\n<div class=\"powa-shot\">\n<div class=\"powa-shot-image powa-click-promo-play\">\n<div class=\"powa-shot-play-btn powa-click-promo-play\"><i class=\"powa-shot-play-icon fa fa-play\"><\/i><span class=\"play-text\">Play<\/span><\/div>\n<\/div>\n<\/div>\n<\/div>\n<p>Hubo manifestaciones frente a la sede de la gobernaci\u00f3n<\/p>\n<\/div>\n<p class=\"paragraph\">Si hay algo que caracteriza al gobierno de Insfr\u00e1n es no volver atr\u00e1s con sus disposiciones. Basta con recordar que el gobernador s\u00f3lo dej\u00f3 entrar a los varados cuando hubo un fallo de la Corte Suprema.<\/p>\n<p class=\"paragraph\">\u201cHace m\u00e1s de un a\u00f1o que venimos tratando de sobrevivir a esta crisis, dando manotazos de ahogado, y ahora el gobierno nos premia con esta Fase 1. Venimos a protestar pac\u00edficamente y nos est\u00e1n tirando con perdigones\u201d, se quej\u00f3 un comerciante.<\/p>\n<div class=\"visual__image image_container\"><img loading=\"lazy\" decoding=\"async\" src=\"https:\/\/www.infobae.com\/new-resizer\/0oq8Agc-ZItqFkFLOjpeRB9BZv8=\/420x560\/filters:format(jpg):quality(85)\/cloudfront-us-east-1.images.arcpublishing.com\/infobae\/LC5PQXHEXJDBDMXUBJAJAR5E6Y.jpg\" sizes=\"auto, (min-width: 800px) 50vw, 90vw\" srcset=\"https:\/\/www.infobae.com\/new-resizer\/0oq8Agc-ZItqFkFLOjpeRB9BZv8=\/420x560\/filters:format(jpg):quality(85)\/cloudfront-us-east-1.images.arcpublishing.com\/infobae\/LC5PQXHEXJDBDMXUBJAJAR5E6Y.jpg 420w,https:\/\/www.infobae.com\/new-resizer\/rPA8I76ZLlPfcbGyMaSEbC0wxB8=\/768x1024\/filters:format(jpg):quality(85)\/cloudfront-us-east-1.images.arcpublishing.com\/infobae\/LC5PQXHEXJDBDMXUBJAJAR5E6Y.jpg 768w,https:\/\/www.infobae.com\/new-resizer\/zOhMik88NtrsQUa-AleF9YHHD5M=\/992x1323\/filters:format(jpg):quality(85)\/cloudfront-us-east-1.images.arcpublishing.com\/infobae\/LC5PQXHEXJDBDMXUBJAJAR5E6Y.jpg 992w,https:\/\/www.infobae.com\/new-resizer\/CxbpdyYrUbQlVA3w83ew_GVeVjw=\/1200x1600\/filters:format(jpg):quality(85)\/cloudfront-us-east-1.images.arcpublishing.com\/infobae\/LC5PQXHEXJDBDMXUBJAJAR5E6Y.jpg 1200w\" alt=\"Varias personas resultaron heridas, entre las que hay j\u00f3venes y mujeres\" width=\"576\" height=\"720\" \/>Varias personas resultaron heridas, entre las que hay j\u00f3venes y mujeres<\/div>\n<p class=\"paragraph\">\u201cEstamos cansados de estar encerrados. Est\u00e1n arruinando a los pocos emprendedores que somos en la provincia. Basta con recorrer el centro y ver la cantidad de locales vac\u00edos que hay. Soy gastron\u00f3mico y me solidarizo con todos los gremios.\u00a0<b>Nadie resiste esta situaci\u00f3n\u201d,\u00a0<\/b>denunci\u00f3 el hombre.<\/p>\n<p class=\"paragraph\">Y concluy\u00f3: \u201c<b>Es una verg\u00fcenza que nos volvamos a encerrar por 17 casos. Tuvieron un a\u00f1o para organizarse en materia sanitaria y no lo hicieron<\/b>. Es mentira lo que dicen los ministros. Volver a Fase 1 es arruinar lo poco que quedaba\u201d.<\/p>\n<div class=\"visual__image image_container\"><img loading=\"lazy\" decoding=\"async\" src=\"https:\/\/www.infobae.com\/new-resizer\/ZDXr4s81_XPsD7XMS5HQ5lCX2zU=\/420x560\/filters:format(jpg):quality(85)\/cloudfront-us-east-1.images.arcpublishing.com\/infobae\/6RDQBNW35ZFKBBXSLWQZVPLWNY.jpg\" sizes=\"auto, (min-width: 800px) 50vw, 90vw\" srcset=\"https:\/\/www.infobae.com\/new-resizer\/ZDXr4s81_XPsD7XMS5HQ5lCX2zU=\/420x560\/filters:format(jpg):quality(85)\/cloudfront-us-east-1.images.arcpublishing.com\/infobae\/6RDQBNW35ZFKBBXSLWQZVPLWNY.jpg 420w,https:\/\/www.infobae.com\/new-resizer\/nJaW6XarDDn4lutbEFF7DV7dyu8=\/768x1024\/filters:format(jpg):quality(85)\/cloudfront-us-east-1.images.arcpublishing.com\/infobae\/6RDQBNW35ZFKBBXSLWQZVPLWNY.jpg 768w,https:\/\/www.infobae.com\/new-resizer\/9MCpML53T2LYt1xJ8ZkQhusJ8sU=\/992x1323\/filters:format(jpg):quality(85)\/cloudfront-us-east-1.images.arcpublishing.com\/infobae\/6RDQBNW35ZFKBBXSLWQZVPLWNY.jpg 992w,https:\/\/www.infobae.com\/new-resizer\/tPL_zCgM2zppwnJSXwjGDN5RQ5A=\/1200x1600\/filters:format(jpg):quality(85)\/cloudfront-us-east-1.images.arcpublishing.com\/infobae\/6RDQBNW35ZFKBBXSLWQZVPLWNY.jpg 1200w\" alt=\"Una mujer recibi\u00f3 balazos de goma en su cuello y el rostro\" width=\"576\" height=\"720\" \/>Una mujer recibi\u00f3 balazos de goma en su cuello y el rostro<\/div>\n<p class=\"paragraph\">De acuerdo a las restricciones, quedaron suspendidas todas las actividades de flexibilizaci\u00f3n que estaban vigentes (cerraron nuevamente los locales comerciales que no sean esenciales), as\u00ed como los certificados de circulaci\u00f3n. En tanto, aquellas personas que se desempe\u00f1en en actividades esenciales deber\u00e1n volver a tramitarlo.<\/p>\n<p class=\"paragraph\"><b>\u201cEst\u00e1n tirando con perdigones, no con balas de goma\u201d<\/b>, declar\u00f3 un comerciante gastron\u00f3mico<i>.\u00a0<\/i>Y agreg\u00f3: \u201c<b>El abuso de poder y el maltrato que hay es incre\u00edble, ya no se puede m\u00e1s\u201d.<\/b><\/p>\n<div class=\"visual__image image_container\"><img loading=\"lazy\" decoding=\"async\" src=\"https:\/\/www.infobae.com\/new-resizer\/GmarZpMT4Lr-PgQE-vdUWQwUmkI=\/420x420\/filters:format(jpg):quality(85)\/cloudfront-us-east-1.images.arcpublishing.com\/infobae\/TUOIEVUI5FEWZCXIMNNO35HJAI.jpg\" sizes=\"auto, (min-width: 800px) 50vw, 90vw\" srcset=\"https:\/\/www.infobae.com\/new-resizer\/GmarZpMT4Lr-PgQE-vdUWQwUmkI=\/420x420\/filters:format(jpg):quality(85)\/cloudfront-us-east-1.images.arcpublishing.com\/infobae\/TUOIEVUI5FEWZCXIMNNO35HJAI.jpg 420w,https:\/\/www.infobae.com\/new-resizer\/l_qCTjFWKJEKRFlS1RYQMgQ8B7k=\/768x768\/filters:format(jpg):quality(85)\/cloudfront-us-east-1.images.arcpublishing.com\/infobae\/TUOIEVUI5FEWZCXIMNNO35HJAI.jpg 768w,https:\/\/www.infobae.com\/new-resizer\/4b7J2hEygeaWJoVO0GHxSNP9OCc=\/992x992\/filters:format(jpg):quality(85)\/cloudfront-us-east-1.images.arcpublishing.com\/infobae\/TUOIEVUI5FEWZCXIMNNO35HJAI.jpg 992w,https:\/\/www.infobae.com\/new-resizer\/xYd4QRTo7TD1Fsx8GkVC2Kb-HWE=\/1200x1200\/filters:format(jpg):quality(85)\/cloudfront-us-east-1.images.arcpublishing.com\/infobae\/TUOIEVUI5FEWZCXIMNNO35HJAI.jpg 1200w\" alt=\"Manifestantes intentan derribar el vallado que los separa de la gobernaci\u00f3n\" width=\"1125\" height=\"1130\" \/>Manifestantes intentan derribar el vallado que los separa de la gobernaci\u00f3n<\/div>\n<p class=\"paragraph\">La decisi\u00f3n oficial se tom\u00f3 en medio de la pol\u00e9mica que envuelve al gobierno de Gildo Insfr\u00e1n a ra\u00edz de los operativos sanitarios ordenados por las autoridades, que no cumplir\u00edan con el respeto por los derechos humanos.<\/p>\n<p class=\"paragraph\">En este marco, la semana pasada, la Corte Suprema de Justicia emplaz\u00f3 al gobernador a que informe si sigue funcionando el centro deportivo adonde eran enviados los ciudadanos de Formosa sospechosos de tener COVID-19 y sus contactos estrechos y si existen m\u00e1s establecimientos como ese.\u00a0<b>Tambi\u00e9n exhort\u00f3 a la provincia a llevar un protocolo anticontagios respetando la Constituci\u00f3n Nacional.<\/b><\/p>\n<p class=\"paragraph\">En las redes sociales comenzaron a<b>\u00a0<\/b><mark class=\"hl_yellow\"><b>circular diversas im\u00e1genes de los cartuchos que quedaron dispersos en las calles<\/b><\/mark>, vencidos en julio de 1995.<\/p>\n<p class=\"paragraph\"><b>\u201cLargo alcance &#8211; Expansi\u00f3n \u2018CS\u2019. Vence: julio 95\u2033<\/b>, reza uno de los cilindros fotografiados y compartidos en las redes.\u00a0<mark class=\"hl_yellow\"><b>La particularidad es que ese fue el a\u00f1o en que Insfr\u00e1n asumi\u00f3 como gobernador.<\/b><\/mark><\/p>\n<\/div>\n<\/div>\n<\/div>\n<\/div>\n","protected":false},"excerpt":{"rendered":"<p>La medida fue dispuesta ayer por el gobernador Gildo Insfr\u00e1n ante la aparici\u00f3n de 17 nuevos casos de COVID-19. La gente sali\u00f3 a las calles para mostrar su desacuerdo<\/p>\n","protected":false},"author":3,"featured_media":0,"comment_status":"closed","ping_status":"open","sticky":false,"template":"","format":"standard","meta":{"footnotes":""},"categories":[29,24],"tags":[],"class_list":["post-53434","post","type-post","status-publish","format-standard","hentry","category-policiales","category-politica"],"yoast_head":"<!-- This site is optimized with the Yoast SEO plugin v25.9 - https:\/\/yoast.com\/wordpress\/plugins\/seo\/ -->\n<title>Palazos y balas de goma en Formosa por una protesta contra la vuelta a la Fase 1 de la cuarentena - Noticias Radio Reflejos<\/title>\n<meta name=\"robots\" content=\"index, follow, max-snippet:-1, max-image-preview:large, max-video-preview:-1\" \/>\n<link rel=\"canonical\" href=\"https:\/\/www.noticiasradioreflejos.com.ar\/2021\/palazos-y-balas-de-goma-en-formosa-por-una-protesta-contra-la-vuelta-a-la-fase-1-de-la-cuarentena\/\" \/>\n<meta property=\"og:locale\" content=\"es_ES\" \/>\n<meta property=\"og:type\" content=\"article\" \/>\n<meta property=\"og:title\" content=\"Palazos y balas de goma en Formosa por una protesta contra la vuelta a la Fase 1 de la cuarentena - Noticias Radio Reflejos\" \/>\n<meta property=\"og:description\" content=\"La medida fue dispuesta ayer por el gobernador Gildo Insfr\u00e1n ante la aparici\u00f3n de 17 nuevos casos de COVID-19. La gente sali\u00f3 a las calles para mostrar su desacuerdo\" \/>\n<meta property=\"og:url\" content=\"https:\/\/www.noticiasradioreflejos.com.ar\/2021\/palazos-y-balas-de-goma-en-formosa-por-una-protesta-contra-la-vuelta-a-la-fase-1-de-la-cuarentena\/\" \/>\n<meta property=\"og:site_name\" content=\"Noticias Radio Reflejos\" \/>\n<meta property=\"article:published_time\" content=\"2021-03-05T20:12:08+00:00\" \/>\n<meta property=\"og:image\" content=\"https:\/\/www.infobae.com\/new-resizer\/0oq8Agc-ZItqFkFLOjpeRB9BZv8=\/420x560\/filters:format(jpg):quality(85)\/cloudfront-us-east-1.images.arcpublishing.com\/infobae\/LC5PQXHEXJDBDMXUBJAJAR5E6Y.jpg\" \/>\n<meta name=\"author\" content=\"Arnaldo Botto\" \/>\n<meta name=\"twitter:card\" content=\"summary_large_image\" \/>\n<script type=\"application\/ld+json\" class=\"yoast-schema-graph\">{\"@context\":\"https:\/\/schema.org\",\"@graph\":[{\"@type\":\"WebPage\",\"@id\":\"https:\/\/www.noticiasradioreflejos.com.ar\/2021\/palazos-y-balas-de-goma-en-formosa-por-una-protesta-contra-la-vuelta-a-la-fase-1-de-la-cuarentena\/\",\"url\":\"https:\/\/www.noticiasradioreflejos.com.ar\/2021\/palazos-y-balas-de-goma-en-formosa-por-una-protesta-contra-la-vuelta-a-la-fase-1-de-la-cuarentena\/\",\"name\":\"Palazos y balas de goma en Formosa por una protesta contra la vuelta a la Fase 1 de la cuarentena - Noticias Radio Reflejos\",\"isPartOf\":{\"@id\":\"https:\/\/www.noticiasradioreflejos.com.ar\/2021\/#website\"},\"primaryImageOfPage\":{\"@id\":\"https:\/\/www.noticiasradioreflejos.com.ar\/2021\/palazos-y-balas-de-goma-en-formosa-por-una-protesta-contra-la-vuelta-a-la-fase-1-de-la-cuarentena\/#primaryimage\"},\"image\":{\"@id\":\"https:\/\/www.noticiasradioreflejos.com.ar\/2021\/palazos-y-balas-de-goma-en-formosa-por-una-protesta-contra-la-vuelta-a-la-fase-1-de-la-cuarentena\/#primaryimage\"},\"thumbnailUrl\":\"https:\/\/www.infobae.com\/new-resizer\/0oq8Agc-ZItqFkFLOjpeRB9BZv8=\/420x560\/filters:format(jpg):quality(85)\/cloudfront-us-east-1.images.arcpublishing.com\/infobae\/LC5PQXHEXJDBDMXUBJAJAR5E6Y.jpg\",\"datePublished\":\"2021-03-05T20:12:08+00:00\",\"author\":{\"@id\":\"https:\/\/www.noticiasradioreflejos.com.ar\/2021\/#\/schema\/person\/ad82545263dcc5ec0996818884fd5fb1\"},\"breadcrumb\":{\"@id\":\"https:\/\/www.noticiasradioreflejos.com.ar\/2021\/palazos-y-balas-de-goma-en-formosa-por-una-protesta-contra-la-vuelta-a-la-fase-1-de-la-cuarentena\/#breadcrumb\"},\"inLanguage\":\"es\",\"potentialAction\":[{\"@type\":\"ReadAction\",\"target\":[\"https:\/\/www.noticiasradioreflejos.com.ar\/2021\/palazos-y-balas-de-goma-en-formosa-por-una-protesta-contra-la-vuelta-a-la-fase-1-de-la-cuarentena\/\"]}]},{\"@type\":\"ImageObject\",\"inLanguage\":\"es\",\"@id\":\"https:\/\/www.noticiasradioreflejos.com.ar\/2021\/palazos-y-balas-de-goma-en-formosa-por-una-protesta-contra-la-vuelta-a-la-fase-1-de-la-cuarentena\/#primaryimage\",\"url\":\"https:\/\/www.infobae.com\/new-resizer\/0oq8Agc-ZItqFkFLOjpeRB9BZv8=\/420x560\/filters:format(jpg):quality(85)\/cloudfront-us-east-1.images.arcpublishing.com\/infobae\/LC5PQXHEXJDBDMXUBJAJAR5E6Y.jpg\",\"contentUrl\":\"https:\/\/www.infobae.com\/new-resizer\/0oq8Agc-ZItqFkFLOjpeRB9BZv8=\/420x560\/filters:format(jpg):quality(85)\/cloudfront-us-east-1.images.arcpublishing.com\/infobae\/LC5PQXHEXJDBDMXUBJAJAR5E6Y.jpg\"},{\"@type\":\"BreadcrumbList\",\"@id\":\"https:\/\/www.noticiasradioreflejos.com.ar\/2021\/palazos-y-balas-de-goma-en-formosa-por-una-protesta-contra-la-vuelta-a-la-fase-1-de-la-cuarentena\/#breadcrumb\",\"itemListElement\":[{\"@type\":\"ListItem\",\"position\":1,\"name\":\"Portada\",\"item\":\"https:\/\/www.noticiasradioreflejos.com.ar\/2021\/\"},{\"@type\":\"ListItem\",\"position\":2,\"name\":\"Palazos y balas de goma en Formosa por una protesta contra la vuelta a la Fase 1 de la cuarentena\"}]},{\"@type\":\"WebSite\",\"@id\":\"https:\/\/www.noticiasradioreflejos.com.ar\/2021\/#website\",\"url\":\"https:\/\/www.noticiasradioreflejos.com.ar\/2021\/\",\"name\":\"Noticias Radio Reflejos\",\"description\":\"Las noticias de mi comarca\",\"potentialAction\":[{\"@type\":\"SearchAction\",\"target\":{\"@type\":\"EntryPoint\",\"urlTemplate\":\"https:\/\/www.noticiasradioreflejos.com.ar\/2021\/?s={search_term_string}\"},\"query-input\":{\"@type\":\"PropertyValueSpecification\",\"valueRequired\":true,\"valueName\":\"search_term_string\"}}],\"inLanguage\":\"es\"},{\"@type\":\"Person\",\"@id\":\"https:\/\/www.noticiasradioreflejos.com.ar\/2021\/#\/schema\/person\/ad82545263dcc5ec0996818884fd5fb1\",\"name\":\"Arnaldo Botto\",\"image\":{\"@type\":\"ImageObject\",\"inLanguage\":\"es\",\"@id\":\"https:\/\/www.noticiasradioreflejos.com.ar\/2021\/#\/schema\/person\/image\/\",\"url\":\"https:\/\/secure.gravatar.com\/avatar\/55cb5e37c1efa326397366e6974cb338056df65cb50e7d64d1cf314e87504837?s=96&d=mm&r=g\",\"contentUrl\":\"https:\/\/secure.gravatar.com\/avatar\/55cb5e37c1efa326397366e6974cb338056df65cb50e7d64d1cf314e87504837?s=96&d=mm&r=g\",\"caption\":\"Arnaldo Botto\"},\"url\":\"https:\/\/www.noticiasradioreflejos.com.ar\/2021\/author\/arnaldo\/\"}]}<\/script>\n<!-- \/ Yoast SEO plugin. -->","yoast_head_json":{"title":"Palazos y balas de goma en Formosa por una protesta contra la vuelta a la Fase 1 de la cuarentena - Noticias Radio Reflejos","robots":{"index":"index","follow":"follow","max-snippet":"max-snippet:-1","max-image-preview":"max-image-preview:large","max-video-preview":"max-video-preview:-1"},"canonical":"https:\/\/www.noticiasradioreflejos.com.ar\/2021\/palazos-y-balas-de-goma-en-formosa-por-una-protesta-contra-la-vuelta-a-la-fase-1-de-la-cuarentena\/","og_locale":"es_ES","og_type":"article","og_title":"Palazos y balas de goma en Formosa por una protesta contra la vuelta a la Fase 1 de la cuarentena - Noticias Radio Reflejos","og_description":"La medida fue dispuesta ayer por el gobernador Gildo Insfr\u00e1n ante la aparici\u00f3n de 17 nuevos casos de COVID-19. La gente sali\u00f3 a las calles para mostrar su desacuerdo","og_url":"https:\/\/www.noticiasradioreflejos.com.ar\/2021\/palazos-y-balas-de-goma-en-formosa-por-una-protesta-contra-la-vuelta-a-la-fase-1-de-la-cuarentena\/","og_site_name":"Noticias Radio Reflejos","article_published_time":"2021-03-05T20:12:08+00:00","og_image":[{"url":"https:\/\/www.infobae.com\/new-resizer\/0oq8Agc-ZItqFkFLOjpeRB9BZv8=\/420x560\/filters:format(jpg):quality(85)\/cloudfront-us-east-1.images.arcpublishing.com\/infobae\/LC5PQXHEXJDBDMXUBJAJAR5E6Y.jpg","type":"","width":"","height":""}],"author":"Arnaldo Botto","twitter_card":"summary_large_image","schema":{"@context":"https:\/\/schema.org","@graph":[{"@type":"WebPage","@id":"https:\/\/www.noticiasradioreflejos.com.ar\/2021\/palazos-y-balas-de-goma-en-formosa-por-una-protesta-contra-la-vuelta-a-la-fase-1-de-la-cuarentena\/","url":"https:\/\/www.noticiasradioreflejos.com.ar\/2021\/palazos-y-balas-de-goma-en-formosa-por-una-protesta-contra-la-vuelta-a-la-fase-1-de-la-cuarentena\/","name":"Palazos y balas de goma en Formosa por una protesta contra la vuelta a la Fase 1 de la cuarentena - Noticias Radio Reflejos","isPartOf":{"@id":"https:\/\/www.noticiasradioreflejos.com.ar\/2021\/#website"},"primaryImageOfPage":{"@id":"https:\/\/www.noticiasradioreflejos.com.ar\/2021\/palazos-y-balas-de-goma-en-formosa-por-una-protesta-contra-la-vuelta-a-la-fase-1-de-la-cuarentena\/#primaryimage"},"image":{"@id":"https:\/\/www.noticiasradioreflejos.com.ar\/2021\/palazos-y-balas-de-goma-en-formosa-por-una-protesta-contra-la-vuelta-a-la-fase-1-de-la-cuarentena\/#primaryimage"},"thumbnailUrl":"https:\/\/www.infobae.com\/new-resizer\/0oq8Agc-ZItqFkFLOjpeRB9BZv8=\/420x560\/filters:format(jpg):quality(85)\/cloudfront-us-east-1.images.arcpublishing.com\/infobae\/LC5PQXHEXJDBDMXUBJAJAR5E6Y.jpg","datePublished":"2021-03-05T20:12:08+00:00","author":{"@id":"https:\/\/www.noticiasradioreflejos.com.ar\/2021\/#\/schema\/person\/ad82545263dcc5ec0996818884fd5fb1"},"breadcrumb":{"@id":"https:\/\/www.noticiasradioreflejos.com.ar\/2021\/palazos-y-balas-de-goma-en-formosa-por-una-protesta-contra-la-vuelta-a-la-fase-1-de-la-cuarentena\/#breadcrumb"},"inLanguage":"es","potentialAction":[{"@type":"ReadAction","target":["https:\/\/www.noticiasradioreflejos.com.ar\/2021\/palazos-y-balas-de-goma-en-formosa-por-una-protesta-contra-la-vuelta-a-la-fase-1-de-la-cuarentena\/"]}]},{"@type":"ImageObject","inLanguage":"es","@id":"https:\/\/www.noticiasradioreflejos.com.ar\/2021\/palazos-y-balas-de-goma-en-formosa-por-una-protesta-contra-la-vuelta-a-la-fase-1-de-la-cuarentena\/#primaryimage","url":"https:\/\/www.infobae.com\/new-resizer\/0oq8Agc-ZItqFkFLOjpeRB9BZv8=\/420x560\/filters:format(jpg):quality(85)\/cloudfront-us-east-1.images.arcpublishing.com\/infobae\/LC5PQXHEXJDBDMXUBJAJAR5E6Y.jpg","contentUrl":"https:\/\/www.infobae.com\/new-resizer\/0oq8Agc-ZItqFkFLOjpeRB9BZv8=\/420x560\/filters:format(jpg):quality(85)\/cloudfront-us-east-1.images.arcpublishing.com\/infobae\/LC5PQXHEXJDBDMXUBJAJAR5E6Y.jpg"},{"@type":"BreadcrumbList","@id":"https:\/\/www.noticiasradioreflejos.com.ar\/2021\/palazos-y-balas-de-goma-en-formosa-por-una-protesta-contra-la-vuelta-a-la-fase-1-de-la-cuarentena\/#breadcrumb","itemListElement":[{"@type":"ListItem","position":1,"name":"Portada","item":"https:\/\/www.noticiasradioreflejos.com.ar\/2021\/"},{"@type":"ListItem","position":2,"name":"Palazos y balas de goma en Formosa por una protesta contra la vuelta a la Fase 1 de la cuarentena"}]},{"@type":"WebSite","@id":"https:\/\/www.noticiasradioreflejos.com.ar\/2021\/#website","url":"https:\/\/www.noticiasradioreflejos.com.ar\/2021\/","name":"Noticias Radio Reflejos","description":"Las noticias de mi comarca","potentialAction":[{"@type":"SearchAction","target":{"@type":"EntryPoint","urlTemplate":"https:\/\/www.noticiasradioreflejos.com.ar\/2021\/?s={search_term_string}"},"query-input":{"@type":"PropertyValueSpecification","valueRequired":true,"valueName":"search_term_string"}}],"inLanguage":"es"},{"@type":"Person","@id":"https:\/\/www.noticiasradioreflejos.com.ar\/2021\/#\/schema\/person\/ad82545263dcc5ec0996818884fd5fb1","name":"Arnaldo Botto","image":{"@type":"ImageObject","inLanguage":"es","@id":"https:\/\/www.noticiasradioreflejos.com.ar\/2021\/#\/schema\/person\/image\/","url":"https:\/\/secure.gravatar.com\/avatar\/55cb5e37c1efa326397366e6974cb338056df65cb50e7d64d1cf314e87504837?s=96&d=mm&r=g","contentUrl":"https:\/\/secure.gravatar.com\/avatar\/55cb5e37c1efa326397366e6974cb338056df65cb50e7d64d1cf314e87504837?s=96&d=mm&r=g","caption":"Arnaldo Botto"},"url":"https:\/\/www.noticiasradioreflejos.com.ar\/2021\/author\/arnaldo\/"}]}},"_links":{"self":[{"href":"https:\/\/www.noticiasradioreflejos.com.ar\/2021\/wp-json\/wp\/v2\/posts\/53434","targetHints":{"allow":["GET"]}}],"collection":[{"href":"https:\/\/www.noticiasradioreflejos.com.ar\/2021\/wp-json\/wp\/v2\/posts"}],"about":[{"href":"https:\/\/www.noticiasradioreflejos.com.ar\/2021\/wp-json\/wp\/v2\/types\/post"}],"author":[{"embeddable":true,"href":"https:\/\/www.noticiasradioreflejos.com.ar\/2021\/wp-json\/wp\/v2\/users\/3"}],"replies":[{"embeddable":true,"href":"https:\/\/www.noticiasradioreflejos.com.ar\/2021\/wp-json\/wp\/v2\/comments?post=53434"}],"version-history":[{"count":0,"href":"https:\/\/www.noticiasradioreflejos.com.ar\/2021\/wp-json\/wp\/v2\/posts\/53434\/revisions"}],"wp:attachment":[{"href":"https:\/\/www.noticiasradioreflejos.com.ar\/2021\/wp-json\/wp\/v2\/media?parent=53434"}],"wp:term":[{"taxonomy":"category","embeddable":true,"href":"https:\/\/www.noticiasradioreflejos.com.ar\/2021\/wp-json\/wp\/v2\/categories?post=53434"},{"taxonomy":"post_tag","embeddable":true,"href":"https:\/\/www.noticiasradioreflejos.com.ar\/2021\/wp-json\/wp\/v2\/tags?post=53434"}],"curies":[{"name":"wp","href":"https:\/\/api.w.org\/{rel}","templated":true}]}}